{"id":107086,"date":"2025-08-22T12:18:09","date_gmt":"2025-08-22T16:18:09","guid":{"rendered":"https:\/\/lasprimeras.com.do\/?p=107086"},"modified":"2025-08-22T12:18:10","modified_gmt":"2025-08-22T16:18:10","slug":"ruben-bichara-poblacion-recibe-duro-golpe-por-apagones","status":"publish","type":"post","link":"https:\/\/lasprimeras.com.do\/index.php\/2025\/08\/22\/ruben-bichara-poblacion-recibe-duro-golpe-por-apagones\/","title":{"rendered":"Rub\u00e9n Bichara: Poblaci\u00f3n recibe duro golpe por apagones"},"content":{"rendered":"\n<p><strong>Rep\u00fablica Dominicana en el sector el\u00e9ctrico est\u00e1 perdiendo 150 mil d\u00f3lares por minuto, denuncia Rub\u00e9n Bichara<\/strong><\/p>\n\n\n\n<p>El miembro del Comit\u00e9 pol\u00edtico del Partido de la Liberaci\u00f3n Dominicana (PLD) y ex vicepresidente ejecutivo de la Corporaci\u00f3n Dominicana de Empresas El\u00e9ctricas Estatales (CDEEE), Rub\u00e9n Bichara, considera como un duro golpe para la poblaci\u00f3n lo que est\u00e1 pasando con los frecuentes y prolongados apagones.<\/p>\n\n\n\n<p>Bichara, atribuy\u00f3 las fallas en el sistema el\u00e9ctrico a serias debilidades en la preparaci\u00f3n y planificaci\u00f3n, que son previsiones esenciales en ese importante rengl\u00f3n de la econom\u00eda.<\/p>\n\n\n\n<p>\u00abEs un tema de preparaci\u00f3n y planificaci\u00f3n. En el sector el\u00e9ctrico nada puede suceder de repente. Hay que prepararse. Hay que trabajar. Hay que planificar y evidentemente que no hemos tenido esa suerte en los \u00faltimos a\u00f1os y estamos cosechando el impacto de esa situaci\u00f3n a nivel de la poblaci\u00f3n\u00bb, declar\u00f3 Bichara.<\/p>\n\n\n\n<p>El dirigente politico, sostuvo que se ha hablado de que se ha hecho una inversi\u00f3n de unos 400 millones de d\u00f3lares \u00faltimamente y el efecto de esa inversi\u00f3n no se ve en lo inmediato y es por lo que en el sector el\u00e9ctrico se debe planificar a tiempo y trabajar mucho para concretar lo que se ha dicho.<\/p>\n\n\n\n<p>\u00abTenemos las p\u00e9rdidas montadas en m\u00e1s de un 40 por ciento. Hay una tarea mayor en lograr por lo menos al nivel que estaban las p\u00e9rdidas que era de un 20 y pico por ciento\u00bb, indic\u00f3.<\/p>\n\n\n\n<p>Considera que el trabajo a desarrollar para volver a los niveles anteriores, debe ser extraordinario porque hemos regresado 20 a\u00f1os en la reducci\u00f3n de las p\u00e9rdidas y eso constituye un obst\u00e1culo fuerte.<\/p>\n\n\n\n<p>\u00abEn t\u00e9rminos financieros hay que ver c\u00f3mo el d\u00e9ficit se ha montado en casi mil 800 millones de d\u00f3lares, lo que significa que estamos hablando de un d\u00e9ficit de unos cinco millones de d\u00f3lares diarios, es decir, se est\u00e1n perdiendo pr\u00e1cticamente ciento cincuenta mil d\u00f3lares por minuto\u00bb, detall\u00f3.<\/p>\n\n\n\n<p>El exvicepresidente ejecutivo de la CDEEE, agreg\u00f3 que todo eso atenta contra la estabilidad de un sistema cuyo efecto inmediatamente va al bienestar social de la poblaci\u00f3n y a sus niveles de vida.<\/p>\n\n\n\n<p>\u00abEs un escenario que nadie quiere y esperamos que pueda superarse producto de un trabajo organizado y planificado que pueda desarrollarse\u00bb, advirti\u00f3 Rub\u00e9n Bichara.<\/p>\n","protected":false},"excerpt":{"rendered":"<p>Rep\u00fablica Dominicana en el sector el\u00e9ctrico est\u00e1 perdiendo 150 mil d\u00f3lares por minuto, denuncia Rub\u00e9n Bichara El miembro del Comit\u00e9 pol\u00edtico del Partido de la Liberaci\u00f3n Dominicana (PLD) y ex&hellip;<\/p>\n","protected":false},"author":10,"featured_media":107087,"comment_status":"open","ping_status":"open","sticky":false,"template":"","format":"standard","meta":{"content-type":"","jetpack_post_was_ever_published":false,"_jetpack_newsletter_access":"","_jetpack_dont_email_post_to_subs":false,"_jetpack_newsletter_tier_id":0,"_jetpack_memberships_contains_paywalled_content":false,"_jetpack_memberships_contains_paid_content":false,"footnotes":""},"categories":[16559,25],"tags":[629,23519,269,1417,3558],"class_list":["post-107086","post","type-post","status-publish","format-standard","has-post-thumbnail","hentry","category-politica","category-portada","tag-apagones","tag-duro-golpe","tag-pld","tag-poblacion","tag-ruben-bichara"],"jetpack_featured_media_url":"https:\/\/lasprimeras.com.do\/wp-content\/uploads\/2025\/08\/Bichara.jpg","jetpack-related-posts":[{"id":93044,"url":"https:\/\/lasprimeras.com.do\/index.php\/2025\/01\/21\/ruben-bichara-atribuye-apagones-a-falta-de-gestion-y-planificacion\/","url_meta":{"origin":107086,"position":0},"title":"Rub\u00e9n Bichara atribuye apagones a falta de gesti\u00f3n y planificaci\u00f3n","author":"Nelson Feliz","date":"21 de enero de 2025","format":false,"excerpt":"El exdirector de la CDEEE dijo que las distribuidoras registraron p\u00e9rdidas de un 27 %, en el 2020 y que ahora ascienden a un 45 % El exvicepresidente de la Corporaci\u00f3n Dominicana de Empresas El\u00e9ctricas Estatales (CDEEE), Rub\u00e9n Bichara sostuv\u00f3 que el aumento de las p\u00e9rdidas en el sector el\u00e9ctrico,\u2026","rel":"","context":"En \u00abECONOM\u00cdA\u00bb","block_context":{"text":"ECONOM\u00cdA","link":"https:\/\/lasprimeras.com.do\/index.php\/category\/economia\/"},"img":{"alt_text":"Rub\u00e9n Bichara","src":"https:\/\/i0.wp.com\/lasprimeras.com.do\/wp-content\/uploads\/2023\/06\/ruben-bichara-estamos-compitiendo-para-ganar-en-las-proximas-elecciones.jpg?resize=350%2C200&ssl=1","width":350,"height":200,"srcset":"https:\/\/i0.wp.com\/lasprimeras.com.do\/wp-content\/uploads\/2023\/06\/ruben-bichara-estamos-compitiendo-para-ganar-en-las-proximas-elecciones.jpg?resize=350%2C200&ssl=1 1x, https:\/\/i0.wp.com\/lasprimeras.com.do\/wp-content\/uploads\/2023\/06\/ruben-bichara-estamos-compitiendo-para-ganar-en-las-proximas-elecciones.jpg?resize=525%2C300&ssl=1 1.5x, https:\/\/i0.wp.com\/lasprimeras.com.do\/wp-content\/uploads\/2023\/06\/ruben-bichara-estamos-compitiendo-para-ganar-en-las-proximas-elecciones.jpg?resize=700%2C400&ssl=1 2x"},"classes":[]},{"id":123001,"url":"https:\/\/lasprimeras.com.do\/index.php\/2026\/02\/24\/ruben-bichara-10-anos-sin-blackout-y-en-menos-de-tres-meses-dos-en-la-actualidad\/","url_meta":{"origin":107086,"position":1},"title":"Rub\u00e9n Bichara: 10 a\u00f1os sin Blackout y en menos de tres meses dos en la actualidad","author":"Nelson Feliz","date":"24 de febrero de 2026","format":false,"excerpt":"Los funcionarios perremeiatas deben explicar las causas reales del apag\u00f3n general que afect\u00f3 el pa\u00eds este lunes. El ex vicepresidente administrativo de la Compa\u00f1\u00eda Dominicana de Empresas El\u00e9ctricas Estatales (CDEEE), Rub\u00e9n Bichara, considera que el gobierno debe determinar las causas por las cuales en tres meses se han producido dos\u2026","rel":"","context":"En \u00abPOLITICA\u00bb","block_context":{"text":"POLITICA","link":"https:\/\/lasprimeras.com.do\/index.php\/category\/politica\/"},"img":{"alt_text":"Rub\u00e9n Bichara","src":"https:\/\/i0.wp.com\/lasprimeras.com.do\/wp-content\/uploads\/2024\/08\/Ruben-Bichara.jpg?resize=350%2C200&ssl=1","width":350,"height":200,"srcset":"https:\/\/i0.wp.com\/lasprimeras.com.do\/wp-content\/uploads\/2024\/08\/Ruben-Bichara.jpg?resize=350%2C200&ssl=1 1x, https:\/\/i0.wp.com\/lasprimeras.com.do\/wp-content\/uploads\/2024\/08\/Ruben-Bichara.jpg?resize=525%2C300&ssl=1 1.5x"},"classes":[]},{"id":84951,"url":"https:\/\/lasprimeras.com.do\/index.php\/2024\/06\/18\/ruben-bicharael-deficit-del-sector-electrico-castiga-la-economia-y-la-poblacion-con-us-150-por-hora\/","url_meta":{"origin":107086,"position":2},"title":"Rub\u00e9n Bichara:&#8221;El d\u00e9ficit del sector el\u00e9ctrico castiga la econom\u00eda y la poblaci\u00f3n con US$ 150 por hora&#8221;","author":"Nelson Feliz","date":"18 de junio de 2024","format":false,"excerpt":"El miembro del Comit\u00e9 Pol\u00edtico del Partido de la Liberaci\u00f3n Dominicana (PLD), Rub\u00e9n Bichara, declar\u00f3 que el d\u00e9ficit en el sector el\u00e9ctrico es un factor a tomar en cuenta para la discusi\u00f3n de la reforma fiscal, presentando las cifras que explican su alta dimensi\u00f3n. El exvicepresidente de la Corporaci\u00f3n de\u2026","rel":"","context":"En \u00abECONOM\u00cdA\u00bb","block_context":{"text":"ECONOM\u00cdA","link":"https:\/\/lasprimeras.com.do\/index.php\/category\/economia\/"},"img":{"alt_text":"Rub\u00e9n Bichara","src":"https:\/\/i0.wp.com\/lasprimeras.com.do\/wp-content\/uploads\/2023\/06\/ruben-bichara-estamos-compitiendo-para-ganar-en-las-proximas-elecciones.jpg?resize=350%2C200&ssl=1","width":350,"height":200,"srcset":"https:\/\/i0.wp.com\/lasprimeras.com.do\/wp-content\/uploads\/2023\/06\/ruben-bichara-estamos-compitiendo-para-ganar-en-las-proximas-elecciones.jpg?resize=350%2C200&ssl=1 1x, https:\/\/i0.wp.com\/lasprimeras.com.do\/wp-content\/uploads\/2023\/06\/ruben-bichara-estamos-compitiendo-para-ganar-en-las-proximas-elecciones.jpg?resize=525%2C300&ssl=1 1.5x, https:\/\/i0.wp.com\/lasprimeras.com.do\/wp-content\/uploads\/2023\/06\/ruben-bichara-estamos-compitiendo-para-ganar-en-las-proximas-elecciones.jpg?resize=700%2C400&ssl=1 2x"},"classes":[]},{"id":87577,"url":"https:\/\/lasprimeras.com.do\/index.php\/2024\/08\/13\/ruben-bichara-dice-el-sector-electrico-ha-retrocedido-mas-de-veinte-anos\/","url_meta":{"origin":107086,"position":3},"title":"Rub\u00e9n Bichara dice el sector el\u00e9ctrico ha retrocedido m\u00e1s de veinte a\u00f1os","author":"Nelson Feliz","date":"13 de agosto de 2024","format":false,"excerpt":"El sector el\u00e9ctrico ha retrocedido m\u00e1s de veinte a\u00f1os, afirma Rub\u00e9n Bichara al resaltar las limitaciones presentadas en el suministro de electricidad La dirigencia actual del Partido de la Liberaci\u00f3n Dominicana (PLD) tiene que llegarles a las nuevas generaciones una organizaci\u00f3n renovada, robusta y acorde a los nuevos tiempos. La\u2026","rel":"","context":"En \u00abSin categor\u00eda\u00bb","block_context":{"text":"Sin categor\u00eda","link":"https:\/\/lasprimeras.com.do\/index.php\/category\/sin-categoria\/"},"img":{"alt_text":"Rub\u00e9n Bichara","src":"https:\/\/i0.wp.com\/lasprimeras.com.do\/wp-content\/uploads\/2024\/08\/Ruben-Bichara.jpg?resize=350%2C200&ssl=1","width":350,"height":200,"srcset":"https:\/\/i0.wp.com\/lasprimeras.com.do\/wp-content\/uploads\/2024\/08\/Ruben-Bichara.jpg?resize=350%2C200&ssl=1 1x, https:\/\/i0.wp.com\/lasprimeras.com.do\/wp-content\/uploads\/2024\/08\/Ruben-Bichara.jpg?resize=525%2C300&ssl=1 1.5x"},"classes":[]},{"id":108438,"url":"https:\/\/lasprimeras.com.do\/index.php\/2025\/09\/07\/ruben-jimenez-bichara-sobre-acuerdo-de-maxy-montilla-ya-el-hablo-ahora-toca-esperar\/","url_meta":{"origin":107086,"position":4},"title":"Rub\u00e9n Jim\u00e9nez Bichara sobre acuerdo de Maxy Montilla: &#8220;Ya \u00e9l habl\u00f3, ahora toca esperar&#8221;","author":"Nelson Feliz","date":"7 de septiembre de 2025","format":false,"excerpt":"El cu\u00f1ado de Danilo Medina acord\u00f3 devolver m\u00e1s de 3,000 millones de pesos al Estado y declarar contra se\u00f1alados. El exvicepresidente ejecutivo de la extinta Corporaci\u00f3n Dominicana de Empresas El\u00e9ctricas Estatales (Cdeee), Rub\u00e9n Jim\u00e9nez Bichara, reaccion\u00f3 escueto este domingo al acuerdo que permiti\u00f3 a Maxy Montilla, cu\u00f1ado del expresidente Danilo\u2026","rel":"","context":"En \u00abNACIONALES\u00bb","block_context":{"text":"NACIONALES","link":"https:\/\/lasprimeras.com.do\/index.php\/category\/nacionales\/"},"img":{"alt_text":"Rub\u00e9n Jim\u00e9nez Bichara","src":"https:\/\/i0.wp.com\/lasprimeras.com.do\/wp-content\/uploads\/2023\/10\/Ruben-Jimenez-Bichara-1.jpg?resize=350%2C200&ssl=1","width":350,"height":200,"srcset":"https:\/\/i0.wp.com\/lasprimeras.com.do\/wp-content\/uploads\/2023\/10\/Ruben-Jimenez-Bichara-1.jpg?resize=350%2C200&ssl=1 1x, https:\/\/i0.wp.com\/lasprimeras.com.do\/wp-content\/uploads\/2023\/10\/Ruben-Jimenez-Bichara-1.jpg?resize=525%2C300&ssl=1 1.5x, https:\/\/i0.wp.com\/lasprimeras.com.do\/wp-content\/uploads\/2023\/10\/Ruben-Jimenez-Bichara-1.jpg?resize=700%2C400&ssl=1 2x"},"classes":[]},{"id":88221,"url":"https:\/\/lasprimeras.com.do\/index.php\/2024\/08\/23\/ruben-bichara-atribuye-a-falta-de-inversion-la-crisis-en-sector-electrico\/","url_meta":{"origin":107086,"position":5},"title":"Rub\u00e9n Bichara atribuye a falta de inversi\u00f3n la crisis en sector el\u00e9ctrico","author":"Nelson Feliz","date":"23 de agosto de 2024","format":false,"excerpt":"El ex vicepresidente de la Corporaci\u00f3n Dominicana de Empresas El\u00e9ctricas Estatales (CDEEE), Rub\u00e9n Bichara, atribuy\u00f3 la crisis en el sector el\u00e9ctrico a la falta de inversi\u00f3n, gerencia y planificaci\u00f3n. Asimismo, explic\u00f3 que actual administraci\u00f3n del sector el\u00e9ctrico enfrent\u00f3 una crisis de combustibles que fue algo universal, luego el increment\u00f3 del\u2026","rel":"","context":"En \u00abECONOM\u00cdA\u00bb","block_context":{"text":"ECONOM\u00cdA","link":"https:\/\/lasprimeras.com.do\/index.php\/category\/economia\/"},"img":{"alt_text":"Rub\u00e9n Bichara","src":"https:\/\/i0.wp.com\/lasprimeras.com.do\/wp-content\/uploads\/2023\/06\/ruben-bichara-estamos-compitiendo-para-ganar-en-las-proximas-elecciones.jpg?resize=350%2C200&ssl=1","width":350,"height":200,"srcset":"https:\/\/i0.wp.com\/lasprimeras.com.do\/wp-content\/uploads\/2023\/06\/ruben-bichara-estamos-compitiendo-para-ganar-en-las-proximas-elecciones.jpg?resize=350%2C200&ssl=1 1x, https:\/\/i0.wp.com\/lasprimeras.com.do\/wp-content\/uploads\/2023\/06\/ruben-bichara-estamos-compitiendo-para-ganar-en-las-proximas-elecciones.jpg?resize=525%2C300&ssl=1 1.5x, https:\/\/i0.wp.com\/lasprimeras.com.do\/wp-content\/uploads\/2023\/06\/ruben-bichara-estamos-compitiendo-para-ganar-en-las-proximas-elecciones.jpg?resize=700%2C400&ssl=1 2x"},"classes":[]}],"jetpack_sharing_enabled":true,"_links":{"self":[{"href":"https:\/\/lasprimeras.com.do\/index.php\/wp-json\/wp\/v2\/posts\/107086","targetHints":{"allow":["GET"]}}],"collection":[{"href":"https:\/\/lasprimeras.com.do\/index.php\/wp-json\/wp\/v2\/posts"}],"about":[{"href":"https:\/\/lasprimeras.com.do\/index.php\/wp-json\/wp\/v2\/types\/post"}],"author":[{"embeddable":true,"href":"https:\/\/lasprimeras.com.do\/index.php\/wp-json\/wp\/v2\/users\/10"}],"replies":[{"embeddable":true,"href":"https:\/\/lasprimeras.com.do\/index.php\/wp-json\/wp\/v2\/comments?post=107086"}],"version-history":[{"count":1,"href":"https:\/\/lasprimeras.com.do\/index.php\/wp-json\/wp\/v2\/posts\/107086\/revisions"}],"predecessor-version":[{"id":107088,"href":"https:\/\/lasprimeras.com.do\/index.php\/wp-json\/wp\/v2\/posts\/107086\/revisions\/107088"}],"wp:featuredmedia":[{"embeddable":true,"href":"https:\/\/lasprimeras.com.do\/index.php\/wp-json\/wp\/v2\/media\/107087"}],"wp:attachment":[{"href":"https:\/\/lasprimeras.com.do\/index.php\/wp-json\/wp\/v2\/media?parent=107086"}],"wp:term":[{"taxonomy":"category","embeddable":true,"href":"https:\/\/lasprimeras.com.do\/index.php\/wp-json\/wp\/v2\/categories?post=107086"},{"taxonomy":"post_tag","embeddable":true,"href":"https:\/\/lasprimeras.com.do\/index.php\/wp-json\/wp\/v2\/tags?post=107086"}],"curies":[{"name":"wp","href":"https:\/\/api.w.org\/{rel}","templated":true}]}}