{"id":107091,"date":"2025-08-22T12:38:08","date_gmt":"2025-08-22T16:38:08","guid":{"rendered":"https:\/\/lasprimeras.com.do\/?p=107091"},"modified":"2025-08-22T12:38:09","modified_gmt":"2025-08-22T16:38:09","slug":"25-provincias-reducen-tasa-de-homicidios-en-un-digito-segun-fuerza-de-tarea-conjunta","status":"publish","type":"post","link":"https:\/\/lasprimeras.com.do\/index.php\/2025\/08\/22\/25-provincias-reducen-tasa-de-homicidios-en-un-digito-segun-fuerza-de-tarea-conjunta\/","title":{"rendered":"&#8220;25 provincias reducen tasa de homicidios en un d\u00edgito&#8221;, seg\u00fan Fuerza de Tarea Conjunta"},"content":{"rendered":"\n<p>La Fuerza de Tarea Conjunta, responsable del seguimiento semanal a la seguridad ciudadana, inform\u00f3 que, al corte del 15 de agosto de 2025, 25 provincias del pa\u00eds mantienen una tasa de homicidios en un d\u00edgito, reflejando un importante avance en la reducci\u00f3n de la criminalidad en los territorios priorizados.<\/p>\n\n\n\n<p>De acuerdo con el 109\u00ba reporte semanal de estad\u00edstica delictiva, la tasa de homicidios nacional acumulada en lo que va de a\u00f1o se sit\u00faa en 8.20 por cada 100,000 habitantes, con un registro mensual de 6.55 en agosto, cifra que reafirma la efectividad de las acciones conjuntas entre la Polic\u00eda Nacional, las Fuerzas Armadas y el Ministerio P\u00fablico.<\/p>\n\n\n\n<figure class=\"wp-block-image size-full\"><img decoding=\"async\" width=\"900\" height=\"505\" src=\"https:\/\/lasprimeras.com.do\/wp-content\/uploads\/2025\/08\/Fuerza-de-Tarea-Conjunta-1.jpg\" alt=\"\" class=\"wp-image-107093\" srcset=\"https:\/\/lasprimeras.com.do\/wp-content\/uploads\/2025\/08\/Fuerza-de-Tarea-Conjunta-1.jpg 900w, https:\/\/lasprimeras.com.do\/wp-content\/uploads\/2025\/08\/Fuerza-de-Tarea-Conjunta-1-300x168.jpg 300w, https:\/\/lasprimeras.com.do\/wp-content\/uploads\/2025\/08\/Fuerza-de-Tarea-Conjunta-1-768x431.jpg 768w\" sizes=\"(max-width: 900px) 100vw, 900px\" \/><\/figure>\n\n\n\n<p>El informe tambi\u00e9n resalta que mientras en agosto de 2023 la tasa era de 12.19 y en 2024 descendi\u00f3 a 10.14, en 2025 se ubica en 8.20, lo que significa una reducci\u00f3n acumulada de 3.99 puntos en dos a\u00f1os, equivalente a una disminuci\u00f3n relativa del 33%.<\/p>\n\n\n\n<p>Este logro evidencia el impacto positivo de la coordinaci\u00f3n interinstitucional y del despliegue de operativos focalizados, que han permitido fortalecer la presencia policial en los sectores m\u00e1s vulnerables, desarticular estructuras delictivas y garantizar mayor tranquilidad en las comunidades.<\/p>\n","protected":false},"excerpt":{"rendered":"<p>La Fuerza de Tarea Conjunta, responsable del seguimiento semanal a la seguridad ciudadana, inform\u00f3 que, al corte del 15 de agosto de 2025, 25 provincias del pa\u00eds mantienen una tasa&hellip;<\/p>\n","protected":false},"author":10,"featured_media":107092,"comment_status":"open","ping_status":"open","sticky":false,"template":"","format":"standard","meta":{"content-type":"","jetpack_post_was_ever_published":false,"_jetpack_newsletter_access":"","_jetpack_dont_email_post_to_subs":false,"_jetpack_newsletter_tier_id":0,"_jetpack_memberships_contains_paywalled_content":false,"_jetpack_memberships_contains_paid_content":false,"footnotes":""},"categories":[35,25],"tags":[23521,18147,7876,23522],"class_list":["post-107091","post","type-post","status-publish","format-standard","has-post-thumbnail","hentry","category-nacionales","category-portada","tag-25-provincias","tag-fuerza-de-tarea-conjunta","tag-tasa-de-homicidios","tag-un-digito"],"jetpack_featured_media_url":"https:\/\/lasprimeras.com.do\/wp-content\/uploads\/2025\/08\/Fuerza-de-Tarea-Conjunta.jpeg","jetpack-related-posts":[{"id":95416,"url":"https:\/\/lasprimeras.com.do\/index.php\/2025\/03\/13\/fuerza-de-tarea-conjunta-reporta-reduccion-en-la-tasa-de-homicidios-en-su-85-o-informe-semanal\/","url_meta":{"origin":107091,"position":0},"title":"Fuerza de Tarea Conjunta reporta reducci\u00f3n en la tasa de homicidios en su 85.\u00ba informe semanal","author":"Nelson Feliz","date":"13 de marzo de 2025","format":false,"excerpt":"La Polic\u00eda Nacional, a trav\u00e9s de la Fuerza de Tarea Conjunta, present\u00f3 su 85.\u00ba informe semanal de estad\u00edstica delictiva, correspondiente a los primeros siete d\u00edas de marzo de 2025, destacando la reducci\u00f3n sostenida en la tasa de homicidios por cada 100,000 habitantes. Seg\u00fan los datos analizados, la tasa acumulada de\u2026","rel":"","context":"En \u00abMILITARES\u00bb","block_context":{"text":"MILITARES","link":"https:\/\/lasprimeras.com.do\/index.php\/category\/militares\/"},"img":{"alt_text":"","src":"https:\/\/i0.wp.com\/lasprimeras.com.do\/wp-content\/uploads\/2023\/08\/Policia.jpeg?resize=350%2C200&ssl=1","width":350,"height":200,"srcset":"https:\/\/i0.wp.com\/lasprimeras.com.do\/wp-content\/uploads\/2023\/08\/Policia.jpeg?resize=350%2C200&ssl=1 1x, https:\/\/i0.wp.com\/lasprimeras.com.do\/wp-content\/uploads\/2023\/08\/Policia.jpeg?resize=525%2C300&ssl=1 1.5x, https:\/\/i0.wp.com\/lasprimeras.com.do\/wp-content\/uploads\/2023\/08\/Policia.jpeg?resize=700%2C400&ssl=1 2x"},"classes":[]},{"id":98812,"url":"https:\/\/lasprimeras.com.do\/index.php\/2025\/05\/13\/tasa-acumulada-de-homicidios-descendio-a-7-7-por-primera-vez-24-provincias-debajo-de-un-digito\/","url_meta":{"origin":107091,"position":1},"title":"Tasa acumulada de homicidios descendi\u00f3 a 7.7; por primera vez 24 provincias debajo de un d\u00edgito","author":"Nelson Feliz","date":"13 de mayo de 2025","format":false,"excerpt":"La ministra de Interior y Polic\u00eda, Faride Raful, inform\u00f3 que la tasa acumulada de homicidios descendi\u00f3 a 7.7 por cada 100 mil habitantes, una reducci\u00f3n considerable con relaci\u00f3n a las dos semanas anteriores, cuando el registro era 7.9. Adem\u00e1s, mayo presenta una de las cifras m\u00e1s bajas con 3.7, esto\u2026","rel":"","context":"En \u00abNACIONALES\u00bb","block_context":{"text":"NACIONALES","link":"https:\/\/lasprimeras.com.do\/index.php\/category\/nacionales\/"},"img":{"alt_text":"","src":"https:\/\/i0.wp.com\/lasprimeras.com.do\/wp-content\/uploads\/2025\/05\/Faride-Raful-1.jpg?resize=350%2C200&ssl=1","width":350,"height":200,"srcset":"https:\/\/i0.wp.com\/lasprimeras.com.do\/wp-content\/uploads\/2025\/05\/Faride-Raful-1.jpg?resize=350%2C200&ssl=1 1x, https:\/\/i0.wp.com\/lasprimeras.com.do\/wp-content\/uploads\/2025\/05\/Faride-Raful-1.jpg?resize=525%2C300&ssl=1 1.5x, https:\/\/i0.wp.com\/lasprimeras.com.do\/wp-content\/uploads\/2025\/05\/Faride-Raful-1.jpg?resize=700%2C400&ssl=1 2x"},"classes":[]},{"id":111281,"url":"https:\/\/lasprimeras.com.do\/index.php\/2025\/10\/07\/informe-estadistico-refleja-reduccion-sostenida-en-la-tasa-de-homicidios\/","url_meta":{"origin":107091,"position":2},"title":"Informe estad\u00edstico refleja reducci\u00f3n sostenida en la tasa de homicidios","author":"Nelson Feliz","date":"7 de octubre de 2025","format":false,"excerpt":"Septiembre cerr\u00f3 con 7.0 por cada 100,000 habitantes. El vocero de la Polic\u00eda Nacional, coronel Diego Pesqueira, inform\u00f3 que el informe de estad\u00edstica delictiva correspondiente al mes de septiembre de 2025 refleja una tasa de homicidios de 7.0 por cada 100,000 habitantes, mientras que la tasa acumulada del a\u00f1o se\u2026","rel":"","context":"En \u00abMILITARES\u00bb","block_context":{"text":"MILITARES","link":"https:\/\/lasprimeras.com.do\/index.php\/category\/militares\/"},"img":{"alt_text":"Diego Pesqueira","src":"https:\/\/i0.wp.com\/lasprimeras.com.do\/wp-content\/uploads\/2025\/10\/Diego-Pesqueira.jpg?resize=350%2C200&ssl=1","width":350,"height":200,"srcset":"https:\/\/i0.wp.com\/lasprimeras.com.do\/wp-content\/uploads\/2025\/10\/Diego-Pesqueira.jpg?resize=350%2C200&ssl=1 1x, https:\/\/i0.wp.com\/lasprimeras.com.do\/wp-content\/uploads\/2025\/10\/Diego-Pesqueira.jpg?resize=525%2C300&ssl=1 1.5x, https:\/\/i0.wp.com\/lasprimeras.com.do\/wp-content\/uploads\/2025\/10\/Diego-Pesqueira.jpg?resize=700%2C400&ssl=1 2x"},"classes":[]},{"id":91015,"url":"https:\/\/lasprimeras.com.do\/index.php\/2024\/11\/05\/faride-raful-dice-que-la-tasa-homicidios-bajo-en-octubre\/","url_meta":{"origin":107091,"position":3},"title":"Faride Raful dice que la tasa homicidios bajo en octubre","author":"Nelson Feliz","date":"5 de noviembre de 2024","format":false,"excerpt":"En diez territorios no hubo ninguna v\u00edctima mortal La tasa de homicidios contin\u00faa por debajo de un d\u00edgito con 9.65 por cada 100 mil habitantes, y registr\u00f3 un hito en octubre, con el nivel m\u00e1s bajo, 7.4, luego de iniciadas las reuniones del Plan de Seguimiento a la Seguridad Ciudadana,\u2026","rel":"","context":"En \u00abNACIONALES\u00bb","block_context":{"text":"NACIONALES","link":"https:\/\/lasprimeras.com.do\/index.php\/category\/nacionales\/"},"img":{"alt_text":"","src":"https:\/\/i0.wp.com\/lasprimeras.com.do\/wp-content\/uploads\/2024\/11\/faride-raful.jpg?resize=350%2C200&ssl=1","width":350,"height":200,"srcset":"https:\/\/i0.wp.com\/lasprimeras.com.do\/wp-content\/uploads\/2024\/11\/faride-raful.jpg?resize=350%2C200&ssl=1 1x, https:\/\/i0.wp.com\/lasprimeras.com.do\/wp-content\/uploads\/2024\/11\/faride-raful.jpg?resize=525%2C300&ssl=1 1.5x"},"classes":[]},{"id":77601,"url":"https:\/\/lasprimeras.com.do\/index.php\/2024\/02\/22\/fuerza-de-tarea-conjunta-mantiene-reduccion-en-tasa-de-homicidios-en-el-pais\/","url_meta":{"origin":107091,"position":4},"title":"Fuerza de Tarea Conjunta mantiene reducci\u00f3n en tasa de homicidios en el pais","author":"Nelson Feliz","date":"22 de febrero de 2024","format":false,"excerpt":"Por Martin Restituyo La integraci\u00f3n de las Fuerzas Armadas, la Polic\u00eda Nacional, Direcci\u00f3n Nacional de Control de Drogas (DNCD), y la Procuradur\u00eda General de la Rep\u00fablica (PGR), logran mantener la tendencia a la baja en el a\u00f1o 2024, al registrar una tasa de homicidios por cada 100,000 habitantes acumulada de\u2026","rel":"","context":"En \u00abMILITARES\u00bb","block_context":{"text":"MILITARES","link":"https:\/\/lasprimeras.com.do\/index.php\/category\/militares\/"},"img":{"alt_text":"PN","src":"https:\/\/i0.wp.com\/lasprimeras.com.do\/wp-content\/uploads\/2024\/02\/pn-1.jpg?resize=350%2C200&ssl=1","width":350,"height":200,"srcset":"https:\/\/i0.wp.com\/lasprimeras.com.do\/wp-content\/uploads\/2024\/02\/pn-1.jpg?resize=350%2C200&ssl=1 1x, https:\/\/i0.wp.com\/lasprimeras.com.do\/wp-content\/uploads\/2024\/02\/pn-1.jpg?resize=525%2C300&ssl=1 1.5x, https:\/\/i0.wp.com\/lasprimeras.com.do\/wp-content\/uploads\/2024\/02\/pn-1.jpg?resize=700%2C400&ssl=1 2x"},"classes":[]},{"id":71334,"url":"https:\/\/lasprimeras.com.do\/index.php\/2023\/12\/19\/ministro-santos-afirma-homicidios-siguen-a-la-baja\/","url_meta":{"origin":107091,"position":5},"title":"Ministro Santos afirma homicidios siguen a la baja","author":"BIMARY DE JES\u00daS Matos","date":"19 de diciembre de 2023","format":false,"excerpt":"Santo Domingo .-El ministro de la Presidencia, Joel Santos Echavarr\u00eda, afirm\u00f3 que la tasa de homicidios por cada 100,000 habitantes contin\u00faa en una tendencia a la baja, registrando un \u00edndice de 11.4. Expres\u00f3 que las autoridades trabajan sin descanso para poder lograr en el pr\u00f3ximo a\u00f1o que la tasa de\u2026","rel":"","context":"En \u00abNACIONALES\u00bb","block_context":{"text":"NACIONALES","link":"https:\/\/lasprimeras.com.do\/index.php\/category\/nacionales\/"},"img":{"alt_text":"","src":"https:\/\/i0.wp.com\/lasprimeras.com.do\/wp-content\/uploads\/2023\/12\/con-6-3.webp?resize=350%2C200&ssl=1","width":350,"height":200,"srcset":"https:\/\/i0.wp.com\/lasprimeras.com.do\/wp-content\/uploads\/2023\/12\/con-6-3.webp?resize=350%2C200&ssl=1 1x, https:\/\/i0.wp.com\/lasprimeras.com.do\/wp-content\/uploads\/2023\/12\/con-6-3.webp?resize=525%2C300&ssl=1 1.5x, https:\/\/i0.wp.com\/lasprimeras.com.do\/wp-content\/uploads\/2023\/12\/con-6-3.webp?resize=700%2C400&ssl=1 2x"},"classes":[]}],"jetpack_sharing_enabled":true,"_links":{"self":[{"href":"https:\/\/lasprimeras.com.do\/index.php\/wp-json\/wp\/v2\/posts\/107091","targetHints":{"allow":["GET"]}}],"collection":[{"href":"https:\/\/lasprimeras.com.do\/index.php\/wp-json\/wp\/v2\/posts"}],"about":[{"href":"https:\/\/lasprimeras.com.do\/index.php\/wp-json\/wp\/v2\/types\/post"}],"author":[{"embeddable":true,"href":"https:\/\/lasprimeras.com.do\/index.php\/wp-json\/wp\/v2\/users\/10"}],"replies":[{"embeddable":true,"href":"https:\/\/lasprimeras.com.do\/index.php\/wp-json\/wp\/v2\/comments?post=107091"}],"version-history":[{"count":1,"href":"https:\/\/lasprimeras.com.do\/index.php\/wp-json\/wp\/v2\/posts\/107091\/revisions"}],"predecessor-version":[{"id":107094,"href":"https:\/\/lasprimeras.com.do\/index.php\/wp-json\/wp\/v2\/posts\/107091\/revisions\/107094"}],"wp:featuredmedia":[{"embeddable":true,"href":"https:\/\/lasprimeras.com.do\/index.php\/wp-json\/wp\/v2\/media\/107092"}],"wp:attachment":[{"href":"https:\/\/lasprimeras.com.do\/index.php\/wp-json\/wp\/v2\/media?parent=107091"}],"wp:term":[{"taxonomy":"category","embeddable":true,"href":"https:\/\/lasprimeras.com.do\/index.php\/wp-json\/wp\/v2\/categories?post=107091"},{"taxonomy":"post_tag","embeddable":true,"href":"https:\/\/lasprimeras.com.do\/index.php\/wp-json\/wp\/v2\/tags?post=107091"}],"curies":[{"name":"wp","href":"https:\/\/api.w.org\/{rel}","templated":true}]}}