{"id":107095,"date":"2025-08-22T12:46:57","date_gmt":"2025-08-22T16:46:57","guid":{"rendered":"https:\/\/lasprimeras.com.do\/?p=107095"},"modified":"2025-08-22T12:46:58","modified_gmt":"2025-08-22T16:46:58","slug":"infotep-gradua-44-nuevos-guardaparques-en-puerto-plata","status":"publish","type":"post","link":"https:\/\/lasprimeras.com.do\/index.php\/2025\/08\/22\/infotep-gradua-44-nuevos-guardaparques-en-puerto-plata\/","title":{"rendered":"INFOTEP grad\u00faa 44 nuevos guardaparques en Puerto Plata"},"content":{"rendered":"\n<p>El Instituto Nacional de Formaci\u00f3n T\u00e9cnico Profesional (INFOTEP) gradu\u00f3 44 nuevos guarda parques en la provincia de Puerto Plata, quienes fueron dotados de conocimientos en el marco legal ambiental, la ecolog\u00eda, la biodiversidad y el manejo de \u00e1reas protegidas.<\/p>\n\n\n\n<p>Con esta promoci\u00f3n de egresados, el INFOTEP reafirma su papel como aliado del desarrollo sostenible, aportando t\u00e9cnicos que no solo sirven al sector productivo, sino tambi\u00e9n a la defensa y preservaci\u00f3n del patrimonio natural de la Rep\u00fablica Dominicana.<\/p>\n\n\n\n<p>El acto estuvo encabezado por el ministro de Medio Ambiente, Pa\u00edno Henr\u00edquez; el viceministro de \u00c1reas Protegidas del Ministerio de Medio Ambiente, Carlos Batista; la gobernadora provincial, Claritza Rochtte Peralta; el representante de Hoteles y Condominios de Playa Dorada, Manuel Finke; y el administrador de los Saltos de la Damajagua, Roberto G\u00f3mez.<\/p>\n\n\n\n<figure class=\"wp-block-image size-full\"><img decoding=\"async\" width=\"900\" height=\"675\" src=\"https:\/\/lasprimeras.com.do\/wp-content\/uploads\/2025\/08\/INFOTEP-2.jpg\" alt=\"\" class=\"wp-image-107097\" srcset=\"https:\/\/lasprimeras.com.do\/wp-content\/uploads\/2025\/08\/INFOTEP-2.jpg 900w, https:\/\/lasprimeras.com.do\/wp-content\/uploads\/2025\/08\/INFOTEP-2-300x225.jpg 300w, https:\/\/lasprimeras.com.do\/wp-content\/uploads\/2025\/08\/INFOTEP-2-768x576.jpg 768w\" sizes=\"(max-width: 900px) 100vw, 900px\" \/><\/figure>\n\n\n\n<p>En representaci\u00f3n del director general del INFOTEP, Rafael Santos Bad\u00eda, habl\u00f3 el encargado de la Oficina Sat\u00e9lite Costa Norte, Elvis P\u00e9rez Veras, quien resalt\u00f3 la importancia de esta capacitaci\u00f3n.<\/p>\n\n\n\n<p>\u201cEl certificado que hoy reciben m\u00e1s all\u00e1 de acreditar sus capacidades es la llave que abre las puertas a un legado de servicio, pasi\u00f3n y respeto por la tierra que nos vio nacer. Hoy cada uno de ustedes lleva consigo el compromiso de la protecci\u00f3n de historias vivas talladas en roca, agua y bosque\u201d, expres\u00f3 P\u00e9rez Veras.<\/p>\n\n\n\n<p>Destac\u00f3 que el Curso B\u00e1sico de Guardaparques surgi\u00f3 como respuesta a la solicitud de la Direcci\u00f3n Nacional de \u00c1reas Protegidas del Ministerio de Medio Ambiente, convirti\u00e9ndose en un programa de formaci\u00f3n m\u00e1s que necesario.<\/p>\n\n\n\n<p>\u201cDesde la Laguna Cabarete y Goleta hasta el Santuario de Mam\u00edferos Marinos de Estero Hondo; desde la Loma Isabel de Torres hasta el Parque Nacional de La Hispaniola; pasando por los Saltos de la Damajagua, el Parque Nacional Piky Lora, la Bah\u00eda de Luper\u00f3n y el Ca\u00f1\u00f3n del R\u00edo Gurabo, en cada uno de estos lugares ustedes ser\u00e1n voz y mirada de la naturaleza, embajadores del turismo sostenible y centinelas de nuestra biodiversidad\u201d, manifest\u00f3.<\/p>\n\n\n\n<p>Asimismo, agradeci\u00f3 la entrega de los facilitadores Roberto Luis G\u00f3mez Santana, Pablo Rodr\u00edguez, Yulisa Nardi y Jos\u00e9 Luis Mart\u00ednez, as\u00ed como la coordinaci\u00f3n de Kelvin Almeida, encargado del Centro Tecnol\u00f3gico P\u00e9rez, quienes contribuyeron de manera decisiva en la formaci\u00f3n de los nuevos guardaparques.<\/p>\n","protected":false},"excerpt":{"rendered":"<p>El Instituto Nacional de Formaci\u00f3n T\u00e9cnico Profesional (INFOTEP) gradu\u00f3 44 nuevos guarda parques en la provincia de Puerto Plata, quienes fueron dotados de conocimientos en el marco legal ambiental, la&hellip;<\/p>\n","protected":false},"author":10,"featured_media":107096,"comment_status":"open","ping_status":"open","sticky":false,"template":"","format":"standard","meta":{"content-type":"","jetpack_post_was_ever_published":false,"_jetpack_newsletter_access":"","_jetpack_dont_email_post_to_subs":false,"_jetpack_newsletter_tier_id":0,"_jetpack_memberships_contains_paywalled_content":false,"_jetpack_memberships_contains_paid_content":false,"footnotes":""},"categories":[35],"tags":[863,23523,1880,687],"class_list":["post-107095","post","type-post","status-publish","format-standard","has-post-thumbnail","hentry","category-nacionales","tag-gradua","tag-guardaparques","tag-infotep","tag-puerto-plata"],"jetpack_featured_media_url":"https:\/\/lasprimeras.com.do\/wp-content\/uploads\/2025\/08\/INFOTEP-1-3.jpg","jetpack-related-posts":[{"id":65341,"url":"https:\/\/lasprimeras.com.do\/index.php\/2023\/10\/27\/medio-ambiente-mejorara-centros-de-vigilancia-en-areas-protegidas-de-puerto-plata-y-montecristi\/","url_meta":{"origin":107095,"position":0},"title":"Medio Ambiente mejorar\u00e1 centros de vigilancia en \u00e1reas protegidas de Puerto Plata y Montecristi","author":"Nelson Feliz","date":"27 de octubre de 2023","format":false,"excerpt":"El Viceministerio de \u00c1reas Protegidas inici\u00f3 el remozamiento de los espacios destinados a guardaparques en Estero Hondo y Laguna Cabarete y Goleta. El Ministerio de Medio Ambiente y Recursos Naturales (MMARN) inici\u00f3, con la cooperaci\u00f3n de la Fundaci\u00f3n Rosaida Gonz\u00e1lez, los trabajos para restaurar los centros de control y vigilancia\u2026","rel":"","context":"En \u00abNACIONALES\u00bb","block_context":{"text":"NACIONALES","link":"https:\/\/lasprimeras.com.do\/index.php\/category\/nacionales\/"},"img":{"alt_text":"Medio Ambiente","src":"https:\/\/i0.wp.com\/lasprimeras.com.do\/wp-content\/uploads\/2023\/10\/Medio-Ambiente-mejorara-centros-de-vigilancia-en-areas-protegidas-de-Puerto-Plata-y-Montecristi-2.jpg?resize=350%2C200&ssl=1","width":350,"height":200,"srcset":"https:\/\/i0.wp.com\/lasprimeras.com.do\/wp-content\/uploads\/2023\/10\/Medio-Ambiente-mejorara-centros-de-vigilancia-en-areas-protegidas-de-Puerto-Plata-y-Montecristi-2.jpg?resize=350%2C200&ssl=1 1x, https:\/\/i0.wp.com\/lasprimeras.com.do\/wp-content\/uploads\/2023\/10\/Medio-Ambiente-mejorara-centros-de-vigilancia-en-areas-protegidas-de-Puerto-Plata-y-Montecristi-2.jpg?resize=525%2C300&ssl=1 1.5x, https:\/\/i0.wp.com\/lasprimeras.com.do\/wp-content\/uploads\/2023\/10\/Medio-Ambiente-mejorara-centros-de-vigilancia-en-areas-protegidas-de-Puerto-Plata-y-Montecristi-2.jpg?resize=700%2C400&ssl=1 2x"},"classes":[]},{"id":122984,"url":"https:\/\/lasprimeras.com.do\/index.php\/2026\/02\/24\/infotep-instala-talleres-moviles-en-montellano-en-puerto-plata\/","url_meta":{"origin":107095,"position":1},"title":"INFOTEP instala talleres m\u00f3viles en Montellano en Puerto Plata","author":"Nelson Feliz","date":"24 de febrero de 2026","format":false,"excerpt":"_La iniciativa permitir\u00e1 capacitar de inmediato a j\u00f3venes y adultos en \u00e1reas clave para el sector hotelero y de servicios._ El Instituto Nacional de Formaci\u00f3n T\u00e9cnico Profesional (INFOTEP), como parte de su estrategia para fortalecer el capital humano vinculado al desarrollo tur\u00edstico de la provincia, dej\u00f3 formalmente instalados y en\u2026","rel":"","context":"En \u00abNACIONALES\u00bb","block_context":{"text":"NACIONALES","link":"https:\/\/lasprimeras.com.do\/index.php\/category\/nacionales\/"},"img":{"alt_text":"","src":"https:\/\/i0.wp.com\/lasprimeras.com.do\/wp-content\/uploads\/2026\/02\/IMG-20260224-WA0320.jpg?resize=350%2C200&ssl=1","width":350,"height":200},"classes":[]},{"id":108147,"url":"https:\/\/lasprimeras.com.do\/index.php\/2025\/09\/03\/infotep-gradua-97-tecnicos-especializados-en-areas-claves-de-la-industria-turistica-en-punta-cana\/","url_meta":{"origin":107095,"position":2},"title":"INFOTEP grad\u00faa 97 t\u00e9cnicos especializados en \u00e1reas claves de la industria tur\u00edstica en Punta Cana","author":"Nelson Feliz","date":"3 de septiembre de 2025","format":false,"excerpt":"El Instituto Nacional de Formaci\u00f3n T\u00e9cnico Profesional (INFOTEP) entreg\u00f3 t\u00edtulos de T\u00e9cnicos con salida plena a 97 trabajadores de la cadena Meli\u00e1 Hotels, en las \u00e1reas de Gastronom\u00eda, Gesti\u00f3n de Piso Hotelero, Bar y Restaurante, quienes completaron los requisitos del proceso de Evaluaci\u00f3n Ocupacional, reconociendo as\u00ed su experiencia y competencia\u2026","rel":"","context":"En \u00abTURISMO\u00bb","block_context":{"text":"TURISMO","link":"https:\/\/lasprimeras.com.do\/index.php\/category\/turismo\/"},"img":{"alt_text":"","src":"https:\/\/i0.wp.com\/lasprimeras.com.do\/wp-content\/uploads\/2025\/09\/infotep.jpg?resize=350%2C200&ssl=1","width":350,"height":200,"srcset":"https:\/\/i0.wp.com\/lasprimeras.com.do\/wp-content\/uploads\/2025\/09\/infotep.jpg?resize=350%2C200&ssl=1 1x, https:\/\/i0.wp.com\/lasprimeras.com.do\/wp-content\/uploads\/2025\/09\/infotep.jpg?resize=525%2C300&ssl=1 1.5x, https:\/\/i0.wp.com\/lasprimeras.com.do\/wp-content\/uploads\/2025\/09\/infotep.jpg?resize=700%2C400&ssl=1 2x"},"classes":[]},{"id":86142,"url":"https:\/\/lasprimeras.com.do\/index.php\/2024\/07\/18\/infotep-gradua-a-472-tecnicos-capacitados-para-el-desarrollo-de-la-region-sur\/","url_meta":{"origin":107095,"position":3},"title":"INFOTEP grad\u00faa a 472 t\u00e9cnicos capacitados para el desarrollo de la Regi\u00f3n Sur","author":"Nelson Feliz","date":"18 de julio de 2024","format":false,"excerpt":"El Instituto Nacional de Formaci\u00f3n T\u00e9cnico Profesional (INFOTEP), gradu\u00f3 a 472 nuevos t\u00e9cnicos capacitados para cubrir la demanda del creciente desarrollo socioecon\u00f3mico de la Regi\u00f3n Sur del pa\u00eds. El director general del INFOTEP, Rafael Santos Bad\u00eda, afirm\u00f3 que esta graduaci\u00f3n representa un nuevo empuje hacia la cualificaci\u00f3n y dotaci\u00f3n de\u2026","rel":"","context":"En \u00abNACIONALES\u00bb","block_context":{"text":"NACIONALES","link":"https:\/\/lasprimeras.com.do\/index.php\/category\/nacionales\/"},"img":{"alt_text":"","src":"https:\/\/i0.wp.com\/lasprimeras.com.do\/wp-content\/uploads\/2024\/07\/Rafael-Santos-Badia-4.jpg?resize=350%2C200&ssl=1","width":350,"height":200,"srcset":"https:\/\/i0.wp.com\/lasprimeras.com.do\/wp-content\/uploads\/2024\/07\/Rafael-Santos-Badia-4.jpg?resize=350%2C200&ssl=1 1x, https:\/\/i0.wp.com\/lasprimeras.com.do\/wp-content\/uploads\/2024\/07\/Rafael-Santos-Badia-4.jpg?resize=525%2C300&ssl=1 1.5x, https:\/\/i0.wp.com\/lasprimeras.com.do\/wp-content\/uploads\/2024\/07\/Rafael-Santos-Badia-4.jpg?resize=700%2C400&ssl=1 2x"},"classes":[]},{"id":116899,"url":"https:\/\/lasprimeras.com.do\/index.php\/2025\/12\/04\/infotep-gradua-1416-nuevos-tecnicos-docentes-y-especialistas-en-la-region-sur\/","url_meta":{"origin":107095,"position":4},"title":"Infotep grad\u00faa 1,416 nuevos t\u00e9cnicos, docentes y especialistas en la regi\u00f3n Sur","author":"Nelson Feliz","date":"4 de diciembre de 2025","format":false,"excerpt":"Rafael Santos Bad\u00eda declar\u00f3 que entre 2020 y 2025, en San Juan y El\u00edas Pi\u00f1a, se han capacitado m\u00e1s de 125,345 personas. El Instituto Nacional de Formaci\u00f3n T\u00e9cnico Profesional (Infotep) gradu\u00f3 1,416 nuevos t\u00e9cnicos, docentes y especialistas en 17 ocupaciones de alta demanda, en la ceremonia ordinaria correspondiente a la\u2026","rel":"","context":"En \u00abNACIONALES\u00bb","block_context":{"text":"NACIONALES","link":"https:\/\/lasprimeras.com.do\/index.php\/category\/nacionales\/"},"img":{"alt_text":"","src":"https:\/\/i0.wp.com\/lasprimeras.com.do\/wp-content\/uploads\/2025\/12\/Infotep.jpg?resize=350%2C200&ssl=1","width":350,"height":200,"srcset":"https:\/\/i0.wp.com\/lasprimeras.com.do\/wp-content\/uploads\/2025\/12\/Infotep.jpg?resize=350%2C200&ssl=1 1x, https:\/\/i0.wp.com\/lasprimeras.com.do\/wp-content\/uploads\/2025\/12\/Infotep.jpg?resize=525%2C300&ssl=1 1.5x, https:\/\/i0.wp.com\/lasprimeras.com.do\/wp-content\/uploads\/2025\/12\/Infotep.jpg?resize=700%2C400&ssl=1 2x"},"classes":[]},{"id":103819,"url":"https:\/\/lasprimeras.com.do\/index.php\/2025\/07\/17\/desarrollo-social-superate-infotep-y-fundacion-rica-graduan-132-personas-de-cursos-tecnico-vocacional\/","url_meta":{"origin":107095,"position":5},"title":"Desarrollo Social Sup\u00e9rate, INFOTEP y Fundaci\u00f3n Rica grad\u00faan 132 personas de cursos t\u00e9cnico-vocacional","author":"Nelson Feliz","date":"17 de julio de 2025","format":false,"excerpt":"La Direcci\u00f3n de Desarrollo Social Sup\u00e9rate, en alianza con el Instituto de Formaci\u00f3n T\u00e9cnico Profesional (INFOTEP) y la Fundaci\u00f3n Rica celebraron este mi\u00e9rcoles la graduaci\u00f3n de la segunda cohorte del Centro de Superaci\u00f3n Comunitaria Sup\u00e9rate (CSCS) B\u00e1sima, en Villa Altagracia, provincia San Crist\u00f3bal. Durante su intervenci\u00f3n en el acto, la\u2026","rel":"","context":"En \u00abSin categor\u00eda\u00bb","block_context":{"text":"Sin categor\u00eda","link":"https:\/\/lasprimeras.com.do\/index.php\/category\/sin-categoria\/"},"img":{"alt_text":"","src":"https:\/\/i0.wp.com\/lasprimeras.com.do\/wp-content\/uploads\/2025\/07\/graduacion-1.jpg?resize=350%2C200&ssl=1","width":350,"height":200,"srcset":"https:\/\/i0.wp.com\/lasprimeras.com.do\/wp-content\/uploads\/2025\/07\/graduacion-1.jpg?resize=350%2C200&ssl=1 1x, https:\/\/i0.wp.com\/lasprimeras.com.do\/wp-content\/uploads\/2025\/07\/graduacion-1.jpg?resize=525%2C300&ssl=1 1.5x, https:\/\/i0.wp.com\/lasprimeras.com.do\/wp-content\/uploads\/2025\/07\/graduacion-1.jpg?resize=700%2C400&ssl=1 2x"},"classes":[]}],"jetpack_sharing_enabled":true,"_links":{"self":[{"href":"https:\/\/lasprimeras.com.do\/index.php\/wp-json\/wp\/v2\/posts\/107095","targetHints":{"allow":["GET"]}}],"collection":[{"href":"https:\/\/lasprimeras.com.do\/index.php\/wp-json\/wp\/v2\/posts"}],"about":[{"href":"https:\/\/lasprimeras.com.do\/index.php\/wp-json\/wp\/v2\/types\/post"}],"author":[{"embeddable":true,"href":"https:\/\/lasprimeras.com.do\/index.php\/wp-json\/wp\/v2\/users\/10"}],"replies":[{"embeddable":true,"href":"https:\/\/lasprimeras.com.do\/index.php\/wp-json\/wp\/v2\/comments?post=107095"}],"version-history":[{"count":1,"href":"https:\/\/lasprimeras.com.do\/index.php\/wp-json\/wp\/v2\/posts\/107095\/revisions"}],"predecessor-version":[{"id":107098,"href":"https:\/\/lasprimeras.com.do\/index.php\/wp-json\/wp\/v2\/posts\/107095\/revisions\/107098"}],"wp:featuredmedia":[{"embeddable":true,"href":"https:\/\/lasprimeras.com.do\/index.php\/wp-json\/wp\/v2\/media\/107096"}],"wp:attachment":[{"href":"https:\/\/lasprimeras.com.do\/index.php\/wp-json\/wp\/v2\/media?parent=107095"}],"wp:term":[{"taxonomy":"category","embeddable":true,"href":"https:\/\/lasprimeras.com.do\/index.php\/wp-json\/wp\/v2\/categories?post=107095"},{"taxonomy":"post_tag","embeddable":true,"href":"https:\/\/lasprimeras.com.do\/index.php\/wp-json\/wp\/v2\/tags?post=107095"}],"curies":[{"name":"wp","href":"https:\/\/api.w.org\/{rel}","templated":true}]}}