{"id":107168,"date":"2025-08-24T15:48:16","date_gmt":"2025-08-24T19:48:16","guid":{"rendered":"https:\/\/lasprimeras.com.do\/?p=107168"},"modified":"2025-08-24T15:48:18","modified_gmt":"2025-08-24T19:48:18","slug":"fallece-la-reconocida-vedette-angelita-curiel","status":"publish","type":"post","link":"https:\/\/lasprimeras.com.do\/index.php\/2025\/08\/24\/fallece-la-reconocida-vedette-angelita-curiel\/","title":{"rendered":"Fallece la reconocida vedette Angelita Curiel"},"content":{"rendered":"\n<p>Falleci\u00f3 la madrugada de este domingo la reconocida vedette dominicana Angelita Curiel, popularmente conocida como \u201cLa Mulatona\u201d, una de las figuras femeninas m\u00e1s populares del espect\u00e1culo y la televisi\u00f3n en los a\u00f1os ochenta.<\/p>\n\n\n\n<p>&#8220;Descansa en paz (\u2026) S\u00e9 que Dios te recibir\u00e1 con los brazos abiertos. \u00a1Lleva toda tu alegr\u00eda al cielo! Yo cuidar\u00e9 de tu hijo&#8221;, escribi\u00f3 la periodista Edith B\u00e1ez, pareja de su hijo Steven Curiel.<\/p>\n","protected":false},"excerpt":{"rendered":"<p>Falleci\u00f3 la madrugada de este domingo la reconocida vedette dominicana Angelita Curiel, popularmente conocida como \u201cLa Mulatona\u201d, una de las figuras femeninas m\u00e1s populares del espect\u00e1culo y la televisi\u00f3n en&hellip;<\/p>\n","protected":false},"author":10,"featured_media":107169,"comment_status":"open","ping_status":"open","sticky":false,"template":"","format":"standard","meta":{"content-type":"","jetpack_post_was_ever_published":false,"_jetpack_newsletter_access":"","_jetpack_dont_email_post_to_subs":false,"_jetpack_newsletter_tier_id":0,"_jetpack_memberships_contains_paywalled_content":false,"_jetpack_memberships_contains_paid_content":false,"footnotes":""},"categories":[84],"tags":[23561,1423,17376,23560],"class_list":["post-107168","post","type-post","status-publish","format-standard","has-post-thumbnail","hentry","category-entretenimiento","tag-angelita-curiel","tag-fallece","tag-reconocida","tag-vedette"],"jetpack_featured_media_url":"https:\/\/lasprimeras.com.do\/wp-content\/uploads\/2025\/08\/Angelita-Curiel-La-Mulatona.jpg","jetpack-related-posts":[{"id":107195,"url":"https:\/\/lasprimeras.com.do\/index.php\/2025\/08\/24\/la-mulatona-adios-a-una-estrella-de-la-television-criolla\/","url_meta":{"origin":107168,"position":0},"title":"La Mulatona: adi\u00f3s a una estrella de la televisi\u00f3n criolla","author":"Nelson Feliz","date":"24 de agosto de 2025","format":false,"excerpt":"Actores, productores y entidades culturales expresaron pesar por la partida de la vedette y actriz, \u00edcono de la televisi\u00f3n de los a\u00f1os 80 y 90 La vedette y actriz Angelita Curiel, conocida popularmente como \u201cLa Mulatona\u201d, falleci\u00f3 la madrugada de este domingo a causa de un paro respiratorio mientras permanec\u00eda\u2026","rel":"","context":"En \u00abENTRETENIMIENTO\u00bb","block_context":{"text":"ENTRETENIMIENTO","link":"https:\/\/lasprimeras.com.do\/index.php\/category\/entretenimiento\/"},"img":{"alt_text":"","src":"https:\/\/i0.wp.com\/lasprimeras.com.do\/wp-content\/uploads\/2025\/08\/Angelita-Curiel-La-Mulatona.jpg?resize=350%2C200&ssl=1","width":350,"height":200,"srcset":"https:\/\/i0.wp.com\/lasprimeras.com.do\/wp-content\/uploads\/2025\/08\/Angelita-Curiel-La-Mulatona.jpg?resize=350%2C200&ssl=1 1x, https:\/\/i0.wp.com\/lasprimeras.com.do\/wp-content\/uploads\/2025\/08\/Angelita-Curiel-La-Mulatona.jpg?resize=525%2C300&ssl=1 1.5x, https:\/\/i0.wp.com\/lasprimeras.com.do\/wp-content\/uploads\/2025\/08\/Angelita-Curiel-La-Mulatona.jpg?resize=700%2C400&ssl=1 2x"},"classes":[]},{"id":53149,"url":"https:\/\/lasprimeras.com.do\/index.php\/2023\/06\/23\/reina-curiel-agrega-otra-medalla-de-oro-para-el-pais-en-olimpiadas-especiales-de-berlin-2023\/","url_meta":{"origin":107168,"position":1},"title":"Reina Curiel agrega otra medalla de oro para el pa\u00eds en olimp\u00edadas especiales de Berl\u00edn 2023","author":"Nelson Feliz","date":"23 de junio de 2023","format":false,"excerpt":"CYNTHIA SANTANA Los dominicanos contin\u00faan imponi\u00e9ndose en los Juegos Mundiales Ol\u00edmpicos Especiales que actualmente est\u00e1n celebr\u00e1ndose en la ciudad de Berl\u00edn, Alemania, aportando as\u00ed m\u00e1s honores a nuestro pa\u00eds. En los reconocimientos y premiaciones del d\u00eda de ayer, Reina Curiel sobresali\u00f3 en la categor\u00eda de gimnasia r\u00edtmica, agregando as\u00ed una\u2026","rel":"","context":"En \u00abSin categor\u00eda\u00bb","block_context":{"text":"Sin categor\u00eda","link":"https:\/\/lasprimeras.com.do\/index.php\/category\/sin-categoria\/"},"img":{"alt_text":"Reina Curiel","src":"https:\/\/i0.wp.com\/lasprimeras.com.do\/wp-content\/uploads\/2023\/06\/Reina-Curiel.jpeg?resize=350%2C200&ssl=1","width":350,"height":200,"srcset":"https:\/\/i0.wp.com\/lasprimeras.com.do\/wp-content\/uploads\/2023\/06\/Reina-Curiel.jpeg?resize=350%2C200&ssl=1 1x, https:\/\/i0.wp.com\/lasprimeras.com.do\/wp-content\/uploads\/2023\/06\/Reina-Curiel.jpeg?resize=525%2C300&ssl=1 1.5x, https:\/\/i0.wp.com\/lasprimeras.com.do\/wp-content\/uploads\/2023\/06\/Reina-Curiel.jpeg?resize=700%2C400&ssl=1 2x"},"classes":[]},{"id":57791,"url":"https:\/\/lasprimeras.com.do\/index.php\/2023\/08\/15\/mcc-y-revista-palanca-saludan-reconocimiento-a-jeannette-miller\/","url_meta":{"origin":107168,"position":2},"title":"MCC y Revista Palanca saludan reconocimiento a Jeannette Miller","author":"Nelson Feliz","date":"15 de agosto de 2023","format":false,"excerpt":"El secretariado arquidiocesano del Movimiento de Cursillos de Cristiandad de la Rep\u00fablica Dominicana (MCC) recibi\u00f3 con gran benepl\u00e1cito la noticia de que el Ministerio de Cultura dedicar\u00e1 la XXV Feria Internacional del Libro en menci\u00f3n especial\u00a0a la reconocida escritora y poeta Jeannette Miller, Premio Nacional de Literatura en 2011. La\u2026","rel":"","context":"En \u00abENTRETENIMIENTO\u00bb","block_context":{"text":"ENTRETENIMIENTO","link":"https:\/\/lasprimeras.com.do\/index.php\/category\/entretenimiento\/"},"img":{"alt_text":"Jeannette Miller","src":"https:\/\/i0.wp.com\/lasprimeras.com.do\/wp-content\/uploads\/2023\/08\/Jeannette-Miller.jpg?resize=350%2C200&ssl=1","width":350,"height":200},"classes":[]},{"id":58251,"url":"https:\/\/lasprimeras.com.do\/index.php\/2023\/08\/22\/fallece-angelita-trujillo-hija-del-dictador-rafael-leonidas-trujillo\/","url_meta":{"origin":107168,"position":3},"title":"Fallece Angelita Trujillo, hija del dictador Rafael Leonidas Trujillo","author":"Nelson Feliz","date":"22 de agosto de 2023","format":false,"excerpt":"MIAMI, Estados Unidos.- Falleci\u00f3 este lunes en esta ciudad Angelita Trujillo Mart\u00ednez, quien fuera hija del fenecido dictador dominicano Rafael L. Trujillo, seg\u00fan reportan medios de prensa. Su deceso se produjo a consecuencia de un derrame cerebral, seg\u00fan los primeros informes llegados a Rep\u00fablica Dominicana. Angelita Trujillo Mart\u00ednez, segunda hija\u2026","rel":"","context":"En \u00abSin categor\u00eda\u00bb","block_context":{"text":"Sin categor\u00eda","link":"https:\/\/lasprimeras.com.do\/index.php\/category\/sin-categoria\/"},"img":{"alt_text":"","src":"https:\/\/i0.wp.com\/lasprimeras.com.do\/wp-content\/uploads\/2023\/08\/Angelita-Trujillo.jpg?resize=350%2C200&ssl=1","width":350,"height":200},"classes":[]},{"id":113211,"url":"https:\/\/lasprimeras.com.do\/index.php\/2025\/10\/30\/cometierra-presenta-una-generacion-de-jovenes-familiarizados-con-desapariciones-y-feminicidios\/","url_meta":{"origin":107168,"position":4},"title":"\u201cCometierra\u201d presenta una generaci\u00f3n de j\u00f3venes familiarizados con desapariciones y feminicidios","author":"Nelson Feliz","date":"30 de octubre de 2025","format":false,"excerpt":"POR BERENICE BAUTISTA CIUDAD DE M\u00c9XICO (AP) \u2014 La serie \u201cCometierra\u201d tiene la peculiaridad de presentar el fen\u00f3meno de las desapariciones y feminicidios en Latinoam\u00e9rica desde la perspectiva de un grupo de j\u00f3venes estudiantes de secundaria. Est\u00e1 basada en la novela hom\u00f3nima de la autora argentina Dolores Reyes, publicada en\u2026","rel":"","context":"En \u00abENTRETENIMIENTO\u00bb","block_context":{"text":"ENTRETENIMIENTO","link":"https:\/\/lasprimeras.com.do\/index.php\/category\/entretenimiento\/"},"img":{"alt_text":"","src":"https:\/\/i0.wp.com\/lasprimeras.com.do\/wp-content\/uploads\/2025\/10\/cometierra.jpg?resize=350%2C200&ssl=1","width":350,"height":200,"srcset":"https:\/\/i0.wp.com\/lasprimeras.com.do\/wp-content\/uploads\/2025\/10\/cometierra.jpg?resize=350%2C200&ssl=1 1x, https:\/\/i0.wp.com\/lasprimeras.com.do\/wp-content\/uploads\/2025\/10\/cometierra.jpg?resize=525%2C300&ssl=1 1.5x, https:\/\/i0.wp.com\/lasprimeras.com.do\/wp-content\/uploads\/2025\/10\/cometierra.jpg?resize=700%2C400&ssl=1 2x"},"classes":[]},{"id":108454,"url":"https:\/\/lasprimeras.com.do\/index.php\/2025\/09\/07\/el-partido-verde-dominicano-escoge-a-angelita-pena-como-su-nueva-presidenta\/","url_meta":{"origin":107168,"position":5},"title":"El Partido Verde Dominicano escoge a Angelita Pe\u00f1a como su nueva presidenta","author":"Nelson Feliz","date":"7 de septiembre de 2025","format":false,"excerpt":"En el marco de una reuni\u00f3n del Comit\u00e9 Ejecutivo Nacional celebrada este domingo en el Club de Obras P\u00fablicas, el Partido Verde Dominicano eligi\u00f3 a unanimidad a Angelita Pe\u00f1a como su nueva presidenta, en un proceso democr\u00e1tico que marca el inicio de una nueva etapa para la organizaci\u00f3n. Durante el\u2026","rel":"","context":"En \u00abPOLITICA\u00bb","block_context":{"text":"POLITICA","link":"https:\/\/lasprimeras.com.do\/index.php\/category\/politica\/"},"img":{"alt_text":"","src":"https:\/\/i0.wp.com\/lasprimeras.com.do\/wp-content\/uploads\/2025\/09\/Angelita-Pena.jpg?resize=350%2C200&ssl=1","width":350,"height":200,"srcset":"https:\/\/i0.wp.com\/lasprimeras.com.do\/wp-content\/uploads\/2025\/09\/Angelita-Pena.jpg?resize=350%2C200&ssl=1 1x, https:\/\/i0.wp.com\/lasprimeras.com.do\/wp-content\/uploads\/2025\/09\/Angelita-Pena.jpg?resize=525%2C300&ssl=1 1.5x, https:\/\/i0.wp.com\/lasprimeras.com.do\/wp-content\/uploads\/2025\/09\/Angelita-Pena.jpg?resize=700%2C400&ssl=1 2x"},"classes":[]}],"jetpack_sharing_enabled":true,"_links":{"self":[{"href":"https:\/\/lasprimeras.com.do\/index.php\/wp-json\/wp\/v2\/posts\/107168","targetHints":{"allow":["GET"]}}],"collection":[{"href":"https:\/\/lasprimeras.com.do\/index.php\/wp-json\/wp\/v2\/posts"}],"about":[{"href":"https:\/\/lasprimeras.com.do\/index.php\/wp-json\/wp\/v2\/types\/post"}],"author":[{"embeddable":true,"href":"https:\/\/lasprimeras.com.do\/index.php\/wp-json\/wp\/v2\/users\/10"}],"replies":[{"embeddable":true,"href":"https:\/\/lasprimeras.com.do\/index.php\/wp-json\/wp\/v2\/comments?post=107168"}],"version-history":[{"count":1,"href":"https:\/\/lasprimeras.com.do\/index.php\/wp-json\/wp\/v2\/posts\/107168\/revisions"}],"predecessor-version":[{"id":107170,"href":"https:\/\/lasprimeras.com.do\/index.php\/wp-json\/wp\/v2\/posts\/107168\/revisions\/107170"}],"wp:featuredmedia":[{"embeddable":true,"href":"https:\/\/lasprimeras.com.do\/index.php\/wp-json\/wp\/v2\/media\/107169"}],"wp:attachment":[{"href":"https:\/\/lasprimeras.com.do\/index.php\/wp-json\/wp\/v2\/media?parent=107168"}],"wp:term":[{"taxonomy":"category","embeddable":true,"href":"https:\/\/lasprimeras.com.do\/index.php\/wp-json\/wp\/v2\/categories?post=107168"},{"taxonomy":"post_tag","embeddable":true,"href":"https:\/\/lasprimeras.com.do\/index.php\/wp-json\/wp\/v2\/tags?post=107168"}],"curies":[{"name":"wp","href":"https:\/\/api.w.org\/{rel}","templated":true}]}}