{"id":107189,"date":"2025-08-24T18:15:28","date_gmt":"2025-08-24T22:15:28","guid":{"rendered":"https:\/\/lasprimeras.com.do\/?p=107189"},"modified":"2025-08-24T18:15:30","modified_gmt":"2025-08-24T22:15:30","slug":"digesett-prohibe-girar-a-la-izquierda-en-la-kennedy-con-gomez-y-la-27-de-febrero","status":"publish","type":"post","link":"https:\/\/lasprimeras.com.do\/index.php\/2025\/08\/24\/digesett-prohibe-girar-a-la-izquierda-en-la-kennedy-con-gomez-y-la-27-de-febrero\/","title":{"rendered":"Digesett prohibe girar a la izquierda en la Kennedy con G\u00f3mez y la 27 de Febrero"},"content":{"rendered":"\n<p><strong>En los pr\u00f3ximos d\u00edas los sem\u00e1foros tendr\u00e1n un cambio de direcci\u00f3n importante.<\/strong><\/p>\n\n\n\n<p>Este domingo entr\u00f3 en vigencia la fase IV del programa de restricci\u00f3n de giros a la izquierda en los corredores de las avenidas John F. Kennedy y la 27 de Febrero.<\/p>\n\n\n\n<p>El primer punto intervenido fue la intersecci\u00f3n M\u00e1ximo G\u00f3mez\u2013John F. Kennedy, donde desde las 5:30 de la ma\u00f1ana agentes de la Direcci\u00f3n General de Seguridad de Tr\u00e1nsito y Transporte Terrestre (Digesett) ya estaban instalando todo para arrancar formalmente a las 6:00.<\/p>\n\n\n\n<p>La medida busca agilizar el tr\u00e1nsito en uno de los puntos m\u00e1s congestionados de Santo Domingo como parte de la Estrategia Integral de Gesti\u00f3n del Tr\u00e1nsito &#8220;RD Se Mueve&#8221;.<\/p>\n\n\n\n<p>Seg\u00fan explicaron agentes, las primeras semanas ser\u00e1n de orientaci\u00f3n a los conductores sobre las rutas alternas, sin aplicar multas.<\/p>\n\n\n\n<p>Adem\u00e1s, en los pr\u00f3ximos d\u00edas los sem\u00e1foros tendr\u00e1n un cambio de direcci\u00f3n importante: las luces en direcci\u00f3n este\u2013oeste se pondr\u00e1n verdes al mismo tiempo, evitando as\u00ed la posibilidad de doblar a la izquierda en cualquier intersecci\u00f3n.<\/p>\n\n\n\n<p>\u00bfC\u00f3mo lo han tomado los conductores?<\/p>\n\n\n\n<p>Tres agentes que se encontraban orientando en el lugar coincidieron en que la reacci\u00f3n de la gente ha estado dividida sobre la prohibici\u00f3n de girar a la izquierda en la Kennedy con G\u00f3mez.<\/p>\n\n\n\n<p>Mientras uno se\u00f1al\u00f3 que &#8220;la mayor\u00eda de dominicanos se molesta&#8221;, otro coment\u00f3 que muchos lo aceptan, aunque algunos no lo entienden. En general, coincidieron en que la mayor\u00eda de conductores ha tomado la medida con disgusto.<\/p>\n\n\n\n<p>Los ciudadanos tambi\u00e9n expresaron incomodidad sobre la medida. Algunos desde sus veh\u00edculos se acercaban preguntando: &#8220;\u00bfQui\u00e9n puso esto?&#8221;. Otros hac\u00edan gestos de molestia y aseguraban no estar de acuerdo con la medida.<\/p>\n","protected":false},"excerpt":{"rendered":"<p>En los pr\u00f3ximos d\u00edas los sem\u00e1foros tendr\u00e1n un cambio de direcci\u00f3n importante. Este domingo entr\u00f3 en vigencia la fase IV del programa de restricci\u00f3n de giros a la izquierda en&hellip;<\/p>\n","protected":false},"author":10,"featured_media":107190,"comment_status":"open","ping_status":"open","sticky":false,"template":"","format":"standard","meta":{"content-type":"","jetpack_post_was_ever_published":false,"_jetpack_newsletter_access":"","_jetpack_dont_email_post_to_subs":false,"_jetpack_newsletter_tier_id":0,"_jetpack_memberships_contains_paywalled_content":false,"_jetpack_memberships_contains_paid_content":false,"footnotes":""},"categories":[35],"tags":[9727,244,23569,23568,6090],"class_list":["post-107189","post","type-post","status-publish","format-standard","has-post-thumbnail","hentry","category-nacionales","tag-27-de-febrero","tag-digesett","tag-girar-a-la-izquierda","tag-kennedy-con-gomez","tag-prohibe-2"],"jetpack_featured_media_url":"https:\/\/lasprimeras.com.do\/wp-content\/uploads\/2025\/08\/dige-1.jpeg","jetpack-related-posts":[{"id":107079,"url":"https:\/\/lasprimeras.com.do\/index.php\/2025\/08\/22\/gabinete-de-transporte-implementara-cuarta-fase-de-restriccion-de-giros-a-la-izquierda-en-la-john-f-kennedy-y-la-27-de-febrero\/","url_meta":{"origin":107189,"position":0},"title":"Gabinete de Transporte implementar\u00e1 cuarta fase de restricci\u00f3n de giros a la izquierda en la John F. Kennedy y la 27 de Febrero","author":"Nelson Feliz","date":"22 de agosto de 2025","format":false,"excerpt":"La medida forma parte de la estrategia RD Se Mueve y ya ha reducido m\u00e1s de un 30% los tiempos de recorrido en 13 intersecciones intervenidas El Gabinete de Transporte inform\u00f3 que este domingo dar\u00e1 inicio a la Fase IV del programa de restricci\u00f3n de giros a la izquierda, como\u2026","rel":"","context":"En \u00abNACIONALES\u00bb","block_context":{"text":"NACIONALES","link":"https:\/\/lasprimeras.com.do\/index.php\/category\/nacionales\/"},"img":{"alt_text":"","src":"https:\/\/i0.wp.com\/lasprimeras.com.do\/wp-content\/uploads\/2025\/08\/giros.jpg?resize=350%2C200&ssl=1","width":350,"height":200,"srcset":"https:\/\/i0.wp.com\/lasprimeras.com.do\/wp-content\/uploads\/2025\/08\/giros.jpg?resize=350%2C200&ssl=1 1x, https:\/\/i0.wp.com\/lasprimeras.com.do\/wp-content\/uploads\/2025\/08\/giros.jpg?resize=525%2C300&ssl=1 1.5x, https:\/\/i0.wp.com\/lasprimeras.com.do\/wp-content\/uploads\/2025\/08\/giros.jpg?resize=700%2C400&ssl=1 2x"},"classes":[]},{"id":72428,"url":"https:\/\/lasprimeras.com.do\/index.php\/2023\/12\/29\/director-de-la-digesett-instruye-amplio-operativo-en-diferentes-puntos-del-pais\/","url_meta":{"origin":107189,"position":1},"title":"Director de la DIGESETT instruye amplio operativo en diferentes puntos del pa\u00eds","author":"Nelson Feliz","date":"29 de diciembre de 2023","format":false,"excerpt":"Por Martin Restituyo El director de la Direcci\u00f3n General de Seguridad de Tr\u00e1nsito y Transporte Terrestre (DIGESETT), general Francisco Osoria de la Cruz, P.N., instruy\u00f3 la realizaci\u00f3n de un operativo la noche de ayer en diferentes puntos del pa\u00eds, enfocado en la prevenci\u00f3n y control de veh\u00edculos que transitan sin\u2026","rel":"","context":"En \u00abNACIONALES\u00bb","block_context":{"text":"NACIONALES","link":"https:\/\/lasprimeras.com.do\/index.php\/category\/nacionales\/"},"img":{"alt_text":"DIGESETT","src":"https:\/\/i0.wp.com\/lasprimeras.com.do\/wp-content\/uploads\/2023\/12\/206e0d39-461d-45cc-ad00-e3455e8123c5.jpg?resize=350%2C200&ssl=1","width":350,"height":200,"srcset":"https:\/\/i0.wp.com\/lasprimeras.com.do\/wp-content\/uploads\/2023\/12\/206e0d39-461d-45cc-ad00-e3455e8123c5.jpg?resize=350%2C200&ssl=1 1x, https:\/\/i0.wp.com\/lasprimeras.com.do\/wp-content\/uploads\/2023\/12\/206e0d39-461d-45cc-ad00-e3455e8123c5.jpg?resize=525%2C300&ssl=1 1.5x, https:\/\/i0.wp.com\/lasprimeras.com.do\/wp-content\/uploads\/2023\/12\/206e0d39-461d-45cc-ad00-e3455e8123c5.jpg?resize=700%2C400&ssl=1 2x, https:\/\/i0.wp.com\/lasprimeras.com.do\/wp-content\/uploads\/2023\/12\/206e0d39-461d-45cc-ad00-e3455e8123c5.jpg?resize=1050%2C600&ssl=1 3x, https:\/\/i0.wp.com\/lasprimeras.com.do\/wp-content\/uploads\/2023\/12\/206e0d39-461d-45cc-ad00-e3455e8123c5.jpg?resize=1400%2C800&ssl=1 4x"},"classes":[]},{"id":115436,"url":"https:\/\/lasprimeras.com.do\/index.php\/2025\/11\/21\/rutas-alternas-y-desvios-por-los-conciertos-de-bad-bunny-en-el-estadio-olimpico\/","url_meta":{"origin":107189,"position":2},"title":"Rutas alternas y desv\u00edos por los conciertos de Bad Bunny en el Estadio Ol\u00edmpico","author":"Nelson Feliz","date":"21 de noviembre de 2025","format":false,"excerpt":"El Gabinete de Transporte activa un plan especial de movilidad para gestionar el flujo vehicular durante los shows del artista este viernes 21 y s\u00e1bado 22 El Gabinete de Transporte, en coordinaci\u00f3n con el Instituto Nacional de Tr\u00e1nsito y Transporte Terrestre (Intrant) y la Direcci\u00f3n General de Seguridad de Tr\u00e1nsito\u2026","rel":"","context":"En \u00abNACIONALES\u00bb","block_context":{"text":"NACIONALES","link":"https:\/\/lasprimeras.com.do\/index.php\/category\/nacionales\/"},"img":{"alt_text":"","src":"https:\/\/i0.wp.com\/lasprimeras.com.do\/wp-content\/uploads\/2025\/11\/Bad-Bunny.jpg?resize=350%2C200&ssl=1","width":350,"height":200,"srcset":"https:\/\/i0.wp.com\/lasprimeras.com.do\/wp-content\/uploads\/2025\/11\/Bad-Bunny.jpg?resize=350%2C200&ssl=1 1x, https:\/\/i0.wp.com\/lasprimeras.com.do\/wp-content\/uploads\/2025\/11\/Bad-Bunny.jpg?resize=525%2C300&ssl=1 1.5x, https:\/\/i0.wp.com\/lasprimeras.com.do\/wp-content\/uploads\/2025\/11\/Bad-Bunny.jpg?resize=700%2C400&ssl=1 2x"},"classes":[]},{"id":121063,"url":"https:\/\/lasprimeras.com.do\/index.php\/2026\/01\/31\/digesett-redobla-esfuerzos-para-reducir-accidentes-causados-por-motoristas\/","url_meta":{"origin":107189,"position":3},"title":"DIGESETT redobla esfuerzos para reducir accidentes causados por motoristas","author":"Nelson Feliz","date":"31 de enero de 2026","format":false,"excerpt":"En tan solo horas de la ma\u00f1ana, 43 motocicletas fueron retenidas a conductores sorprendidos cruzando en rojo. La Direcci\u00f3n General de Seguridad de Tr\u00e1nsito y Transporte Terrestre (DIGESETT) intensific\u00f3 sus jornadas preventivas y de control en distintas intersecciones del Distrito Nacional, enfocadas de manera directa en los motoristas que ponen\u2026","rel":"","context":"En \u00abNACIONALES\u00bb","block_context":{"text":"NACIONALES","link":"https:\/\/lasprimeras.com.do\/index.php\/category\/nacionales\/"},"img":{"alt_text":"","src":"https:\/\/i0.wp.com\/lasprimeras.com.do\/wp-content\/uploads\/2026\/01\/LR2.jpg?resize=350%2C200&ssl=1","width":350,"height":200,"srcset":"https:\/\/i0.wp.com\/lasprimeras.com.do\/wp-content\/uploads\/2026\/01\/LR2.jpg?resize=350%2C200&ssl=1 1x, https:\/\/i0.wp.com\/lasprimeras.com.do\/wp-content\/uploads\/2026\/01\/LR2.jpg?resize=525%2C300&ssl=1 1.5x, https:\/\/i0.wp.com\/lasprimeras.com.do\/wp-content\/uploads\/2026\/01\/LR2.jpg?resize=700%2C400&ssl=1 2x"},"classes":[]},{"id":71267,"url":"https:\/\/lasprimeras.com.do\/index.php\/2023\/12\/18\/digesett-inicia-campana-educativa-para-conductores-y-peatones-del-gsd\/","url_meta":{"origin":107189,"position":4},"title":"DIGESETT inicia Campa\u00f1a Educativa para Conductores y Peatones del GSD","author":"Nelson Feliz","date":"18 de diciembre de 2023","format":false,"excerpt":"Durante la campa\u00f1a Educativa se entregaron casco protector a los motociclistas. Por Martin Restituyo La Direcci\u00f3n General de Seguridad de Tr\u00e1nsito y Transporte Terrestre (DIGESETT) inici\u00f3 una \u201cCampa\u00f1a Educativa para Conductores y Peatones\u201d, con el objetivo de concientizar a la ciudadan\u00eda y poder disminuir los siniestros viales en estas festividades\u2026","rel":"","context":"En \u00abNACIONALES\u00bb","block_context":{"text":"NACIONALES","link":"https:\/\/lasprimeras.com.do\/index.php\/category\/nacionales\/"},"img":{"alt_text":"Campa\u00f1a Educativa","src":"https:\/\/i0.wp.com\/lasprimeras.com.do\/wp-content\/uploads\/2023\/12\/Campana-Educativa.jpg?resize=350%2C200&ssl=1","width":350,"height":200,"srcset":"https:\/\/i0.wp.com\/lasprimeras.com.do\/wp-content\/uploads\/2023\/12\/Campana-Educativa.jpg?resize=350%2C200&ssl=1 1x, https:\/\/i0.wp.com\/lasprimeras.com.do\/wp-content\/uploads\/2023\/12\/Campana-Educativa.jpg?resize=525%2C300&ssl=1 1.5x"},"classes":[]},{"id":82384,"url":"https:\/\/lasprimeras.com.do\/index.php\/2024\/05\/02\/chofer-sale-ileso-tras-aparatoso-accidente\/","url_meta":{"origin":107189,"position":5},"title":"Chofer sale ileso tras aparatoso accidente","author":"BIMARY DE JES\u00daS Matos","date":"2 de mayo de 2024","format":false,"excerpt":"Santo Domingo.- El chofer de una patana sali\u00f3 ileso tras aparatoso accidente en la avenida John F. Kennedy con Winston Churchill en direcci\u00f3n hacia la avenida Dr. Defillo, que provoc\u00f3 que la cabina del veh\u00edculo se desprendiera del mismo. Seg\u00fan agentes de la Direcci\u00f3n de Seguridad de Tr\u00e1nsito y Transporte\u2026","rel":"","context":"En \u00abPORTADA\u00bb","block_context":{"text":"PORTADA","link":"https:\/\/lasprimeras.com.do\/index.php\/category\/portada\/"},"img":{"alt_text":"","src":"","width":0,"height":0},"classes":[]}],"jetpack_sharing_enabled":true,"_links":{"self":[{"href":"https:\/\/lasprimeras.com.do\/index.php\/wp-json\/wp\/v2\/posts\/107189","targetHints":{"allow":["GET"]}}],"collection":[{"href":"https:\/\/lasprimeras.com.do\/index.php\/wp-json\/wp\/v2\/posts"}],"about":[{"href":"https:\/\/lasprimeras.com.do\/index.php\/wp-json\/wp\/v2\/types\/post"}],"author":[{"embeddable":true,"href":"https:\/\/lasprimeras.com.do\/index.php\/wp-json\/wp\/v2\/users\/10"}],"replies":[{"embeddable":true,"href":"https:\/\/lasprimeras.com.do\/index.php\/wp-json\/wp\/v2\/comments?post=107189"}],"version-history":[{"count":1,"href":"https:\/\/lasprimeras.com.do\/index.php\/wp-json\/wp\/v2\/posts\/107189\/revisions"}],"predecessor-version":[{"id":107191,"href":"https:\/\/lasprimeras.com.do\/index.php\/wp-json\/wp\/v2\/posts\/107189\/revisions\/107191"}],"wp:featuredmedia":[{"embeddable":true,"href":"https:\/\/lasprimeras.com.do\/index.php\/wp-json\/wp\/v2\/media\/107190"}],"wp:attachment":[{"href":"https:\/\/lasprimeras.com.do\/index.php\/wp-json\/wp\/v2\/media?parent=107189"}],"wp:term":[{"taxonomy":"category","embeddable":true,"href":"https:\/\/lasprimeras.com.do\/index.php\/wp-json\/wp\/v2\/categories?post=107189"},{"taxonomy":"post_tag","embeddable":true,"href":"https:\/\/lasprimeras.com.do\/index.php\/wp-json\/wp\/v2\/tags?post=107189"}],"curies":[{"name":"wp","href":"https:\/\/api.w.org\/{rel}","templated":true}]}}