{"id":107333,"date":"2025-08-26T08:30:45","date_gmt":"2025-08-26T12:30:45","guid":{"rendered":"https:\/\/lasprimeras.com.do\/?p=107333"},"modified":"2025-08-26T08:30:46","modified_gmt":"2025-08-26T12:30:46","slug":"los-restos-de-pennsylvania-y-sus-tres-hijos-envenenados-en-el-ensanche-isabelitafueron-velados-en-cotui","status":"publish","type":"post","link":"https:\/\/lasprimeras.com.do\/index.php\/2025\/08\/26\/los-restos-de-pennsylvania-y-sus-tres-hijos-envenenados-en-el-ensanche-isabelitafueron-velados-en-cotui\/","title":{"rendered":"Los restos de Pennsylvania y sus tres hijos envenenados en el Ensanche Isabelita,fueron velados en Cotu\u00ed"},"content":{"rendered":"\n<p>Fueron velados en Cotu\u00ed, provincia S\u00e1nchez Ram\u00edrez, los restos de Pennsylvania Mercedes Jim\u00e9nez Valdez y sus tres hijos, de 11, 9 y 7 a\u00f1os, quienes perdieron la vida el domingo en un suceso que ha impactado al pa\u00eds, luego de que la mujer presuntamente envenenara a los menores y luego ingiriera la misma sustancia t\u00f3xica.<\/p>\n\n\n\n<p>El padre de los ni\u00f1os, Jos\u00e9 Arami Cabrera, visiblemente afectado, expres\u00f3 su incredulidad y tristeza ante lo ocurrido, asegurando que su pareja siempre fue cari\u00f1osa con los peque\u00f1os. \u201cEst\u00e1bamos bien\u2026 ella era muy cari\u00f1osa y buena, estoy sorprendido, todav\u00eda yo no lo creo, ella quer\u00eda demasiado esos muchachos\u201d, declar\u00f3.<\/p>\n\n\n\n<p>Cabrera dijo que al llegar a su hogar, situado en el ensanche Isabelita, Santo Domingo Este, le pareci\u00f3 extra\u00f1o que los ni\u00f1os no salieran a recibirlo como de costumbre. Al entrar, encontr\u00f3 a su esposa e hijos \u201ctirados\u201d y sin signos vitales.<\/p>\n\n\n\n<p>Indic\u00f3 que no lleg\u00f3 a ver la carta de suicidio dejada por su pareja, la cual est\u00e1 en manos de las autoridades, pero confirm\u00f3 que en ocasiones ella mostraba comportamientos celosos y lo vigilaba cuando sal\u00eda a trabajar.<\/p>\n\n\n\n<figure class=\"wp-block-image size-full is-resized\"><img decoding=\"async\" width=\"675\" height=\"377\" src=\"https:\/\/lasprimeras.com.do\/wp-content\/uploads\/2025\/08\/VELORIO.jpg\" alt=\"\" class=\"wp-image-107335\" style=\"width:840px;height:auto\" srcset=\"https:\/\/lasprimeras.com.do\/wp-content\/uploads\/2025\/08\/VELORIO.jpg 675w, https:\/\/lasprimeras.com.do\/wp-content\/uploads\/2025\/08\/VELORIO-300x168.jpg 300w\" sizes=\"(max-width: 675px) 100vw, 675px\" \/><\/figure>\n\n\n\n<p>Vecinos en Cotu\u00ed describieron a Jim\u00e9nez Valdez como una persona humilde y activa en la iglesia, por lo que aseguran desconocer los motivos que la llevaron a tomar esta tr\u00e1gica decisi\u00f3n.<\/p>\n\n\n\n<p>Seg\u00fan la Polic\u00eda Nacional, en coordinaci\u00f3n con el Ministerio P\u00fablico, en la escena fueron encontrados recipientes con restos de la sustancia mezclada con jugo, la cual habr\u00eda causado la muerte de la madre y los tres menores.<\/p>\n","protected":false},"excerpt":{"rendered":"<p>Fueron velados en Cotu\u00ed, provincia S\u00e1nchez Ram\u00edrez, los restos de Pennsylvania Mercedes Jim\u00e9nez Valdez y sus tres hijos, de 11, 9 y 7 a\u00f1os, quienes perdieron la vida el domingo&hellip;<\/p>\n","protected":false},"author":10,"featured_media":107334,"comment_status":"open","ping_status":"open","sticky":false,"template":"","format":"standard","meta":{"content-type":"","jetpack_post_was_ever_published":false,"_jetpack_newsletter_access":"","_jetpack_dont_email_post_to_subs":false,"_jetpack_newsletter_tier_id":0,"_jetpack_memberships_contains_paywalled_content":false,"_jetpack_memberships_contains_paid_content":false,"footnotes":""},"categories":[35],"tags":[3258,7429,23646,23645,3751,23640,9728],"class_list":["post-107333","post","type-post","status-publish","format-standard","has-post-thumbnail","hentry","category-nacionales","tag-cotui","tag-ensanche-isabelita","tag-envenenados","tag-pennsylvania","tag-restos","tag-tres-hijos","tag-velados"],"jetpack_featured_media_url":"https:\/\/lasprimeras.com.do\/wp-content\/uploads\/2025\/08\/VELAN.jpg","jetpack-related-posts":[{"id":107331,"url":"https:\/\/lasprimeras.com.do\/index.php\/2025\/08\/25\/revelan-nombre-de-mujer-que-enveneno-a-sus-tres-hijos-y-luego-se-suicido-en-el-ensanche-isabelita\/","url_meta":{"origin":107333,"position":0},"title":"Revelan nombre de mujer que envenen\u00f3 a sus tres hijos y luego se suicid\u00f3 en el Ensanche Isabelita","author":"Nelson Feliz","date":"25 de agosto de 2025","format":false,"excerpt":"Agentes de la Polic\u00eda Nacional, en coordinaci\u00f3n con el Ministerio P\u00fablico, investigan las reales circunstancias en que una madre de 36 a\u00f1os habr\u00eda ocasionado la muerte por envenenamiento de sus tres hijos, de 11, 9 y 7 a\u00f1os de edad, y posteriormente se suicid\u00f3 al ingerir la misma sustancia t\u00f3xica,\u2026","rel":"","context":"En \u00abMILITARES\u00bb","block_context":{"text":"MILITARES","link":"https:\/\/lasprimeras.com.do\/index.php\/category\/militares\/"},"img":{"alt_text":"","src":"https:\/\/i0.wp.com\/lasprimeras.com.do\/wp-content\/uploads\/2025\/08\/lamentan.jpg?resize=350%2C200&ssl=1","width":350,"height":200,"srcset":"https:\/\/i0.wp.com\/lasprimeras.com.do\/wp-content\/uploads\/2025\/08\/lamentan.jpg?resize=350%2C200&ssl=1 1x, https:\/\/i0.wp.com\/lasprimeras.com.do\/wp-content\/uploads\/2025\/08\/lamentan.jpg?resize=525%2C300&ssl=1 1.5x"},"classes":[]},{"id":107328,"url":"https:\/\/lasprimeras.com.do\/index.php\/2025\/08\/24\/mujer-se-habria-envenenado-con-sus-tres-hijos-en-el-ensanche-isabelita\/","url_meta":{"origin":107333,"position":1},"title":"Mujer se habr\u00eda envenenado con sus tres hijos en el Ensanche Isabelita","author":"Nelson Feliz","date":"24 de agosto de 2025","format":false,"excerpt":"La noche de este domingo se report\u00f3 un caso en el Ensanche Isabelita, donde una mujer y sus tres hijos habr\u00edan ingerido una sustancia venenosa en su vivienda, ubicada en la calle B esquina Respaldo 7. La mujer fue identificada \u00fanicamente como Telsy, mientras que los ni\u00f1os tendr\u00edan edades entre\u2026","rel":"","context":"En \u00abNACIONALES\u00bb","block_context":{"text":"NACIONALES","link":"https:\/\/lasprimeras.com.do\/index.php\/category\/nacionales\/"},"img":{"alt_text":"","src":"https:\/\/i0.wp.com\/lasprimeras.com.do\/wp-content\/uploads\/2025\/08\/lamentan.jpg?resize=350%2C200&ssl=1","width":350,"height":200,"srcset":"https:\/\/i0.wp.com\/lasprimeras.com.do\/wp-content\/uploads\/2025\/08\/lamentan.jpg?resize=350%2C200&ssl=1 1x, https:\/\/i0.wp.com\/lasprimeras.com.do\/wp-content\/uploads\/2025\/08\/lamentan.jpg?resize=525%2C300&ssl=1 1.5x"},"classes":[]},{"id":60242,"url":"https:\/\/lasprimeras.com.do\/index.php\/2023\/09\/12\/hombre-mata-a-su-pareja-y-se-suicida-en-el-ensanche-isabelita\/","url_meta":{"origin":107333,"position":2},"title":"Hombre mata a su pareja y se suicida en el ensanche Isabelita","author":"Nelson Feliz","date":"12 de septiembre de 2023","format":false,"excerpt":"La v\u00edctima fue identifica como Genara Rodr\u00edguez Disla, de 28 a\u00f1os, y el homicida-suicida como Victorio N\u00fa\u00f1ez, de 50. Un hombre mat\u00f3 a su pareja y luego se suicid\u00f3 la tarde de este lunes en el ensanche Isabelita, Santo Domingo Este. La v\u00edctima fue identifica como Genara Rodr\u00edguez Disla, de\u2026","rel":"","context":"En \u00abNACIONALES\u00bb","block_context":{"text":"NACIONALES","link":"https:\/\/lasprimeras.com.do\/index.php\/category\/nacionales\/"},"img":{"alt_text":"","src":"https:\/\/i0.wp.com\/lasprimeras.com.do\/wp-content\/uploads\/2023\/09\/feminicidios.jpg?resize=350%2C200&ssl=1","width":350,"height":200,"srcset":"https:\/\/i0.wp.com\/lasprimeras.com.do\/wp-content\/uploads\/2023\/09\/feminicidios.jpg?resize=350%2C200&ssl=1 1x, https:\/\/i0.wp.com\/lasprimeras.com.do\/wp-content\/uploads\/2023\/09\/feminicidios.jpg?resize=525%2C300&ssl=1 1.5x, https:\/\/i0.wp.com\/lasprimeras.com.do\/wp-content\/uploads\/2023\/09\/feminicidios.jpg?resize=700%2C400&ssl=1 2x"},"classes":[]},{"id":118670,"url":"https:\/\/lasprimeras.com.do\/index.php\/2026\/01\/02\/primeros-nacimientos-2026-trillizos-cesareas-prematuros-y-madre-adolescente\/","url_meta":{"origin":107333,"position":3},"title":"Primeros nacimientos 2026: Trillizos, ces\u00e1reas, prematuros y madre adolescente","author":"Nelson Feliz","date":"2 de enero de 2026","format":false,"excerpt":"Los reci\u00e9n nacidos son dos hembras y un var\u00f3n, hijos de Danesy Nicol de Mora, de 28 a\u00f1os, residente en el sector Ensanche Isabelita, en Santo Domingo Este, y de su esposo Christopher Aracena Noboa, de 24 a\u00f1os, quienes celebran con emoci\u00f3n la llegada de sus trillizos, un acontecimiento que\u2026","rel":"","context":"En \u00abSALUD\u00bb","block_context":{"text":"SALUD","link":"https:\/\/lasprimeras.com.do\/index.php\/category\/salud\/"},"img":{"alt_text":"","src":"https:\/\/i0.wp.com\/lasprimeras.com.do\/wp-content\/uploads\/2026\/01\/Medicos-del-hospital-Reynaldo-Almanzar.jpeg?resize=350%2C200&ssl=1","width":350,"height":200,"srcset":"https:\/\/i0.wp.com\/lasprimeras.com.do\/wp-content\/uploads\/2026\/01\/Medicos-del-hospital-Reynaldo-Almanzar.jpeg?resize=350%2C200&ssl=1 1x, https:\/\/i0.wp.com\/lasprimeras.com.do\/wp-content\/uploads\/2026\/01\/Medicos-del-hospital-Reynaldo-Almanzar.jpeg?resize=525%2C300&ssl=1 1.5x, https:\/\/i0.wp.com\/lasprimeras.com.do\/wp-content\/uploads\/2026\/01\/Medicos-del-hospital-Reynaldo-Almanzar.jpeg?resize=700%2C400&ssl=1 2x"},"classes":[]},{"id":68245,"url":"https:\/\/lasprimeras.com.do\/index.php\/2023\/11\/22\/restos-de-boricuas-muertos-en-paso-a-desnivel-de-la-27-de-febrero-seran-velados-este-viernes\/","url_meta":{"origin":107333,"position":4},"title":"Restos de boricuas muertos en paso a desnivel de la 27 de febrero ser\u00e1n velados este viernes","author":"Nelson Feliz","date":"22 de noviembre de 2023","format":false,"excerpt":"Tr\u00e1gico accidente en Santo Domingo deja v\u00edctimas fatales. El matrimonio conformado por Ram\u00f3n Mart\u00ednez Cesani (dominicano radicado en Puerto Rico) y Awilda V\u00e1zquez Burgos, su hija, Mar\u00eda Nereyda Mart\u00ednez V\u00e1zquez, y su esposo, Michael Orozco Mar\u00edn, que esperaban a su primer hijo, ser\u00e1n velados este viernes y s\u00e1bado en una\u2026","rel":"","context":"En \u00abNACIONALES\u00bb","block_context":{"text":"NACIONALES","link":"https:\/\/lasprimeras.com.do\/index.php\/category\/nacionales\/"},"img":{"alt_text":"La familia boricua falleci\u00f3 el pasado s\u00e1bado en Rep\u00fablica Dominicana","src":"https:\/\/i0.wp.com\/lasprimeras.com.do\/wp-content\/uploads\/2023\/11\/La-familia-boricua-fallecio-el-pasado-sabado-en-Republica-Dominicana.jpg?resize=350%2C200&ssl=1","width":350,"height":200,"srcset":"https:\/\/i0.wp.com\/lasprimeras.com.do\/wp-content\/uploads\/2023\/11\/La-familia-boricua-fallecio-el-pasado-sabado-en-Republica-Dominicana.jpg?resize=350%2C200&ssl=1 1x, https:\/\/i0.wp.com\/lasprimeras.com.do\/wp-content\/uploads\/2023\/11\/La-familia-boricua-fallecio-el-pasado-sabado-en-Republica-Dominicana.jpg?resize=525%2C300&ssl=1 1.5x, https:\/\/i0.wp.com\/lasprimeras.com.do\/wp-content\/uploads\/2023\/11\/La-familia-boricua-fallecio-el-pasado-sabado-en-Republica-Dominicana.jpg?resize=700%2C400&ssl=1 2x"},"classes":[]},{"id":87409,"url":"https:\/\/lasprimeras.com.do\/index.php\/2024\/08\/11\/envenena-a-su-esposa-y-a-su-hija-y-trata-de-simular-su-propio-secuestro\/","url_meta":{"origin":107333,"position":5},"title":"Envenena a su esposa y a su hija y trata de simular su propio secuestro","author":"Nelson Feliz","date":"11 de agosto de 2024","format":false,"excerpt":"En el organismo de la menor hab\u00eda rastros de gotas para los ojos y de un antidepresivo no aprobado para ni\u00f1os. Un hombre de Carolina del Norte acusado anteriormente de matar a su esposa con gotas para los ojos recientemente fue se\u00f1alado de envenenar a su hija con esa misma\u2026","rel":"","context":"En \u00abSin categor\u00eda\u00bb","block_context":{"text":"Sin categor\u00eda","link":"https:\/\/lasprimeras.com.do\/index.php\/category\/sin-categoria\/"},"img":{"alt_text":"Joshua Lee Hunsucker","src":"https:\/\/i0.wp.com\/lasprimeras.com.do\/wp-content\/uploads\/2024\/08\/Joshua-Lee-Hunsucker.jpg?resize=350%2C200&ssl=1","width":350,"height":200,"srcset":"https:\/\/i0.wp.com\/lasprimeras.com.do\/wp-content\/uploads\/2024\/08\/Joshua-Lee-Hunsucker.jpg?resize=350%2C200&ssl=1 1x, https:\/\/i0.wp.com\/lasprimeras.com.do\/wp-content\/uploads\/2024\/08\/Joshua-Lee-Hunsucker.jpg?resize=525%2C300&ssl=1 1.5x, https:\/\/i0.wp.com\/lasprimeras.com.do\/wp-content\/uploads\/2024\/08\/Joshua-Lee-Hunsucker.jpg?resize=700%2C400&ssl=1 2x"},"classes":[]}],"jetpack_sharing_enabled":true,"_links":{"self":[{"href":"https:\/\/lasprimeras.com.do\/index.php\/wp-json\/wp\/v2\/posts\/107333","targetHints":{"allow":["GET"]}}],"collection":[{"href":"https:\/\/lasprimeras.com.do\/index.php\/wp-json\/wp\/v2\/posts"}],"about":[{"href":"https:\/\/lasprimeras.com.do\/index.php\/wp-json\/wp\/v2\/types\/post"}],"author":[{"embeddable":true,"href":"https:\/\/lasprimeras.com.do\/index.php\/wp-json\/wp\/v2\/users\/10"}],"replies":[{"embeddable":true,"href":"https:\/\/lasprimeras.com.do\/index.php\/wp-json\/wp\/v2\/comments?post=107333"}],"version-history":[{"count":1,"href":"https:\/\/lasprimeras.com.do\/index.php\/wp-json\/wp\/v2\/posts\/107333\/revisions"}],"predecessor-version":[{"id":107336,"href":"https:\/\/lasprimeras.com.do\/index.php\/wp-json\/wp\/v2\/posts\/107333\/revisions\/107336"}],"wp:featuredmedia":[{"embeddable":true,"href":"https:\/\/lasprimeras.com.do\/index.php\/wp-json\/wp\/v2\/media\/107334"}],"wp:attachment":[{"href":"https:\/\/lasprimeras.com.do\/index.php\/wp-json\/wp\/v2\/media?parent=107333"}],"wp:term":[{"taxonomy":"category","embeddable":true,"href":"https:\/\/lasprimeras.com.do\/index.php\/wp-json\/wp\/v2\/categories?post=107333"},{"taxonomy":"post_tag","embeddable":true,"href":"https:\/\/lasprimeras.com.do\/index.php\/wp-json\/wp\/v2\/tags?post=107333"}],"curies":[{"name":"wp","href":"https:\/\/api.w.org\/{rel}","templated":true}]}}