{"id":107337,"date":"2025-08-26T09:06:41","date_gmt":"2025-08-26T13:06:41","guid":{"rendered":"https:\/\/lasprimeras.com.do\/?p=107337"},"modified":"2025-08-26T09:06:43","modified_gmt":"2025-08-26T13:06:43","slug":"intec-la-universidad-de-chile-y-barrick-pueblo-viejo-graduan-segunda-cohorte-del-diplomado-en-mineria-y-metalurgia","status":"publish","type":"post","link":"https:\/\/lasprimeras.com.do\/index.php\/2025\/08\/26\/intec-la-universidad-de-chile-y-barrick-pueblo-viejo-graduan-segunda-cohorte-del-diplomado-en-mineria-y-metalurgia\/","title":{"rendered":"INTEC, la Universidad de Chile y Barrick Pueblo Viejo grad\u00faan segunda cohorte del Diplomado en Miner\u00eda y Metalurgia"},"content":{"rendered":"\n<p>El Instituto Tecnol\u00f3gico de Santo Domingo (INTEC), y la Universidad de Chile, con el auspicio de Barrick Pueblo Viejo, realizaron la graduaci\u00f3n de la segunda promoci\u00f3n del Diplomado Internacional en Miner\u00eda y Metalurgia.<\/p>\n\n\n\n<p>En esta ocasi\u00f3n recibieron diplomas 105 participantes quienes por nueve meses cursaron m\u00e1s de 132 horas de clases en las que obtuvieron conocimientos esenciales para el ejercicio profesional como ingenieros e ingenieras de Minas.<\/p>\n\n\n\n<p>La directora de Asuntos Gubernamentales de Barrick Pueblo Viejo, Gisselle Valera, afirm\u00f3 que, \u201cal auspiciar la oportunidad de estudios, junto a INTEC y la Universidad de Chile invertimos en la formaci\u00f3n y en el futuro sostenible de la industria minera nacional.<\/p>\n\n\n\n<p>Las ingenier\u00edas civil e industrial son pilares que sustentan la innovaci\u00f3n y la eficiencia en nuestro trabajo y cada uno de ustedes tiene el poder de transformar el sector minero, de implementar nuevas tecnolog\u00edas y de promover pr\u00e1cticas que cuiden el medio ambiente\u201d.<\/p>\n\n\n\n<p>Mientras, que el coordinador de la carrera de Ingenier\u00eda Civil de INTEC, Alexander Pimentel, asegur\u00f3 que con el acto de entrega de diplomas no solo se reconoce el esfuerzo y la dedicaci\u00f3n de cada uno de los participantes, sino tambi\u00e9n la importancia de seguir construyendo espacios de formaci\u00f3n que fortalezcan las competencias de los profesionales de ese sector tan estrat\u00e9gico para el desarrollo sostenible del pa\u00eds.<\/p>\n\n\n\n<p>\u201cAgradecemos de manera muy especial a la directiva de Barrick Pueblo Viejo, cuyo respaldo y visi\u00f3n han hecho posible que iniciativas como esta se materialicen. Esta alianza entre la academia, representada por la Universidad de Chile e INTEC, junto a la industria es una muestra clara de lo que podemos lograr cuando unimos esfuerzos en torno a un mismo prop\u00f3sito: aportar conocimiento, innovaci\u00f3n y sostenibilidad a la miner\u00eda dominicana\u201d, dijo Pimentel.<\/p>\n\n\n\n<p>En nombre de los graduandos las palabras de agradecimiento fueron pronunciadas por Caroldania D\u00edaz Dur\u00e1n, quien se\u00f1al\u00f3 que el diplomado \u201cha sido una experiencia acad\u00e9mica y profesional de alto nivel, que nos ha brindado la oportunidad de expandir nuestras habilidades y fortalecer nuestra visi\u00f3n sobre la industria minera\u201d.<\/p>\n\n\n\n<p>Precis\u00f3 que durante nueve meses los estudiantes tuvieron la oportunidad de aprender de docentes con amplia experiencia y una destacada trayectoria. \u201cSu enfoque t\u00e9cnico y pr\u00e1ctico hizo de este programa una experiencia enriquecedora y aplicable a nuestra realidad laboral.<\/p>\n\n\n\n<p>En lo personal, y en nombre de muchos de mis compa\u00f1eros y compa\u00f1eras, quiero expresar nuestra satisfacci\u00f3n con el programa. No solo hemos fortalecido nuestra preparaci\u00f3n profesional, sino que tambi\u00e9n hemos adoptado una actitud proactiva frente a los desaf\u00edos de nuestro sector\u201d, expres\u00f3.<\/p>\n\n\n\n<p>La oferta curricular, desarrollada en una colaboraci\u00f3n entre INTEC y la Escuela de Miner\u00eda de la Facultad de Ciencias F\u00edsicas y Matem\u00e1ticas de la Universidad de Chile, incluye asignaturas clave como Geometalurgia, Procesos Mineral\u00fargicos y Metal\u00fargicos, Planificaci\u00f3n y Operaci\u00f3n Minera a Cielo Abierto, y Dise\u00f1o Minero, Perforaci\u00f3n y Tronadura, en el formato de concentraci\u00f3n para estudiantes de INTEC y diplomado para egresados de las carreras de ingenier\u00eda civil e industrial.<\/p>\n\n\n\n<p>El ingeniero o ingeniera de minas desempe\u00f1a un papel fundamental en la extracci\u00f3n sostenible de minerales, abarcando desde la planificaci\u00f3n y exploraci\u00f3n hasta la evaluaci\u00f3n y explotaci\u00f3n, con un firme enfoque en la minimizaci\u00f3n de impactos ambientales.<\/p>\n\n\n\n<p>El programa lo imparten profesores de la Universidad de Chile, reconocida por su s\u00f3lida oferta educativa, que incluye talleres t\u00e9cnicos y programas avanzados en Ingenier\u00eda Civil de Minas, un Doctorado en Ingenier\u00eda de Minas y un Mag\u00edster en Gesti\u00f3n y Direcci\u00f3n de Empresas con \u00e9nfasis en la industria minera.<\/p>\n\n\n\n<p>La concentraci\u00f3n en Miner\u00eda y Metalurgia forma parte de la diversa oferta de concentraciones disponibles en INTEC, que tambi\u00e9n incluye \u00e1reas como Energ\u00edas Renovables, Inteligencia Artificial Aplicada a Sistemas Electr\u00f3nicos, Dom\u00f3tica e Inm\u00f3tica, Mantenimiento, Controles y Comunicaci\u00f3n Industrial, y Gesti\u00f3n Financiera de Sistemas ERP\/SAP.<\/p>\n\n\n\n<p>Para m\u00e1s informaci\u00f3n sobre la inscripci\u00f3n y el programa, visite www.intec.edu.do o contacte al Departamento de Educaci\u00f3n Permanente a trav\u00e9s de los contactos disponibles en su portal web https:\/\/ep.intec.edu.do\/.<\/p>\n","protected":false},"excerpt":{"rendered":"<p>El Instituto Tecnol\u00f3gico de Santo Domingo (INTEC), y la Universidad de Chile, con el auspicio de Barrick Pueblo Viejo, realizaron la graduaci\u00f3n de la segunda promoci\u00f3n del Diplomado Internacional en&hellip;<\/p>\n","protected":false},"author":10,"featured_media":107338,"comment_status":"open","ping_status":"open","sticky":false,"template":"","format":"standard","meta":{"content-type":"","jetpack_post_was_ever_published":false,"_jetpack_newsletter_access":"","_jetpack_dont_email_post_to_subs":false,"_jetpack_newsletter_tier_id":0,"_jetpack_memberships_contains_paywalled_content":false,"_jetpack_memberships_contains_paid_content":false,"footnotes":""},"categories":[35,25],"tags":[5629,23648,16403,14506,23649,23647],"class_list":["post-107337","post","type-post","status-publish","format-standard","has-post-thumbnail","hentry","category-nacionales","category-portada","tag-barrick-pueblo-viejo","tag-diplomado-en-mineria","tag-graduan","tag-intec","tag-metalurgia","tag-universidad-de-chile"],"jetpack_featured_media_url":"https:\/\/lasprimeras.com.do\/wp-content\/uploads\/2025\/08\/INTEC-1.jpg","jetpack-related-posts":[{"id":126191,"url":"https:\/\/lasprimeras.com.do\/index.php\/2026\/03\/30\/barrick-pueblo-viejo-y-la-direccion-de-mineria-impulsan-jornada-de-reforestacion-en-arroyo-vuelta\/","url_meta":{"origin":107337,"position":0},"title":"Barrick Pueblo Viejo y la Direcci\u00f3n de Miner\u00eda impulsan jornada de reforestaci\u00f3n en Arroyo Vuelta","author":"Nelson Feliz","date":"30 de marzo de 2026","format":false,"excerpt":"La empresa minera Barrick Pueblo Viejo llev\u00f3 a cabo una jornada de reforestaci\u00f3n en la comunidad de Arroyo Vuelta, en coordinaci\u00f3n con la Direcci\u00f3n General de Miner\u00eda. La actividad cont\u00f3 con la participaci\u00f3n de cerca de 40 personas, entre colaboradores de ambas instituciones y miembros de la comunidad, quienes unieron\u2026","rel":"","context":"En \u00abNACIONALES\u00bb","block_context":{"text":"NACIONALES","link":"https:\/\/lasprimeras.com.do\/index.php\/category\/nacionales\/"},"img":{"alt_text":"","src":"https:\/\/i0.wp.com\/lasprimeras.com.do\/wp-content\/uploads\/2026\/03\/Foto-2-1.jpg?resize=350%2C200&ssl=1","width":350,"height":200,"srcset":"https:\/\/i0.wp.com\/lasprimeras.com.do\/wp-content\/uploads\/2026\/03\/Foto-2-1.jpg?resize=350%2C200&ssl=1 1x, https:\/\/i0.wp.com\/lasprimeras.com.do\/wp-content\/uploads\/2026\/03\/Foto-2-1.jpg?resize=525%2C300&ssl=1 1.5x, https:\/\/i0.wp.com\/lasprimeras.com.do\/wp-content\/uploads\/2026\/03\/Foto-2-1.jpg?resize=700%2C400&ssl=1 2x"},"classes":[]},{"id":106443,"url":"https:\/\/lasprimeras.com.do\/index.php\/2025\/08\/15\/ministro-joel-santos-reafirma-compromiso-con-la-mineria-responsable-en-pueblo-viejo\/","url_meta":{"origin":107337,"position":1},"title":"Ministro Joel Santos reafirma compromiso con la miner\u00eda responsable en Pueblo Viejo","author":"Nelson Feliz","date":"15 de agosto de 2025","format":false,"excerpt":"El titular de Energ\u00eda y Minas junto a una delegaci\u00f3n del MEM fueron recibidos por el liderazgo de Pueblo Viejo, y el equipo t\u00e9cnico de la empresa para un recorrido por las principales \u00e1reas de la operaci\u00f3n minera. El ministro de Energ\u00eda y Minas, Joel Santos, realiz\u00f3 una visita oficial\u2026","rel":"","context":"En \u00abECONOM\u00cdA\u00bb","block_context":{"text":"ECONOM\u00cdA","link":"https:\/\/lasprimeras.com.do\/index.php\/category\/economia\/"},"img":{"alt_text":"","src":"https:\/\/i0.wp.com\/lasprimeras.com.do\/wp-content\/uploads\/2025\/08\/COMISION-MEM-Y-BPV.jpg?resize=350%2C200&ssl=1","width":350,"height":200,"srcset":"https:\/\/i0.wp.com\/lasprimeras.com.do\/wp-content\/uploads\/2025\/08\/COMISION-MEM-Y-BPV.jpg?resize=350%2C200&ssl=1 1x, https:\/\/i0.wp.com\/lasprimeras.com.do\/wp-content\/uploads\/2025\/08\/COMISION-MEM-Y-BPV.jpg?resize=525%2C300&ssl=1 1.5x, https:\/\/i0.wp.com\/lasprimeras.com.do\/wp-content\/uploads\/2025\/08\/COMISION-MEM-Y-BPV.jpg?resize=700%2C400&ssl=1 2x"},"classes":[]},{"id":112490,"url":"https:\/\/lasprimeras.com.do\/index.php\/2025\/10\/22\/barrick-pueblo-viejo-destaca-inversion-y-fortalecimiento-bilaterales-en-la-semana-dominicana-en-canada\/","url_meta":{"origin":107337,"position":2},"title":"Barrick Pueblo Viejo destaca inversi\u00f3n y fortalecimiento bilaterales en la Semana Dominicana en Canad\u00e1","author":"Nelson Feliz","date":"22 de octubre de 2025","format":false,"excerpt":"La presidenta de Pueblo Viejo, Gisselle Valera, destac\u00f3 la importancia de generar y fomentar nuevas oportunidades de inversi\u00f3n entre ambos pa\u00edses, al tiempo que expres\u00f3 el compromiso de proteger las inversiones existentes. Durante su participaci\u00f3n en la Semana Dominicana en Canad\u00e1, Gisselle Valera, presidenta de Barrick Pueblo Viejo, destac\u00f3 la\u2026","rel":"","context":"En \u00abECONOM\u00cdA\u00bb","block_context":{"text":"ECONOM\u00cdA","link":"https:\/\/lasprimeras.com.do\/index.php\/category\/economia\/"},"img":{"alt_text":"Gisselle Valera","src":"https:\/\/i0.wp.com\/lasprimeras.com.do\/wp-content\/uploads\/2025\/10\/Gisselle-Valera.jpg?resize=350%2C200&ssl=1","width":350,"height":200,"srcset":"https:\/\/i0.wp.com\/lasprimeras.com.do\/wp-content\/uploads\/2025\/10\/Gisselle-Valera.jpg?resize=350%2C200&ssl=1 1x, https:\/\/i0.wp.com\/lasprimeras.com.do\/wp-content\/uploads\/2025\/10\/Gisselle-Valera.jpg?resize=525%2C300&ssl=1 1.5x, https:\/\/i0.wp.com\/lasprimeras.com.do\/wp-content\/uploads\/2025\/10\/Gisselle-Valera.jpg?resize=700%2C400&ssl=1 2x"},"classes":[]},{"id":102259,"url":"https:\/\/lasprimeras.com.do\/index.php\/2025\/07\/02\/barrick-pueblo-viejo-construye-nueva-presa-de-colas-con-maxima-seguridad-y-proteccion-ambiental\/","url_meta":{"origin":107337,"position":3},"title":"Barrick Pueblo Viejo construye nueva presa de colas con m\u00e1xima seguridad y protecci\u00f3n ambiental","author":"Nelson Feliz","date":"2 de julio de 2025","format":false,"excerpt":"La minera Barrick Pueblo Viejo avanza en la construcci\u00f3n de su nueva presa de colas bajo un dise\u00f1o aguas abajo, priorizando la seguridad estructural y el cumplimiento ambiental. El ingeniero ge\u00f3logo Osiris de Le\u00f3n explic\u00f3 en el programa Gobierno de la Ma\u00f1ana que este dise\u00f1o no responde a un criterio\u2026","rel":"","context":"En \u00abECONOM\u00cdA\u00bb","block_context":{"text":"ECONOM\u00cdA","link":"https:\/\/lasprimeras.com.do\/index.php\/category\/economia\/"},"img":{"alt_text":"","src":"https:\/\/i0.wp.com\/lasprimeras.com.do\/wp-content\/uploads\/2025\/07\/Barrick-Pueblo-Viejo-1.jpg?resize=350%2C200&ssl=1","width":350,"height":200,"srcset":"https:\/\/i0.wp.com\/lasprimeras.com.do\/wp-content\/uploads\/2025\/07\/Barrick-Pueblo-Viejo-1.jpg?resize=350%2C200&ssl=1 1x, https:\/\/i0.wp.com\/lasprimeras.com.do\/wp-content\/uploads\/2025\/07\/Barrick-Pueblo-Viejo-1.jpg?resize=525%2C300&ssl=1 1.5x, https:\/\/i0.wp.com\/lasprimeras.com.do\/wp-content\/uploads\/2025\/07\/Barrick-Pueblo-Viejo-1.jpg?resize=700%2C400&ssl=1 2x"},"classes":[]},{"id":111668,"url":"https:\/\/lasprimeras.com.do\/index.php\/2025\/10\/12\/barrick-pueblo-viejo-y-la-embajada-de-canada-reafirman-su-compromiso-con-la-inversion-responsable-en-republica-dominicana\/","url_meta":{"origin":107337,"position":4},"title":"Barrick Pueblo Viejo y la Embajada de Canad\u00e1 reafirman su compromiso con la inversi\u00f3n responsable en Rep\u00fablica Dominicana","author":"Nelson Feliz","date":"12 de octubre de 2025","format":false,"excerpt":"La reuni\u00f3n entre la empresa y la embajadora Jacqueline De Lima Baril refuerza los compromisos y la generaci\u00f3n de valor para el pa\u00eds. La reci\u00e9n designada presidenta de Barrick Pueblo Viejo tuvo una reuni\u00f3n de cortes\u00eda con la Embajadora de Canad\u00e1 en la Rep\u00fablica Dominicana, Jacqueline DeLima Baril, para reafirmar\u2026","rel":"","context":"En \u00abECONOM\u00cdA\u00bb","block_context":{"text":"ECONOM\u00cdA","link":"https:\/\/lasprimeras.com.do\/index.php\/category\/economia\/"},"img":{"alt_text":"","src":"https:\/\/i0.wp.com\/lasprimeras.com.do\/wp-content\/uploads\/2025\/10\/Gisselle-Valera-Jacqueline-DeLima-Baril.jpg?resize=350%2C200&ssl=1","width":350,"height":200,"srcset":"https:\/\/i0.wp.com\/lasprimeras.com.do\/wp-content\/uploads\/2025\/10\/Gisselle-Valera-Jacqueline-DeLima-Baril.jpg?resize=350%2C200&ssl=1 1x, https:\/\/i0.wp.com\/lasprimeras.com.do\/wp-content\/uploads\/2025\/10\/Gisselle-Valera-Jacqueline-DeLima-Baril.jpg?resize=525%2C300&ssl=1 1.5x, https:\/\/i0.wp.com\/lasprimeras.com.do\/wp-content\/uploads\/2025\/10\/Gisselle-Valera-Jacqueline-DeLima-Baril.jpg?resize=700%2C400&ssl=1 2x"},"classes":[]},{"id":103343,"url":"https:\/\/lasprimeras.com.do\/index.php\/2025\/07\/14\/barrick-pueblo-viejo-avanza-en-trabajos-de-manejo-de-erosion-y-control-de-sedimentos\/","url_meta":{"origin":107337,"position":5},"title":"Barrick Pueblo Viejo avanza en trabajos de manejo de erosi\u00f3n y control de sedimentos","author":"Nelson Feliz","date":"14 de julio de 2025","format":false,"excerpt":"Barrick Pueblo Viejo inform\u00f3 sobre los trabajos que realiza para el manejo adecuado de la erosi\u00f3n y el control de sedimentos en el r\u00edo Naranjo, lo cual constituye uno de los pilares fundamentales en todos los proyectos de construcci\u00f3n, particularmente en aquellos que se realizan en \u00e1reas de alta sensibilidad\u2026","rel":"","context":"En \u00abNACIONALES\u00bb","block_context":{"text":"NACIONALES","link":"https:\/\/lasprimeras.com.do\/index.php\/category\/nacionales\/"},"img":{"alt_text":"","src":"https:\/\/i0.wp.com\/lasprimeras.com.do\/wp-content\/uploads\/2025\/07\/Barrick-Pueblo-Viejo-1-1.jpg?resize=350%2C200&ssl=1","width":350,"height":200,"srcset":"https:\/\/i0.wp.com\/lasprimeras.com.do\/wp-content\/uploads\/2025\/07\/Barrick-Pueblo-Viejo-1-1.jpg?resize=350%2C200&ssl=1 1x, https:\/\/i0.wp.com\/lasprimeras.com.do\/wp-content\/uploads\/2025\/07\/Barrick-Pueblo-Viejo-1-1.jpg?resize=525%2C300&ssl=1 1.5x, https:\/\/i0.wp.com\/lasprimeras.com.do\/wp-content\/uploads\/2025\/07\/Barrick-Pueblo-Viejo-1-1.jpg?resize=700%2C400&ssl=1 2x"},"classes":[]}],"jetpack_sharing_enabled":true,"_links":{"self":[{"href":"https:\/\/lasprimeras.com.do\/index.php\/wp-json\/wp\/v2\/posts\/107337","targetHints":{"allow":["GET"]}}],"collection":[{"href":"https:\/\/lasprimeras.com.do\/index.php\/wp-json\/wp\/v2\/posts"}],"about":[{"href":"https:\/\/lasprimeras.com.do\/index.php\/wp-json\/wp\/v2\/types\/post"}],"author":[{"embeddable":true,"href":"https:\/\/lasprimeras.com.do\/index.php\/wp-json\/wp\/v2\/users\/10"}],"replies":[{"embeddable":true,"href":"https:\/\/lasprimeras.com.do\/index.php\/wp-json\/wp\/v2\/comments?post=107337"}],"version-history":[{"count":1,"href":"https:\/\/lasprimeras.com.do\/index.php\/wp-json\/wp\/v2\/posts\/107337\/revisions"}],"predecessor-version":[{"id":107339,"href":"https:\/\/lasprimeras.com.do\/index.php\/wp-json\/wp\/v2\/posts\/107337\/revisions\/107339"}],"wp:featuredmedia":[{"embeddable":true,"href":"https:\/\/lasprimeras.com.do\/index.php\/wp-json\/wp\/v2\/media\/107338"}],"wp:attachment":[{"href":"https:\/\/lasprimeras.com.do\/index.php\/wp-json\/wp\/v2\/media?parent=107337"}],"wp:term":[{"taxonomy":"category","embeddable":true,"href":"https:\/\/lasprimeras.com.do\/index.php\/wp-json\/wp\/v2\/categories?post=107337"},{"taxonomy":"post_tag","embeddable":true,"href":"https:\/\/lasprimeras.com.do\/index.php\/wp-json\/wp\/v2\/tags?post=107337"}],"curies":[{"name":"wp","href":"https:\/\/api.w.org\/{rel}","templated":true}]}}