{"id":107340,"date":"2025-08-26T09:16:18","date_gmt":"2025-08-26T13:16:18","guid":{"rendered":"https:\/\/lasprimeras.com.do\/?p=107340"},"modified":"2025-08-26T09:16:20","modified_gmt":"2025-08-26T13:16:20","slug":"centro-agroforestal-fue-inaugurado-en-gestion-de-danilo-medina","status":"publish","type":"post","link":"https:\/\/lasprimeras.com.do\/index.php\/2025\/08\/26\/centro-agroforestal-fue-inaugurado-en-gestion-de-danilo-medina\/","title":{"rendered":"Centro Agroforestal fue inaugurado en gesti\u00f3n de Danilo Medina"},"content":{"rendered":"\n<p><strong>El PLD le responde al Presidente Abinader. Ratifica el Centro de Capacitaci\u00f3n Agroforestal en Bohech\u00edo fue entregado por Danilo Medina en 2018<\/strong><\/p>\n\n\n\n<p>El Partido de la Liberaci\u00f3n Dominicana (PLD) ratific\u00f3 las declaraciones del pasado domingo de su Presidente, Danilo Medina, quien aclar\u00f3 que el Centro Regional de Capacitaci\u00f3n Agroforestal en Bohech\u00edo, provincia San Juan, se construy\u00f3 en su gesti\u00f3n como presidente de la Rep\u00fablica.<\/p>\n\n\n\n<p>Johnny Pujols, Secretario General, asumiendo la vocer\u00eda del PLD, hizo la aclaraci\u00f3n respondiendo al Presidente de la Rep\u00fablica, Luis Abinader, quien la tarde del lunes, se atribuy\u00f3 la construcci\u00f3n de la obra a su gobierno.R<\/p>\n\n\n\n<p>\u201cEl Presidente de la Rep\u00fablica, Luis Abinader, se ha referido nuevamente a la construcci\u00f3n del Centro Regional de Capacitaci\u00f3n Agroforestal en Bohech\u00edo, San Juan. No obstante, es preciso puntualizar con rigor: esa obra no corresponde a la actual gesti\u00f3n de gobierno\u201d, escribi\u00f3 Pujols en sus redes sociales<\/p>\n\n\n\n<p>A seguidas el Secretario General del PLD coment\u00f3 que es notorio que al mandatario no le est\u00e1n informando bien, por lo que hizo la aclaraci\u00f3n.<\/p>\n\n\n\n<p>\u201cPor respeto a la verdad, a los ciudadanos de Bohech\u00edo que estuvieron presentes en el acto de inauguraci\u00f3n y a los miles de dominicanos y dominicanas que ya se benefician de este centro, reafirmamos que se trata de una obra realizada en la pasada administraci\u00f3n\u201d, agreg\u00f3 Pujols<\/p>\n\n\n\n<p>La declaraci\u00f3n de Pujols fue acompa\u00f1ada de im\u00e1genes de publicaciones period\u00edsticas de abril de 2018, donde se rese\u00f1\u00f3 el acto encabezado por el Presidente Danilo Medina para la entrega de la obra en Bohech\u00edo.<\/p>\n\n\n\n<p>\u201cDefender la verdad no es un ejercicio partidario, es un deber con la historia reciente y con el pueblo dominicano, que merece que los logros alcanzados se reconozcan con justicia y exactitud\u201d, concluy\u00f3 su mensaje.<\/p>\n\n\n\n<figure class=\"wp-block-embed is-type-rich is-provider-twitter wp-block-embed-twitter\"><div class=\"wp-block-embed__wrapper\">\n<div class=\"embed-twitter\"><blockquote class=\"twitter-tweet\" data-width=\"500\" data-dnt=\"true\"><p lang=\"es\" dir=\"ltr\">El Presidente de la Rep\u00fablica <a href=\"https:\/\/twitter.com\/luisabinader?ref_src=twsrc%5Etfw\">@luisabinader<\/a> se ha referido nuevamente a la construcci\u00f3n del Centro Regional de Capacitaci\u00f3n Agroforestal en Bohech\u00edo, San Juan.<br>No obstante, es preciso puntualizar con rigor: esa obra no corresponde a la actual gesti\u00f3n de gobierno.<br><br>El Centro\u2026 <a href=\"https:\/\/t.co\/6ZkGoC8u7h\">pic.twitter.com\/6ZkGoC8u7h<\/a><\/p>&mdash; Johnny Pujols (@JohnnyPujols) <a href=\"https:\/\/twitter.com\/JohnnyPujols\/status\/1960125149983678859?ref_src=twsrc%5Etfw\">August 25, 2025<\/a><\/blockquote><script async src=\"https:\/\/platform.twitter.com\/widgets.js\" charset=\"utf-8\"><\/script><\/div>\n<\/div><\/figure>\n\n\n\n<p><a href=\"https:\/\/elcaribe.com.do\/destacado\/danilo-medina-entrega-en-bohechio-un-centro-regional-de-capacitacion-agricola-y-forestal\">https:\/\/elcaribe.com.do\/destacado\/danilo-medina-entrega-en-bohechio-un-centro-regional-de-capacitacion-agricola-y-forestal<\/a><\/p>\n","protected":false},"excerpt":{"rendered":"<p>El PLD le responde al Presidente Abinader. Ratifica el Centro de Capacitaci\u00f3n Agroforestal en Bohech\u00edo fue entregado por Danilo Medina en 2018 El Partido de la Liberaci\u00f3n Dominicana (PLD) ratific\u00f3&hellip;<\/p>\n","protected":false},"author":10,"featured_media":107341,"comment_status":"open","ping_status":"open","sticky":false,"template":"","format":"standard","meta":{"content-type":"","jetpack_post_was_ever_published":false,"_jetpack_newsletter_access":"","_jetpack_dont_email_post_to_subs":false,"_jetpack_newsletter_tier_id":0,"_jetpack_memberships_contains_paywalled_content":false,"_jetpack_memberships_contains_paid_content":false,"footnotes":""},"categories":[16559,25],"tags":[23650,501,212,3468],"class_list":["post-107340","post","type-post","status-publish","format-standard","has-post-thumbnail","hentry","category-politica","category-portada","tag-centro-agroforestal","tag-danilo-medina","tag-gestion","tag-inaugurado"],"jetpack_featured_media_url":"https:\/\/lasprimeras.com.do\/wp-content\/uploads\/2025\/08\/Danilo-Medina-1.jpg","jetpack-related-posts":[{"id":107383,"url":"https:\/\/lasprimeras.com.do\/index.php\/2025\/08\/26\/debate-en-redes-audiovisual-muestra-centro-regional-de-capacitacion-agricola-fue-entregado-por-danilo-medina-en-2018\/","url_meta":{"origin":107340,"position":0},"title":"Debate en redes: audiovisual muestra Centro Regional de Capacitaci\u00f3n Agr\u00edcola fue entregado por Danilo Medina en 2018","author":"Nelson Feliz","date":"26 de agosto de 2025","format":false,"excerpt":"Circula en redes sociales un audiovisual que muestra al expresidente de la Rep\u00fablica y actual presidente del Partido de la Liberaci\u00f3n Dominicana (PLD) Danilo Medina, inaugurando el Centro Regional de Capacitaci\u00f3n Agr\u00edcola y Forestal el 3 de abril de 2018, en Bohech\u00edo, provincia San Juan. El material audiovisual ha generado\u2026","rel":"","context":"En \u00abPOLITICA\u00bb","block_context":{"text":"POLITICA","link":"https:\/\/lasprimeras.com.do\/index.php\/category\/politica\/"},"img":{"alt_text":"","src":"","width":0,"height":0},"classes":[]},{"id":106068,"url":"https:\/\/lasprimeras.com.do\/index.php\/2025\/08\/10\/danilo-denuncia-el-abandono-de-hospitales-y-de-la-salud-de-la-gente\/","url_meta":{"origin":107340,"position":1},"title":"Danilo denuncia el abandono de hospitales y de la salud de la gente","author":"Nelson Feliz","date":"10 de agosto de 2025","format":false,"excerpt":"\u201cLas cifras que yo doy\u2026 Ese es el legado del PLD al desarrollo del pa\u00eds\u201d, afirma el expresidente Danilo Medina. El expresidente de la Rep\u00fablica y Presidente del Partido de la Liberaci\u00f3n Dominicana (PLD), Danilo Medina, denunci\u00f3 el abandono generalizado en que se encuentran los hospitales del pa\u00eds, incluyendo centros\u2026","rel":"","context":"En \u00abPOLITICA\u00bb","block_context":{"text":"POLITICA","link":"https:\/\/lasprimeras.com.do\/index.php\/category\/politica\/"},"img":{"alt_text":"","src":"https:\/\/i0.wp.com\/lasprimeras.com.do\/wp-content\/uploads\/2025\/08\/Danilo-Medina.jpg?resize=350%2C200&ssl=1","width":350,"height":200,"srcset":"https:\/\/i0.wp.com\/lasprimeras.com.do\/wp-content\/uploads\/2025\/08\/Danilo-Medina.jpg?resize=350%2C200&ssl=1 1x, https:\/\/i0.wp.com\/lasprimeras.com.do\/wp-content\/uploads\/2025\/08\/Danilo-Medina.jpg?resize=525%2C300&ssl=1 1.5x, https:\/\/i0.wp.com\/lasprimeras.com.do\/wp-content\/uploads\/2025\/08\/Danilo-Medina.jpg?resize=700%2C400&ssl=1 2x"},"classes":[]},{"id":90706,"url":"https:\/\/lasprimeras.com.do\/index.php\/2024\/10\/27\/danilo-fue-reelecto-presidente-del-pld\/","url_meta":{"origin":107340,"position":2},"title":"Danilo fue reelecto presidente del PLD","author":"Nelson Feliz","date":"27 de octubre de 2024","format":false,"excerpt":"Danilo Medina responde al presidente Luis Abinader. Niega que haya pedido su rehabilitaci\u00f3n como candidato a la Presidencia de la Rep\u00fablica. El ex presidente de la Rep\u00fablica, Danilo Medina, reelecto este domingo presidente del Partido de la Liberaci\u00f3n Dominicana (PLD) respondi\u00f3 las insinuaciones del Presidente Luis Abinader quien dijo que\u2026","rel":"","context":"En \u00abPORTADA\u00bb","block_context":{"text":"PORTADA","link":"https:\/\/lasprimeras.com.do\/index.php\/category\/portada\/"},"img":{"alt_text":"Danilo Medina","src":"https:\/\/i0.wp.com\/lasprimeras.com.do\/wp-content\/uploads\/2024\/10\/Danilo-Medina-1.jpg?resize=350%2C200&ssl=1","width":350,"height":200,"srcset":"https:\/\/i0.wp.com\/lasprimeras.com.do\/wp-content\/uploads\/2024\/10\/Danilo-Medina-1.jpg?resize=350%2C200&ssl=1 1x, https:\/\/i0.wp.com\/lasprimeras.com.do\/wp-content\/uploads\/2024\/10\/Danilo-Medina-1.jpg?resize=525%2C300&ssl=1 1.5x, https:\/\/i0.wp.com\/lasprimeras.com.do\/wp-content\/uploads\/2024\/10\/Danilo-Medina-1.jpg?resize=700%2C400&ssl=1 2x"},"classes":[]},{"id":106648,"url":"https:\/\/lasprimeras.com.do\/index.php\/2025\/08\/17\/danilo-medina-no-hay-punto-de-comparacion-entre-la-gestion-de-abinader-y-la-del-pld\/","url_meta":{"origin":107340,"position":3},"title":"Danilo Medina: \u201cNo hay punto de comparaci\u00f3n entre la gesti\u00f3n de Abinader y la del PLD\u201d","author":"Nelson Feliz","date":"17 de agosto de 2025","format":false,"excerpt":"Los apagones se deben al descuido del gobierno, porque no siguieron el plan indicador que dej\u00f3 el PLD para seguir construyendo plantas para suplir la demanda adicional que surge cada a\u00f1o, afirm\u00f3 Danilo Medina. El expresidente de la Rep\u00fablica y actual presidente del Partido de la Liberaci\u00f3n Dominicana (PLD), Danilo\u2026","rel":"","context":"En \u00abPOLITICA\u00bb","block_context":{"text":"POLITICA","link":"https:\/\/lasprimeras.com.do\/index.php\/category\/politica\/"},"img":{"alt_text":"","src":"https:\/\/i0.wp.com\/lasprimeras.com.do\/wp-content\/uploads\/2025\/08\/Danilo-V.1.jpg?resize=350%2C200&ssl=1","width":350,"height":200,"srcset":"https:\/\/i0.wp.com\/lasprimeras.com.do\/wp-content\/uploads\/2025\/08\/Danilo-V.1.jpg?resize=350%2C200&ssl=1 1x, https:\/\/i0.wp.com\/lasprimeras.com.do\/wp-content\/uploads\/2025\/08\/Danilo-V.1.jpg?resize=525%2C300&ssl=1 1.5x, https:\/\/i0.wp.com\/lasprimeras.com.do\/wp-content\/uploads\/2025\/08\/Danilo-V.1.jpg?resize=700%2C400&ssl=1 2x"},"classes":[]},{"id":76602,"url":"https:\/\/lasprimeras.com.do\/index.php\/2024\/02\/12\/presidente-luis-abinader-enumera-construcciones-durante-su-gestion\/","url_meta":{"origin":107340,"position":4},"title":"Presidente Luis Abinader enumera construcciones durante su gesti\u00f3n","author":"Nelson Feliz","date":"12 de febrero de 2024","format":false,"excerpt":"Del mismo modo, el mandatario inform\u00f3 que el MIVED entreg\u00f3 m\u00e1s de 7,180 viviendas nuevas que han beneficiado a m\u00e1s de 28 mil dominicanos. Asimismo, que el Plan Dominicana se Reconstruye ha reparado 45 mil viviendas, alcanzando a m\u00e1s de 181 mil dominicanos. El presidente Luis Abinader inform\u00f3 este lunes\u2026","rel":"","context":"En \u00abECONOM\u00cdA\u00bb","block_context":{"text":"ECONOM\u00cdA","link":"https:\/\/lasprimeras.com.do\/index.php\/category\/economia\/"},"img":{"alt_text":"Luis Abinader","src":"https:\/\/i0.wp.com\/lasprimeras.com.do\/wp-content\/uploads\/2024\/02\/Luis-Abinader-3.jpg?resize=350%2C200&ssl=1","width":350,"height":200,"srcset":"https:\/\/i0.wp.com\/lasprimeras.com.do\/wp-content\/uploads\/2024\/02\/Luis-Abinader-3.jpg?resize=350%2C200&ssl=1 1x, https:\/\/i0.wp.com\/lasprimeras.com.do\/wp-content\/uploads\/2024\/02\/Luis-Abinader-3.jpg?resize=525%2C300&ssl=1 1.5x, https:\/\/i0.wp.com\/lasprimeras.com.do\/wp-content\/uploads\/2024\/02\/Luis-Abinader-3.jpg?resize=700%2C400&ssl=1 2x"},"classes":[]},{"id":73804,"url":"https:\/\/lasprimeras.com.do\/index.php\/2024\/01\/16\/danilo-medina-pueblo-tiene-oportunidad-de-decidir-entre-ahora-o-cuando-pld\/","url_meta":{"origin":107340,"position":5},"title":"Danilo Medina: Pueblo tiene oportunidad de decidir entre ahora o cuando PLD","author":"Nelson Feliz","date":"16 de enero de 2024","format":false,"excerpt":"El ex presidente de la Rep\u00fablica y presidente del Partido de la Liberaci\u00f3n Dominicana (PLD), Danilo Medina, declar\u00f3 que el pueblo dominicano en este a\u00f1o electoral tiene la oportunidad de decidir si quiere seguir viviendo \u00abcomo ahora o como estaba\u00bb en el gobierno de esta organizaci\u00f3n pol\u00edtica. \u201cAhora ustedes tienen\u2026","rel":"","context":"En \u00abPORTADA\u00bb","block_context":{"text":"PORTADA","link":"https:\/\/lasprimeras.com.do\/index.php\/category\/portada\/"},"img":{"alt_text":"Danilo Medina","src":"https:\/\/i0.wp.com\/lasprimeras.com.do\/wp-content\/uploads\/2024\/01\/Danilo-Medina.jpeg?resize=350%2C200&ssl=1","width":350,"height":200,"srcset":"https:\/\/i0.wp.com\/lasprimeras.com.do\/wp-content\/uploads\/2024\/01\/Danilo-Medina.jpeg?resize=350%2C200&ssl=1 1x, https:\/\/i0.wp.com\/lasprimeras.com.do\/wp-content\/uploads\/2024\/01\/Danilo-Medina.jpeg?resize=525%2C300&ssl=1 1.5x, https:\/\/i0.wp.com\/lasprimeras.com.do\/wp-content\/uploads\/2024\/01\/Danilo-Medina.jpeg?resize=700%2C400&ssl=1 2x, https:\/\/i0.wp.com\/lasprimeras.com.do\/wp-content\/uploads\/2024\/01\/Danilo-Medina.jpeg?resize=1050%2C600&ssl=1 3x"},"classes":[]}],"jetpack_sharing_enabled":true,"_links":{"self":[{"href":"https:\/\/lasprimeras.com.do\/index.php\/wp-json\/wp\/v2\/posts\/107340","targetHints":{"allow":["GET"]}}],"collection":[{"href":"https:\/\/lasprimeras.com.do\/index.php\/wp-json\/wp\/v2\/posts"}],"about":[{"href":"https:\/\/lasprimeras.com.do\/index.php\/wp-json\/wp\/v2\/types\/post"}],"author":[{"embeddable":true,"href":"https:\/\/lasprimeras.com.do\/index.php\/wp-json\/wp\/v2\/users\/10"}],"replies":[{"embeddable":true,"href":"https:\/\/lasprimeras.com.do\/index.php\/wp-json\/wp\/v2\/comments?post=107340"}],"version-history":[{"count":1,"href":"https:\/\/lasprimeras.com.do\/index.php\/wp-json\/wp\/v2\/posts\/107340\/revisions"}],"predecessor-version":[{"id":107342,"href":"https:\/\/lasprimeras.com.do\/index.php\/wp-json\/wp\/v2\/posts\/107340\/revisions\/107342"}],"wp:featuredmedia":[{"embeddable":true,"href":"https:\/\/lasprimeras.com.do\/index.php\/wp-json\/wp\/v2\/media\/107341"}],"wp:attachment":[{"href":"https:\/\/lasprimeras.com.do\/index.php\/wp-json\/wp\/v2\/media?parent=107340"}],"wp:term":[{"taxonomy":"category","embeddable":true,"href":"https:\/\/lasprimeras.com.do\/index.php\/wp-json\/wp\/v2\/categories?post=107340"},{"taxonomy":"post_tag","embeddable":true,"href":"https:\/\/lasprimeras.com.do\/index.php\/wp-json\/wp\/v2\/tags?post=107340"}],"curies":[{"name":"wp","href":"https:\/\/api.w.org\/{rel}","templated":true}]}}