{"id":107343,"date":"2025-08-26T09:25:07","date_gmt":"2025-08-26T13:25:07","guid":{"rendered":"https:\/\/lasprimeras.com.do\/?p=107343"},"modified":"2025-08-26T09:25:08","modified_gmt":"2025-08-26T13:25:08","slug":"senador-franklin-romero-saluda-celebracion-expo-mayorista-2025","status":"publish","type":"post","link":"https:\/\/lasprimeras.com.do\/index.php\/2025\/08\/26\/senador-franklin-romero-saluda-celebracion-expo-mayorista-2025\/","title":{"rendered":"Senador Franklin Romero saluda celebraci\u00f3n Expo Mayorista 2025"},"content":{"rendered":"\n<p>El senador por la provincia Duarte, Franklin Romero, salud\u00f3 la celebraci\u00f3n de la versi\u00f3n n\u00famero 29 de la Expo Mayorista 2025, evento que consider\u00f3 como \u201cuna muestra del desarrollo comercial alcanzado por San Francisco de Macor\u00eds en los \u00faltimos 30 a\u00f1os\u201d.<\/p>\n\n\n\n<p>La tradicional actividad ser\u00e1 iniciada este mi\u00e9rcoles 27 a partir de las 6 de la tarde, en un acto que contar\u00e1 con la presencia del presidente Luis Abinader, y se extender\u00e1 hasta el pr\u00f3ximo domingo 31 en las instalaciones del club El Mayorista de este municipio.<\/p>\n\n\n\n<p>\u201cLa Feria muestra que San Francisco de Macor\u00eds es un pueblo que ha progresado de manera constante, en a\u00f1os recientes hemos recibido grandes inversiones de empresas nacionales y extranjeras, las cuales ha generado desarrollo y bienestar para nuestra gente\u201d, expres\u00f3 el congresista a trav\u00e9s de un despacho de prensa de la Oficina de Gesti\u00f3n Senatorial Duarte.<\/p>\n\n\n\n<p>La vig\u00e9sima novena edici\u00f3n de Expo Mayorista 2025, organizada por la Asociaci\u00f3n de Comerciantes Mayoristas de la provincia Duarte, lleva una dedicatoria especial a la empresa La Fabril y reconocimientos al ministro de Industria, Comercio y Mipymes, Ito Bison\u00f3, y al comerciante Pedro Sim\u00e9.<\/p>\n\n\n\n<p>El evento, que forma parte de las celebraciones del 52 aniversario de la entidad organizadora, se desarrollar\u00e1 bajo el lema \u201cUnidos por lo Nuestro\u201d y busca consolidarse como una de las principales plataformas para fortalecer el v\u00ednculo entre industria, comercio y consumidores, adem\u00e1s de impulsar la integraci\u00f3n de los sectores productivos y sociales del Nordeste.<\/p>\n","protected":false},"excerpt":{"rendered":"<p>El senador por la provincia Duarte, Franklin Romero, salud\u00f3 la celebraci\u00f3n de la versi\u00f3n n\u00famero 29 de la Expo Mayorista 2025, evento que consider\u00f3 como \u201cuna muestra del desarrollo comercial&hellip;<\/p>\n","protected":false},"author":10,"featured_media":107344,"comment_status":"open","ping_status":"open","sticky":false,"template":"","format":"standard","meta":{"content-type":"","jetpack_post_was_ever_published":false,"_jetpack_newsletter_access":"","_jetpack_dont_email_post_to_subs":false,"_jetpack_newsletter_tier_id":0,"_jetpack_memberships_contains_paywalled_content":false,"_jetpack_memberships_contains_paid_content":false,"footnotes":""},"categories":[39,25],"tags":[1326,23651,21150,1101],"class_list":["post-107343","post","type-post","status-publish","format-standard","has-post-thumbnail","hentry","category-economia","category-portada","tag-celebracion","tag-expo-mayorista-2025","tag-franklin-romero","tag-senador"],"jetpack_featured_media_url":"https:\/\/lasprimeras.com.do\/wp-content\/uploads\/2025\/08\/Franklin-Romero.jpg","jetpack-related-posts":[{"id":102313,"url":"https:\/\/lasprimeras.com.do\/index.php\/2025\/07\/03\/senador-franklin-romero-saluda-inauguracion-obras-proyecto-3r\/","url_meta":{"origin":107343,"position":0},"title":"Senador Franklin Romero saluda inauguraci\u00f3n obras proyecto 3R","author":"Nelson Feliz","date":"3 de julio de 2025","format":false,"excerpt":"El senador por la provincia Duarte, Franklin Romero, mostr\u00f3 hoy su satisfacci\u00f3n por la terminaci\u00f3n de un conjunto de obras, ejecutadas por varias instituciones gubernamentales, las cuales forman parte de su proyecto 3R, y que ser\u00e1n inauguradas este domingo 6 de julio en diferentes actos encabezados por el presidente Luis\u2026","rel":"","context":"En \u00abNACIONALES\u00bb","block_context":{"text":"NACIONALES","link":"https:\/\/lasprimeras.com.do\/index.php\/category\/nacionales\/"},"img":{"alt_text":"","src":"https:\/\/i0.wp.com\/lasprimeras.com.do\/wp-content\/uploads\/2025\/07\/Franklin-Romero.jpg?resize=350%2C200&ssl=1","width":350,"height":200,"srcset":"https:\/\/i0.wp.com\/lasprimeras.com.do\/wp-content\/uploads\/2025\/07\/Franklin-Romero.jpg?resize=350%2C200&ssl=1 1x, https:\/\/i0.wp.com\/lasprimeras.com.do\/wp-content\/uploads\/2025\/07\/Franklin-Romero.jpg?resize=525%2C300&ssl=1 1.5x, https:\/\/i0.wp.com\/lasprimeras.com.do\/wp-content\/uploads\/2025\/07\/Franklin-Romero.jpg?resize=700%2C400&ssl=1 2x"},"classes":[]},{"id":121305,"url":"https:\/\/lasprimeras.com.do\/index.php\/2026\/02\/03\/franklin-romero-unico-senador-del-prm-que-ostenta-una-presidencia-provincial\/","url_meta":{"origin":107343,"position":1},"title":"Franklin Romero \u00fanico senador del PRM que ostenta una presidencia provincial","author":"Nelson Feliz","date":"3 de febrero de 2026","format":false,"excerpt":"Franklin Romero","rel":"","context":"En \u00abPOLITICA\u00bb","block_context":{"text":"POLITICA","link":"https:\/\/lasprimeras.com.do\/index.php\/category\/politica\/"},"img":{"alt_text":"","src":"https:\/\/i0.wp.com\/lasprimeras.com.do\/wp-content\/uploads\/2026\/02\/IMG-20260203-WA0222.jpg?resize=350%2C200&ssl=1","width":350,"height":200,"srcset":"https:\/\/i0.wp.com\/lasprimeras.com.do\/wp-content\/uploads\/2026\/02\/IMG-20260203-WA0222.jpg?resize=350%2C200&ssl=1 1x, https:\/\/i0.wp.com\/lasprimeras.com.do\/wp-content\/uploads\/2026\/02\/IMG-20260203-WA0222.jpg?resize=525%2C300&ssl=1 1.5x, https:\/\/i0.wp.com\/lasprimeras.com.do\/wp-content\/uploads\/2026\/02\/IMG-20260203-WA0222.jpg?resize=700%2C400&ssl=1 2x"},"classes":[]},{"id":113368,"url":"https:\/\/lasprimeras.com.do\/index.php\/2025\/11\/02\/director-sns-supervisa-avance-nuevo-hospital-regional-de-san-francisco-de-macoris\/","url_meta":{"origin":107343,"position":2},"title":"Director SNS supervisa avance nuevo Hospital Regional de San Francisco de Macor\u00eds","author":"Nelson Feliz","date":"2 de noviembre de 2025","format":false,"excerpt":"El director ejecutivo del Servicio Nacional de Salud (SNS), doctor Mario Lama, realiz\u00f3 una supervisi\u00f3n al avance de los trabajos de construcci\u00f3n del nuevo Hospital Regional de San Francisco de Macor\u00eds, obra a cargo del Ministerio de Vivienda y Edificaciones (MIVED), que se encuentra en su fase final para ser\u2026","rel":"","context":"En \u00abPORTADA\u00bb","block_context":{"text":"PORTADA","link":"https:\/\/lasprimeras.com.do\/index.php\/category\/portada\/"},"img":{"alt_text":"","src":"https:\/\/i0.wp.com\/lasprimeras.com.do\/wp-content\/uploads\/2025\/11\/Mario-Lama.jpg?resize=350%2C200&ssl=1","width":350,"height":200,"srcset":"https:\/\/i0.wp.com\/lasprimeras.com.do\/wp-content\/uploads\/2025\/11\/Mario-Lama.jpg?resize=350%2C200&ssl=1 1x, https:\/\/i0.wp.com\/lasprimeras.com.do\/wp-content\/uploads\/2025\/11\/Mario-Lama.jpg?resize=525%2C300&ssl=1 1.5x, https:\/\/i0.wp.com\/lasprimeras.com.do\/wp-content\/uploads\/2025\/11\/Mario-Lama.jpg?resize=700%2C400&ssl=1 2x"},"classes":[]},{"id":114933,"url":"https:\/\/lasprimeras.com.do\/index.php\/2025\/10\/18\/director-sns-supervisa-avance-nuevo-hospital-regional-de-san-francisco-de-macoris-2\/","url_meta":{"origin":107343,"position":3},"title":"Director SNS supervisa avance nuevo Hospital Regional de San Francisco de Macor\u00eds","author":"Nelson Feliz","date":"18 de octubre de 2025","format":false,"excerpt":"El director ejecutivo del Servicio Nacional de Salud (SNS), doctor Mario Lama, realiz\u00f3 este martes una supervisi\u00f3n al avance de los trabajos de construcci\u00f3n del nuevo Hospital Regional de San Francisco de Macor\u00eds, obra a cargo del Ministerio de Vivienda y Edificaciones (MIVED), que se encuentra en su fase final\u2026","rel":"","context":"En \u00abPORTADA\u00bb","block_context":{"text":"PORTADA","link":"https:\/\/lasprimeras.com.do\/index.php\/category\/portada\/"},"img":{"alt_text":"","src":"https:\/\/i0.wp.com\/lasprimeras.com.do\/wp-content\/uploads\/2025\/11\/Mario-Lama-5.jpg?resize=350%2C200&ssl=1","width":350,"height":200,"srcset":"https:\/\/i0.wp.com\/lasprimeras.com.do\/wp-content\/uploads\/2025\/11\/Mario-Lama-5.jpg?resize=350%2C200&ssl=1 1x, https:\/\/i0.wp.com\/lasprimeras.com.do\/wp-content\/uploads\/2025\/11\/Mario-Lama-5.jpg?resize=525%2C300&ssl=1 1.5x, https:\/\/i0.wp.com\/lasprimeras.com.do\/wp-content\/uploads\/2025\/11\/Mario-Lama-5.jpg?resize=700%2C400&ssl=1 2x"},"classes":[]},{"id":60963,"url":"https:\/\/lasprimeras.com.do\/index.php\/2023\/09\/20\/senado-celebra-sesion-ordinaria-en-sfm-por-el-245-aniversario-de-su-fundacion\/","url_meta":{"origin":107343,"position":4},"title":"Senado celebra sesi\u00f3n ordinaria en SFM por el 245 aniversario de su fundaci\u00f3n","author":"Nelson Feliz","date":"20 de septiembre de 2023","format":false,"excerpt":"El pleno senatorial se traslad\u00f3 a esa demarcaci\u00f3n en cumplimiento a una resoluci\u00f3n presentada por el senador de la \u00b4provincia Duarte, Franklin Romero. El Senado de la Rep\u00fablica sesion\u00f3 de manera ordinaria en la provincia Duarte - San Francisco de Macor\u00eds, como parte de la celebraci\u00f3n este mi\u00e9rcoles 20 de\u2026","rel":"","context":"En \u00abNACIONALES\u00bb","block_context":{"text":"NACIONALES","link":"https:\/\/lasprimeras.com.do\/index.php\/category\/nacionales\/"},"img":{"alt_text":"RICARDO DE LOS SANTOS","src":"https:\/\/i0.wp.com\/lasprimeras.com.do\/wp-content\/uploads\/2023\/09\/RICARDO-DE-LOS-SANTOS.jpg?resize=350%2C200&ssl=1","width":350,"height":200,"srcset":"https:\/\/i0.wp.com\/lasprimeras.com.do\/wp-content\/uploads\/2023\/09\/RICARDO-DE-LOS-SANTOS.jpg?resize=350%2C200&ssl=1 1x, https:\/\/i0.wp.com\/lasprimeras.com.do\/wp-content\/uploads\/2023\/09\/RICARDO-DE-LOS-SANTOS.jpg?resize=525%2C300&ssl=1 1.5x, https:\/\/i0.wp.com\/lasprimeras.com.do\/wp-content\/uploads\/2023\/09\/RICARDO-DE-LOS-SANTOS.jpg?resize=700%2C400&ssl=1 2x"},"classes":[]},{"id":111192,"url":"https:\/\/lasprimeras.com.do\/index.php\/2025\/10\/06\/raquel-pena-apoya-emprendedores-locales-y-marcas-nacionales-en-la-feria-expo-cibao-2025\/","url_meta":{"origin":107343,"position":5},"title":"Raquel Pe\u00f1a apoya emprendedores locales y marcas nacionales en la feria Expo Cibao 2025","author":"Nelson Feliz","date":"6 de octubre de 2025","format":false,"excerpt":"La vicepresidenta reafirm\u00f3 el respaldo del Gobierno al dinamismo econ\u00f3mico del Cibao y destac\u00f3 la fuerza productiva de la regi\u00f3n como orgullo nacional. La vicepresidenta de la Rep\u00fablica, Raquel Pe\u00f1a, recorri\u00f3 la Expo Cibao 2025 en apoyo a los peque\u00f1os, medianos y grandes empresarios que exhiben sus productos, innovaciones y\u2026","rel":"","context":"En \u00abECONOM\u00cdA\u00bb","block_context":{"text":"ECONOM\u00cdA","link":"https:\/\/lasprimeras.com.do\/index.php\/category\/economia\/"},"img":{"alt_text":"","src":"https:\/\/i0.wp.com\/lasprimeras.com.do\/wp-content\/uploads\/2025\/10\/Raquel-Pena-2.jpg?resize=350%2C200&ssl=1","width":350,"height":200,"srcset":"https:\/\/i0.wp.com\/lasprimeras.com.do\/wp-content\/uploads\/2025\/10\/Raquel-Pena-2.jpg?resize=350%2C200&ssl=1 1x, https:\/\/i0.wp.com\/lasprimeras.com.do\/wp-content\/uploads\/2025\/10\/Raquel-Pena-2.jpg?resize=525%2C300&ssl=1 1.5x, https:\/\/i0.wp.com\/lasprimeras.com.do\/wp-content\/uploads\/2025\/10\/Raquel-Pena-2.jpg?resize=700%2C400&ssl=1 2x"},"classes":[]}],"jetpack_sharing_enabled":true,"_links":{"self":[{"href":"https:\/\/lasprimeras.com.do\/index.php\/wp-json\/wp\/v2\/posts\/107343","targetHints":{"allow":["GET"]}}],"collection":[{"href":"https:\/\/lasprimeras.com.do\/index.php\/wp-json\/wp\/v2\/posts"}],"about":[{"href":"https:\/\/lasprimeras.com.do\/index.php\/wp-json\/wp\/v2\/types\/post"}],"author":[{"embeddable":true,"href":"https:\/\/lasprimeras.com.do\/index.php\/wp-json\/wp\/v2\/users\/10"}],"replies":[{"embeddable":true,"href":"https:\/\/lasprimeras.com.do\/index.php\/wp-json\/wp\/v2\/comments?post=107343"}],"version-history":[{"count":1,"href":"https:\/\/lasprimeras.com.do\/index.php\/wp-json\/wp\/v2\/posts\/107343\/revisions"}],"predecessor-version":[{"id":107345,"href":"https:\/\/lasprimeras.com.do\/index.php\/wp-json\/wp\/v2\/posts\/107343\/revisions\/107345"}],"wp:featuredmedia":[{"embeddable":true,"href":"https:\/\/lasprimeras.com.do\/index.php\/wp-json\/wp\/v2\/media\/107344"}],"wp:attachment":[{"href":"https:\/\/lasprimeras.com.do\/index.php\/wp-json\/wp\/v2\/media?parent=107343"}],"wp:term":[{"taxonomy":"category","embeddable":true,"href":"https:\/\/lasprimeras.com.do\/index.php\/wp-json\/wp\/v2\/categories?post=107343"},{"taxonomy":"post_tag","embeddable":true,"href":"https:\/\/lasprimeras.com.do\/index.php\/wp-json\/wp\/v2\/tags?post=107343"}],"curies":[{"name":"wp","href":"https:\/\/api.w.org\/{rel}","templated":true}]}}