{"id":107366,"date":"2025-08-26T12:26:26","date_gmt":"2025-08-26T16:26:26","guid":{"rendered":"https:\/\/lasprimeras.com.do\/?p=107366"},"modified":"2025-08-26T12:26:28","modified_gmt":"2025-08-26T16:26:28","slug":"jce-presenta-el-proyecto-de-la-nueva-cedula-a-miembros-de-pc-y-del-codessd","status":"publish","type":"post","link":"https:\/\/lasprimeras.com.do\/index.php\/2025\/08\/26\/jce-presenta-el-proyecto-de-la-nueva-cedula-a-miembros-de-pc-y-del-codessd\/","title":{"rendered":"JCE presenta el proyecto de la nueva c\u00e9dula a miembros de PC y del CODESSD"},"content":{"rendered":"\n<p><strong>C\u00e9dula durar\u00e1 m\u00e1s de 10 a\u00f1os.<\/strong><\/p>\n\n\n\n<p>La Junta Central Electoral (JCE) present\u00f3 el proyecto de la nueva C\u00e9dula de Identidad y Electoral a representantes del movimiento c\u00edvico no partidista Participaci\u00f3n Ciudadana y del Consejo de Desarrollo Econ\u00f3mico y Social de Santo Domingo (CODESSD).<\/p>\n\n\n\n<p>Los encuentros, celebrados en la sede del Instituto Especializado Superior en Formaci\u00f3n Pol\u00edtica Electoral y del Estado Civil (IESPEC), \u00f3rgano acad\u00e9mico de la JCE, contaron con la participaci\u00f3n del presidente de la JCE, Rom\u00e1n Andr\u00e9s J\u00e1quez Liranzo; los miembros titulares Dolores Fern\u00e1ndez S\u00e1nchez, Samir Chami Isa, Hirayda Fern\u00e1ndez Guzm\u00e1n y Rafael Armando Vallejo Santelises, as\u00ed como el miembro suplente Prado L\u00f3pez.<\/p>\n\n\n\n<p>Adem\u00e1s, estuvieron presentes los directores Am\u00e9rico Rodr\u00edguez (Cedulaci\u00f3n), Rhina D\u00edaz (Registro Civil), Johnny Rivera (Inform\u00e1tica), Well Sep\u00falveda (Voto Dominicano en el Exterior), Lenis Garc\u00eda (Partidos Pol\u00edticos) y Suedi Le\u00f3n Jim\u00e9nez (Comunicaciones).<\/p>\n\n\n\n<p>En representaci\u00f3n de Participaci\u00f3n Ciudadana, estuvo encabezada por Leidy Blanco coordinara general, los miembros del Consejo Nacional: Santiago Sosa, Alcib\u00edades Moreta, Betty del Villar, Josefina Arvelo, y Ram\u00f3n Stalin Montero. Tambi\u00e9n estuvieron presentes la directora Zobeyda Ap\u00f3lito, la encargada del voluntariado y otros integrantes de la entidad.<\/p>\n\n\n\n<p>Por parte del CODESSD participaron su presidente, Samuel Sena; el vicepresidente ejecutivo, Peter Read; el tesorero, Persio Maldonado Bonelly; el secretario, Pascal Pe\u00f1a; y Clara Gonz\u00e1lez, del Comit\u00e9 de Econom\u00eda y Competitividad, entre otros miembros.<\/p>\n\n\n\n<p><strong>CODESSD y PC resaltan la iniciativa de la JCE<\/strong><\/p>\n\n\n\n<p>Samuel Sena, presidente de la Consejo de Desarrollo Econ\u00f3mico y Social de Santo Domingo (CODESSD), elogi\u00f3 a la Junta Central Electoral (JCE) por la presentaci\u00f3n del proyecto del nuevo documento de identidad.<\/p>\n\n\n\n<p>Sena felicit\u00f3 al organismo por el momento oportuno para depurar el registro civil y proporcionar a la sociedad un documento m\u00e1s seguro, asegurando que esto ayudar\u00e1 a reducir los fraudes que afectan a los ciudadanos.<\/p>\n\n\n\n<p>En la misma l\u00ednea, el movimiento c\u00edvico Participaci\u00f3n Ciudadana tambi\u00e9n felicit\u00f3 a la JCE por la orientaci\u00f3n detallada sobre el proceso de la nueva c\u00e9dula.<\/p>\n\n\n\n<p><strong>J\u00e1quez Liranzo dice validez de nueva c\u00e9dula durar\u00e1 m\u00e1s de 10 a\u00f1os<\/strong><\/p>\n\n\n\n<p>Durante las presentaciones J\u00e1quez Liranzo explic\u00f3 que las c\u00e9dulas actuales est\u00e1n vencidas debido a un plazo legal fatal y detall\u00f3 que para abordar esto, la JCE comenz\u00f3 el proceso de cara a renovarla.<\/p>\n\n\n\n<p>\u201cSeg\u00fan el art\u00edculo 20 y 80 de la Ley Org\u00e1nica del R\u00e9gimen Electoral, el Pleno del \u00f3rgano comicial tiene la autoridad para definir el formato y la fecha de vencimiento de la nueva c\u00e9dula\u201d, apunt\u00f3.<\/p>\n\n\n\n<p>El presidente inform\u00f3 que el nuevo documento no tendr\u00e1 un plazo de validez de 10 a\u00f1os, sino que ser\u00e1 superior, al garantizar que la caducidad ser\u00e1 m\u00e1s larga para beneficio de la poblaci\u00f3n.<\/p>\n\n\n\n<p>Destac\u00f3 que el respaldo de sectores como Participaci\u00f3n Ciudadana y el Consejo de Desarrollo Econ\u00f3mico y Social de Santo Domingo es importante para garantizar que la nueva c\u00e9dula sea vista como un &#8220;proyecto de Estado&#8221; que beneficie a toda la ciudadan\u00eda.<\/p>\n\n\n\n<p><strong>Objetivo de las presentaciones<\/strong><\/p>\n\n\n\n<p>En ambas exposiciones, el director de Cedulaci\u00f3n afirm\u00f3 que el objetivo es asegurar que la sociedad civil est\u00e9 plenamente informada sobre el proceso de renovaci\u00f3n del documento de identidad.<\/p>\n\n\n\n<p>\u201cEstamos comprometidos con un proceso transparente y participativo. Es fundamental que todos los actores de la sociedad civil conozcan de primera mano los avances y las innovaciones de esta nueva c\u00e9dula, que no solo ser\u00e1 un documento m\u00e1s seguro, sino que tambi\u00e9n facilitar\u00e1 m\u00faltiples gestiones para los ciudadanos\u201d, destac\u00f3 Am\u00e9rico Rodr\u00edguez.<\/p>\n\n\n\n<p>Los encuentros con CODESSD y Participaci\u00f3n Ciudadana son parte de una serie de reuniones planificadas con diferentes gremios, organizaciones y entidades que buscan socializar el proyecto y recibir retroalimentaci\u00f3n para enriquecer el proceso.<\/p>\n","protected":false},"excerpt":{"rendered":"<p>C\u00e9dula durar\u00e1 m\u00e1s de 10 a\u00f1os. La Junta Central Electoral (JCE) present\u00f3 el proyecto de la nueva C\u00e9dula de Identidad y Electoral a representantes del movimiento c\u00edvico no partidista Participaci\u00f3n&hellip;<\/p>\n","protected":false},"author":10,"featured_media":107367,"comment_status":"open","ping_status":"open","sticky":false,"template":"","format":"standard","meta":{"content-type":"","jetpack_post_was_ever_published":false,"_jetpack_newsletter_access":"","_jetpack_dont_email_post_to_subs":false,"_jetpack_newsletter_tier_id":0,"_jetpack_memberships_contains_paywalled_content":false,"_jetpack_memberships_contains_paid_content":false,"footnotes":""},"categories":[35,25],"tags":[1664,183,475,17174,1459,276],"class_list":["post-107366","post","type-post","status-publish","format-standard","has-post-thumbnail","hentry","category-nacionales","category-portada","tag-codessd","tag-jce","tag-miembros","tag-nueva-cedula","tag-pc","tag-proyecto"],"jetpack_featured_media_url":"https:\/\/lasprimeras.com.do\/wp-content\/uploads\/2025\/08\/jce-1.jpg","jetpack-related-posts":[{"id":121265,"url":"https:\/\/lasprimeras.com.do\/index.php\/2026\/02\/02\/jce-entrega-nueva-cedula-a-personas-con-discapacidad-y-miembros-del-salon-de-la-fama\/","url_meta":{"origin":107366,"position":0},"title":"JCE entrega nueva c\u00e9dula a personas con discapacidad y miembros del Sal\u00f3n de la Fama","author":"Nelson Feliz","date":"2 de febrero de 2026","format":false,"excerpt":"Hirayda Marcelle Fern\u00e1ndez Guzm\u00e1n, David Ortiz, Juan Marichal, el presidente de la JCE, Rom\u00e1n Andr\u00e9s J\u00e1quez Liranzo; Pedro Mart\u00ednez y Dolores Altagracia Fern\u00e1ndez S\u00e1nchez. (FUENTE EXTERNA)","rel":"","context":"En \u00abNACIONALES\u00bb","block_context":{"text":"NACIONALES","link":"https:\/\/lasprimeras.com.do\/index.php\/category\/nacionales\/"},"img":{"alt_text":"Hirayda Marcelle Fern\u00e1ndez Guzm\u00e1n, David Ortiz, Juan Marichal, el presidente de la JCE, Rom\u00e1n Andr\u00e9s J\u00e1quez Liranzo; Pedro Mart\u00ednez y Dolores Altagracia Fern\u00e1ndez S\u00e1nchez. (FUENTE EXTERNA)","src":"https:\/\/i0.wp.com\/lasprimeras.com.do\/wp-content\/uploads\/2026\/02\/FAMA.jpg?resize=350%2C200&ssl=1","width":350,"height":200,"srcset":"https:\/\/i0.wp.com\/lasprimeras.com.do\/wp-content\/uploads\/2026\/02\/FAMA.jpg?resize=350%2C200&ssl=1 1x, https:\/\/i0.wp.com\/lasprimeras.com.do\/wp-content\/uploads\/2026\/02\/FAMA.jpg?resize=525%2C300&ssl=1 1.5x, https:\/\/i0.wp.com\/lasprimeras.com.do\/wp-content\/uploads\/2026\/02\/FAMA.jpg?resize=700%2C400&ssl=1 2x"},"classes":[]},{"id":100951,"url":"https:\/\/lasprimeras.com.do\/index.php\/2025\/06\/13\/jce-presenta-avances-de-la-nueva-cedula-a-camara-americana-de-comercio\/","url_meta":{"origin":107366,"position":1},"title":"JCE presenta avances de la nueva c\u00e9dula a C\u00e1mara Americana de Comercio","author":"Nelson Feliz","date":"13 de junio de 2025","format":false,"excerpt":"La Junta Central Electoral (JCE) present\u00f3 este jueves a la C\u00e1mara Americana de Comercio (AMCHAMDR) el proyecto de la nueva C\u00e9dula de Identidad y Electoral, en el cual se detallaron los avances en seguridad y tecnolog\u00eda que incorporar\u00e1 el documento. El encuentro fue encabezado por los miembros titulares del Pleno:\u2026","rel":"","context":"En \u00abNACIONALES\u00bb","block_context":{"text":"NACIONALES","link":"https:\/\/lasprimeras.com.do\/index.php\/category\/nacionales\/"},"img":{"alt_text":"","src":"https:\/\/i0.wp.com\/lasprimeras.com.do\/wp-content\/uploads\/2025\/06\/jce-1.jpg?resize=350%2C200&ssl=1","width":350,"height":200,"srcset":"https:\/\/i0.wp.com\/lasprimeras.com.do\/wp-content\/uploads\/2025\/06\/jce-1.jpg?resize=350%2C200&ssl=1 1x, https:\/\/i0.wp.com\/lasprimeras.com.do\/wp-content\/uploads\/2025\/06\/jce-1.jpg?resize=525%2C300&ssl=1 1.5x, https:\/\/i0.wp.com\/lasprimeras.com.do\/wp-content\/uploads\/2025\/06\/jce-1.jpg?resize=700%2C400&ssl=1 2x"},"classes":[]},{"id":112949,"url":"https:\/\/lasprimeras.com.do\/index.php\/2025\/10\/28\/jce-se-opone-radicalmente-a-uso-de-documento-diferente-a-la-cedula-para-ejercer-el-voto\/","url_meta":{"origin":107366,"position":2},"title":"JCE se opone radicalmente a uso de documento diferente a la c\u00e9dula para ejercer el voto","author":"Nelson Feliz","date":"28 de octubre de 2025","format":false,"excerpt":"Nueva York. El presidente de la Junta Central Electoral (JCE), Rom\u00e1n Andr\u00e9s J\u00e1quez Liranzo, afirm\u00f3 ayer que el Pleno de esa instituci\u00f3n \u201cse opone radicalmente\u201d al uso de otro documento que no sea la c\u00e9dula de identidad y electoral para ejercer el derecho al voto. J\u00e1quez Liranzo manifest\u00f3 que la\u2026","rel":"","context":"En \u00abNACIONALES\u00bb","block_context":{"text":"NACIONALES","link":"https:\/\/lasprimeras.com.do\/index.php\/category\/nacionales\/"},"img":{"alt_text":"Rom\u00e1n Andr\u00e9s J\u00e1quez Liranzo","src":"https:\/\/i0.wp.com\/lasprimeras.com.do\/wp-content\/uploads\/2025\/10\/Roman-Andres-Jaquez-Liranzo-2.jpg?resize=350%2C200&ssl=1","width":350,"height":200,"srcset":"https:\/\/i0.wp.com\/lasprimeras.com.do\/wp-content\/uploads\/2025\/10\/Roman-Andres-Jaquez-Liranzo-2.jpg?resize=350%2C200&ssl=1 1x, https:\/\/i0.wp.com\/lasprimeras.com.do\/wp-content\/uploads\/2025\/10\/Roman-Andres-Jaquez-Liranzo-2.jpg?resize=525%2C300&ssl=1 1.5x, https:\/\/i0.wp.com\/lasprimeras.com.do\/wp-content\/uploads\/2025\/10\/Roman-Andres-Jaquez-Liranzo-2.jpg?resize=700%2C400&ssl=1 2x"},"classes":[]},{"id":96124,"url":"https:\/\/lasprimeras.com.do\/index.php\/2025\/03\/25\/jce-presenta-nueva-cedula-al-consejo-de-la-conferencia-del-episcopado-dominicano\/","url_meta":{"origin":107366,"position":3},"title":"JCE presenta nueva c\u00e9dula al Consejo de la Conferencia del Episcopado Dominicano","author":"Nelson Feliz","date":"25 de marzo de 2025","format":false,"excerpt":"Pleno acoge presentar el proyecto a las arquidi\u00f3cesis La Junta Central Electoral (JCE) realiz\u00f3 este martes una nueva presentaci\u00f3n del proyecto de renovaci\u00f3n de la C\u00e9dula de Identidad y C\u00e9dula de Identidad y Electoral, en un encuentro con el Consejo Permanente de la Conferencia del Episcopado Dominicano. La presentaci\u00f3n del\u2026","rel":"","context":"En \u00abNACIONALES\u00bb","block_context":{"text":"NACIONALES","link":"https:\/\/lasprimeras.com.do\/index.php\/category\/nacionales\/"},"img":{"alt_text":"","src":"https:\/\/i0.wp.com\/lasprimeras.com.do\/wp-content\/uploads\/2025\/03\/Episcopado.jpg?resize=350%2C200&ssl=1","width":350,"height":200,"srcset":"https:\/\/i0.wp.com\/lasprimeras.com.do\/wp-content\/uploads\/2025\/03\/Episcopado.jpg?resize=350%2C200&ssl=1 1x, https:\/\/i0.wp.com\/lasprimeras.com.do\/wp-content\/uploads\/2025\/03\/Episcopado.jpg?resize=525%2C300&ssl=1 1.5x, https:\/\/i0.wp.com\/lasprimeras.com.do\/wp-content\/uploads\/2025\/03\/Episcopado.jpg?resize=700%2C400&ssl=1 2x"},"classes":[]},{"id":113302,"url":"https:\/\/lasprimeras.com.do\/index.php\/2025\/10\/30\/jce-incorpora-en-nueva-cedula-simbolos-patrios-tras-aval-del-instituto-duartiano-y-efemerides-patrias\/","url_meta":{"origin":107366,"position":4},"title":"JCE incorpora en nueva c\u00e9dula s\u00edmbolos patrios tras aval del Instituto Duartiano y Efem\u00e9rides Patrias","author":"Nelson Feliz","date":"30 de octubre de 2025","format":false,"excerpt":"Instituciones certifican uso correcto del Escudo y la imagen de Duarte. El Pleno de la Junta Central Electoral (JCE), encabezado por su presidente Rom\u00e1n J\u00e1quez Liranzo, present\u00f3 formalmente este jueves ante el Instituto Duartiano y la Comisi\u00f3n Permanente de Efem\u00e9rides Patrias (CPEP) los dise\u00f1os del escudo nacional y la figura\u2026","rel":"","context":"En \u00abNACIONALES\u00bb","block_context":{"text":"NACIONALES","link":"https:\/\/lasprimeras.com.do\/index.php\/category\/nacionales\/"},"img":{"alt_text":"Rom\u00e1n J\u00e1quez Liranzo","src":"https:\/\/i0.wp.com\/lasprimeras.com.do\/wp-content\/uploads\/2025\/10\/Roman-Jaquez-Liranzo1.jpg?resize=350%2C200&ssl=1","width":350,"height":200,"srcset":"https:\/\/i0.wp.com\/lasprimeras.com.do\/wp-content\/uploads\/2025\/10\/Roman-Jaquez-Liranzo1.jpg?resize=350%2C200&ssl=1 1x, https:\/\/i0.wp.com\/lasprimeras.com.do\/wp-content\/uploads\/2025\/10\/Roman-Jaquez-Liranzo1.jpg?resize=525%2C300&ssl=1 1.5x, https:\/\/i0.wp.com\/lasprimeras.com.do\/wp-content\/uploads\/2025\/10\/Roman-Jaquez-Liranzo1.jpg?resize=700%2C400&ssl=1 2x"},"classes":[]},{"id":93208,"url":"https:\/\/lasprimeras.com.do\/index.php\/2025\/01\/26\/jce-presentara-este-lunes-a-la-fuerza-del-pueblo-el-proyecto-de-la-nueva-cedula\/","url_meta":{"origin":107366,"position":5},"title":"JCE presentar\u00e1 este lunes a la Fuerza del Pueblo el proyecto de la nueva c\u00e9dula","author":"Nelson Feliz","date":"26 de enero de 2025","format":false,"excerpt":"El partido Fuerza del Pueblo (FP) recibir\u00e1 este lunes en su sede al Pleno de la Junta Central Electoral (JCE), que acudir\u00e1 para presentar el proyecto de la nueva c\u00e9dula de identidad y electoral, como parte del proceso de consultas que lleva a cabo con las distintas organizaciones pol\u00edticas del\u2026","rel":"","context":"En \u00abPOLITICA\u00bb","block_context":{"text":"POLITICA","link":"https:\/\/lasprimeras.com.do\/index.php\/category\/politica\/"},"img":{"alt_text":"","src":"https:\/\/i0.wp.com\/lasprimeras.com.do\/wp-content\/uploads\/2025\/01\/Fuerza-del-Pueblo-1.jpg?resize=350%2C200&ssl=1","width":350,"height":200,"srcset":"https:\/\/i0.wp.com\/lasprimeras.com.do\/wp-content\/uploads\/2025\/01\/Fuerza-del-Pueblo-1.jpg?resize=350%2C200&ssl=1 1x, https:\/\/i0.wp.com\/lasprimeras.com.do\/wp-content\/uploads\/2025\/01\/Fuerza-del-Pueblo-1.jpg?resize=525%2C300&ssl=1 1.5x, https:\/\/i0.wp.com\/lasprimeras.com.do\/wp-content\/uploads\/2025\/01\/Fuerza-del-Pueblo-1.jpg?resize=700%2C400&ssl=1 2x"},"classes":[]}],"jetpack_sharing_enabled":true,"_links":{"self":[{"href":"https:\/\/lasprimeras.com.do\/index.php\/wp-json\/wp\/v2\/posts\/107366","targetHints":{"allow":["GET"]}}],"collection":[{"href":"https:\/\/lasprimeras.com.do\/index.php\/wp-json\/wp\/v2\/posts"}],"about":[{"href":"https:\/\/lasprimeras.com.do\/index.php\/wp-json\/wp\/v2\/types\/post"}],"author":[{"embeddable":true,"href":"https:\/\/lasprimeras.com.do\/index.php\/wp-json\/wp\/v2\/users\/10"}],"replies":[{"embeddable":true,"href":"https:\/\/lasprimeras.com.do\/index.php\/wp-json\/wp\/v2\/comments?post=107366"}],"version-history":[{"count":1,"href":"https:\/\/lasprimeras.com.do\/index.php\/wp-json\/wp\/v2\/posts\/107366\/revisions"}],"predecessor-version":[{"id":107368,"href":"https:\/\/lasprimeras.com.do\/index.php\/wp-json\/wp\/v2\/posts\/107366\/revisions\/107368"}],"wp:featuredmedia":[{"embeddable":true,"href":"https:\/\/lasprimeras.com.do\/index.php\/wp-json\/wp\/v2\/media\/107367"}],"wp:attachment":[{"href":"https:\/\/lasprimeras.com.do\/index.php\/wp-json\/wp\/v2\/media?parent=107366"}],"wp:term":[{"taxonomy":"category","embeddable":true,"href":"https:\/\/lasprimeras.com.do\/index.php\/wp-json\/wp\/v2\/categories?post=107366"},{"taxonomy":"post_tag","embeddable":true,"href":"https:\/\/lasprimeras.com.do\/index.php\/wp-json\/wp\/v2\/tags?post=107366"}],"curies":[{"name":"wp","href":"https:\/\/api.w.org\/{rel}","templated":true}]}}