{"id":107369,"date":"2025-08-26T12:34:55","date_gmt":"2025-08-26T16:34:55","guid":{"rendered":"https:\/\/lasprimeras.com.do\/?p=107369"},"modified":"2025-08-26T12:34:56","modified_gmt":"2025-08-26T16:34:56","slug":"temistocles-montas-es-muy-diferente-lo-que-pregona-el-gobierno-y-lo-que-siente-la-poblacion","status":"publish","type":"post","link":"https:\/\/lasprimeras.com.do\/index.php\/2025\/08\/26\/temistocles-montas-es-muy-diferente-lo-que-pregona-el-gobierno-y-lo-que-siente-la-poblacion\/","title":{"rendered":"Tem\u00edstocles Mont\u00e1s: &#8220;Es muy diferente lo que pregona el Gobierno y lo que siente la poblaci\u00f3n&#8221;"},"content":{"rendered":"\n<p>El vicepresidente del Partido de la Liberaci\u00f3n Dominicana (PLD), Tem\u00edstocles Mont\u00e1s, considera como muy serio la diferencia predominante en la poblaci\u00f3n con lo que dice y pregona el Gobierno y lo que sienten los ciudadanos.<\/p>\n\n\n\n<p>\u201cLo que percibe la poblaci\u00f3n dominicana es un deterioro real de las condiciones de vida\u201d, dijo Mont\u00e1s para responder una inquietud period\u00edstica presentada en la pasada rueda de prensa de esa organizaci\u00f3n pol\u00edtica.<\/p>\n\n\n\n<p>Resalt\u00f3 el alto grado de indignaci\u00f3n y molestias en los diferentes sectores nacionales quienes expresan la necesidad de transformar el estado de situaci\u00f3n.<\/p>\n\n\n\n<p>\u201cLa gente est\u00e1 molesta. En barrios y campos del pa\u00eds la gente lo que dice es que esto no debe seguir as\u00ed, que se debe cambiar\u201d, dijo Mont\u00e1s respondiendo a la pregunta formulada.<\/p>\n\n\n\n<p>Explic\u00f3 que la inconformidad de la poblaci\u00f3n es una evidencia del deterioro de las condiciones de vida del pueblo dominicano en el gobierno del PRM.<\/p>\n\n\n\n<p>\u201cLo que se observa es que la realidad que vive el pueblo dominicano desmiente los anuncios y propaganda del Gobierno\u201d, coment\u00f3.<\/p>\n\n\n\n<p>El pasado lunes en la habitual rueda de prensa, el Partido de la Liberaci\u00f3n Dominicana (PLD) exigi\u00f3 al Gobierno soluciones reales ante la crisis de los servicios b\u00e1sicos y manifest\u00f3 preocupaci\u00f3n por el abandono de millones de familias que hoy sufren apagones, hospitales en crisis y un sistema educativo al borde del colapso.<\/p>\n","protected":false},"excerpt":{"rendered":"<p>El vicepresidente del Partido de la Liberaci\u00f3n Dominicana (PLD), Tem\u00edstocles Mont\u00e1s, considera como muy serio la diferencia predominante en la poblaci\u00f3n con lo que dice y pregona el Gobierno y&hellip;<\/p>\n","protected":false},"author":10,"featured_media":55834,"comment_status":"open","ping_status":"open","sticky":false,"template":"","format":"standard","meta":{"content-type":"","jetpack_post_was_ever_published":false,"_jetpack_newsletter_access":"","_jetpack_dont_email_post_to_subs":false,"_jetpack_newsletter_tier_id":0,"_jetpack_memberships_contains_paywalled_content":false,"_jetpack_memberships_contains_paid_content":false,"footnotes":""},"categories":[16559,25],"tags":[171,23673,23674,269,1417,23672,3672],"class_list":["post-107369","post","type-post","status-publish","format-standard","has-post-thumbnail","hentry","category-politica","category-portada","tag-gobierno","tag-indignada","tag-molesta","tag-pld","tag-poblacion","tag-pregona","tag-temistocles-montas"],"jetpack_featured_media_url":"https:\/\/lasprimeras.com.do\/wp-content\/uploads\/2023\/07\/Temistocles-Montas.jpg","jetpack-related-posts":[{"id":55833,"url":"https:\/\/lasprimeras.com.do\/index.php\/2023\/07\/25\/temistocles-montas-descontento-de-poblacion-ocasionara-derrota-de-luis-abinader\/","url_meta":{"origin":107369,"position":0},"title":"Tem\u00edstocles Montas: Descontento de poblaci\u00f3n ocasionar\u00e1 derrota de Luis Abinader","author":"Nelson Feliz","date":"25 de julio de 2023","format":false,"excerpt":"Montas: \u201cEn las pr\u00f3ximas elecciones con el partido que se va a competir es con el PLD\u201d. El descontento generalizado de la poblaci\u00f3n con la actual gesti\u00f3n de gobierno es lo que generar\u00e1 la derrota del PRM en los pr\u00f3ximos comicios y del presidente Luis Abinader, si opta por su\u2026","rel":"","context":"En \u00abPORTADA\u00bb","block_context":{"text":"PORTADA","link":"https:\/\/lasprimeras.com.do\/index.php\/category\/portada\/"},"img":{"alt_text":"Tem\u00edstocles Montas","src":"https:\/\/i0.wp.com\/lasprimeras.com.do\/wp-content\/uploads\/2023\/07\/Temistocles-Montas.jpg?resize=350%2C200&ssl=1","width":350,"height":200,"srcset":"https:\/\/i0.wp.com\/lasprimeras.com.do\/wp-content\/uploads\/2023\/07\/Temistocles-Montas.jpg?resize=350%2C200&ssl=1 1x, https:\/\/i0.wp.com\/lasprimeras.com.do\/wp-content\/uploads\/2023\/07\/Temistocles-Montas.jpg?resize=525%2C300&ssl=1 1.5x, https:\/\/i0.wp.com\/lasprimeras.com.do\/wp-content\/uploads\/2023\/07\/Temistocles-Montas.jpg?resize=700%2C400&ssl=1 2x"},"classes":[]},{"id":117861,"url":"https:\/\/lasprimeras.com.do\/index.php\/2025\/12\/16\/danilo-medina-el-caso-senasa-es-una-gran-ensenanza-para-el-pueblo-dominicano\/","url_meta":{"origin":107369,"position":1},"title":"Danilo Medina: El caso SeNaSa es una gran ense\u00f1anza para el Pueblo Dominicano","author":"Nelson Feliz","date":"16 de diciembre de 2025","format":false,"excerpt":"El pueblo dominicano debe aprender a conocer a las personas no por el discurso, sino por lo que hacen, dijo el ex presidente de la Rep\u00fablica, Danilo Medina, presidente del PLD, al finalizar el solemne acto de celebraci\u00f3n del 52 aniversario del PLD, que concluy\u00f3 con la magistral conferencia de\u2026","rel":"","context":"En \u00abPOLITICA\u00bb","block_context":{"text":"POLITICA","link":"https:\/\/lasprimeras.com.do\/index.php\/category\/politica\/"},"img":{"alt_text":"Danilo Medina","src":"https:\/\/i0.wp.com\/lasprimeras.com.do\/wp-content\/uploads\/2025\/12\/Danilo-Medina.jpg?resize=350%2C200&ssl=1","width":350,"height":200,"srcset":"https:\/\/i0.wp.com\/lasprimeras.com.do\/wp-content\/uploads\/2025\/12\/Danilo-Medina.jpg?resize=350%2C200&ssl=1 1x, https:\/\/i0.wp.com\/lasprimeras.com.do\/wp-content\/uploads\/2025\/12\/Danilo-Medina.jpg?resize=525%2C300&ssl=1 1.5x, https:\/\/i0.wp.com\/lasprimeras.com.do\/wp-content\/uploads\/2025\/12\/Danilo-Medina.jpg?resize=700%2C400&ssl=1 2x"},"classes":[]},{"id":125006,"url":"https:\/\/lasprimeras.com.do\/index.php\/2026\/03\/18\/temistocles-montas-el-pld-esta-preparado-para-competir-y-ganar\/","url_meta":{"origin":107369,"position":2},"title":"Tem\u00edstocles Mont\u00e1s: El PLD est\u00e1 preparado para competir y ganar","author":"Nelson Feliz","date":"18 de marzo de 2026","format":false,"excerpt":"Mont\u00e1s adelanta que en las pr\u00f3ximas elecciones esa organizaci\u00f3n, llevar\u00e1 sus propios candidatos. El vicepresidente del Partido de la Liberaci\u00f3n Dominicana (PLD), Tem\u00edstocles Mont\u00e1s adelant\u00f3 que en las pr\u00f3ximas elecciones esa organizaci\u00f3n, llevar\u00e1 sus propios candidatos tanto a nivel presidencial como municipal. \u201cSe le est\u00e1 diciendo a la militancia y\u2026","rel":"","context":"En \u00abPOLITICA\u00bb","block_context":{"text":"POLITICA","link":"https:\/\/lasprimeras.com.do\/index.php\/category\/politica\/"},"img":{"alt_text":"Tem\u00edstocles Montas","src":"https:\/\/i0.wp.com\/lasprimeras.com.do\/wp-content\/uploads\/2023\/07\/Temistocles-Montas.jpg?resize=350%2C200&ssl=1","width":350,"height":200,"srcset":"https:\/\/i0.wp.com\/lasprimeras.com.do\/wp-content\/uploads\/2023\/07\/Temistocles-Montas.jpg?resize=350%2C200&ssl=1 1x, https:\/\/i0.wp.com\/lasprimeras.com.do\/wp-content\/uploads\/2023\/07\/Temistocles-Montas.jpg?resize=525%2C300&ssl=1 1.5x, https:\/\/i0.wp.com\/lasprimeras.com.do\/wp-content\/uploads\/2023\/07\/Temistocles-Montas.jpg?resize=700%2C400&ssl=1 2x"},"classes":[]},{"id":109671,"url":"https:\/\/lasprimeras.com.do\/index.php\/2025\/09\/21\/temistocles-montas-desafios-del-pld-en-tiempos-de-dificultades-economicas-y-sociales\/","url_meta":{"origin":107369,"position":3},"title":"Tem\u00edstocles Mont\u00e1s: Desaf\u00edos del PLD en tiempos de dificultades econ\u00f3micas y sociales","author":"Nelson Feliz","date":"21 de septiembre de 2025","format":false,"excerpt":"En encuentro con la seccional del PLD en Madrid, Espa\u00f1a, Tem\u00edstocles Mont\u00e1s y Gustavo S\u00e1nchez motivan a que se actu\u00e9 con esp\u00edritu de cuerpo en el PLD. La unidad, como lo predicaba el profesor Juan Bosch, es fundamental en el Partido de la Liberaci\u00f3n Dominicana (PLD), sobre todo en las\u2026","rel":"","context":"En \u00abPOLITICA\u00bb","block_context":{"text":"POLITICA","link":"https:\/\/lasprimeras.com.do\/index.php\/category\/politica\/"},"img":{"alt_text":"","src":"https:\/\/i0.wp.com\/lasprimeras.com.do\/wp-content\/uploads\/2025\/09\/temo.jpg?resize=350%2C200&ssl=1","width":350,"height":200,"srcset":"https:\/\/i0.wp.com\/lasprimeras.com.do\/wp-content\/uploads\/2025\/09\/temo.jpg?resize=350%2C200&ssl=1 1x, https:\/\/i0.wp.com\/lasprimeras.com.do\/wp-content\/uploads\/2025\/09\/temo.jpg?resize=525%2C300&ssl=1 1.5x, https:\/\/i0.wp.com\/lasprimeras.com.do\/wp-content\/uploads\/2025\/09\/temo.jpg?resize=700%2C400&ssl=1 2x"},"classes":[]},{"id":110300,"url":"https:\/\/lasprimeras.com.do\/index.php\/2025\/09\/27\/temistocles-montas-cita-factores-que-en-la-presente-gestion-estan-erosionando-la-gobernabilidad\/","url_meta":{"origin":107369,"position":4},"title":"Tem\u00edstocles Mont\u00e1s cita factores que en la presente gesti\u00f3n est\u00e1n erosionando la gobernabilidad","author":"Nelson Feliz","date":"27 de septiembre de 2025","format":false,"excerpt":"El vicepresidente del Partido de la Liberaci\u00f3n Dominicana (PLD), Tem\u00edstocles Mont\u00e1s, considera que en procura de estabilizar las expectativas ciudadanas y recuperar la confianza de los dominicanos en el sistema pol\u00edtico, \u201curge que el gobierno d\u00e9 un salto cualitativo en integridad \u00e9tica y en la calidad de los servicios p\u00fablicos,\u2026","rel":"","context":"En \u00abPOLITICA\u00bb","block_context":{"text":"POLITICA","link":"https:\/\/lasprimeras.com.do\/index.php\/category\/politica\/"},"img":{"alt_text":"Tem\u00edstocles Montas","src":"https:\/\/i0.wp.com\/lasprimeras.com.do\/wp-content\/uploads\/2023\/07\/Temistocles-Montas.jpg?resize=350%2C200&ssl=1","width":350,"height":200,"srcset":"https:\/\/i0.wp.com\/lasprimeras.com.do\/wp-content\/uploads\/2023\/07\/Temistocles-Montas.jpg?resize=350%2C200&ssl=1 1x, https:\/\/i0.wp.com\/lasprimeras.com.do\/wp-content\/uploads\/2023\/07\/Temistocles-Montas.jpg?resize=525%2C300&ssl=1 1.5x, https:\/\/i0.wp.com\/lasprimeras.com.do\/wp-content\/uploads\/2023\/07\/Temistocles-Montas.jpg?resize=700%2C400&ssl=1 2x"},"classes":[]},{"id":118819,"url":"https:\/\/lasprimeras.com.do\/index.php\/2026\/01\/03\/temistocles-montas-republica-dominicana-cierra-el-2025-en-una-crisis-de-confianza\/","url_meta":{"origin":107369,"position":5},"title":"Tem\u00edstocles Mont\u00e1s: Rep\u00fablica Dominicana cierra el 2025 en una crisis de confianza","author":"Nelson Feliz","date":"3 de enero de 2026","format":false,"excerpt":"\u201cReconstruir la credibilidad institucional, fortalecer la prevenci\u00f3n y asumir responsabilidades pol\u00edticas claras es el gran desaf\u00edo para el 2026\u201d El vicepresidente del Partido de la Liberaci\u00f3n Dominicana (PLD), Tem\u00edstocles Mont\u00e1s, declar\u00f3 que Republica Dominicana cerr\u00f3 el 2025 con una crisis de confianza que golpea directamente el coraz\u00f3n de la pol\u00edtica\u2026","rel":"","context":"En \u00abECONOM\u00cdA\u00bb","block_context":{"text":"ECONOM\u00cdA","link":"https:\/\/lasprimeras.com.do\/index.php\/category\/economia\/"},"img":{"alt_text":"Tem\u00edstocles Mont\u00e1s","src":"https:\/\/i0.wp.com\/lasprimeras.com.do\/wp-content\/uploads\/2026\/01\/Temistocles-Montas.jpg?resize=350%2C200&ssl=1","width":350,"height":200,"srcset":"https:\/\/i0.wp.com\/lasprimeras.com.do\/wp-content\/uploads\/2026\/01\/Temistocles-Montas.jpg?resize=350%2C200&ssl=1 1x, https:\/\/i0.wp.com\/lasprimeras.com.do\/wp-content\/uploads\/2026\/01\/Temistocles-Montas.jpg?resize=525%2C300&ssl=1 1.5x, https:\/\/i0.wp.com\/lasprimeras.com.do\/wp-content\/uploads\/2026\/01\/Temistocles-Montas.jpg?resize=700%2C400&ssl=1 2x"},"classes":[]}],"jetpack_sharing_enabled":true,"_links":{"self":[{"href":"https:\/\/lasprimeras.com.do\/index.php\/wp-json\/wp\/v2\/posts\/107369","targetHints":{"allow":["GET"]}}],"collection":[{"href":"https:\/\/lasprimeras.com.do\/index.php\/wp-json\/wp\/v2\/posts"}],"about":[{"href":"https:\/\/lasprimeras.com.do\/index.php\/wp-json\/wp\/v2\/types\/post"}],"author":[{"embeddable":true,"href":"https:\/\/lasprimeras.com.do\/index.php\/wp-json\/wp\/v2\/users\/10"}],"replies":[{"embeddable":true,"href":"https:\/\/lasprimeras.com.do\/index.php\/wp-json\/wp\/v2\/comments?post=107369"}],"version-history":[{"count":1,"href":"https:\/\/lasprimeras.com.do\/index.php\/wp-json\/wp\/v2\/posts\/107369\/revisions"}],"predecessor-version":[{"id":107370,"href":"https:\/\/lasprimeras.com.do\/index.php\/wp-json\/wp\/v2\/posts\/107369\/revisions\/107370"}],"wp:featuredmedia":[{"embeddable":true,"href":"https:\/\/lasprimeras.com.do\/index.php\/wp-json\/wp\/v2\/media\/55834"}],"wp:attachment":[{"href":"https:\/\/lasprimeras.com.do\/index.php\/wp-json\/wp\/v2\/media?parent=107369"}],"wp:term":[{"taxonomy":"category","embeddable":true,"href":"https:\/\/lasprimeras.com.do\/index.php\/wp-json\/wp\/v2\/categories?post=107369"},{"taxonomy":"post_tag","embeddable":true,"href":"https:\/\/lasprimeras.com.do\/index.php\/wp-json\/wp\/v2\/tags?post=107369"}],"curies":[{"name":"wp","href":"https:\/\/api.w.org\/{rel}","templated":true}]}}