{"id":107371,"date":"2025-08-26T12:41:52","date_gmt":"2025-08-26T16:41:52","guid":{"rendered":"https:\/\/lasprimeras.com.do\/?p=107371"},"modified":"2025-08-26T12:41:54","modified_gmt":"2025-08-26T16:41:54","slug":"margarita-cedeno-en-2012-2020-millones-salieron-de-la-pobreza-en-2020-2025-miles-sienten-que-han-vuelto-a-caer-en-ella","status":"publish","type":"post","link":"https:\/\/lasprimeras.com.do\/index.php\/2025\/08\/26\/margarita-cedeno-en-2012-2020-millones-salieron-de-la-pobreza-en-2020-2025-miles-sienten-que-han-vuelto-a-caer-en-ella\/","title":{"rendered":"Margarita Cede\u00f1o: \u00abEn 2012\u20132020, millones salieron de la pobreza. En 2020\u20132025, miles sienten que han vuelto a caer en ella\u201d"},"content":{"rendered":"\n<p>Para la ex vicepresidenta de la Rep\u00fablica, Margarita Cede\u00f1o, el alto costo de la canasta alimenticia y que desde el Gobierno se conciba los gastos sociales como un veh\u00edculo de propaganda, entre otros aspectos, es una muestra del retroceso que ha vivido el pa\u00eds en los \u00faltimos cinco a\u00f1os.<\/p>\n\n\n\n<p>\u201cCinco a\u00f1os despu\u00e9s, la realidad es distinta. Los \u00faltimos a\u00f1os han estado marcados por el encarecimiento del costo de la vida. La inflaci\u00f3n ha erosionado el ingreso familiar, lo que antes alcanzaba para las \u201ctres calientes\u201d con mil pesos, hoy apenas cubre lo b\u00e1sico; si se desayuna, no se cena. La canasta alimentaria nacional supera los 45 mil pesos, mientras el salario m\u00ednimo real se mantiene rezagado\u201d, escribi\u00f3 Cede\u00f1o en un trabajo publicado en los peri\u00f3dicos List\u00edn Diario y Vanguardia del Pueblo.<\/p>\n\n\n\n<p>Argumenta que en los a\u00f1os de la gesti\u00f3n del PRM la pol\u00edtica social se ha reducido a parches de corto plazo, m\u00e1s cheques, m\u00e1s tarjetas, m\u00e1s anuncios, que carece de una estrategia para la creaci\u00f3n de empleo, la generaci\u00f3n de ingresos dignos y el apoyo real a la producci\u00f3n nacional, que permita reducir las importaciones y el d\u00e9ficit en la cuenta corriente de la balanza de pagos.<\/p>\n\n\n\n<p>En su escrito, la tambi\u00e9n integrante del Comit\u00e9 Pol\u00edtico del Partido de la Liberaci\u00f3n Dominicana (PLD) presenta varias comparaciones de la gesti\u00f3n del PLD con la actual del PRM: \u201cLo que antes fue movilidad social, hoy es pobreza invisible\u201d, \u00abEn 2012\u20132020, millones salieron de la pobreza.<\/p>\n\n\n\n<p>En 2020\u20132025, miles sienten que han vuelto a caer en ella\u201d, \u201cEn 2012\u20132020, los programas sociales se entend\u00edan como inversi\u00f3n. En 2020\u20132025, se usan como propaganda\u201d.<\/p>\n\n\n\n<p>\u201cLo m\u00e1s doloroso es que, en apenas cinco a\u00f1os, se haya echado por la borda gran parte del esfuerzo colectivo de casi dos d\u00e9cadas\u201d, lamenta Margarita Cede\u00f1o, para cerrar su trabajo afirmando que \u201cEl costo de la vida no puede seguir midi\u00e9ndose s\u00f3lo en estad\u00edsticas. Debe medirse tambi\u00e9n en angustias, sue\u00f1os postergados y salud mental deteriorada por la ansiedad de un presente sombr\u00edo y sin esperanza\u201d.<\/p>\n","protected":false},"excerpt":{"rendered":"<p>Para la ex vicepresidenta de la Rep\u00fablica, Margarita Cede\u00f1o, el alto costo de la canasta alimenticia y que desde el Gobierno se conciba los gastos sociales como un veh\u00edculo de&hellip;<\/p>\n","protected":false},"author":10,"featured_media":107372,"comment_status":"open","ping_status":"open","sticky":false,"template":"","format":"standard","meta":{"content-type":"","jetpack_post_was_ever_published":false,"_jetpack_newsletter_access":"","_jetpack_dont_email_post_to_subs":false,"_jetpack_newsletter_tier_id":0,"_jetpack_memberships_contains_paywalled_content":false,"_jetpack_memberships_contains_paid_content":false,"footnotes":""},"categories":[16559,25],"tags":[23677,23676,10749,23678,23675],"class_list":["post-107371","post","type-post","status-publish","format-standard","has-post-thumbnail","hentry","category-politica","category-portada","tag-en-2012-2020","tag-en-2020-2025","tag-margarita-cedeno","tag-miles-sienten-que-han-vuelto-a-caer-en-ella","tag-millones-salieron-de-la-pobreza"],"jetpack_featured_media_url":"https:\/\/lasprimeras.com.do\/wp-content\/uploads\/2025\/08\/Margarita-Cedeno.jpg","jetpack-related-posts":[{"id":108704,"url":"https:\/\/lasprimeras.com.do\/index.php\/2025\/09\/09\/margarita-cedeno-construir-una-economia-inclusiva-es-el-gran-desafio-de-nuestros-estados\/","url_meta":{"origin":107371,"position":0},"title":"Margarita Cede\u00f1o: Construir una econom\u00eda inclusiva es el gran desaf\u00edo de nuestros Estados","author":"Nelson Feliz","date":"9 de septiembre de 2025","format":false,"excerpt":"\u201cCuando el tipo de cambio sube, los m\u00e1s pobres son los primeros y m\u00e1s golpeados\u201d recuerda la ex vicepresidenta. La ex vicepresidenta de la Rep\u00fablica e integrante del Comit\u00e9 Pol\u00edtico del Partido de la Liberaci\u00f3n Dominicana (PLD), Margarita Cede\u00f1o, asegur\u00f3 que el gran desaf\u00edo de nuestros Estados es construir una\u2026","rel":"","context":"En \u00abECONOM\u00cdA\u00bb","block_context":{"text":"ECONOM\u00cdA","link":"https:\/\/lasprimeras.com.do\/index.php\/category\/economia\/"},"img":{"alt_text":"","src":"https:\/\/i0.wp.com\/lasprimeras.com.do\/wp-content\/uploads\/2025\/09\/Margarita-Cedeno.jpg?resize=350%2C200&ssl=1","width":350,"height":200,"srcset":"https:\/\/i0.wp.com\/lasprimeras.com.do\/wp-content\/uploads\/2025\/09\/Margarita-Cedeno.jpg?resize=350%2C200&ssl=1 1x, https:\/\/i0.wp.com\/lasprimeras.com.do\/wp-content\/uploads\/2025\/09\/Margarita-Cedeno.jpg?resize=525%2C300&ssl=1 1.5x, https:\/\/i0.wp.com\/lasprimeras.com.do\/wp-content\/uploads\/2025\/09\/Margarita-Cedeno.jpg?resize=700%2C400&ssl=1 2x"},"classes":[]},{"id":117864,"url":"https:\/\/lasprimeras.com.do\/index.php\/2025\/12\/16\/margarita-cedeno-caso-senasa-es-una-arquitectura-delincuencial\/","url_meta":{"origin":107371,"position":1},"title":"Margarita Cede\u00f1o: Caso SeNaSa es una arquitectura delincuencial","author":"Nelson Feliz","date":"16 de diciembre de 2025","format":false,"excerpt":"Margarita Cede\u00f1o: \u201cCon un sistema de salud tipo bot\u00edn el ciudadano com\u00fan termina pagando dos veces, con sus impuestos y con la vida\u201d. La ex vicepresidenta de la Rep\u00fablica, Margarita Cede\u00f1o, hizo referencia al caso SeNaSa este d\u00eda afirmando que \u201csi las acusaciones del Ministerio P\u00fablico se sostienen en tribunal,\u2026","rel":"","context":"En \u00abPOLITICA\u00bb","block_context":{"text":"POLITICA","link":"https:\/\/lasprimeras.com.do\/index.php\/category\/politica\/"},"img":{"alt_text":"Margarita Cede\u00f1o","src":"https:\/\/i0.wp.com\/lasprimeras.com.do\/wp-content\/uploads\/2025\/12\/Margarita-Cedeno.jpg?resize=350%2C200&ssl=1","width":350,"height":200,"srcset":"https:\/\/i0.wp.com\/lasprimeras.com.do\/wp-content\/uploads\/2025\/12\/Margarita-Cedeno.jpg?resize=350%2C200&ssl=1 1x, https:\/\/i0.wp.com\/lasprimeras.com.do\/wp-content\/uploads\/2025\/12\/Margarita-Cedeno.jpg?resize=525%2C300&ssl=1 1.5x, https:\/\/i0.wp.com\/lasprimeras.com.do\/wp-content\/uploads\/2025\/12\/Margarita-Cedeno.jpg?resize=700%2C400&ssl=1 2x"},"classes":[]},{"id":126795,"url":"https:\/\/lasprimeras.com.do\/index.php\/2026\/04\/05\/mensaje-de-margarita-cedeno-a-los-periodistas-en-su-dia-video\/","url_meta":{"origin":107371,"position":2},"title":"Mensaje de Margarita Cede\u00f1o a los periodistas en su dia | Video","author":"Nelson Feliz","date":"5 de abril de 2026","format":false,"excerpt":"La ex vicepresidenta de la Rep\u00fablica, Margarita Cede\u00f1o, resalt\u00f3 la integridad, valent\u00eda y \u00e9tica como pilares del ejercicio period\u00edstico. \u201cFelicito en especial a quienes ejercen esta profesi\u00f3n con integridad, valent\u00eda y un compromiso inquebrantable con la verdad\u201d, escribi\u00f3 en sus cuentas de redes sociales a prop\u00f3sito del D\u00eda Nacional del\u2026","rel":"","context":"En \u00abPOLITICA\u00bb","block_context":{"text":"POLITICA","link":"https:\/\/lasprimeras.com.do\/index.php\/category\/politica\/"},"img":{"alt_text":"Margarita Cede\u00f1o","src":"https:\/\/i0.wp.com\/lasprimeras.com.do\/wp-content\/uploads\/2026\/04\/Margarita-Cedeno-4.jpg?resize=350%2C200&ssl=1","width":350,"height":200,"srcset":"https:\/\/i0.wp.com\/lasprimeras.com.do\/wp-content\/uploads\/2026\/04\/Margarita-Cedeno-4.jpg?resize=350%2C200&ssl=1 1x, https:\/\/i0.wp.com\/lasprimeras.com.do\/wp-content\/uploads\/2026\/04\/Margarita-Cedeno-4.jpg?resize=525%2C300&ssl=1 1.5x, https:\/\/i0.wp.com\/lasprimeras.com.do\/wp-content\/uploads\/2026\/04\/Margarita-Cedeno-4.jpg?resize=700%2C400&ssl=1 2x"},"classes":[]},{"id":106345,"url":"https:\/\/lasprimeras.com.do\/index.php\/2025\/08\/13\/margarita-cedeno-expone-en-foro-onu-mujeres\/","url_meta":{"origin":107371,"position":3},"title":"Margarita Cede\u00f1o expone en foro ONU Mujeres","author":"Nelson Feliz","date":"13 de agosto de 2025","format":false,"excerpt":"Exvicepresidenta llama a legislar por sistemas de cuidados que impulsen el desarrollo humano y econ\u00f3mico. La exvicepresidenta de la Rep\u00fablica Dominicana y miembro del Comit\u00e9 Pol\u00edtico del Partido de la Liberaci\u00f3n Dominicana, Margarita Cede\u00f1o, destac\u00f3 la urgencia de reconocer el trabajo de cuidados como un derecho humano, un bien p\u00fablico\u2026","rel":"","context":"En \u00abPOLITICA\u00bb","block_context":{"text":"POLITICA","link":"https:\/\/lasprimeras.com.do\/index.php\/category\/politica\/"},"img":{"alt_text":"","src":"https:\/\/i0.wp.com\/lasprimeras.com.do\/wp-content\/uploads\/2025\/08\/Margarita-ONU.jpg?resize=350%2C200&ssl=1","width":350,"height":200,"srcset":"https:\/\/i0.wp.com\/lasprimeras.com.do\/wp-content\/uploads\/2025\/08\/Margarita-ONU.jpg?resize=350%2C200&ssl=1 1x, https:\/\/i0.wp.com\/lasprimeras.com.do\/wp-content\/uploads\/2025\/08\/Margarita-ONU.jpg?resize=525%2C300&ssl=1 1.5x, https:\/\/i0.wp.com\/lasprimeras.com.do\/wp-content\/uploads\/2025\/08\/Margarita-ONU.jpg?resize=700%2C400&ssl=1 2x"},"classes":[]},{"id":126070,"url":"https:\/\/lasprimeras.com.do\/index.php\/2026\/03\/29\/margarita-cedeno-el-gobierno-desconectado-de-las-necesidades-de-la-poblacion\/","url_meta":{"origin":107371,"position":4},"title":"Margarita Cede\u00f1o: El Gobierno desconectado de las necesidades de la poblaci\u00f3n","author":"Nelson Feliz","date":"29 de marzo de 2026","format":false,"excerpt":"La ex vicepresidenta, Margarita Cede\u00f1o, define al PLD como el partido que s\u00ed sabe trabajar en beneficio del pueblo dominicano. La ex vicepresidenta de la Rep\u00fablica, Margarita Cede\u00f1o cuestion\u00f3 la gesti\u00f3n de gobierno del PRM, se\u00f1alando una desconexi\u00f3n con las necesidades de la poblaci\u00f3n, planteando que el pa\u00eds est\u00e1 enfrentando\u2026","rel":"","context":"En \u00abPOLITICA\u00bb","block_context":{"text":"POLITICA","link":"https:\/\/lasprimeras.com.do\/index.php\/category\/politica\/"},"img":{"alt_text":"Margarita Cede\u00f1o","src":"https:\/\/i0.wp.com\/lasprimeras.com.do\/wp-content\/uploads\/2026\/03\/Margarita-Cedeno.jpg?resize=350%2C200&ssl=1","width":350,"height":200,"srcset":"https:\/\/i0.wp.com\/lasprimeras.com.do\/wp-content\/uploads\/2026\/03\/Margarita-Cedeno.jpg?resize=350%2C200&ssl=1 1x, https:\/\/i0.wp.com\/lasprimeras.com.do\/wp-content\/uploads\/2026\/03\/Margarita-Cedeno.jpg?resize=525%2C300&ssl=1 1.5x, https:\/\/i0.wp.com\/lasprimeras.com.do\/wp-content\/uploads\/2026\/03\/Margarita-Cedeno.jpg?resize=700%2C400&ssl=1 2x"},"classes":[]},{"id":102352,"url":"https:\/\/lasprimeras.com.do\/index.php\/2025\/07\/03\/se-hace-necesario-seguir-el-ejemplo-del-profesor-juan-bosch\/","url_meta":{"origin":107371,"position":5},"title":"Se hace necesario seguir el ejemplo del Profesor Juan Bosch","author":"Nelson Feliz","date":"3 de julio de 2025","format":false,"excerpt":"La exvicepresidenta Margarita Cede\u00f1o exhorta honrar al Profesor Juan Bosch, ejerciendo la pol\u00edtica como un sacerdocio, no como un mercado. En medio de una democracia asediada por la desinformaci\u00f3n, la polarizaci\u00f3n y el oportunismo, el ejemplo de Juan Bosch es m\u00e1s necesario que nunca. La opini\u00f3n es de la exvicepresidenta\u2026","rel":"","context":"En \u00abOPINI\u00d3N\u00bb","block_context":{"text":"OPINI\u00d3N","link":"https:\/\/lasprimeras.com.do\/index.php\/category\/opinion\/"},"img":{"alt_text":"","src":"https:\/\/i0.wp.com\/lasprimeras.com.do\/wp-content\/uploads\/2025\/07\/Margarita-Cedeno.jpg?resize=350%2C200&ssl=1","width":350,"height":200,"srcset":"https:\/\/i0.wp.com\/lasprimeras.com.do\/wp-content\/uploads\/2025\/07\/Margarita-Cedeno.jpg?resize=350%2C200&ssl=1 1x, https:\/\/i0.wp.com\/lasprimeras.com.do\/wp-content\/uploads\/2025\/07\/Margarita-Cedeno.jpg?resize=525%2C300&ssl=1 1.5x, https:\/\/i0.wp.com\/lasprimeras.com.do\/wp-content\/uploads\/2025\/07\/Margarita-Cedeno.jpg?resize=700%2C400&ssl=1 2x"},"classes":[]}],"jetpack_sharing_enabled":true,"_links":{"self":[{"href":"https:\/\/lasprimeras.com.do\/index.php\/wp-json\/wp\/v2\/posts\/107371","targetHints":{"allow":["GET"]}}],"collection":[{"href":"https:\/\/lasprimeras.com.do\/index.php\/wp-json\/wp\/v2\/posts"}],"about":[{"href":"https:\/\/lasprimeras.com.do\/index.php\/wp-json\/wp\/v2\/types\/post"}],"author":[{"embeddable":true,"href":"https:\/\/lasprimeras.com.do\/index.php\/wp-json\/wp\/v2\/users\/10"}],"replies":[{"embeddable":true,"href":"https:\/\/lasprimeras.com.do\/index.php\/wp-json\/wp\/v2\/comments?post=107371"}],"version-history":[{"count":1,"href":"https:\/\/lasprimeras.com.do\/index.php\/wp-json\/wp\/v2\/posts\/107371\/revisions"}],"predecessor-version":[{"id":107373,"href":"https:\/\/lasprimeras.com.do\/index.php\/wp-json\/wp\/v2\/posts\/107371\/revisions\/107373"}],"wp:featuredmedia":[{"embeddable":true,"href":"https:\/\/lasprimeras.com.do\/index.php\/wp-json\/wp\/v2\/media\/107372"}],"wp:attachment":[{"href":"https:\/\/lasprimeras.com.do\/index.php\/wp-json\/wp\/v2\/media?parent=107371"}],"wp:term":[{"taxonomy":"category","embeddable":true,"href":"https:\/\/lasprimeras.com.do\/index.php\/wp-json\/wp\/v2\/categories?post=107371"},{"taxonomy":"post_tag","embeddable":true,"href":"https:\/\/lasprimeras.com.do\/index.php\/wp-json\/wp\/v2\/tags?post=107371"}],"curies":[{"name":"wp","href":"https:\/\/api.w.org\/{rel}","templated":true}]}}