{"id":107471,"date":"2025-08-27T11:27:40","date_gmt":"2025-08-27T15:27:40","guid":{"rendered":"https:\/\/lasprimeras.com.do\/?p=107471"},"modified":"2025-08-27T11:27:41","modified_gmt":"2025-08-27T15:27:41","slug":"empresas-dominicanas-reciben-un-ano-de-formacion-gratuita-en-ia","status":"publish","type":"post","link":"https:\/\/lasprimeras.com.do\/index.php\/2025\/08\/27\/empresas-dominicanas-reciben-un-ano-de-formacion-gratuita-en-ia\/","title":{"rendered":"Empresas dominicanas reciben un a\u00f1o de formaci\u00f3n gratuita en IA"},"content":{"rendered":"\n<p>ENAE Business School realiz\u00f3 una jornada de networking en la Universidad APEC en donde ofrecieron un a\u00f1o de formaci\u00f3n gratuita en Inteligencia Artificial y carreras STEM a l\u00edderes, ejecutivos y emprendedores con el objetivo de impulsar la capacitaci\u00f3n y el desarrollo del sector empresarial del pa\u00eds.<\/p>\n\n\n\n<p>Con este a\u00f1o de acceso ilimitado a su plataforma de educaci\u00f3n continua, ENAE busca que las organizaciones participantes equipen a las empresas dominicanas con herramientas a la vanguardia y necesarias en digitalizaci\u00f3n para enfrentar la competitividad global.<\/p>\n\n\n\n<p>Este programa de aprendizaje, no solo fortalece los lazos entre las escuelas y sectores de negocios, sino que representa una visi\u00f3n y compromiso para el desarrollo corporativo del talento local en la era digital.<\/p>\n\n\n\n<p>El encuentro se centr\u00f3 en la innovaci\u00f3n y nuevas tecnolog\u00edas, con una destacada exhibici\u00f3n de tesis de un grupo selecto de egresados, lo que permiti\u00f3 a los asistentes observar de primera mano el potencial de los futuros l\u00edderes.<\/p>\n\n\n\n<p>El Director General de ENAE, Miguel L\u00f3pez expres\u00f3: \u201cEstamos convencidos de que la formaci\u00f3n continua es clave para el \u00e9xito en un mercado en constante cambio. Este evento es un paso firme para dotar a las empresas de la Rep\u00fablica Dominicana con los conocimientos y habilidades que necesitan para liderar la transformaci\u00f3n digital.\u201d<\/p>\n\n\n\n<p>El acto cont\u00f3 con la presencia de Paula Disla, viceministra del MESCYT y culmin\u00f3 con la entrega de certificados a los egresados m\u00e1s meritorios, reafirmando el compromiso de ENAE Business School con la formaci\u00f3n de profesionales que generan impacto.<\/p>\n\n\n\n<p>Cabe destacar que, siendo una instituci\u00f3n que cuenta con m\u00e1s de 36 a\u00f1os de trayectoria, ENAE Business School es un referente global, reconocida por los r\u00e1nkings Forbes y QS World University, como una de las mejores escuelas de negocios 2025, ocupando la posici\u00f3n #7 a nivel nacional y la #27 a nivel mundial en QS International Trade Ranking.<\/p>\n\n\n\n<p>ENAE Business School es la \u00fanica instituci\u00f3n espa\u00f1ola dentro de la convocatoria de becas de postgrado internacional del MESCyT que aparece en el Top 10 del ranking internacional QS, consolidando su alianza educativa de m\u00e1s de 12 a\u00f1os, como una opci\u00f3n acad\u00e9mica de calidad para formar a los profesionales dominicanos.<\/p>\n","protected":false},"excerpt":{"rendered":"<p>ENAE Business School realiz\u00f3 una jornada de networking en la Universidad APEC en donde ofrecieron un a\u00f1o de formaci\u00f3n gratuita en Inteligencia Artificial y carreras STEM a l\u00edderes, ejecutivos y&hellip;<\/p>\n","protected":false},"author":10,"featured_media":107472,"comment_status":"open","ping_status":"open","sticky":false,"template":"","format":"standard","meta":{"content-type":"","jetpack_post_was_ever_published":false,"_jetpack_newsletter_access":"","_jetpack_dont_email_post_to_subs":false,"_jetpack_newsletter_tier_id":0,"_jetpack_memberships_contains_paywalled_content":false,"_jetpack_memberships_contains_paid_content":false,"footnotes":""},"categories":[35],"tags":[1590,143,862,2440,15035,85],"class_list":["post-107471","post","type-post","status-publish","format-standard","has-post-thumbnail","hentry","category-nacionales","tag-dominicanas","tag-empresas","tag-formacion","tag-gratuita","tag-ia","tag-inteligencia-artificial"],"jetpack_featured_media_url":"https:\/\/lasprimeras.com.do\/wp-content\/uploads\/2025\/08\/Miguel-Lopez-Paula-Disla-Paloma-Fernandez-Celeste-Roa-y-Jesus-Gambin.jpg","jetpack-related-posts":[{"id":81593,"url":"https:\/\/lasprimeras.com.do\/index.php\/2024\/04\/22\/doce-aportes-de-la-inteligencia-artificial-al-sector-turistico\/","url_meta":{"origin":107471,"position":0},"title":"Doce aportes de la inteligencia artificial al sector tur\u00edstico","author":"Nelson Feliz","date":"22 de abril de 2024","format":false,"excerpt":"El turismo, una de las industrias m\u00e1s din\u00e1micas y de mayor crecimiento a nivel global, se enfrenta al desaf\u00edo constante de innovar para mejorar la experiencia del viajero y optimizar la gesti\u00f3n de recursos. En un mundo donde los sue\u00f1os y la realidad se entrelazan, la inteligencia artificial (IA) ha\u2026","rel":"","context":"En \u00abSin categor\u00eda\u00bb","block_context":{"text":"Sin categor\u00eda","link":"https:\/\/lasprimeras.com.do\/index.php\/category\/sin-categoria\/"},"img":{"alt_text":"inteligencia artificial","src":"https:\/\/i0.wp.com\/lasprimeras.com.do\/wp-content\/uploads\/2024\/04\/inteligencia-artificial-1.jpg?resize=350%2C200&ssl=1","width":350,"height":200,"srcset":"https:\/\/i0.wp.com\/lasprimeras.com.do\/wp-content\/uploads\/2024\/04\/inteligencia-artificial-1.jpg?resize=350%2C200&ssl=1 1x, https:\/\/i0.wp.com\/lasprimeras.com.do\/wp-content\/uploads\/2024\/04\/inteligencia-artificial-1.jpg?resize=525%2C300&ssl=1 1.5x, https:\/\/i0.wp.com\/lasprimeras.com.do\/wp-content\/uploads\/2024\/04\/inteligencia-artificial-1.jpg?resize=700%2C400&ssl=1 2x"},"classes":[]},{"id":112082,"url":"https:\/\/lasprimeras.com.do\/index.php\/2025\/10\/17\/experto-felicita-acuerdo-del-gobierno-con-nvidia-e-insta-crear-un-consejo-de-ia\/","url_meta":{"origin":107471,"position":1},"title":"Experto felicita acuerdo del Gobierno con Nvidia e insta crear un consejo de IA","author":"Nelson Feliz","date":"17 de octubre de 2025","format":false,"excerpt":"El economista y experto en Inteligencia Artificial Humanitaria, Alberto Castillo Aroca, calific\u00f3 como muy positiva la firma del acuerdo entre el Gobierno dominicano y la empresa Nvidia, l\u00edder mundial en computaci\u00f3n acelerada e inteligencia artificial, al considerar que representa un paso estrat\u00e9gico hacia el futuro tecnol\u00f3gico del pa\u00eds. Castillo Aroca\u2026","rel":"","context":"En \u00abPORTADA\u00bb","block_context":{"text":"PORTADA","link":"https:\/\/lasprimeras.com.do\/index.php\/category\/portada\/"},"img":{"alt_text":"Alberto Castillo Aroca","src":"https:\/\/i0.wp.com\/lasprimeras.com.do\/wp-content\/uploads\/2025\/10\/Alberto-Castillo-Aroca.jpg?resize=350%2C200&ssl=1","width":350,"height":200,"srcset":"https:\/\/i0.wp.com\/lasprimeras.com.do\/wp-content\/uploads\/2025\/10\/Alberto-Castillo-Aroca.jpg?resize=350%2C200&ssl=1 1x, https:\/\/i0.wp.com\/lasprimeras.com.do\/wp-content\/uploads\/2025\/10\/Alberto-Castillo-Aroca.jpg?resize=525%2C300&ssl=1 1.5x, https:\/\/i0.wp.com\/lasprimeras.com.do\/wp-content\/uploads\/2025\/10\/Alberto-Castillo-Aroca.jpg?resize=700%2C400&ssl=1 2x"},"classes":[]},{"id":84105,"url":"https:\/\/lasprimeras.com.do\/index.php\/2024\/05\/30\/la-revolucion-de-la-inteligencia-artificial-en-la-comunicacion-y-las-redes-sociales\/","url_meta":{"origin":107471,"position":2},"title":"La Revoluci\u00f3n de la Inteligencia Artificial en la Comunicaci\u00f3n y las Redes Sociales","author":"Nelson Feliz","date":"30 de mayo de 2024","format":false,"excerpt":"El t\u00e9rmino de Inteligencia Artificial surgi\u00f3 por primera vez en 1956, pero fue en noviembre de 2022 cuando se crea el ChatGPT por parte de la empresa Open AI, y ha sido el a\u00f1o pasado cuando ha dominado los medios de comunicaci\u00f3n, y sigue haci\u00e9ndolo en 2024. La\u00a0inteligencia artificial\u00a0ha tra\u00eddo\u2026","rel":"","context":"En \u00abOPINI\u00d3N\u00bb","block_context":{"text":"OPINI\u00d3N","link":"https:\/\/lasprimeras.com.do\/index.php\/category\/opinion\/"},"img":{"alt_text":"","src":"https:\/\/i0.wp.com\/lasprimeras.com.do\/wp-content\/uploads\/2024\/05\/Inma-Solis-atril.jpg?resize=350%2C200&ssl=1","width":350,"height":200},"classes":[]},{"id":125260,"url":"https:\/\/lasprimeras.com.do\/index.php\/2026\/03\/20\/amchamdr-y-qvitae-graduan-a-500-jovenes-en-ia\/","url_meta":{"origin":107471,"position":3},"title":"AMCHAMDR y QVITAE grad\u00faan a 500 j\u00f3venes en IA","author":"Nelson Feliz","date":"20 de marzo de 2026","format":false,"excerpt":"El Comit\u00e9 de Tecnolog\u00eda e Innovaci\u00f3n (CTI) de la C\u00e1mara Americana de Comercio de la Rep\u00fablica Dominicana (AMCHAMDR), en colaboraci\u00f3n con QVITAE, celebr\u00f3 este viernes la graduaci\u00f3n de 528 estudiantes que completaron exitosamente un programa de formaci\u00f3n en inteligencia artificial, reafirmando el compromiso conjunto con el desarrollo del talento digital\u2026","rel":"","context":"En \u00abNACIONALES\u00bb","block_context":{"text":"NACIONALES","link":"https:\/\/lasprimeras.com.do\/index.php\/category\/nacionales\/"},"img":{"alt_text":"","src":"https:\/\/i0.wp.com\/lasprimeras.com.do\/wp-content\/uploads\/2026\/03\/jovenes.jpg?resize=350%2C200&ssl=1","width":350,"height":200,"srcset":"https:\/\/i0.wp.com\/lasprimeras.com.do\/wp-content\/uploads\/2026\/03\/jovenes.jpg?resize=350%2C200&ssl=1 1x, https:\/\/i0.wp.com\/lasprimeras.com.do\/wp-content\/uploads\/2026\/03\/jovenes.jpg?resize=525%2C300&ssl=1 1.5x, https:\/\/i0.wp.com\/lasprimeras.com.do\/wp-content\/uploads\/2026\/03\/jovenes.jpg?resize=700%2C400&ssl=1 2x"},"classes":[]},{"id":83319,"url":"https:\/\/lasprimeras.com.do\/index.php\/2024\/05\/14\/fei-fei-li-lider-de-ia-en-stanford-crea-una-empresa-de-inteligencia-espacial\/","url_meta":{"origin":107471,"position":4},"title":"Fei-Fei Li, l\u00edder de IA en Stanford, crea una empresa de &#8220;inteligencia espacial&#8221;","author":"Nelson Feliz","date":"14 de mayo de 2024","format":false,"excerpt":"Por Katie Paul, Anna Tong y Krystal Hu NUEVA YORK\/SAN FRANCISCO (Reuters) - La destacada inform\u00e1tica Fei-Fei Li est\u00e1 creando una empresa que usa un procesamiento de datos visuales similar al humano para hacer que la inteligencia artificial (IA) sea capaz de razonar de forma avanzada, dijeron seis fuentes a\u2026","rel":"","context":"En \u00abSin categor\u00eda\u00bb","block_context":{"text":"Sin categor\u00eda","link":"https:\/\/lasprimeras.com.do\/index.php\/category\/sin-categoria\/"},"img":{"alt_text":"","src":"https:\/\/i0.wp.com\/lasprimeras.com.do\/wp-content\/uploads\/2024\/05\/Fei-Fei-Li.jpg?resize=350%2C200&ssl=1","width":350,"height":200,"srcset":"https:\/\/i0.wp.com\/lasprimeras.com.do\/wp-content\/uploads\/2024\/05\/Fei-Fei-Li.jpg?resize=350%2C200&ssl=1 1x, https:\/\/i0.wp.com\/lasprimeras.com.do\/wp-content\/uploads\/2024\/05\/Fei-Fei-Li.jpg?resize=525%2C300&ssl=1 1.5x, https:\/\/i0.wp.com\/lasprimeras.com.do\/wp-content\/uploads\/2024\/05\/Fei-Fei-Li.jpg?resize=700%2C400&ssl=1 2x"},"classes":[]},{"id":53096,"url":"https:\/\/lasprimeras.com.do\/index.php\/2023\/06\/23\/garcia-fermin-destaca-importancia-de-la-innovacion-en-el-desarrollo-educativo-y-economico-de-la-rd\/","url_meta":{"origin":107471,"position":5},"title":"Garc\u00eda Ferm\u00edn destaca importancia de la innovaci\u00f3n en el desarrollo educativo y econ\u00f3mico de la RD","author":"Nelson Feliz","date":"23 de junio de 2023","format":false,"excerpt":"Participa en presentaci\u00f3n de la Encuesta Nacional de Actividad Econ\u00f3mica ENAE 2022 Por Martin Restituyo El Ministro de Educaci\u00f3n Superior, Ciencia y Tecnolog\u00eda, doctor Franklin Garc\u00eda Ferm\u00edn, destac\u00f3 la importancia de la innovaci\u00f3n en el desarrollo educativo y econ\u00f3mico de la Rep\u00fablica Dominicana, en el marco de la presentaci\u00f3n de\u2026","rel":"","context":"En \u00abNACIONALES\u00bb","block_context":{"text":"NACIONALES","link":"https:\/\/lasprimeras.com.do\/index.php\/category\/nacionales\/"},"img":{"alt_text":"Franklin Garc\u00eda Ferm\u00edn","src":"https:\/\/i0.wp.com\/lasprimeras.com.do\/wp-content\/uploads\/2023\/06\/Franklin-Garcia-Fermin-2.jpg?resize=350%2C200&ssl=1","width":350,"height":200,"srcset":"https:\/\/i0.wp.com\/lasprimeras.com.do\/wp-content\/uploads\/2023\/06\/Franklin-Garcia-Fermin-2.jpg?resize=350%2C200&ssl=1 1x, https:\/\/i0.wp.com\/lasprimeras.com.do\/wp-content\/uploads\/2023\/06\/Franklin-Garcia-Fermin-2.jpg?resize=525%2C300&ssl=1 1.5x, https:\/\/i0.wp.com\/lasprimeras.com.do\/wp-content\/uploads\/2023\/06\/Franklin-Garcia-Fermin-2.jpg?resize=700%2C400&ssl=1 2x"},"classes":[]}],"jetpack_sharing_enabled":true,"_links":{"self":[{"href":"https:\/\/lasprimeras.com.do\/index.php\/wp-json\/wp\/v2\/posts\/107471","targetHints":{"allow":["GET"]}}],"collection":[{"href":"https:\/\/lasprimeras.com.do\/index.php\/wp-json\/wp\/v2\/posts"}],"about":[{"href":"https:\/\/lasprimeras.com.do\/index.php\/wp-json\/wp\/v2\/types\/post"}],"author":[{"embeddable":true,"href":"https:\/\/lasprimeras.com.do\/index.php\/wp-json\/wp\/v2\/users\/10"}],"replies":[{"embeddable":true,"href":"https:\/\/lasprimeras.com.do\/index.php\/wp-json\/wp\/v2\/comments?post=107471"}],"version-history":[{"count":1,"href":"https:\/\/lasprimeras.com.do\/index.php\/wp-json\/wp\/v2\/posts\/107471\/revisions"}],"predecessor-version":[{"id":107473,"href":"https:\/\/lasprimeras.com.do\/index.php\/wp-json\/wp\/v2\/posts\/107471\/revisions\/107473"}],"wp:featuredmedia":[{"embeddable":true,"href":"https:\/\/lasprimeras.com.do\/index.php\/wp-json\/wp\/v2\/media\/107472"}],"wp:attachment":[{"href":"https:\/\/lasprimeras.com.do\/index.php\/wp-json\/wp\/v2\/media?parent=107471"}],"wp:term":[{"taxonomy":"category","embeddable":true,"href":"https:\/\/lasprimeras.com.do\/index.php\/wp-json\/wp\/v2\/categories?post=107471"},{"taxonomy":"post_tag","embeddable":true,"href":"https:\/\/lasprimeras.com.do\/index.php\/wp-json\/wp\/v2\/tags?post=107471"}],"curies":[{"name":"wp","href":"https:\/\/api.w.org\/{rel}","templated":true}]}}