{"id":107477,"date":"2025-08-27T12:05:23","date_gmt":"2025-08-27T16:05:23","guid":{"rendered":"https:\/\/lasprimeras.com.do\/?p=107477"},"modified":"2025-08-27T12:05:24","modified_gmt":"2025-08-27T16:05:24","slug":"gustavo-sanchez-denuncia-asedio-a-dirigentes-del-pld-por-parte-de-la-fuerza-del-pueblo","status":"publish","type":"post","link":"https:\/\/lasprimeras.com.do\/index.php\/2025\/08\/27\/gustavo-sanchez-denuncia-asedio-a-dirigentes-del-pld-por-parte-de-la-fuerza-del-pueblo\/","title":{"rendered":"Gustavo S\u00e1nchez denuncia asedio a dirigentes del PLD por parte de la Fuerza del Pueblo"},"content":{"rendered":"\n<p><strong>Vocero de la bancada del PLD en la C\u00e1mara de Diputados responsabiliza a Radham\u00e9s Jim\u00e9nez, de la FP, de asediar a miembros y simpatizantes pelede\u00edstas.<\/strong><\/p>\n\n\n\n<p>El vocero del Bloque de Diputados del Partido de la Liberaci\u00f3n Dominicana, Gustavo S\u00e1nchez, denunci\u00f3 que dirigentes, miembros y simpatizantes de esa organizaci\u00f3n pol\u00edtica son acosados a los fines de desmotivar su permanencia en el PLD, con la promesa de posiciones partidarias y candidaturas para el 2028, pasen a formar parte de la agrupaci\u00f3n Fuerza del Pueblo.<\/p>\n\n\n\n<p>S\u00e1nchez responsabiliz\u00f3 de esas acciones a Radham\u00e9s Jim\u00e9nez, de quien dijo act\u00faa como \u201ccomandante en jefe\u201d de lo que llam\u00f3 Guardia Pretoriana del leonelismo.<\/p>\n\n\n\n<p>El miembro del Comit\u00e9 Pol\u00edtico del PLD, manifest\u00f3 que, con esa actitud, la Fuerza del Pueblo y su alta direcci\u00f3n, desconocen el acuerdo de respeto mutuo, bajo el entendido de que el adversario com\u00fan a ambos partidos es el PRM, agrupaci\u00f3n que ostenta la direcci\u00f3n del Estado.<\/p>\n\n\n\n<p>\u201cNosotros hemos sido respetuosos del cumplimiento de ese procedimiento de trabajo pol\u00edtico desde la oposici\u00f3n, sin embargo; la campa\u00f1a de asedio ha resurgido, luego que todas las encuestas \u00faltimas reflejan un reposicionamiento del Partido de la Liberaci\u00f3n Dominicana y algunos dirigentes de la Fuerza del Pueblo, con Radham\u00e9s Jim\u00e9nez a la cabeza quieren validar su accionar pol\u00edtico identificando al PLD como objetivo electoral\u201d, dijo Gustavo S\u00e1nchez.<\/p>\n\n\n\n<p>Asimismo, agreg\u00f3 que este accionar de Radham\u00e9s Jim\u00e9nez y compartes, provoca inconformidad en la militancia del PLD y dinamita puentes que pudieran servir de comunicaci\u00f3n y potenciales mesas de trabajo en el futuro.<\/p>\n\n\n\n<p>Gustavo S\u00e1nchez record\u00f3 a la famosa \u201cGuardia Pretoriana\u201d de Leonel Fern\u00e1ndez que sus actitudes revelan el refajo de los celos por el relevo generacional, al creerse los herederos pol\u00edticos de una candidatura, identific\u00e1ndose una confrontaci\u00f3n pol\u00edtica en el reinado de Leonel Fern\u00e1ndez.<\/p>\n","protected":false},"excerpt":{"rendered":"<p>Vocero de la bancada del PLD en la C\u00e1mara de Diputados responsabiliza a Radham\u00e9s Jim\u00e9nez, de la FP, de asediar a miembros y simpatizantes pelede\u00edstas. El vocero del Bloque de&hellip;<\/p>\n","protected":false},"author":10,"featured_media":107478,"comment_status":"open","ping_status":"open","sticky":false,"template":"","format":"standard","meta":{"content-type":"","jetpack_post_was_ever_published":false,"_jetpack_newsletter_access":"","_jetpack_dont_email_post_to_subs":false,"_jetpack_newsletter_tier_id":0,"_jetpack_memberships_contains_paywalled_content":false,"_jetpack_memberships_contains_paid_content":false,"footnotes":""},"categories":[16559,25],"tags":[23741,983,158,4223,475,6007,269,2486],"class_list":["post-107477","post","type-post","status-publish","format-standard","has-post-thumbnail","hentry","category-politica","category-portada","tag-asedio","tag-dirigentes","tag-fuerza-del-pueblo","tag-gustavo-sanchez","tag-miembros","tag-peledeistas","tag-pld","tag-simpatizantes"],"jetpack_featured_media_url":"https:\/\/lasprimeras.com.do\/wp-content\/uploads\/2025\/08\/Gustavo-Sanchez-1.jpg","jetpack-related-posts":[{"id":121060,"url":"https:\/\/lasprimeras.com.do\/index.php\/2026\/01\/31\/comision-del-pld-en-velatorio-de-ramon-albuquerque\/","url_meta":{"origin":107477,"position":0},"title":"Comisi\u00f3n del PLD en velatorio de Ram\u00f3n Albuquerque","author":"Nelson Feliz","date":"31 de enero de 2026","format":false,"excerpt":"Comisi\u00f3n del PLD asiste al velatorio del ex Presidente del Senado Ram\u00f3n Alburquerque. Presentan sus condolencias a familiares y al PRM. El Partido de la Liberaci\u00f3n Dominicana (PLD) hizo acto de presencia en el velatorio del expresidente del Senado de la Rep\u00fablica, Ram\u00f3n Alburquerque, en la funeraria Jard\u00edn Memorial, localizada\u2026","rel":"","context":"En \u00abPOLITICA\u00bb","block_context":{"text":"POLITICA","link":"https:\/\/lasprimeras.com.do\/index.php\/category\/politica\/"},"img":{"alt_text":"VELATORIO","src":"https:\/\/i0.wp.com\/lasprimeras.com.do\/wp-content\/uploads\/2026\/01\/COMISION-EN-VELATORIO-DE-RA.jpg?resize=350%2C200&ssl=1","width":350,"height":200,"srcset":"https:\/\/i0.wp.com\/lasprimeras.com.do\/wp-content\/uploads\/2026\/01\/COMISION-EN-VELATORIO-DE-RA.jpg?resize=350%2C200&ssl=1 1x, https:\/\/i0.wp.com\/lasprimeras.com.do\/wp-content\/uploads\/2026\/01\/COMISION-EN-VELATORIO-DE-RA.jpg?resize=525%2C300&ssl=1 1.5x, https:\/\/i0.wp.com\/lasprimeras.com.do\/wp-content\/uploads\/2026\/01\/COMISION-EN-VELATORIO-DE-RA.jpg?resize=700%2C400&ssl=1 2x"},"classes":[]},{"id":115603,"url":"https:\/\/lasprimeras.com.do\/index.php\/2025\/11\/24\/regidor-del-pld-y-dirigentes-del-prm-se-juramentan-en-la-fuerza-del-pueblo\/","url_meta":{"origin":107477,"position":1},"title":"Regidor del PLD y dirigentes del PRM se juramentan en la Fuerza del Pueblo","author":"Nelson Feliz","date":"24 de noviembre de 2025","format":false,"excerpt":"En un acto encabezado por Radham\u00e9s Jim\u00e9nez Pe\u00f1a, l\u00edderes comunitarios, pastores y exdirigentes de varios partidos pol\u00edticos oficializaron su paso a las filas de la Fuerza del Pueblo. En una muestra de reconfiguraci\u00f3n pol\u00edtica en Santo Domingo Norte, un importante grupo de dirigentes y l\u00edderes comunitarios de distintas fuerzas pol\u00edticas\u2026","rel":"","context":"En \u00abPOLITICA\u00bb","block_context":{"text":"POLITICA","link":"https:\/\/lasprimeras.com.do\/index.php\/category\/politica\/"},"img":{"alt_text":"Radham\u00e9s Jim\u00e9nez Pe\u00f1a","src":"https:\/\/i0.wp.com\/lasprimeras.com.do\/wp-content\/uploads\/2025\/11\/Radhames-Jimenez-Pena-1.jpg?resize=350%2C200&ssl=1","width":350,"height":200,"srcset":"https:\/\/i0.wp.com\/lasprimeras.com.do\/wp-content\/uploads\/2025\/11\/Radhames-Jimenez-Pena-1.jpg?resize=350%2C200&ssl=1 1x, https:\/\/i0.wp.com\/lasprimeras.com.do\/wp-content\/uploads\/2025\/11\/Radhames-Jimenez-Pena-1.jpg?resize=525%2C300&ssl=1 1.5x, https:\/\/i0.wp.com\/lasprimeras.com.do\/wp-content\/uploads\/2025\/11\/Radhames-Jimenez-Pena-1.jpg?resize=700%2C400&ssl=1 2x"},"classes":[]},{"id":104864,"url":"https:\/\/lasprimeras.com.do\/index.php\/2025\/07\/28\/diputado-gustavo-sanchez-resalta-fortaleza-que-exhibe-el-pld\/","url_meta":{"origin":107477,"position":2},"title":"Diputado Gustavo S\u00e1nchez resalta fortaleza que exhibe el PLD","author":"Nelson Feliz","date":"28 de julio de 2025","format":false,"excerpt":"S\u00e1nchez afirma que la organizaci\u00f3n est\u00e1 preparada para reconquistar el poder. El miembro del Comit\u00e9 Pol\u00edtico del Partido de la Liberaci\u00f3n Dominicana (PLD), Gustavo S\u00e1nchez, afirm\u00f3 que esa organizaci\u00f3n pol\u00edtica ha resurgido en la percepci\u00f3n del pueblo de manera favorable, como lo confirman las encuestas. S\u00e1nchez dijo que para nadie\u2026","rel":"","context":"En \u00abPOLITICA\u00bb","block_context":{"text":"POLITICA","link":"https:\/\/lasprimeras.com.do\/index.php\/category\/politica\/"},"img":{"alt_text":"","src":"https:\/\/i0.wp.com\/lasprimeras.com.do\/wp-content\/uploads\/2025\/07\/Gustavo-Sanchez.jpg?resize=350%2C200&ssl=1","width":350,"height":200,"srcset":"https:\/\/i0.wp.com\/lasprimeras.com.do\/wp-content\/uploads\/2025\/07\/Gustavo-Sanchez.jpg?resize=350%2C200&ssl=1 1x, https:\/\/i0.wp.com\/lasprimeras.com.do\/wp-content\/uploads\/2025\/07\/Gustavo-Sanchez.jpg?resize=525%2C300&ssl=1 1.5x, https:\/\/i0.wp.com\/lasprimeras.com.do\/wp-content\/uploads\/2025\/07\/Gustavo-Sanchez.jpg?resize=700%2C400&ssl=1 2x"},"classes":[]},{"id":113984,"url":"https:\/\/lasprimeras.com.do\/index.php\/2025\/11\/09\/gustavo-sanchez-resalta-la-fortaleza-del-pld-que-lo-conducira-al-proximo-triunfo-electoral\/","url_meta":{"origin":107477,"position":3},"title":"Gustavo S\u00e1nchez resalta la fortaleza del PLD que lo conducir\u00e1 al pr\u00f3ximo triunfo electoral","author":"Nelson Feliz","date":"9 de noviembre de 2025","format":false,"excerpt":"El vocero del Bloque de Diputados del Partido de la Liberaci\u00f3n Dominicana (PLD), Gustavo S\u00e1nchez, valora la entusiasta participaci\u00f3n de la dirigencia partidaria en el acto de puesta en funcionamiento de la Plataforma Digital de Formaci\u00f3n Pol\u00edtica apunt\u00f3 sobre la confianza de que en el 2028 esa organizaci\u00f3n volver\u00e1 a\u2026","rel":"","context":"En \u00abPOLITICA\u00bb","block_context":{"text":"POLITICA","link":"https:\/\/lasprimeras.com.do\/index.php\/category\/politica\/"},"img":{"alt_text":"","src":"https:\/\/i0.wp.com\/lasprimeras.com.do\/wp-content\/uploads\/2025\/11\/G-ustavo-Sanchez-2.jpg?resize=350%2C200&ssl=1","width":350,"height":200,"srcset":"https:\/\/i0.wp.com\/lasprimeras.com.do\/wp-content\/uploads\/2025\/11\/G-ustavo-Sanchez-2.jpg?resize=350%2C200&ssl=1 1x, https:\/\/i0.wp.com\/lasprimeras.com.do\/wp-content\/uploads\/2025\/11\/G-ustavo-Sanchez-2.jpg?resize=525%2C300&ssl=1 1.5x, https:\/\/i0.wp.com\/lasprimeras.com.do\/wp-content\/uploads\/2025\/11\/G-ustavo-Sanchez-2.jpg?resize=700%2C400&ssl=1 2x"},"classes":[]},{"id":103989,"url":"https:\/\/lasprimeras.com.do\/index.php\/2025\/07\/21\/leonel-juramenta-2-regidores-y-mas-dirigentes-del-pld-prm-y-otras-organizaciones-en-san-cristobal\/","url_meta":{"origin":107477,"position":4},"title":"Leonel juramenta 2 regidores y m\u00e1s dirigentes del PLD, PRM y otras organizaciones en San Crist\u00f3bal","author":"Nelson Feliz","date":"21 de julio de 2025","format":false,"excerpt":"En un acto multitudinario celebrado este domingo 20 de julio en el Club Deportivo Ciro P\u00e9rez, el presidente de la Fuerza del Pueblo (FP), Leonel Fern\u00e1ndez, jurament\u00f3 a dos regidores y decenas de dirigentes provenientes del Partido de la Liberaci\u00f3n Dominicana (PLD), del Partido Revolucionario Moderno (PRM) y de otras\u2026","rel":"","context":"En \u00abPOLITICA\u00bb","block_context":{"text":"POLITICA","link":"https:\/\/lasprimeras.com.do\/index.php\/category\/politica\/"},"img":{"alt_text":"Leonel Fern\u00e1ndez","src":"https:\/\/i0.wp.com\/lasprimeras.com.do\/wp-content\/uploads\/2025\/07\/Leonel-Fernandez-4.jpg?resize=350%2C200&ssl=1","width":350,"height":200,"srcset":"https:\/\/i0.wp.com\/lasprimeras.com.do\/wp-content\/uploads\/2025\/07\/Leonel-Fernandez-4.jpg?resize=350%2C200&ssl=1 1x, https:\/\/i0.wp.com\/lasprimeras.com.do\/wp-content\/uploads\/2025\/07\/Leonel-Fernandez-4.jpg?resize=525%2C300&ssl=1 1.5x, https:\/\/i0.wp.com\/lasprimeras.com.do\/wp-content\/uploads\/2025\/07\/Leonel-Fernandez-4.jpg?resize=700%2C400&ssl=1 2x"},"classes":[]},{"id":113100,"url":"https:\/\/lasprimeras.com.do\/index.php\/2025\/10\/29\/gustavo-sanchez-el-populismo-es-practica-dominante-en-el-gobierno-del-prm\/","url_meta":{"origin":107477,"position":5},"title":"Gustavo S\u00e1nchez: El Populismo es pr\u00e1ctica dominante en el Gobierno del PRM","author":"Nelson Feliz","date":"29 de octubre de 2025","format":false,"excerpt":"El vocero de los diputados del PLD: \u201cLo real es que el PLD sube y el partido de gobierno baja\u201d. El vocero del Partido de la Liberaci\u00f3n Dominicana en la C\u00e1mara de Diputados, Gustavo S\u00e1nchez, reiter\u00f3 lo que es una apreciaci\u00f3n generalizada que el PRM no se prepar\u00f3 para ser\u2026","rel":"","context":"En \u00abPOLITICA\u00bb","block_context":{"text":"POLITICA","link":"https:\/\/lasprimeras.com.do\/index.php\/category\/politica\/"},"img":{"alt_text":"","src":"https:\/\/i0.wp.com\/lasprimeras.com.do\/wp-content\/uploads\/2025\/10\/Gustavo-Sanchez-2.jpg?resize=350%2C200&ssl=1","width":350,"height":200,"srcset":"https:\/\/i0.wp.com\/lasprimeras.com.do\/wp-content\/uploads\/2025\/10\/Gustavo-Sanchez-2.jpg?resize=350%2C200&ssl=1 1x, https:\/\/i0.wp.com\/lasprimeras.com.do\/wp-content\/uploads\/2025\/10\/Gustavo-Sanchez-2.jpg?resize=525%2C300&ssl=1 1.5x, https:\/\/i0.wp.com\/lasprimeras.com.do\/wp-content\/uploads\/2025\/10\/Gustavo-Sanchez-2.jpg?resize=700%2C400&ssl=1 2x"},"classes":[]}],"jetpack_sharing_enabled":true,"_links":{"self":[{"href":"https:\/\/lasprimeras.com.do\/index.php\/wp-json\/wp\/v2\/posts\/107477","targetHints":{"allow":["GET"]}}],"collection":[{"href":"https:\/\/lasprimeras.com.do\/index.php\/wp-json\/wp\/v2\/posts"}],"about":[{"href":"https:\/\/lasprimeras.com.do\/index.php\/wp-json\/wp\/v2\/types\/post"}],"author":[{"embeddable":true,"href":"https:\/\/lasprimeras.com.do\/index.php\/wp-json\/wp\/v2\/users\/10"}],"replies":[{"embeddable":true,"href":"https:\/\/lasprimeras.com.do\/index.php\/wp-json\/wp\/v2\/comments?post=107477"}],"version-history":[{"count":1,"href":"https:\/\/lasprimeras.com.do\/index.php\/wp-json\/wp\/v2\/posts\/107477\/revisions"}],"predecessor-version":[{"id":107479,"href":"https:\/\/lasprimeras.com.do\/index.php\/wp-json\/wp\/v2\/posts\/107477\/revisions\/107479"}],"wp:featuredmedia":[{"embeddable":true,"href":"https:\/\/lasprimeras.com.do\/index.php\/wp-json\/wp\/v2\/media\/107478"}],"wp:attachment":[{"href":"https:\/\/lasprimeras.com.do\/index.php\/wp-json\/wp\/v2\/media?parent=107477"}],"wp:term":[{"taxonomy":"category","embeddable":true,"href":"https:\/\/lasprimeras.com.do\/index.php\/wp-json\/wp\/v2\/categories?post=107477"},{"taxonomy":"post_tag","embeddable":true,"href":"https:\/\/lasprimeras.com.do\/index.php\/wp-json\/wp\/v2\/tags?post=107477"}],"curies":[{"name":"wp","href":"https:\/\/api.w.org\/{rel}","templated":true}]}}