{"id":107505,"date":"2025-08-27T20:07:33","date_gmt":"2025-08-28T00:07:33","guid":{"rendered":"https:\/\/lasprimeras.com.do\/?p=107505"},"modified":"2025-08-27T20:07:34","modified_gmt":"2025-08-28T00:07:34","slug":"elias-wessin-reclama-al-gobierno-que-rehabilite-y-modernice-el-hospital-psiquiatrico-padre-billini-el-28","status":"publish","type":"post","link":"https:\/\/lasprimeras.com.do\/index.php\/2025\/08\/27\/elias-wessin-reclama-al-gobierno-que-rehabilite-y-modernice-el-hospital-psiquiatrico-padre-billini-el-28\/","title":{"rendered":"El\u00edas Wessin reclama al Gobierno que rehabilite y modernice el Hospital Psiqui\u00e1trico Padre Billini (El 28)"},"content":{"rendered":"\n<p>El diputado nacional y presidente del Partido Quisqueyano Dem\u00f3crata Cristiano (PQDC), El\u00edas Wessin hizo un llamado al gobierno del PRM, para que rehabilite y modernice el Hospital Psiqui\u00e1trico Padre Billini, mejor conocido como el Manicomio del Km 28 de la Carretera Duarte.<\/p>\n\n\n\n<p>El legislador opositor, denunci\u00f3 la corriente progre que aboga por una &#8220;psiquiatr\u00eda comunitaria&#8221; que trata ambulatoriamente todos los casos psiqui\u00e1tricos.<\/p>\n\n\n\n<p>De ah\u00ed los lamentables hechos de homicidios cometidos por personas con demencia, tanto el caso de Ensanche Naco, como el \u00faltimo de la madre que envenen\u00f3 a sus tres hijos, son casos evidentes.&nbsp;<\/p>\n\n\n\n<p>As\u00ed como, la gran cantidad de orates que deambulan por las calles poniendo en peligro a terceros y a ellos mismos.<\/p>\n\n\n\n<p>Instagram<\/p>\n\n\n\n<figure class=\"wp-block-embed is-type-rich is-provider-instagram wp-block-embed-instagram\"><div class=\"wp-block-embed__wrapper\">\n<blockquote class=\"instagram-media\" data-instgrm-captioned data-instgrm-permalink=\"https:\/\/www.instagram.com\/reel\/DN3kx1sYl-Z\/?utm_source=ig_embed&amp;utm_campaign=loading\" data-instgrm-version=\"14\" style=\" background:#FFF; border:0; border-radius:3px; box-shadow:0 0 1px 0 rgba(0,0,0,0.5),0 1px 10px 0 rgba(0,0,0,0.15); margin: 1px; max-width:500px; min-width:326px; padding:0; width:99.375%; width:-webkit-calc(100% - 2px); width:calc(100% - 2px);\"><div style=\"padding:16px;\"> <a href=\"https:\/\/www.instagram.com\/reel\/DN3kx1sYl-Z\/?utm_source=ig_embed&amp;utm_campaign=loading\" style=\" background:#FFFFFF; line-height:0; padding:0 0; text-align:center; text-decoration:none; width:100%;\" target=\"_blank\"> <div style=\" display: flex; flex-direction: row; align-items: center;\"> <div style=\"background-color: #F4F4F4; border-radius: 50%; flex-grow: 0; height: 40px; margin-right: 14px; width: 40px;\"><\/div> <div style=\"display: flex; flex-direction: column; flex-grow: 1; justify-content: center;\"> <div style=\" background-color: #F4F4F4; border-radius: 4px; flex-grow: 0; height: 14px; margin-bottom: 6px; width: 100px;\"><\/div> <div style=\" background-color: #F4F4F4; border-radius: 4px; flex-grow: 0; height: 14px; width: 60px;\"><\/div><\/div><\/div><div style=\"padding: 19% 0;\"><\/div> <div style=\"display:block; height:50px; margin:0 auto 12px; width:50px;\"><svg width=\"50px\" height=\"50px\" viewBox=\"0 0 60 60\" version=\"1.1\" xmlns=\"https:\/\/www.w3.org\/2000\/svg\" xmlns:xlink=\"https:\/\/www.w3.org\/1999\/xlink\"><g stroke=\"none\" stroke-width=\"1\" fill=\"none\" fill-rule=\"evenodd\"><g transform=\"translate(-511.000000, -20.000000)\" fill=\"#000000\"><g><path d=\"M556.869,30.41 C554.814,30.41 553.148,32.076 553.148,34.131 C553.148,36.186 554.814,37.852 556.869,37.852 C558.924,37.852 560.59,36.186 560.59,34.131 C560.59,32.076 558.924,30.41 556.869,30.41 M541,60.657 C535.114,60.657 530.342,55.887 530.342,50 C530.342,44.114 535.114,39.342 541,39.342 C546.887,39.342 551.658,44.114 551.658,50 C551.658,55.887 546.887,60.657 541,60.657 M541,33.886 C532.1,33.886 524.886,41.1 524.886,50 C524.886,58.899 532.1,66.113 541,66.113 C549.9,66.113 557.115,58.899 557.115,50 C557.115,41.1 549.9,33.886 541,33.886 M565.378,62.101 C565.244,65.022 564.756,66.606 564.346,67.663 C563.803,69.06 563.154,70.057 562.106,71.106 C561.058,72.155 560.06,72.803 558.662,73.347 C557.607,73.757 556.021,74.244 553.102,74.378 C549.944,74.521 548.997,74.552 541,74.552 C533.003,74.552 532.056,74.521 528.898,74.378 C525.979,74.244 524.393,73.757 523.338,73.347 C521.94,72.803 520.942,72.155 519.894,71.106 C518.846,70.057 518.197,69.06 517.654,67.663 C517.244,66.606 516.755,65.022 516.623,62.101 C516.479,58.943 516.448,57.996 516.448,50 C516.448,42.003 516.479,41.056 516.623,37.899 C516.755,34.978 517.244,33.391 517.654,32.338 C518.197,30.938 518.846,29.942 519.894,28.894 C520.942,27.846 521.94,27.196 523.338,26.654 C524.393,26.244 525.979,25.756 528.898,25.623 C532.057,25.479 533.004,25.448 541,25.448 C548.997,25.448 549.943,25.479 553.102,25.623 C556.021,25.756 557.607,26.244 558.662,26.654 C560.06,27.196 561.058,27.846 562.106,28.894 C563.154,29.942 563.803,30.938 564.346,32.338 C564.756,33.391 565.244,34.978 565.378,37.899 C565.522,41.056 565.552,42.003 565.552,50 C565.552,57.996 565.522,58.943 565.378,62.101 M570.82,37.631 C570.674,34.438 570.167,32.258 569.425,30.349 C568.659,28.377 567.633,26.702 565.965,25.035 C564.297,23.368 562.623,22.342 560.652,21.575 C558.743,20.834 556.562,20.326 553.369,20.18 C550.169,20.033 549.148,20 541,20 C532.853,20 531.831,20.033 528.631,20.18 C525.438,20.326 523.257,20.834 521.349,21.575 C519.376,22.342 517.703,23.368 516.035,25.035 C514.368,26.702 513.342,28.377 512.574,30.349 C511.834,32.258 511.326,34.438 511.181,37.631 C511.035,40.831 511,41.851 511,50 C511,58.147 511.035,59.17 511.181,62.369 C511.326,65.562 511.834,67.743 512.574,69.651 C513.342,71.625 514.368,73.296 516.035,74.965 C517.703,76.634 519.376,77.658 521.349,78.425 C523.257,79.167 525.438,79.673 528.631,79.82 C531.831,79.965 532.853,80.001 541,80.001 C549.148,80.001 550.169,79.965 553.369,79.82 C556.562,79.673 558.743,79.167 560.652,78.425 C562.623,77.658 564.297,76.634 565.965,74.965 C567.633,73.296 568.659,71.625 569.425,69.651 C570.167,67.743 570.674,65.562 570.82,62.369 C570.966,59.17 571,58.147 571,50 C571,41.851 570.966,40.831 570.82,37.631\"><\/path><\/g><\/g><\/g><\/svg><\/div><div style=\"padding-top: 8px;\"> <div style=\" color:#3897f0; font-family:Arial,sans-serif; font-size:14px; font-style:normal; font-weight:550; line-height:18px;\">View this post on Instagram<\/div><\/div><div style=\"padding: 12.5% 0;\"><\/div> <div style=\"display: flex; flex-direction: row; margin-bottom: 14px; align-items: center;\"><div> <div style=\"background-color: #F4F4F4; border-radius: 50%; height: 12.5px; width: 12.5px; transform: translateX(0px) translateY(7px);\"><\/div> <div style=\"background-color: #F4F4F4; height: 12.5px; transform: rotate(-45deg) translateX(3px) translateY(1px); width: 12.5px; flex-grow: 0; margin-right: 14px; margin-left: 2px;\"><\/div> <div style=\"background-color: #F4F4F4; border-radius: 50%; height: 12.5px; width: 12.5px; transform: translateX(9px) translateY(-18px);\"><\/div><\/div><div style=\"margin-left: 8px;\"> <div style=\" background-color: #F4F4F4; border-radius: 50%; flex-grow: 0; height: 20px; width: 20px;\"><\/div> <div style=\" width: 0; height: 0; border-top: 2px solid transparent; border-left: 6px solid #f4f4f4; border-bottom: 2px solid transparent; transform: translateX(16px) translateY(-4px) rotate(30deg)\"><\/div><\/div><div style=\"margin-left: auto;\"> <div style=\" width: 0px; border-top: 8px solid #F4F4F4; border-right: 8px solid transparent; transform: translateY(16px);\"><\/div> <div style=\" background-color: #F4F4F4; flex-grow: 0; height: 12px; width: 16px; transform: translateY(-4px);\"><\/div> <div style=\" width: 0; height: 0; border-top: 8px solid #F4F4F4; border-left: 8px solid transparent; transform: translateY(-4px) translateX(8px);\"><\/div><\/div><\/div> <div style=\"display: flex; flex-direction: column; flex-grow: 1; justify-content: center; margin-bottom: 24px;\"> <div style=\" background-color: #F4F4F4; border-radius: 4px; flex-grow: 0; height: 14px; margin-bottom: 6px; width: 224px;\"><\/div> <div style=\" background-color: #F4F4F4; border-radius: 4px; flex-grow: 0; height: 14px; width: 144px;\"><\/div><\/div><\/a><p style=\" color:#c9c8cd; font-family:Arial,sans-serif; font-size:14px; line-height:17px; margin-bottom:0; margin-top:8px; overflow:hidden; padding:8px 0 7px; text-align:center; text-overflow:ellipsis; white-space:nowrap;\"><a href=\"https:\/\/www.instagram.com\/reel\/DN3kx1sYl-Z\/?utm_source=ig_embed&amp;utm_campaign=loading\" style=\" color:#c9c8cd; font-family:Arial,sans-serif; font-size:14px; font-style:normal; font-weight:normal; line-height:17px; text-decoration:none;\" target=\"_blank\">A post shared by El\u00edas Wessin Ch\u00e1vez (@wessinchavez)<\/a><\/p><\/div><\/blockquote><script async src=\"\/\/platform.instagram.com\/en_US\/embeds.js\"><\/script>\n<\/div><\/figure>\n\n\n\n<p>X https:\/\/x.com\/WessinChavez\/status\/1960769203910402337?s=08<\/p>\n\n\n\n<p>Facebook<\/p>\n\n\n\n<p><a href=\"https:\/\/www.facebook.com\/share\/v\/1EzWsqpFeS\">https:\/\/www.facebook.com\/share\/v\/1EzWsqpFeS<\/a><\/p>\n","protected":false},"excerpt":{"rendered":"<p>El diputado nacional y presidente del Partido Quisqueyano Dem\u00f3crata Cristiano (PQDC), El\u00edas Wessin hizo un llamado al gobierno del PRM, para que rehabilite y modernice el Hospital Psiqui\u00e1trico Padre Billini,&hellip;<\/p>\n","protected":false},"author":10,"featured_media":61818,"comment_status":"open","ping_status":"open","sticky":false,"template":"","format":"standard","meta":{"content-type":"","jetpack_post_was_ever_published":false,"_jetpack_newsletter_access":"","_jetpack_dont_email_post_to_subs":false,"_jetpack_newsletter_tier_id":0,"_jetpack_memberships_contains_paywalled_content":false,"_jetpack_memberships_contains_paid_content":false,"footnotes":""},"categories":[16559,25],"tags":[23761,344,171,23760,23759,23758],"class_list":["post-107505","post","type-post","status-publish","format-standard","has-post-thumbnail","hentry","category-politica","category-portada","tag-el-28","tag-elias-wessin-chavez","tag-gobierno","tag-hospital-psiquiatrico-padre-billini","tag-modernice","tag-rehabilite"],"jetpack_featured_media_url":"https:\/\/lasprimeras.com.do\/wp-content\/uploads\/2023\/10\/Elias-Wessin-Chavez-1.jpg","jetpack-related-posts":[{"id":107924,"url":"https:\/\/lasprimeras.com.do\/index.php\/2025\/09\/01\/diputado-elias-wessin-presenta-iniciativas-de-reforma-fiscal-y-tributaria\/","url_meta":{"origin":107505,"position":0},"title":"Diputado El\u00edas Wessin presenta iniciativas de Reforma Fiscal y Modernizaci\u00f3n de la Administraci\u00f3n P\u00fablica","author":"Nelson Feliz","date":"1 de septiembre de 2025","format":false,"excerpt":"El diputado nacional y vice-vocero del Bloque PQDC-PRD, El\u00edas Wessin, someti\u00f3 al Congreso Nacional dos proyectos de gran trascendencia para el futuro institucional y econ\u00f3mico de la Rep\u00fablica Dominicana: 1) el Proyecto de Reforma Fiscal y Tributaria y 2) el Proyecto de Modernizaci\u00f3n de la Administraci\u00f3n P\u00fablica. Ambas iniciativas se\u2026","rel":"","context":"En \u00abECONOM\u00cdA\u00bb","block_context":{"text":"ECONOM\u00cdA","link":"https:\/\/lasprimeras.com.do\/index.php\/category\/economia\/"},"img":{"alt_text":"","src":"https:\/\/i0.wp.com\/lasprimeras.com.do\/wp-content\/uploads\/2025\/09\/Elias-Wessin-Chavez-1.jpg?resize=350%2C200&ssl=1","width":350,"height":200,"srcset":"https:\/\/i0.wp.com\/lasprimeras.com.do\/wp-content\/uploads\/2025\/09\/Elias-Wessin-Chavez-1.jpg?resize=350%2C200&ssl=1 1x, https:\/\/i0.wp.com\/lasprimeras.com.do\/wp-content\/uploads\/2025\/09\/Elias-Wessin-Chavez-1.jpg?resize=525%2C300&ssl=1 1.5x, https:\/\/i0.wp.com\/lasprimeras.com.do\/wp-content\/uploads\/2025\/09\/Elias-Wessin-Chavez-1.jpg?resize=700%2C400&ssl=1 2x"},"classes":[]},{"id":106853,"url":"https:\/\/lasprimeras.com.do\/index.php\/2025\/08\/20\/wessin-chavez-presenta-rendicion-de-cuentas-correspondiente-al-periodo-legislativo-2024-2025\/","url_meta":{"origin":107505,"position":1},"title":"Wessin Ch\u00e1vez presenta &#8220;Rendici\u00f3n de Cuentas&#8221; correspondiente al periodo legislativo 2024-2025","author":"Nelson Feliz","date":"20 de agosto de 2025","format":false,"excerpt":"El diputado nacional y presidente del Partido Quisqueyano Dem\u00f3crata Cristiano (PQDC), doctor El\u00edas Wessin Ch\u00e1vez, present\u00f3 este martes su Rendici\u00f3n de Cuentas correspondiente al periodo legislativo 2024-2025; en cumplimiento del Art. 92 de la Constituci\u00f3n y al Reglamento de la C\u00e1mara de Diputados. El documento base sobre la Rendici\u00f3n de\u2026","rel":"","context":"En \u00abPOLITICA\u00bb","block_context":{"text":"POLITICA","link":"https:\/\/lasprimeras.com.do\/index.php\/category\/politica\/"},"img":{"alt_text":"","src":"https:\/\/i0.wp.com\/lasprimeras.com.do\/wp-content\/uploads\/2025\/08\/WhatsApp-Image-2025-08-20-at-8.53.29-AM.jpeg?resize=350%2C200&ssl=1","width":350,"height":200,"srcset":"https:\/\/i0.wp.com\/lasprimeras.com.do\/wp-content\/uploads\/2025\/08\/WhatsApp-Image-2025-08-20-at-8.53.29-AM.jpeg?resize=350%2C200&ssl=1 1x, https:\/\/i0.wp.com\/lasprimeras.com.do\/wp-content\/uploads\/2025\/08\/WhatsApp-Image-2025-08-20-at-8.53.29-AM.jpeg?resize=525%2C300&ssl=1 1.5x, https:\/\/i0.wp.com\/lasprimeras.com.do\/wp-content\/uploads\/2025\/08\/WhatsApp-Image-2025-08-20-at-8.53.29-AM.jpeg?resize=700%2C400&ssl=1 2x, https:\/\/i0.wp.com\/lasprimeras.com.do\/wp-content\/uploads\/2025\/08\/WhatsApp-Image-2025-08-20-at-8.53.29-AM.jpeg?resize=1050%2C600&ssl=1 3x, https:\/\/i0.wp.com\/lasprimeras.com.do\/wp-content\/uploads\/2025\/08\/WhatsApp-Image-2025-08-20-at-8.53.29-AM.jpeg?resize=1400%2C800&ssl=1 4x"},"classes":[]},{"id":91615,"url":"https:\/\/lasprimeras.com.do\/index.php\/2024\/11\/28\/entregan-bonos-navidenos-clinica-cruz-jiminian-hospital-padre-billini-y-conavihsida\/","url_meta":{"origin":107505,"position":2},"title":"Entregan bonos navide\u00f1os Cl\u00ednica Cruz Jimini\u00e1n, Hospital Padre Billini y Conavihsida","author":"Nelson Feliz","date":"28 de noviembre de 2024","format":false,"excerpt":"El coordinador del Gabinete de Pol\u00edticas Sociales del Gobierno, Tony Pe\u00f1a Guaba, entreg\u00f3 este jueves durante un nutrido acto en la Cl\u00ednica Cruz Jimini\u00e1n, una cantidad considerable de bonos navide\u00f1os. Pe\u00f1a Guaba, cumple su promesa en el acto de lanzamiento del Bono Navide\u00f1o de este a\u00f1o, de que las llevar\u00eda\u2026","rel":"","context":"En \u00abECONOM\u00cdA\u00bb","block_context":{"text":"ECONOM\u00cdA","link":"https:\/\/lasprimeras.com.do\/index.php\/category\/economia\/"},"img":{"alt_text":"","src":"https:\/\/i0.wp.com\/lasprimeras.com.do\/wp-content\/uploads\/2024\/11\/pena-guaba.jpg?resize=350%2C200&ssl=1","width":350,"height":200,"srcset":"https:\/\/i0.wp.com\/lasprimeras.com.do\/wp-content\/uploads\/2024\/11\/pena-guaba.jpg?resize=350%2C200&ssl=1 1x, https:\/\/i0.wp.com\/lasprimeras.com.do\/wp-content\/uploads\/2024\/11\/pena-guaba.jpg?resize=525%2C300&ssl=1 1.5x, https:\/\/i0.wp.com\/lasprimeras.com.do\/wp-content\/uploads\/2024\/11\/pena-guaba.jpg?resize=700%2C400&ssl=1 2x"},"classes":[]},{"id":97808,"url":"https:\/\/lasprimeras.com.do\/index.php\/2025\/04\/28\/wessin-chavez-el-cefa-buscaba-frenar-el-comunismo-en-la-revolucion-de-abril-de-1965\/","url_meta":{"origin":107505,"position":3},"title":"Wessin Ch\u00e1vez: El Cefa buscaba frenar el comunismo en la Revoluci\u00f3n de Abril de 1965","author":"Nelson Feliz","date":"28 de abril de 2025","format":false,"excerpt":"El 3 de septiembre de 1965 marca la fecha en que finalmente concluyeron las acciones revolucionarias al llegar a un acuerdo entre beligerantes y la parte mediadora con la firma del Acto Institucional. La llegada de marines norteamericanos durante la revoluci\u00f3n de abril de 1965 fue controversial para constitucionalistas y\u2026","rel":"","context":"En \u00abHISTORIA\u00bb","block_context":{"text":"HISTORIA","link":"https:\/\/lasprimeras.com.do\/index.php\/category\/historia\/"},"img":{"alt_text":"El\u00edas Wessin Chavez","src":"https:\/\/i0.wp.com\/lasprimeras.com.do\/wp-content\/uploads\/2025\/04\/Elias-Wessin-Chavez.png?resize=350%2C200&ssl=1","width":350,"height":200,"srcset":"https:\/\/i0.wp.com\/lasprimeras.com.do\/wp-content\/uploads\/2025\/04\/Elias-Wessin-Chavez.png?resize=350%2C200&ssl=1 1x, https:\/\/i0.wp.com\/lasprimeras.com.do\/wp-content\/uploads\/2025\/04\/Elias-Wessin-Chavez.png?resize=525%2C300&ssl=1 1.5x, https:\/\/i0.wp.com\/lasprimeras.com.do\/wp-content\/uploads\/2025\/04\/Elias-Wessin-Chavez.png?resize=700%2C400&ssl=1 2x"},"classes":[]},{"id":72048,"url":"https:\/\/lasprimeras.com.do\/index.php\/2023\/12\/26\/incendio-en-unidad-psiquiatrica-deja-cuatro-heridos-en-portugal\/","url_meta":{"origin":107505,"position":4},"title":"Incendio en unidad psiqui\u00e1trica deja cuatro heridos en Portugal","author":"Nelson Feliz","date":"26 de diciembre de 2023","format":false,"excerpt":"PORTUGAL,Lisboa, EFE.-. Cuatro personas resultaron heridas este martes en un incendio en la Unidad de Psiquiatr\u00eda del Hospital Padre Am\u00e9rico, en Penafiel, a 34 kil\u00f3metros al este de Oporto, la segunda ciudad de Portugal. Una fuente de los Bomberos Voluntarios de Penafiel dijo a EFE que el fuego ya est\u00e1\u2026","rel":"","context":"En \u00abSin categor\u00eda\u00bb","block_context":{"text":"Sin categor\u00eda","link":"https:\/\/lasprimeras.com.do\/index.php\/category\/sin-categoria\/"},"img":{"alt_text":"capturan","src":"https:\/\/i0.wp.com\/lasprimeras.com.do\/wp-content\/uploads\/2023\/12\/capturan.jpg?resize=350%2C200&ssl=1","width":350,"height":200,"srcset":"https:\/\/i0.wp.com\/lasprimeras.com.do\/wp-content\/uploads\/2023\/12\/capturan.jpg?resize=350%2C200&ssl=1 1x, https:\/\/i0.wp.com\/lasprimeras.com.do\/wp-content\/uploads\/2023\/12\/capturan.jpg?resize=525%2C300&ssl=1 1.5x, https:\/\/i0.wp.com\/lasprimeras.com.do\/wp-content\/uploads\/2023\/12\/capturan.jpg?resize=700%2C400&ssl=1 2x"},"classes":[]},{"id":75524,"url":"https:\/\/lasprimeras.com.do\/index.php\/2024\/02\/02\/realizaran-jornada-gratuita-de-cirugia-reconstructiva-en-hospital-padre-billini\/","url_meta":{"origin":107505,"position":5},"title":"Realizar\u00e1n jornada gratuita de cirug\u00eda reconstructiva en Hospital Padre Billini","author":"Railenis Caraballo","date":"2 de febrero de 2024","format":false,"excerpt":"Distrito Nacional, R.D.--El Hospital Padre Billini, las fundaciones Renacer y la MACLA (Medical Aid for Children of Latin Am\u00e9rica) anuncian la XXIX jornada Dominico Americana de Cirug\u00edas Reconstructivas y la jornada XII de Reconstrucci\u00f3n de Pabell\u00f3n Auricular (oreja) totalmente gratis para la poblaci\u00f3n, desde este fin de semana. La actividad\u2026","rel":"","context":"En \u00abSin categor\u00eda\u00bb","block_context":{"text":"Sin categor\u00eda","link":"https:\/\/lasprimeras.com.do\/index.php\/category\/sin-categoria\/"},"img":{"alt_text":"","src":"","width":0,"height":0},"classes":[]}],"jetpack_sharing_enabled":true,"_links":{"self":[{"href":"https:\/\/lasprimeras.com.do\/index.php\/wp-json\/wp\/v2\/posts\/107505","targetHints":{"allow":["GET"]}}],"collection":[{"href":"https:\/\/lasprimeras.com.do\/index.php\/wp-json\/wp\/v2\/posts"}],"about":[{"href":"https:\/\/lasprimeras.com.do\/index.php\/wp-json\/wp\/v2\/types\/post"}],"author":[{"embeddable":true,"href":"https:\/\/lasprimeras.com.do\/index.php\/wp-json\/wp\/v2\/users\/10"}],"replies":[{"embeddable":true,"href":"https:\/\/lasprimeras.com.do\/index.php\/wp-json\/wp\/v2\/comments?post=107505"}],"version-history":[{"count":1,"href":"https:\/\/lasprimeras.com.do\/index.php\/wp-json\/wp\/v2\/posts\/107505\/revisions"}],"predecessor-version":[{"id":107506,"href":"https:\/\/lasprimeras.com.do\/index.php\/wp-json\/wp\/v2\/posts\/107505\/revisions\/107506"}],"wp:featuredmedia":[{"embeddable":true,"href":"https:\/\/lasprimeras.com.do\/index.php\/wp-json\/wp\/v2\/media\/61818"}],"wp:attachment":[{"href":"https:\/\/lasprimeras.com.do\/index.php\/wp-json\/wp\/v2\/media?parent=107505"}],"wp:term":[{"taxonomy":"category","embeddable":true,"href":"https:\/\/lasprimeras.com.do\/index.php\/wp-json\/wp\/v2\/categories?post=107505"},{"taxonomy":"post_tag","embeddable":true,"href":"https:\/\/lasprimeras.com.do\/index.php\/wp-json\/wp\/v2\/tags?post=107505"}],"curies":[{"name":"wp","href":"https:\/\/api.w.org\/{rel}","templated":true}]}}