{"id":107507,"date":"2025-08-27T20:19:11","date_gmt":"2025-08-28T00:19:11","guid":{"rendered":"https:\/\/lasprimeras.com.do\/?p=107507"},"modified":"2025-08-27T20:19:14","modified_gmt":"2025-08-28T00:19:14","slug":"director-del-sns-reitera-al-sector-salud-que-ha-cumplido-al-100-acuerdos-suscritos","status":"publish","type":"post","link":"https:\/\/lasprimeras.com.do\/index.php\/2025\/08\/27\/director-del-sns-reitera-al-sector-salud-que-ha-cumplido-al-100-acuerdos-suscritos\/","title":{"rendered":"Director del SNS reitera al sector salud que ha cumplido &#8220;al 100 %&#8221; acuerdos suscritos"},"content":{"rendered":"\n<p>El director del Servicio Nacional de Salud, Mario Lama, llam\u00f3 este mi\u00e9rcoles a las enfermeras a llegar a un entendimiento, al tiempo que reiter\u00f3 que en el sector salud todos los acuerdos suscritos se han cumplido &#8220;al 100 %&#8221;.<\/p>\n\n\n\n<p>El funcionario record\u00f3 que, en enero de este a\u00f1o, se increment\u00f3 en un 10 % el salario del personal asistencial. &#8220;En el mes de julio se aplic\u00f3 otro aumento del 10 % y est\u00e1 programado para enero un 5 % adicional, seg\u00fan los acuerdos&#8221;.<\/p>\n\n\n\n<p>Explic\u00f3 que los principales reclamos de ese colectivo \u2014incentivos, cambios de designaci\u00f3n y el nombramiento del personal pendiente\u2014 &#8220;son nuevas reivindicaciones&#8221;.<\/p>\n\n\n\n<p>Lama sostuvo que, en cuatro a\u00f1os, se han incluido 7,000 personas en las n\u00f3minas del SNS, entre ellas enfermeras, bioanalistas, personal administrativo, entre otros.<\/p>\n\n\n\n<p>&#8220;Se les est\u00e1 dando respuesta (\u2026) el Gobierno siempre ha estado dispuesto al di\u00e1logo, pero este debe darse dentro de lo posible, dentro de la racionalidad. Llamamos al entendimiento; al final, los afectados son los pacientes&#8221;, se\u00f1al\u00f3.<\/p>\n\n\n\n<p>Falta de suministros<\/p>\n\n\n\n<p>Sobre las denuncias relacionadas con el abastecimiento en hospitales y la falta de camas en los centros, el funcionario indic\u00f3: &#8220;Si no hay camas es porque estamos llenos, no se niega el servicio. Hemos ampliado la red hospitalaria&#8221;.<\/p>\n\n\n\n<p>El director del SNS se\u00f1al\u00f3 que se ha &#8220;recobrado la confianza&#8221; en los hospitales, lo que ha provocado que pacientes del sector privado busquen camas en centros de la red p\u00fablica, sobre todo en las unidades de cuidados intensivos.<\/p>\n\n\n\n<p>El funcionario a\u00f1adi\u00f3 que se han entregado 75 hospitales remozados y 200 nuevas unidades de servicios. &#8220;Esto ha generado la mayor producci\u00f3n hist\u00f3rica de atenciones en la red p\u00fablica desde 2015 hasta la fecha. En 2024 se rompi\u00f3 r\u00e9cord en todas las \u00e1reas de servicio, y eso es porque nuestros pacientes est\u00e1n acudiendo a los hospitales, ya que est\u00e1n encontrando respuesta&#8221;, sostuvo.<\/p>\n\n\n\n<p>La semana pasada, m\u00e1s de ocho gremios realizaron un paro de labores como forma de llamar la atenci\u00f3n de las autoridades y, ayer martes, retomaron la protesta a nivel nacional por 24 horas, con el compromiso de finalizarla este mi\u00e9rcoles a las 7:00 de la ma\u00f1ana.<\/p>\n\n\n\n<p>El titular del SNS se expres\u00f3 en esos t\u00e9rminos al finalizar su participaci\u00f3n en el Di\u00e1logo &#8220;Cobertura medi\u00e1tica del derrumbe del techo de la discoteca Jet Set&#8221;, organizado por la Sociedad Dominicana de Diarios (SDD), con el acompa\u00f1amiento de la Unesco.<\/p>\n","protected":false},"excerpt":{"rendered":"<p>El director del Servicio Nacional de Salud, Mario Lama, llam\u00f3 este mi\u00e9rcoles a las enfermeras a llegar a un entendimiento, al tiempo que reiter\u00f3 que en el sector salud todos&hellip;<\/p>\n","protected":false},"author":10,"featured_media":95957,"comment_status":"open","ping_status":"open","sticky":false,"template":"","format":"standard","meta":{"content-type":"","jetpack_post_was_ever_published":false,"_jetpack_newsletter_access":"","_jetpack_dont_email_post_to_subs":false,"_jetpack_newsletter_tier_id":0,"_jetpack_memberships_contains_paywalled_content":false,"_jetpack_memberships_contains_paid_content":false,"footnotes":""},"categories":[25,16558],"tags":[23763,19692,23762,3685],"class_list":["post-107507","post","type-post","status-publish","format-standard","has-post-thumbnail","hentry","category-portada","category-salud","tag-acuerdos-suscritos","tag-director-del-sns","tag-ha-cumplido","tag-sector-salud"],"jetpack_featured_media_url":"https:\/\/lasprimeras.com.do\/wp-content\/uploads\/2025\/03\/MARIO-LAMA.jpg","jetpack-related-posts":[{"id":105143,"url":"https:\/\/lasprimeras.com.do\/index.php\/2025\/07\/31\/sns-reitera-cumplimiento-de-acuerdo-salarial-personal-salud\/","url_meta":{"origin":107507,"position":0},"title":"SNS reitera cumplimiento de acuerdo salarial personal salud","author":"Nelson Feliz","date":"31 de julio de 2025","format":false,"excerpt":"El director del Servicio Nacional de Salud (SNS), doctor Mario Lama, afirm\u00f3 que la instituci\u00f3n ha dado fiel cumplimiento al 100 % de los incrementos salariales establecidos por el Gobierno en el acuerdo suscrito con el personal de salud, incluyendo a los profesionales del \u00e1rea de laboratorio cl\u00ednico. Lama aclar\u00f3\u2026","rel":"","context":"En \u00abPORTADA\u00bb","block_context":{"text":"PORTADA","link":"https:\/\/lasprimeras.com.do\/index.php\/category\/portada\/"},"img":{"alt_text":"","src":"https:\/\/i0.wp.com\/lasprimeras.com.do\/wp-content\/uploads\/2025\/07\/SNS.jpg?resize=350%2C200&ssl=1","width":350,"height":200,"srcset":"https:\/\/i0.wp.com\/lasprimeras.com.do\/wp-content\/uploads\/2025\/07\/SNS.jpg?resize=350%2C200&ssl=1 1x, https:\/\/i0.wp.com\/lasprimeras.com.do\/wp-content\/uploads\/2025\/07\/SNS.jpg?resize=525%2C300&ssl=1 1.5x"},"classes":[]},{"id":110394,"url":"https:\/\/lasprimeras.com.do\/index.php\/2025\/09\/28\/sns-incrementa-casi-el-doble-a-salario-de-enfermeras-suma-mas-de-6200-a-la-red-publica\/","url_meta":{"origin":107507,"position":1},"title":"SNS incrementa casi el doble a salario de enfermeras, suma m\u00e1s de 6,200 a la Red P\u00fablica","author":"Nelson Feliz","date":"28 de septiembre de 2025","format":false,"excerpt":"El Servicio Nacional de Salud (SNS) destac\u00f3 los avances alcanzados en la dignificaci\u00f3n del personal de enfermer\u00eda durante la gesti\u00f3n del presidente de la Rep\u00fablica, Luis Abinader. En tal sentido, el doctor Mario Lama, director del Servicio Nacional de Salud, inform\u00f3 que, entre agosto 2020 y agosto 2025 ingresaron al\u2026","rel":"","context":"En \u00abECONOM\u00cdA\u00bb","block_context":{"text":"ECONOM\u00cdA","link":"https:\/\/lasprimeras.com.do\/index.php\/category\/economia\/"},"img":{"alt_text":"","src":"https:\/\/i0.wp.com\/lasprimeras.com.do\/wp-content\/uploads\/2025\/09\/SNS.jpg?resize=350%2C200&ssl=1","width":350,"height":200,"srcset":"https:\/\/i0.wp.com\/lasprimeras.com.do\/wp-content\/uploads\/2025\/09\/SNS.jpg?resize=350%2C200&ssl=1 1x, https:\/\/i0.wp.com\/lasprimeras.com.do\/wp-content\/uploads\/2025\/09\/SNS.jpg?resize=525%2C300&ssl=1 1.5x, https:\/\/i0.wp.com\/lasprimeras.com.do\/wp-content\/uploads\/2025\/09\/SNS.jpg?resize=700%2C400&ssl=1 2x"},"classes":[]},{"id":114620,"url":"https:\/\/lasprimeras.com.do\/index.php\/2025\/08\/26\/sns-ratifica-cumplimiento-de-acuerdos-salariales-y-aclara-que-reclamos-actuales-son-nuevas-demandas\/","url_meta":{"origin":107507,"position":2},"title":"SNS ratifica cumplimiento de acuerdos salariales y aclara que reclamos actuales son nuevas demandas","author":"Nelson Feliz","date":"26 de agosto de 2025","format":false,"excerpt":"El Servicio Nacional de Salud (SNS) reafirm\u00f3 este martes que todos los acuerdos salariales alcanzados con el personal de salud han sido ejecutados en su totalidad, beneficiando de manera directa a los profesionales de enfermer\u00eda y dem\u00e1s \u00e1reas asistenciales. Durante el presente a\u00f1o se aplicaron dos incrementos salariales, un 10\u2026","rel":"","context":"En \u00abSALUD\u00bb","block_context":{"text":"SALUD","link":"https:\/\/lasprimeras.com.do\/index.php\/category\/salud\/"},"img":{"alt_text":"","src":"https:\/\/i0.wp.com\/lasprimeras.com.do\/wp-content\/uploads\/2025\/11\/SNS-1.jpg?resize=350%2C200&ssl=1","width":350,"height":200,"srcset":"https:\/\/i0.wp.com\/lasprimeras.com.do\/wp-content\/uploads\/2025\/11\/SNS-1.jpg?resize=350%2C200&ssl=1 1x, https:\/\/i0.wp.com\/lasprimeras.com.do\/wp-content\/uploads\/2025\/11\/SNS-1.jpg?resize=525%2C300&ssl=1 1.5x, https:\/\/i0.wp.com\/lasprimeras.com.do\/wp-content\/uploads\/2025\/11\/SNS-1.jpg?resize=700%2C400&ssl=1 2x"},"classes":[]},{"id":92351,"url":"https:\/\/lasprimeras.com.do\/index.php\/2025\/01\/02\/cmd-acuerda-reunion-para-aumento-salarial-levantan-huelga\/","url_meta":{"origin":107507,"position":3},"title":"CMD acuerda reuni\u00f3n para aumento salarial; levantan huelga","author":"Nelson Feliz","date":"2 de enero de 2025","format":false,"excerpt":"El director del Servicio Nacional de Salud (SNS), Mario Lama, y el presidente del Colegio M\u00e9dico Dominicano (CMD), Waldo Ariel Suero, pactaron reunirse este s\u00e1bado para avanzar en las negociaciones que permitan firmar el acuerdo de aumento salarial. Lama inform\u00f3 que el encuentro se realizar\u00e1 en el Palacio Nacional con\u2026","rel":"","context":"En \u00abNACIONALES\u00bb","block_context":{"text":"NACIONALES","link":"https:\/\/lasprimeras.com.do\/index.php\/category\/nacionales\/"},"img":{"alt_text":"Waldo Ariel Suero, tras retirarse de la Sede del Servicio Nacional de Salud.","src":"https:\/\/i0.wp.com\/lasprimeras.com.do\/wp-content\/uploads\/2025\/01\/Waldo-Ariel-Suero-tras-retirarse-de-la-Sede-del-Servicio-Nacional-de-Salud.jpg?resize=350%2C200&ssl=1","width":350,"height":200,"srcset":"https:\/\/i0.wp.com\/lasprimeras.com.do\/wp-content\/uploads\/2025\/01\/Waldo-Ariel-Suero-tras-retirarse-de-la-Sede-del-Servicio-Nacional-de-Salud.jpg?resize=350%2C200&ssl=1 1x, https:\/\/i0.wp.com\/lasprimeras.com.do\/wp-content\/uploads\/2025\/01\/Waldo-Ariel-Suero-tras-retirarse-de-la-Sede-del-Servicio-Nacional-de-Salud.jpg?resize=525%2C300&ssl=1 1.5x, https:\/\/i0.wp.com\/lasprimeras.com.do\/wp-content\/uploads\/2025\/01\/Waldo-Ariel-Suero-tras-retirarse-de-la-Sede-del-Servicio-Nacional-de-Salud.jpg?resize=700%2C400&ssl=1 2x"},"classes":[]},{"id":106261,"url":"https:\/\/lasprimeras.com.do\/index.php\/2025\/08\/12\/enfermeras-marchan-exigiendo-se-cumplan-con-acuerdos-de-2024\/","url_meta":{"origin":107507,"position":4},"title":"Enfermeras marchan exigiendo se cumplan con acuerdos de 2024","author":"Nelson Feliz","date":"12 de agosto de 2025","format":false,"excerpt":"Las profesionales exigen un aumento salarial de un 25 %, que, seg\u00fan indicaron, este incremento ser\u00eda realizado de manera escalonada: un 10% en enero de 2025 y un segundo el 10 de julio de este mismo a\u00f1o. Con sus uniformes y cofia de color blanco, las enfermeras dominicanas protestaron desde\u2026","rel":"","context":"En \u00abNACIONALES\u00bb","block_context":{"text":"NACIONALES","link":"https:\/\/lasprimeras.com.do\/index.php\/category\/nacionales\/"},"img":{"alt_text":"","src":"https:\/\/i0.wp.com\/lasprimeras.com.do\/wp-content\/uploads\/2025\/08\/enfermeras.jpg?resize=350%2C200&ssl=1","width":350,"height":200,"srcset":"https:\/\/i0.wp.com\/lasprimeras.com.do\/wp-content\/uploads\/2025\/08\/enfermeras.jpg?resize=350%2C200&ssl=1 1x, https:\/\/i0.wp.com\/lasprimeras.com.do\/wp-content\/uploads\/2025\/08\/enfermeras.jpg?resize=525%2C300&ssl=1 1.5x"},"classes":[]},{"id":65790,"url":"https:\/\/lasprimeras.com.do\/index.php\/2023\/10\/31\/medicos-dicen-sns-debio-avisar-a-personal-de-maternidad-de-los-mina-sobre-presunta-privatizacion\/","url_meta":{"origin":107507,"position":5},"title":"M\u00e9dicos dicen SNS debi\u00f3 avisar a personal de Maternidad de Los Mina sobre presunta privatizaci\u00f3n","author":"BIMARY DE JES\u00daS Matos","date":"31 de octubre de 2023","format":false,"excerpt":"Santo Domingo.-El presidente del Colegio M\u00e9dico Dominicano (CMD) de la filial Santo Domingo Este, Rafael de los Santos, dijo este martes que el Servicio Nacional de Salud (SNS) debi\u00f3 avisarle al personal m\u00e9dico de la Maternidad de Los Mina sobre la presunta privatizaci\u00f3n del hospital. \u00abA ellos se les debi\u00f3\u2026","rel":"","context":"En \u00abNACIONALES\u00bb","block_context":{"text":"NACIONALES","link":"https:\/\/lasprimeras.com.do\/index.php\/category\/nacionales\/"},"img":{"alt_text":"","src":"https:\/\/i0.wp.com\/lasprimeras.com.do\/wp-content\/uploads\/2023\/10\/WhatsApp-Image-2023-10-30-at-2.58.48-PM-4.jpeg?resize=350%2C200&ssl=1","width":350,"height":200,"srcset":"https:\/\/i0.wp.com\/lasprimeras.com.do\/wp-content\/uploads\/2023\/10\/WhatsApp-Image-2023-10-30-at-2.58.48-PM-4.jpeg?resize=350%2C200&ssl=1 1x, https:\/\/i0.wp.com\/lasprimeras.com.do\/wp-content\/uploads\/2023\/10\/WhatsApp-Image-2023-10-30-at-2.58.48-PM-4.jpeg?resize=525%2C300&ssl=1 1.5x"},"classes":[]}],"jetpack_sharing_enabled":true,"_links":{"self":[{"href":"https:\/\/lasprimeras.com.do\/index.php\/wp-json\/wp\/v2\/posts\/107507","targetHints":{"allow":["GET"]}}],"collection":[{"href":"https:\/\/lasprimeras.com.do\/index.php\/wp-json\/wp\/v2\/posts"}],"about":[{"href":"https:\/\/lasprimeras.com.do\/index.php\/wp-json\/wp\/v2\/types\/post"}],"author":[{"embeddable":true,"href":"https:\/\/lasprimeras.com.do\/index.php\/wp-json\/wp\/v2\/users\/10"}],"replies":[{"embeddable":true,"href":"https:\/\/lasprimeras.com.do\/index.php\/wp-json\/wp\/v2\/comments?post=107507"}],"version-history":[{"count":1,"href":"https:\/\/lasprimeras.com.do\/index.php\/wp-json\/wp\/v2\/posts\/107507\/revisions"}],"predecessor-version":[{"id":107508,"href":"https:\/\/lasprimeras.com.do\/index.php\/wp-json\/wp\/v2\/posts\/107507\/revisions\/107508"}],"wp:featuredmedia":[{"embeddable":true,"href":"https:\/\/lasprimeras.com.do\/index.php\/wp-json\/wp\/v2\/media\/95957"}],"wp:attachment":[{"href":"https:\/\/lasprimeras.com.do\/index.php\/wp-json\/wp\/v2\/media?parent=107507"}],"wp:term":[{"taxonomy":"category","embeddable":true,"href":"https:\/\/lasprimeras.com.do\/index.php\/wp-json\/wp\/v2\/categories?post=107507"},{"taxonomy":"post_tag","embeddable":true,"href":"https:\/\/lasprimeras.com.do\/index.php\/wp-json\/wp\/v2\/tags?post=107507"}],"curies":[{"name":"wp","href":"https:\/\/api.w.org\/{rel}","templated":true}]}}