{"id":107509,"date":"2025-08-27T20:24:26","date_gmt":"2025-08-28T00:24:26","guid":{"rendered":"https:\/\/lasprimeras.com.do\/?p=107509"},"modified":"2025-08-27T20:24:28","modified_gmt":"2025-08-28T00:24:28","slug":"antonio-marte-ve-dificil-que-el-prm-retenga-el-poder-si-omar-fernandez-es-candidato-presidencial","status":"publish","type":"post","link":"https:\/\/lasprimeras.com.do\/index.php\/2025\/08\/27\/antonio-marte-ve-dificil-que-el-prm-retenga-el-poder-si-omar-fernandez-es-candidato-presidencial\/","title":{"rendered":"Antonio Marte ve dif\u00edcil que el PRM retenga el poder si Omar Fern\u00e1ndez es candidato presidencial"},"content":{"rendered":"\n<p>El senador y aliado al partido de gobierno tambi\u00e9n reconoci\u00f3 que en el PRM hay buenos candidatos y resalt\u00f3 a Carolina Mej\u00eda y la vicepresidenta Raquel Pe\u00f1a.<\/p>\n\n\n\n<p>El senador y presidente del Partido Primero la Gente (PPG), Antonio Marte, plante\u00f3 este mi\u00e9rcoles que si Omar Fern\u00e1ndez es el candidato presidencial elegido por la oposici\u00f3n se dificulta para el oficialismo retener el poder en 2028.<\/p>\n\n\n\n<p>El empresario afirm\u00f3 que &#8220;el problema es que el pueblo est\u00e1 en Omar&#8221;, infiriendo que es un escenario poco ventajoso para sus aliados del Partido Revolucionario Moderno (PRM).<\/p>\n\n\n\n<p>&#8220;Si fuera Omar el candidato la pelea se puede dar m\u00e1s dura, que con los candidatos del PRM y otro candidato (de la oposici\u00f3n), porque el problema es que el pueblo est\u00e1 en Omar, el pueblo est\u00e1 con Omar&#8221;, enfatiz\u00f3 Marte.<\/p>\n\n\n\n<p><strong>Reconoce presidenciables del PRM<\/strong><\/p>\n\n\n\n<p>Marte tambi\u00e9n reconoci\u00f3 que en el PRM hay buenos candidatos, al destacar que &#8220;Carolina (Mej\u00eda) es una de las mejores candidatas, y tambi\u00e9n el ministro David Collado&#8221;.<\/p>\n\n\n\n<p>Asimismo, elogi\u00f3 a la vicepresidenta Raquel Pe\u00f1a, al afirmar: &#8220;La vice es una caja de sorpresas&#8221;.<\/p>\n\n\n\n<p>No obstante, reiter\u00f3: &#8220;Si Omar es el candidato de la oposici\u00f3n, vamos a tener que guayar la yuca. Va a ser m\u00e1s fuerte la pelea. Eso dif\u00edcilmente lo escuche el pueblo de un perreme\u00edsta, pero yo lo digo&#8221;.<\/p>\n\n\n\n<p>Los llamados &#8220;presidenciables&#8221; competir\u00e1n en busca de retener al PRM en el poder de cara a las elecciones del 2028.<\/p>\n\n\n\n<p>Por el momento estos son: la vicepresidenta Raquel Pe\u00f1a, el ministro de Turismo David Collado, la alcaldesa Carolina Mej\u00eda, Eduardo Sanz Lovat\u00f3n, director de Aduanas; Wellington Am\u00edn Arnaud, director Ejecutivo del Instituto Nacional de Aguas Potables y Alcantarillados (Inapa); Tony Pe\u00f1a Guaba, coordinador de Pol\u00edticas Sociales de la Presidencia.<\/p>\n\n\n\n<p><strong>Omar en la FP<\/strong><\/p>\n\n\n\n<p>Omar Fern\u00e1ndez es senador del Distrito Nacional por la Fuerza del Pueblo (FP). Algunos sectores de esa organizaci\u00f3n entienden que el legislador debe ser el candidato presidencial en las elecciones de 2028. Otros, quieren que sea Leonel Fern\u00e1ndez, su padre y presidente del partido.<\/p>\n","protected":false},"excerpt":{"rendered":"<p>El senador y aliado al partido de gobierno tambi\u00e9n reconoci\u00f3 que en el PRM hay buenos candidatos y resalt\u00f3 a Carolina Mej\u00eda y la vicepresidenta Raquel Pe\u00f1a. El senador y&hellip;<\/p>\n","protected":false},"author":10,"featured_media":107510,"comment_status":"open","ping_status":"open","sticky":false,"template":"","format":"standard","meta":{"content-type":"","jetpack_post_was_ever_published":false,"_jetpack_newsletter_access":"","_jetpack_dont_email_post_to_subs":false,"_jetpack_newsletter_tier_id":0,"_jetpack_memberships_contains_paywalled_content":false,"_jetpack_memberships_contains_paid_content":false,"footnotes":""},"categories":[16559,25],"tags":[5524,23764],"class_list":["post-107509","post","type-post","status-publish","format-standard","has-post-thumbnail","hentry","category-politica","category-portada","tag-antonio-marte","tag-ve-dificil-prm-retenga-el-poder-si-omar-fernandez-es-candidato-presidencial"],"jetpack_featured_media_url":"https:\/\/lasprimeras.com.do\/wp-content\/uploads\/2025\/08\/Antonio-Marte.jpg","jetpack-related-posts":[{"id":107669,"url":"https:\/\/lasprimeras.com.do\/index.php\/2025\/08\/29\/omar-agradece-valoracion-de-antonio-marte-quien-lo-ve-como-el-principal-reto-politico-del-prm\/","url_meta":{"origin":107509,"position":0},"title":"Omar agradece valoraci\u00f3n de Antonio Marte, quien lo ve como el principal reto pol\u00edtico del PRM","author":"Nelson Feliz","date":"29 de agosto de 2025","format":false,"excerpt":"El senador del Distrito Nacional, Omar Fern\u00e1ndez, expres\u00f3 este jueves su agradecimiento a su colega Antonio Marte, presidente del Partido Primero la Gente (PPG), quien afirm\u00f3 que el joven congresista ser\u00eda el principal desaf\u00edo para el oficialismo de cara a las elecciones de 2028. \u201cDebo decirles que agradezco profundamente esa\u2026","rel":"","context":"En \u00abPOLITICA\u00bb","block_context":{"text":"POLITICA","link":"https:\/\/lasprimeras.com.do\/index.php\/category\/politica\/"},"img":{"alt_text":"","src":"https:\/\/i0.wp.com\/lasprimeras.com.do\/wp-content\/uploads\/2025\/08\/Omar-Fernandez-1valora.jpg?resize=350%2C200&ssl=1","width":350,"height":200,"srcset":"https:\/\/i0.wp.com\/lasprimeras.com.do\/wp-content\/uploads\/2025\/08\/Omar-Fernandez-1valora.jpg?resize=350%2C200&ssl=1 1x, https:\/\/i0.wp.com\/lasprimeras.com.do\/wp-content\/uploads\/2025\/08\/Omar-Fernandez-1valora.jpg?resize=525%2C300&ssl=1 1.5x, https:\/\/i0.wp.com\/lasprimeras.com.do\/wp-content\/uploads\/2025\/08\/Omar-Fernandez-1valora.jpg?resize=700%2C400&ssl=1 2x"},"classes":[]},{"id":113896,"url":"https:\/\/lasprimeras.com.do\/index.php\/2025\/11\/06\/ny-vocero-fp-insta-a-precandidatos-prm-a-no-buscar-sonido-con-omar-fernandez\/","url_meta":{"origin":107509,"position":1},"title":"NY: Vocero FP insta a precandidatos PRM a no &#8220;buscar sonido\u201d con Omar Fern\u00e1ndez","author":"Nelson Feliz","date":"6 de noviembre de 2025","format":false,"excerpt":"NUEVA YORK.- \u00a0El vocero del partido Fuerza del Pueblo (FP) en Nueva York,\u00a0Odell Suero, respaldo la iniciativa del senador por el Distrito Nacional, Omar Fern\u00e1ndez, que busca indexar los salarios conforme a la inflaci\u00f3n. Indic\u00f3 que la situaci\u00f3n econ\u00f3mica por la que atraviesan los trabajadores limita el desarrollo humano, por\u2026","rel":"","context":"En \u00abPOLITICA\u00bb","block_context":{"text":"POLITICA","link":"https:\/\/lasprimeras.com.do\/index.php\/category\/politica\/"},"img":{"alt_text":"","src":"","width":0,"height":0},"classes":[]},{"id":82574,"url":"https:\/\/lasprimeras.com.do\/index.php\/2024\/05\/05\/leonel-proclama-ya-si-podemos-decir-que-podemos-ganar-en-la-primera-vuelta\/","url_meta":{"origin":107509,"position":2},"title":"Leonel proclama: \u201cYa s\u00ed podemos decir que podemos ganar en la primera vuelta\u201d","author":"Esteffany Vargas","date":"5 de mayo de 2024","format":false,"excerpt":"Junto a Omar Fern\u00e1ndez recibe gran apoyo en barrios de la capital. Tras finalizar una extraordinaria marcha-caravana por sectores de las circunscripciones n\u00fameros 3 y 1, del Distrito Nacional, el l\u00edder pol\u00edtico dominicano, Leonel Fern\u00e1ndez, candidato presidencial por la Fuerza del Pueblo y otros partidos aliados, proclam\u00f3, esta noche, en\u2026","rel":"","context":"En \u00abPORTADA\u00bb","block_context":{"text":"PORTADA","link":"https:\/\/lasprimeras.com.do\/index.php\/category\/portada\/"},"img":{"alt_text":"Leonel y Omar Fern\u00e1ndez","src":"https:\/\/i0.wp.com\/lasprimeras.com.do\/wp-content\/uploads\/2024\/05\/Leonel-y-Omar-Fernandez.jpg?resize=350%2C200&ssl=1","width":350,"height":200,"srcset":"https:\/\/i0.wp.com\/lasprimeras.com.do\/wp-content\/uploads\/2024\/05\/Leonel-y-Omar-Fernandez.jpg?resize=350%2C200&ssl=1 1x, https:\/\/i0.wp.com\/lasprimeras.com.do\/wp-content\/uploads\/2024\/05\/Leonel-y-Omar-Fernandez.jpg?resize=525%2C300&ssl=1 1.5x, https:\/\/i0.wp.com\/lasprimeras.com.do\/wp-content\/uploads\/2024\/05\/Leonel-y-Omar-Fernandez.jpg?resize=700%2C400&ssl=1 2x"},"classes":[]},{"id":113871,"url":"https:\/\/lasprimeras.com.do\/index.php\/2025\/11\/06\/la-propuesta-para-indexar-los-salarios-es-populista-y-politiquera-segun-diputados-del-prm\/","url_meta":{"origin":107509,"position":3},"title":"La propuesta para indexar los salarios es populista y politiquera, seg\u00fan diputados del PRM","author":"Nelson Feliz","date":"6 de noviembre de 2025","format":false,"excerpt":"El senador Omar Fern\u00e1ndez propuso aplicar el C\u00f3digo Tributario en el presupuesto del 2026 para ajustar los impuestos de los salarios. Diputados oficialistas del Partido Revolucionario Moderno (PRM) calificaron como una propuesta \"politiquera\" y \"populista\" la iniciativa del senador Omar Fern\u00e1ndez para aplicar la indexaci\u00f3n salarial establecida en la ley\u2026","rel":"","context":"En \u00abPOLITICA\u00bb","block_context":{"text":"POLITICA","link":"https:\/\/lasprimeras.com.do\/index.php\/category\/politica\/"},"img":{"alt_text":"","src":"https:\/\/i0.wp.com\/lasprimeras.com.do\/wp-content\/uploads\/2025\/03\/camara-diputados.jpg?resize=350%2C200&ssl=1","width":350,"height":200,"srcset":"https:\/\/i0.wp.com\/lasprimeras.com.do\/wp-content\/uploads\/2025\/03\/camara-diputados.jpg?resize=350%2C200&ssl=1 1x, https:\/\/i0.wp.com\/lasprimeras.com.do\/wp-content\/uploads\/2025\/03\/camara-diputados.jpg?resize=525%2C300&ssl=1 1.5x, https:\/\/i0.wp.com\/lasprimeras.com.do\/wp-content\/uploads\/2025\/03\/camara-diputados.jpg?resize=700%2C400&ssl=1 2x"},"classes":[]},{"id":67072,"url":"https:\/\/lasprimeras.com.do\/index.php\/2023\/11\/13\/es-oficial-candidatura-a-senador-omar-fernandez\/","url_meta":{"origin":107509,"position":4},"title":"Es oficial candidatura a senador Omar Fern\u00e1ndez","author":"BIMARY DE JES\u00daS Matos","date":"13 de noviembre de 2023","format":false,"excerpt":"Santo Domingo.-El congresista Omar Fern\u00e1ndez oficializ\u00f3 ayer su candidatura a senador por el Distrito Nacional, a trav\u00e9s de una coalici\u00f3n de partidos y agrupaciones pol\u00edticas que encabeza la Fuerza del Pueblo (FP). \u201cCon toda mi fe puesta en Dios, con mucha ilusi\u00f3n en el porvenir y decidido a dar toda\u2026","rel":"","context":"En \u00abSin categor\u00eda\u00bb","block_context":{"text":"Sin categor\u00eda","link":"https:\/\/lasprimeras.com.do\/index.php\/category\/sin-categoria\/"},"img":{"alt_text":"","src":"https:\/\/i0.wp.com\/lasprimeras.com.do\/wp-content\/uploads\/2023\/11\/WhatsApp-Image-2023-11-12-at-4.11.32-PM-1-2.jpeg?resize=350%2C200&ssl=1","width":350,"height":200,"srcset":"https:\/\/i0.wp.com\/lasprimeras.com.do\/wp-content\/uploads\/2023\/11\/WhatsApp-Image-2023-11-12-at-4.11.32-PM-1-2.jpeg?resize=350%2C200&ssl=1 1x, https:\/\/i0.wp.com\/lasprimeras.com.do\/wp-content\/uploads\/2023\/11\/WhatsApp-Image-2023-11-12-at-4.11.32-PM-1-2.jpeg?resize=525%2C300&ssl=1 1.5x"},"classes":[]},{"id":73011,"url":"https:\/\/lasprimeras.com.do\/index.php\/2024\/01\/04\/prm-dice-que-gana-con-cualquier-candidato-a-senador-en-el-dn\/","url_meta":{"origin":107509,"position":5},"title":"PRM dice que gana con cualquier candidato a senador en el DN","author":"Nelson Feliz","date":"4 de enero de 2024","format":false,"excerpt":"Dirigentes de la direcci\u00f3n ejecutiva consultados aseguran que quien sea que pongan como candidato ser\u00e1 el ganador frente a Omar Fern\u00e1ndez. El pasado 22 de diciembre la actual senadora del Distrito Nacional, Faride Raful, anunci\u00f3 en sus redes sociales que por decisi\u00f3n estrat\u00e9gica del Partido Revolucionario Moderno (PRM) no aspirar\u00e1\u2026","rel":"","context":"En \u00abSin categor\u00eda\u00bb","block_context":{"text":"Sin categor\u00eda","link":"https:\/\/lasprimeras.com.do\/index.php\/category\/sin-categoria\/"},"img":{"alt_text":"El PRM anunci\u00f3 que a partir del pr\u00f3ximo domingo iniciar\u00e1n con las caravanas y los bandereos pol\u00edticos","src":"https:\/\/i0.wp.com\/lasprimeras.com.do\/wp-content\/uploads\/2024\/01\/PRM.jpeg?resize=350%2C200&ssl=1","width":350,"height":200,"srcset":"https:\/\/i0.wp.com\/lasprimeras.com.do\/wp-content\/uploads\/2024\/01\/PRM.jpeg?resize=350%2C200&ssl=1 1x, https:\/\/i0.wp.com\/lasprimeras.com.do\/wp-content\/uploads\/2024\/01\/PRM.jpeg?resize=525%2C300&ssl=1 1.5x, https:\/\/i0.wp.com\/lasprimeras.com.do\/wp-content\/uploads\/2024\/01\/PRM.jpeg?resize=700%2C400&ssl=1 2x"},"classes":[]}],"jetpack_sharing_enabled":true,"_links":{"self":[{"href":"https:\/\/lasprimeras.com.do\/index.php\/wp-json\/wp\/v2\/posts\/107509","targetHints":{"allow":["GET"]}}],"collection":[{"href":"https:\/\/lasprimeras.com.do\/index.php\/wp-json\/wp\/v2\/posts"}],"about":[{"href":"https:\/\/lasprimeras.com.do\/index.php\/wp-json\/wp\/v2\/types\/post"}],"author":[{"embeddable":true,"href":"https:\/\/lasprimeras.com.do\/index.php\/wp-json\/wp\/v2\/users\/10"}],"replies":[{"embeddable":true,"href":"https:\/\/lasprimeras.com.do\/index.php\/wp-json\/wp\/v2\/comments?post=107509"}],"version-history":[{"count":1,"href":"https:\/\/lasprimeras.com.do\/index.php\/wp-json\/wp\/v2\/posts\/107509\/revisions"}],"predecessor-version":[{"id":107511,"href":"https:\/\/lasprimeras.com.do\/index.php\/wp-json\/wp\/v2\/posts\/107509\/revisions\/107511"}],"wp:featuredmedia":[{"embeddable":true,"href":"https:\/\/lasprimeras.com.do\/index.php\/wp-json\/wp\/v2\/media\/107510"}],"wp:attachment":[{"href":"https:\/\/lasprimeras.com.do\/index.php\/wp-json\/wp\/v2\/media?parent=107509"}],"wp:term":[{"taxonomy":"category","embeddable":true,"href":"https:\/\/lasprimeras.com.do\/index.php\/wp-json\/wp\/v2\/categories?post=107509"},{"taxonomy":"post_tag","embeddable":true,"href":"https:\/\/lasprimeras.com.do\/index.php\/wp-json\/wp\/v2\/tags?post=107509"}],"curies":[{"name":"wp","href":"https:\/\/api.w.org\/{rel}","templated":true}]}}