{"id":107596,"date":"2025-08-28T11:44:58","date_gmt":"2025-08-28T15:44:58","guid":{"rendered":"https:\/\/lasprimeras.com.do\/?p=107596"},"modified":"2025-08-28T11:44:59","modified_gmt":"2025-08-28T15:44:59","slug":"mutacion-genetica-causante-de-insuficiencia-cardiaca-es-comun-entre-los-dominicanos-nyc","status":"publish","type":"post","link":"https:\/\/lasprimeras.com.do\/index.php\/2025\/08\/28\/mutacion-genetica-causante-de-insuficiencia-cardiaca-es-comun-entre-los-dominicanos-nyc\/","title":{"rendered":"Mutaci\u00f3n gen\u00e9tica causante de insuficiencia card\u00edaca es com\u00fan entre los dominicanos NYC"},"content":{"rendered":"\n<p>Por Ram\u00f3n Mercedes<\/p>\n\n\n\n<p>NUEVA YORK.- Un nuevo estudio realizado por investigadores del \u00abColegio de Medicina Albert Einstein del Hospital Montefiore\u00bb, en El Bronx, ha descubierto que una rara mutaci\u00f3n gen\u00e9tica que puede provocar graves problemas card\u00edacos es mucho m\u00e1s com\u00fan entre las personas de ascendencia dominicana de lo que se cre\u00eda anteriormente.<\/p>\n\n\n\n<p>Las mutaciones pueden ser causadas por errores en la divisi\u00f3n celular, o por agentes como la radiaci\u00f3n o sustancias qu\u00edmicas. Aunque algunas mutaciones pueden no tener efecto alguno o incluso ser beneficiosas, otras pueden causar enfermedades gen\u00e9ticas o aumentar el riesgo de padecer afecciones como el c\u00e1ncer.<\/p>\n\n\n\n<p>El estudio, realizado entre m\u00e1s de 12,000 adultos hispanos y latinos en todo Estados Unidos, revel\u00f3 que las personas de ascendencia dominicana ten\u00edan una probabilidad 10 veces mayor de presentar una mutaci\u00f3n gen\u00e9tica que causa la afecci\u00f3n conocida como amiloidosis card\u00edaca que otros grupos hispanos.<\/p>\n\n\n\n<p>La Dra. Priscilla Dur\u00e1n-Luciano, investigadora postdoctoral en epidemiolog\u00eda cardiovascular que dirigi\u00f3 el estudio, declar\u00f3 al Bronx Times que, de los participantes de ascendencia dominicana, m\u00e1s del 90% viv\u00eda en El Bronx.<\/p>\n\n\n\n<p>En la amiloidosis card\u00edaca, se acumula un exceso de prote\u00edna en el coraz\u00f3n, lo que provoca rigidez muscular y dificultad para bombear eficazmente, seg\u00fan Duran-Luciano. Con el tiempo, esta acumulaci\u00f3n puede debilitar el coraz\u00f3n y provocar insuficiencia card\u00edaca.<\/p>\n\n\n\n<p>La afecci\u00f3n card\u00edaca causada por la mutaci\u00f3n suele pasar desapercibida para los m\u00e9dicos debido a que sus s\u00edntomas se asemejan a los de otras enfermedades card\u00edacas m\u00e1s comunes.<\/p>\n\n\n\n<p>Gracias a los avances m\u00e9dicos, donde antes la amiloidosis card\u00edaca requer\u00eda un trasplante de coraz\u00f3n, ahora existen tratamientos que pueden retrasar la enfermedad o prevenir su agravamiento si se detectan a tiempo, sostiene Dur\u00e1n-Luciano.<\/p>\n","protected":false},"excerpt":{"rendered":"<p>Por Ram\u00f3n Mercedes NUEVA YORK.- Un nuevo estudio realizado por investigadores del \u00abColegio de Medicina Albert Einstein del Hospital Montefiore\u00bb, en El Bronx, ha descubierto que una rara mutaci\u00f3n gen\u00e9tica&hellip;<\/p>\n","protected":false},"author":10,"featured_media":107597,"comment_status":"open","ping_status":"open","sticky":false,"template":"","format":"standard","meta":{"content-type":"","jetpack_post_was_ever_published":false,"_jetpack_newsletter_access":"","_jetpack_dont_email_post_to_subs":false,"_jetpack_newsletter_tier_id":0,"_jetpack_memberships_contains_paywalled_content":false,"_jetpack_memberships_contains_paid_content":false,"footnotes":""},"categories":[16558],"tags":[23806,487,23805,23804,316],"class_list":["post-107596","post","type-post","status-publish","format-standard","has-post-thumbnail","hentry","category-salud","tag-causante","tag-dominicanos","tag-insuficiencia-cardiaca","tag-mutacion-genetica","tag-nyc"],"jetpack_featured_media_url":"https:\/\/lasprimeras.com.do\/wp-content\/uploads\/2025\/08\/WhatsApp-Image-2025-08-28-at-6.00.41-AM-1.jpeg","jetpack-related-posts":[{"id":84894,"url":"https:\/\/lasprimeras.com.do\/index.php\/2024\/06\/17\/los-genes-heredados-juegan-un-papel-importante-en-el-riesgo-de-melanoma\/","url_meta":{"origin":107596,"position":0},"title":"Los genes heredados juegan un papel importante en el riesgo de melanoma","author":"Nelson Feliz","date":"17 de junio de 2024","format":false,"excerpt":"Hasta uno de cada siete pacientes con melanoma tiene una predisposici\u00f3n gen\u00e9tica a la enfermedad, lo que sugiere que los antecedentes familiares pueden ser un factor de riesgo m\u00e1s significativo que la exposici\u00f3n al sol en algunos casos. Cuando se trata de c\u00e1ncer de piel, la mayor\u00eda de las personas\u2026","rel":"","context":"En \u00abSin categor\u00eda\u00bb","block_context":{"text":"Sin categor\u00eda","link":"https:\/\/lasprimeras.com.do\/index.php\/category\/sin-categoria\/"},"img":{"alt_text":"","src":"https:\/\/i0.wp.com\/lasprimeras.com.do\/wp-content\/uploads\/2024\/06\/Riesgo-de-melanoma.jpg?resize=350%2C200&ssl=1","width":350,"height":200,"srcset":"https:\/\/i0.wp.com\/lasprimeras.com.do\/wp-content\/uploads\/2024\/06\/Riesgo-de-melanoma.jpg?resize=350%2C200&ssl=1 1x, https:\/\/i0.wp.com\/lasprimeras.com.do\/wp-content\/uploads\/2024\/06\/Riesgo-de-melanoma.jpg?resize=525%2C300&ssl=1 1.5x, https:\/\/i0.wp.com\/lasprimeras.com.do\/wp-content\/uploads\/2024\/06\/Riesgo-de-melanoma.jpg?resize=700%2C400&ssl=1 2x"},"classes":[]},{"id":116946,"url":"https:\/\/lasprimeras.com.do\/index.php\/2025\/12\/05\/madre-pide-auxilio-al-presidente-abinader-para-ayudar-a-su-hija-con-enfermedad-genetica-rara\/","url_meta":{"origin":107596,"position":1},"title":"Madre pide auxilio al Presidente Abinader para ayudar a su hija con enfermedad gen\u00e9tica rara","author":"Nelson Feliz","date":"5 de diciembre de 2025","format":false,"excerpt":"La vida de la joven madre Sarah Sirelda Lebr\u00f3n Hern\u00e1ndez y la de toda su familia cambi\u00f3 dr\u00e1sticamente cuando en noviembre de 2024 diagnosticaron a su hija Alessa con mucopolisacaridosis tipo 1 (MPS I), una enfermedad gen\u00e9tica rara que provoca la acumulaci\u00f3n de az\u00facares complejos en las c\u00e9lulas, da\u00f1ando m\u00faltiples\u2026","rel":"","context":"En \u00abPORTADA\u00bb","block_context":{"text":"PORTADA","link":"https:\/\/lasprimeras.com.do\/index.php\/category\/portada\/"},"img":{"alt_text":"","src":"https:\/\/i0.wp.com\/lasprimeras.com.do\/wp-content\/uploads\/2025\/12\/La-nina-Massiel-con-su-madare-Sarah.jpg?resize=350%2C200&ssl=1","width":350,"height":200,"srcset":"https:\/\/i0.wp.com\/lasprimeras.com.do\/wp-content\/uploads\/2025\/12\/La-nina-Massiel-con-su-madare-Sarah.jpg?resize=350%2C200&ssl=1 1x, https:\/\/i0.wp.com\/lasprimeras.com.do\/wp-content\/uploads\/2025\/12\/La-nina-Massiel-con-su-madare-Sarah.jpg?resize=525%2C300&ssl=1 1.5x, https:\/\/i0.wp.com\/lasprimeras.com.do\/wp-content\/uploads\/2025\/12\/La-nina-Massiel-con-su-madare-Sarah.jpg?resize=700%2C400&ssl=1 2x"},"classes":[]},{"id":67684,"url":"https:\/\/lasprimeras.com.do\/index.php\/2023\/11\/17\/la-atrofia-muscular-espinal-segunda-causa-genetica-con-mayor-mortalidad-infantil\/","url_meta":{"origin":107596,"position":2},"title":"La Atrofia Muscular Espinal: segunda causa gen\u00e9tica con mayor mortalidad infantil","author":"Nelson Feliz","date":"17 de noviembre de 2023","format":false,"excerpt":"La atrofia muscular espinal (AME) es una enfermedad neuromuscular que tiene un origen gen\u00e9tico. Se considera una enfermedad rara y grave que se caracteriza fundamentalmente por una p\u00e9rdida progresiva de la fuerza muscular y el deterioro de la funci\u00f3n pulmonar, debido a la degeneraci\u00f3n de las neuronas motoras en la\u2026","rel":"","context":"En \u00abSin categor\u00eda\u00bb","block_context":{"text":"Sin categor\u00eda","link":"https:\/\/lasprimeras.com.do\/index.php\/category\/sin-categoria\/"},"img":{"alt_text":"","src":"","width":0,"height":0},"classes":[]},{"id":73330,"url":"https:\/\/lasprimeras.com.do\/index.php\/2024\/01\/09\/subvariante-covid-incide-mas-en-los-pulmones\/","url_meta":{"origin":107596,"position":3},"title":"Subvariante covid incide m\u00e1s en los pulmones","author":"BIMARY DE JES\u00daS Matos","date":"9 de enero de 2024","format":false,"excerpt":"OHIO, ESTADOS UNIDOS.- La subvariante BA.2.86 del virus que causa la covid-19 es menos resistente a las vacunas, pero un nuevo estudio sugiere que provoca una mayor fusi\u00f3n con las c\u00e9lulas pulmonares humanas. Un estudio que publica hoy Cell, y encabezado por la Universidad Estatal de Ohio (EE. UU), indic\u00f3\u2026","rel":"","context":"En \u00abNACIONALES\u00bb","block_context":{"text":"NACIONALES","link":"https:\/\/lasprimeras.com.do\/index.php\/category\/nacionales\/"},"img":{"alt_text":"","src":"https:\/\/i0.wp.com\/lasprimeras.com.do\/wp-content\/uploads\/2024\/01\/Wander-Franco-sale-de-prision-tras-pagar-garantia-economica-de-2-millones-de-pesos-3-1.webp?resize=350%2C200&ssl=1","width":350,"height":200,"srcset":"https:\/\/i0.wp.com\/lasprimeras.com.do\/wp-content\/uploads\/2024\/01\/Wander-Franco-sale-de-prision-tras-pagar-garantia-economica-de-2-millones-de-pesos-3-1.webp?resize=350%2C200&ssl=1 1x, https:\/\/i0.wp.com\/lasprimeras.com.do\/wp-content\/uploads\/2024\/01\/Wander-Franco-sale-de-prision-tras-pagar-garantia-economica-de-2-millones-de-pesos-3-1.webp?resize=525%2C300&ssl=1 1.5x"},"classes":[]},{"id":111316,"url":"https:\/\/lasprimeras.com.do\/index.php\/2025\/10\/07\/dicen-preocuparles-estudio-determina-beber-alcohol-aumenta-riesgo-de-demencia\/","url_meta":{"origin":107596,"position":4},"title":"Dicen preocuparles estudio determina beber alcohol aumenta riesgo de demencia","author":"Nelson Feliz","date":"7 de octubre de 2025","format":false,"excerpt":"Por Ram\u00f3n Mercedes NUEVA YORK.- Dominicanos en el Alto Manhattan y El Bronx dicen preocuparles un reciente estudio que advierte que el alcohol aumenta el riesgo de demencia, independientemente de si las personas est\u00e1n gen\u00e9ticamente predispuestas a esta condici\u00f3n neurodegenerativa. Los quisqueyanos, pidiendo reservas de sus identidades, sostienen que si\u2026","rel":"","context":"En \u00abLA VOZ DE LA DIASPORA\u00bb","block_context":{"text":"LA VOZ DE LA DIASPORA","link":"https:\/\/lasprimeras.com.do\/index.php\/category\/la-voz-de-la-diaspora\/"},"img":{"alt_text":"","src":"https:\/\/i0.wp.com\/lasprimeras.com.do\/wp-content\/uploads\/2025\/10\/Dicen-preocuparle-estudio-determina-beber-alcohol-aumenta-riesgo-de-demencia.jpg?resize=350%2C200&ssl=1","width":350,"height":200,"srcset":"https:\/\/i0.wp.com\/lasprimeras.com.do\/wp-content\/uploads\/2025\/10\/Dicen-preocuparle-estudio-determina-beber-alcohol-aumenta-riesgo-de-demencia.jpg?resize=350%2C200&ssl=1 1x, https:\/\/i0.wp.com\/lasprimeras.com.do\/wp-content\/uploads\/2025\/10\/Dicen-preocuparle-estudio-determina-beber-alcohol-aumenta-riesgo-de-demencia.jpg?resize=525%2C300&ssl=1 1.5x, https:\/\/i0.wp.com\/lasprimeras.com.do\/wp-content\/uploads\/2025\/10\/Dicen-preocuparle-estudio-determina-beber-alcohol-aumenta-riesgo-de-demencia.jpg?resize=700%2C400&ssl=1 2x"},"classes":[]},{"id":65878,"url":"https:\/\/lasprimeras.com.do\/index.php\/2023\/11\/01\/muere-el-segundo-paciente-en-recibir-un-trasplante-de-corazon-de-cerdo\/","url_meta":{"origin":107596,"position":5},"title":"Muere el segundo paciente en recibir un trasplante de coraz\u00f3n de cerdo","author":"Nelson Feliz","date":"1 de noviembre de 2023","format":false,"excerpt":"Los cirujanos del hospital de la Universidad de Maryland (EE.UU.) trasplantaron el \u00f3rgano a Lawrence Faucette, de 58 a\u00f1os, el pasado 20 de septiembre. Lawrence Faucette, la segunda persona a la que se le trasplant\u00f3 un coraz\u00f3n de cerdo modificado gen\u00e9ticamente, ha muerto este lunes, informa el hospital de la\u2026","rel":"","context":"En \u00abSin categor\u00eda\u00bb","block_context":{"text":"Sin categor\u00eda","link":"https:\/\/lasprimeras.com.do\/index.php\/category\/sin-categoria\/"},"img":{"alt_text":"Lawrence Faucette","src":"https:\/\/i0.wp.com\/lasprimeras.com.do\/wp-content\/uploads\/2023\/11\/Lawrence-Faucette.jpg?resize=350%2C200&ssl=1","width":350,"height":200,"srcset":"https:\/\/i0.wp.com\/lasprimeras.com.do\/wp-content\/uploads\/2023\/11\/Lawrence-Faucette.jpg?resize=350%2C200&ssl=1 1x, https:\/\/i0.wp.com\/lasprimeras.com.do\/wp-content\/uploads\/2023\/11\/Lawrence-Faucette.jpg?resize=525%2C300&ssl=1 1.5x, https:\/\/i0.wp.com\/lasprimeras.com.do\/wp-content\/uploads\/2023\/11\/Lawrence-Faucette.jpg?resize=700%2C400&ssl=1 2x, https:\/\/i0.wp.com\/lasprimeras.com.do\/wp-content\/uploads\/2023\/11\/Lawrence-Faucette.jpg?resize=1050%2C600&ssl=1 3x"},"classes":[]}],"jetpack_sharing_enabled":true,"_links":{"self":[{"href":"https:\/\/lasprimeras.com.do\/index.php\/wp-json\/wp\/v2\/posts\/107596","targetHints":{"allow":["GET"]}}],"collection":[{"href":"https:\/\/lasprimeras.com.do\/index.php\/wp-json\/wp\/v2\/posts"}],"about":[{"href":"https:\/\/lasprimeras.com.do\/index.php\/wp-json\/wp\/v2\/types\/post"}],"author":[{"embeddable":true,"href":"https:\/\/lasprimeras.com.do\/index.php\/wp-json\/wp\/v2\/users\/10"}],"replies":[{"embeddable":true,"href":"https:\/\/lasprimeras.com.do\/index.php\/wp-json\/wp\/v2\/comments?post=107596"}],"version-history":[{"count":1,"href":"https:\/\/lasprimeras.com.do\/index.php\/wp-json\/wp\/v2\/posts\/107596\/revisions"}],"predecessor-version":[{"id":107598,"href":"https:\/\/lasprimeras.com.do\/index.php\/wp-json\/wp\/v2\/posts\/107596\/revisions\/107598"}],"wp:featuredmedia":[{"embeddable":true,"href":"https:\/\/lasprimeras.com.do\/index.php\/wp-json\/wp\/v2\/media\/107597"}],"wp:attachment":[{"href":"https:\/\/lasprimeras.com.do\/index.php\/wp-json\/wp\/v2\/media?parent=107596"}],"wp:term":[{"taxonomy":"category","embeddable":true,"href":"https:\/\/lasprimeras.com.do\/index.php\/wp-json\/wp\/v2\/categories?post=107596"},{"taxonomy":"post_tag","embeddable":true,"href":"https:\/\/lasprimeras.com.do\/index.php\/wp-json\/wp\/v2\/tags?post=107596"}],"curies":[{"name":"wp","href":"https:\/\/api.w.org\/{rel}","templated":true}]}}