{"id":107629,"date":"2025-08-28T12:59:29","date_gmt":"2025-08-28T16:59:29","guid":{"rendered":"https:\/\/lasprimeras.com.do\/?p=107629"},"modified":"2025-08-28T12:59:30","modified_gmt":"2025-08-28T16:59:30","slug":"danilo-medina-reafirma-los-simbolos-historicos-del-pld","status":"publish","type":"post","link":"https:\/\/lasprimeras.com.do\/index.php\/2025\/08\/28\/danilo-medina-reafirma-los-simbolos-historicos-del-pld\/","title":{"rendered":"Danilo Medina reafirma los s\u00edmbolos hist\u00f3ricos del PLD"},"content":{"rendered":"\n<p><strong>Danilo Medina: \u201cSolo existe un Partido de la Liberaci\u00f3n Dominicana, es el de la bandera morada con la estrella amarilla y las siglas PLD\u201d.<\/strong><\/p>\n\n\n\n<p>\u201cSolo existe un Partido de la Liberaci\u00f3n Dominicana, es el de la bandera morada con la estrella amarilla y las siglas PLD\u201d, la aseveraci\u00f3n es del expresidente de la Rep\u00fablica, Danilo Medina, quien es el Presidente de la organizaci\u00f3n Pol\u00edtica, en el discurso pronunciado el pasado fin de semana en Moca, provincia Espaillat en la asamblea provincial realizada all\u00ed.<\/p>\n\n\n\n<p>En sus comparecencias y declaraciones p\u00fablicas, Danilo Medina, reafirma los s\u00edmbolos hist\u00f3ricos del pelede\u00edsmo, llamando a la militancia a mantenerse fiel a su identidad:<\/p>\n\n\n\n<p>\u201cVolvemos al poder con la bandera morada y la estrella amarilla. No pueden dejarse confundir: los pelede\u00edstas somos morado, no tenemos otro color al que seguir en nuestro pa\u00eds. Morado con la estrella amarilla y con las siglas del PLD\u201d, insiste Danilo Medina en sus ponencias, en las que tambi\u00e9n resalta los aportes de su gesti\u00f3n al frente del Gobierno.<\/p>\n\n\n\n<p>\u201cNing\u00fan partido ha hecho tantas obras y acciones en beneficio del pa\u00eds como el Partido de la Liberaci\u00f3n Dominicana\u201d, dijo Danilo Medina en Moca, para resaltar otro aspecto a destacar sobre su partido.<\/p>\n\n\n\n<p>Exhorta siempre a no dejarse confundir por miembros de otros partidos quienes visitan miembros del PLD tratando de conquistarlos para su agrupaci\u00f3n.<\/p>\n\n\n\n<p>\u201cLe dicen que es lo mismo. Que se puede estar en un partido como en otro. No se dejen confundir; existe un solo PLD\u201d, se explica en un despacho de la Secretar\u00eda de Comunicaciones del PLD.<\/p>\n\n\n\n<p>La asamblea provincial del pr\u00f3ximo domingo le corresponde a Monte Plata, para lo cual las direcciones municipales y de distritos municipales, junto al equipo operativo de la Casa Nacional pelede\u00edsta, preparan el escenario del encuentro.<\/p>\n","protected":false},"excerpt":{"rendered":"<p>Danilo Medina: \u201cSolo existe un Partido de la Liberaci\u00f3n Dominicana, es el de la bandera morada con la estrella amarilla y las siglas PLD\u201d. \u201cSolo existe un Partido de la&hellip;<\/p>\n","protected":false},"author":10,"featured_media":107631,"comment_status":"open","ping_status":"open","sticky":false,"template":"","format":"standard","meta":{"content-type":"","jetpack_post_was_ever_published":false,"_jetpack_newsletter_access":"","_jetpack_dont_email_post_to_subs":false,"_jetpack_newsletter_tier_id":0,"_jetpack_memberships_contains_paywalled_content":false,"_jetpack_memberships_contains_paid_content":false,"footnotes":""},"categories":[16559,25],"tags":[501,10684,269,23819],"class_list":["post-107629","post","type-post","status-publish","format-standard","has-post-thumbnail","hentry","category-politica","category-portada","tag-danilo-medina","tag-historicos","tag-pld","tag-simbolos"],"jetpack_featured_media_url":"https:\/\/lasprimeras.com.do\/wp-content\/uploads\/2025\/08\/Danilo-en-Moca.jpg","jetpack-related-posts":[{"id":101931,"url":"https:\/\/lasprimeras.com.do\/index.php\/2025\/06\/29\/danilo-medina-reitera-que-con-el-pld-se-vivia-mejor-video\/","url_meta":{"origin":107629,"position":0},"title":"Danilo Medina reitera que con el PLD se viv\u00eda mejor | Video","author":"Nelson Feliz","date":"29 de junio de 2025","format":false,"excerpt":"Danilo Medina presagia el retorno del Partido de la Liberaci\u00f3n Dominicana al Poder amarrado de la bandera morada, la estrella amarilla y sus siglas PLD. https:\/\/twitter.com\/i\/status\/1939406713511416262 El ex presidente de la Rep\u00fablica y Presidente del Partido de la liberaci\u00f3n Dominicana (PLD) Danilo Medina, declar\u00f3 no sentirse extra\u00f1ado con el aumento\u2026","rel":"","context":"En \u00abPOLITICA\u00bb","block_context":{"text":"POLITICA","link":"https:\/\/lasprimeras.com.do\/index.php\/category\/politica\/"},"img":{"alt_text":"","src":"https:\/\/i0.wp.com\/lasprimeras.com.do\/wp-content\/uploads\/2025\/06\/as-sc-2.jpg?resize=350%2C200&ssl=1","width":350,"height":200,"srcset":"https:\/\/i0.wp.com\/lasprimeras.com.do\/wp-content\/uploads\/2025\/06\/as-sc-2.jpg?resize=350%2C200&ssl=1 1x, https:\/\/i0.wp.com\/lasprimeras.com.do\/wp-content\/uploads\/2025\/06\/as-sc-2.jpg?resize=525%2C300&ssl=1 1.5x, https:\/\/i0.wp.com\/lasprimeras.com.do\/wp-content\/uploads\/2025\/06\/as-sc-2.jpg?resize=700%2C400&ssl=1 2x"},"classes":[]},{"id":128745,"url":"https:\/\/lasprimeras.com.do\/index.php\/2026\/04\/26\/danilo-medina-entrega-llaves-a-silvio-duran-quien-regresa-al-pld-con-decenas-miembros\/","url_meta":{"origin":107629,"position":1},"title":"Danilo Medina entrega llaves a Silvio Duran qui\u00e9n regresa al PLD con decenas miembros","author":"Nelson Feliz","date":"26 de abril de 2026","format":false,"excerpt":"El reconocido dirigente pol\u00edtico en Santiago de los Caballeros, Silvio Duran, retorn\u00f3 su militancia al Partido de la Liberaci\u00f3n Dominicana (PLD) dando seguimiento al programa de \u201cVuelta a Casa \u201cmediante el cual han regresado a las filas peledeistas, cientos de antiguos militantes. El reingreso de Dur\u00e1n al PLD se hizo\u2026","rel":"","context":"En \u00abPOLITICA\u00bb","block_context":{"text":"POLITICA","link":"https:\/\/lasprimeras.com.do\/index.php\/category\/politica\/"},"img":{"alt_text":"","src":"https:\/\/i0.wp.com\/lasprimeras.com.do\/wp-content\/uploads\/2026\/04\/dm-silvio.jpg?resize=350%2C200&ssl=1","width":350,"height":200,"srcset":"https:\/\/i0.wp.com\/lasprimeras.com.do\/wp-content\/uploads\/2026\/04\/dm-silvio.jpg?resize=350%2C200&ssl=1 1x, https:\/\/i0.wp.com\/lasprimeras.com.do\/wp-content\/uploads\/2026\/04\/dm-silvio.jpg?resize=525%2C300&ssl=1 1.5x, https:\/\/i0.wp.com\/lasprimeras.com.do\/wp-content\/uploads\/2026\/04\/dm-silvio.jpg?resize=700%2C400&ssl=1 2x"},"classes":[]},{"id":121875,"url":"https:\/\/lasprimeras.com.do\/index.php\/2026\/02\/11\/victor-terrero-respalda-postura-de-danilo-medina-sobre-alianzas-el-voto-del-pld-es-solo-para-la-boleta-morada\/","url_meta":{"origin":107629,"position":2},"title":"V\u00edctor Terrero respalda postura de Danilo Medina sobre alianzas: &#8220;El voto del PLD es solo para la boleta morada&#8221;","author":"Nelson Feliz","date":"11 de febrero de 2026","format":false,"excerpt":"El miembro del Comit\u00e9 Central del Partido de la Liberaci\u00f3n Dominicana (PLD), doctor V\u00edctor Manuel Terrero, manifest\u00f3 su total respaldo a las recientes declaraciones del presidente de la organizaci\u00f3n, Danilo Medina, respecto a la estrategia electoral de cara a los pr\u00f3ximos comicios. Terrero enfatiz\u00f3 que la militancia se mantiene firme\u2026","rel":"","context":"En \u00abPOLITICA\u00bb","block_context":{"text":"POLITICA","link":"https:\/\/lasprimeras.com.do\/index.php\/category\/politica\/"},"img":{"alt_text":"V\u00edctor Terrero","src":"https:\/\/i0.wp.com\/lasprimeras.com.do\/wp-content\/uploads\/2023\/07\/Victor-Terrero.jpeg?resize=350%2C200&ssl=1","width":350,"height":200,"srcset":"https:\/\/i0.wp.com\/lasprimeras.com.do\/wp-content\/uploads\/2023\/07\/Victor-Terrero.jpeg?resize=350%2C200&ssl=1 1x, https:\/\/i0.wp.com\/lasprimeras.com.do\/wp-content\/uploads\/2023\/07\/Victor-Terrero.jpeg?resize=525%2C300&ssl=1 1.5x, https:\/\/i0.wp.com\/lasprimeras.com.do\/wp-content\/uploads\/2023\/07\/Victor-Terrero.jpeg?resize=700%2C400&ssl=1 2x"},"classes":[]},{"id":109559,"url":"https:\/\/lasprimeras.com.do\/index.php\/2025\/09\/19\/danilo-medina-juramenta-dirigentes-que-regresan-al-pld-en-el-programa-de-vuelta-a-casa\/","url_meta":{"origin":107629,"position":3},"title":"Danilo Medina juramenta dirigentes que regresan al PLD en el programa \u201cDe Vuelta a Casa\u201d","author":"Nelson Feliz","date":"19 de septiembre de 2025","format":false,"excerpt":"El Presidente del Partido de la Liberaci\u00f3n Dominicana (PLD), Danilo Medina, tom\u00f3 el juramento de reingreso a la organizaci\u00f3n pol\u00edtica de varios dirigentes provenientes de otros partidos pol\u00edticos, entre ellos el PRM. Con estas juramentaciones realizadas por separado en las oficinas de la Presidencia del PLD, se da continuidad al\u2026","rel":"","context":"En \u00abPOLITICA\u00bb","block_context":{"text":"POLITICA","link":"https:\/\/lasprimeras.com.do\/index.php\/category\/politica\/"},"img":{"alt_text":"","src":"https:\/\/i0.wp.com\/lasprimeras.com.do\/wp-content\/uploads\/2025\/09\/dm.jpg?resize=350%2C200&ssl=1","width":350,"height":200,"srcset":"https:\/\/i0.wp.com\/lasprimeras.com.do\/wp-content\/uploads\/2025\/09\/dm.jpg?resize=350%2C200&ssl=1 1x, https:\/\/i0.wp.com\/lasprimeras.com.do\/wp-content\/uploads\/2025\/09\/dm.jpg?resize=525%2C300&ssl=1 1.5x, https:\/\/i0.wp.com\/lasprimeras.com.do\/wp-content\/uploads\/2025\/09\/dm.jpg?resize=700%2C400&ssl=1 2x"},"classes":[]},{"id":107798,"url":"https:\/\/lasprimeras.com.do\/index.php\/2025\/08\/31\/danilo-medina-la-gente-reconoce-que-con-el-pld-se-vivia-mejor\/","url_meta":{"origin":107629,"position":4},"title":"Danilo Medina : La gente reconoce que con el PLD se vivia mejor","author":"Nelson Feliz","date":"31 de agosto de 2025","format":false,"excerpt":"Danilo Medina: \u201cTenemos la certeza de que el a\u00f1o que viene, a m\u00e1s tardar, el PLD estar\u00e1 encabezando la preferencia electoral en la Rep\u00fablica Dominicana\u201d. El expresidente de la Rep\u00fablica y actual presidente del Partido de la Liberaci\u00f3n Dominicana (PLD), Danilo Medina, afirm\u00f3 que el repunte que muestran las recientes\u2026","rel":"","context":"En \u00abPOLITICA\u00bb","block_context":{"text":"POLITICA","link":"https:\/\/lasprimeras.com.do\/index.php\/category\/politica\/"},"img":{"alt_text":"","src":"https:\/\/i0.wp.com\/lasprimeras.com.do\/wp-content\/uploads\/2025\/08\/DANILO-MEDINA-1-1.jpg?resize=350%2C200&ssl=1","width":350,"height":200,"srcset":"https:\/\/i0.wp.com\/lasprimeras.com.do\/wp-content\/uploads\/2025\/08\/DANILO-MEDINA-1-1.jpg?resize=350%2C200&ssl=1 1x, https:\/\/i0.wp.com\/lasprimeras.com.do\/wp-content\/uploads\/2025\/08\/DANILO-MEDINA-1-1.jpg?resize=525%2C300&ssl=1 1.5x, https:\/\/i0.wp.com\/lasprimeras.com.do\/wp-content\/uploads\/2025\/08\/DANILO-MEDINA-1-1.jpg?resize=700%2C400&ssl=1 2x"},"classes":[]},{"id":107805,"url":"https:\/\/lasprimeras.com.do\/index.php\/2025\/08\/31\/johnny-pujols-toma-el-juramento-a-nuevos-miembros-del-pld-en-sdo\/","url_meta":{"origin":107629,"position":5},"title":"Johnny Pujols toma el juramento a nuevos miembros del PLD en SDO","author":"Nelson Feliz","date":"31 de agosto de 2025","format":false,"excerpt":"PLD juramenta dirigentes de otros partidos en acto inaugural del local pelede\u00edsta en el municipio Santo Domingo Oeste. Un grupo de dirigentes de diferentes organizaciones pol\u00edticas se juramentaron en el Partido de la Liberaci\u00f3n Dominicana (PLD) durante la inauguraci\u00f3n de un nuevo local en el municipio Santo Domingo Oeste. El\u2026","rel":"","context":"En \u00abPOLITICA\u00bb","block_context":{"text":"POLITICA","link":"https:\/\/lasprimeras.com.do\/index.php\/category\/politica\/"},"img":{"alt_text":"","src":"https:\/\/i0.wp.com\/lasprimeras.com.do\/wp-content\/uploads\/2025\/08\/Juramentacion-SDO.jpg?resize=350%2C200&ssl=1","width":350,"height":200,"srcset":"https:\/\/i0.wp.com\/lasprimeras.com.do\/wp-content\/uploads\/2025\/08\/Juramentacion-SDO.jpg?resize=350%2C200&ssl=1 1x, https:\/\/i0.wp.com\/lasprimeras.com.do\/wp-content\/uploads\/2025\/08\/Juramentacion-SDO.jpg?resize=525%2C300&ssl=1 1.5x, https:\/\/i0.wp.com\/lasprimeras.com.do\/wp-content\/uploads\/2025\/08\/Juramentacion-SDO.jpg?resize=700%2C400&ssl=1 2x"},"classes":[]}],"jetpack_sharing_enabled":true,"_links":{"self":[{"href":"https:\/\/lasprimeras.com.do\/index.php\/wp-json\/wp\/v2\/posts\/107629","targetHints":{"allow":["GET"]}}],"collection":[{"href":"https:\/\/lasprimeras.com.do\/index.php\/wp-json\/wp\/v2\/posts"}],"about":[{"href":"https:\/\/lasprimeras.com.do\/index.php\/wp-json\/wp\/v2\/types\/post"}],"author":[{"embeddable":true,"href":"https:\/\/lasprimeras.com.do\/index.php\/wp-json\/wp\/v2\/users\/10"}],"replies":[{"embeddable":true,"href":"https:\/\/lasprimeras.com.do\/index.php\/wp-json\/wp\/v2\/comments?post=107629"}],"version-history":[{"count":1,"href":"https:\/\/lasprimeras.com.do\/index.php\/wp-json\/wp\/v2\/posts\/107629\/revisions"}],"predecessor-version":[{"id":107632,"href":"https:\/\/lasprimeras.com.do\/index.php\/wp-json\/wp\/v2\/posts\/107629\/revisions\/107632"}],"wp:featuredmedia":[{"embeddable":true,"href":"https:\/\/lasprimeras.com.do\/index.php\/wp-json\/wp\/v2\/media\/107631"}],"wp:attachment":[{"href":"https:\/\/lasprimeras.com.do\/index.php\/wp-json\/wp\/v2\/media?parent=107629"}],"wp:term":[{"taxonomy":"category","embeddable":true,"href":"https:\/\/lasprimeras.com.do\/index.php\/wp-json\/wp\/v2\/categories?post=107629"},{"taxonomy":"post_tag","embeddable":true,"href":"https:\/\/lasprimeras.com.do\/index.php\/wp-json\/wp\/v2\/tags?post=107629"}],"curies":[{"name":"wp","href":"https:\/\/api.w.org\/{rel}","templated":true}]}}