{"id":107712,"date":"2025-08-29T12:02:36","date_gmt":"2025-08-29T16:02:36","guid":{"rendered":"https:\/\/lasprimeras.com.do\/?p=107712"},"modified":"2025-08-29T12:02:37","modified_gmt":"2025-08-29T16:02:37","slug":"crill-clos-actuaran-en-premios-de-monitor-latino-en-colombia","status":"publish","type":"post","link":"https:\/\/lasprimeras.com.do\/index.php\/2025\/08\/29\/crill-clos-actuaran-en-premios-de-monitor-latino-en-colombia\/","title":{"rendered":"Crill &#038; Clos actuar\u00e1n en premios de Monitor Latino en Colombia"},"content":{"rendered":"\n<p>La dupla de artistas Crill &amp; Clos estar\u00e1n como presentadores de una categor\u00eda y adem\u00e1s tendr\u00e1n una participaci\u00f3n en el escenario interpretando una de sus canciones en los Premios Monitor Music Awards.<\/p>\n\n\n\n<p>Esta premiaci\u00f3n se llevar\u00e1 a cabo el pr\u00f3ximo 3 de septiembre en La Puerta del Oro en Barranquilla, Colombia, un paso m\u00e1s para su internacionalizaci\u00f3n de este dueto que van logrando poco a poco el reconocimiento del p\u00fablico.<\/p>\n\n\n\n<p>Entre los artistas confirmados se destacan Fernando Gil, Kelvin Flores, Kelly C\u00e1dernas, Dimelo Hanna, Fresh Bodden, entre muchos m\u00e1s, mientras que como presentadores oficiales estar\u00e1n Saroj y Vladmimir G\u00e1mez.<\/p>\n\n\n\n<p>Ser\u00e1 una noche de estrellas, emociones y talento desbordante que promete llevar al p\u00fablico a otro nivel.<\/p>\n\n\n\n<p>Para Crill &amp; Clos, quienes se han dado a conocer con la bachata Contando estrellas y la canci\u00f3n Amigos esta es una nueva oportunidad para conectar con un p\u00fablico conocedor de la m\u00fasica y especial, por lo que har\u00e1n todo lo que est\u00e9 a su alcance para hacer un trabajo de calidad en este evento art\u00edstico.<\/p>\n\n\n\n<p>Chris y Carlos Est\u00e9vez, nombre de pila de los artistas, tienen como meta conquistar la plaza dominicana, por lo que ya tienen prevista una gira por Rep\u00fablica Dominicana antes de finalizar el a\u00f1o, as\u00ed como por Espa\u00f1a, Colombia, Puerto Rico, M\u00e9xico, Chile, Argentina y Estados Unidos.<\/p>\n\n\n\n<p>Los hermanos han desarrollado su talento en varios g\u00e9neros musicales, tales como r&amp;b, hip hop, rap, dancehall, reguet\u00f3n, trap, bachata y merengue.<\/p>\n","protected":false},"excerpt":{"rendered":"<p>La dupla de artistas Crill &amp; Clos estar\u00e1n como presentadores de una categor\u00eda y adem\u00e1s tendr\u00e1n una participaci\u00f3n en el escenario interpretando una de sus canciones en los Premios Monitor&hellip;<\/p>\n","protected":false},"author":10,"featured_media":107713,"comment_status":"open","ping_status":"open","sticky":false,"template":"","format":"standard","meta":{"content-type":"","jetpack_post_was_ever_published":false,"_jetpack_newsletter_access":"","_jetpack_dont_email_post_to_subs":false,"_jetpack_newsletter_tier_id":0,"_jetpack_memberships_contains_paywalled_content":false,"_jetpack_memberships_contains_paid_content":false,"footnotes":""},"categories":[84],"tags":[2757,23862,23863,2409],"class_list":["post-107712","post","type-post","status-publish","format-standard","has-post-thumbnail","hentry","category-entretenimiento","tag-colombia","tag-crill-clos","tag-monitor-latino","tag-premios"],"jetpack_featured_media_url":"https:\/\/lasprimeras.com.do\/wp-content\/uploads\/2025\/08\/El-duo-Crill-Clos.jpg","jetpack-related-posts":[{"id":86305,"url":"https:\/\/lasprimeras.com.do\/index.php\/2024\/07\/22\/gerardo-lares-y-martha-heredia-amistad-y-talento-por-el-resto-de-tu-vida\/","url_meta":{"origin":107712,"position":0},"title":"Gerardo Lares y Martha Heredia amistad y talento \u201cPor el resto de tu vida\u201d","author":"Nelson Feliz","date":"22 de julio de 2024","format":false,"excerpt":"Los artistas Gerardo Lares y Martha Heredia unen sus talentos y voces en la colaboraci\u00f3n musical \"Por el resto de tu vida\", estrenada este viernes 19 de julio en todas las plataformas musicales. Ambos artistas deleitan a sus seguidores con este tema original de Cristian Nodal e interpretado junto a\u2026","rel":"","context":"En \u00abENTRETENIMIENTO\u00bb","block_context":{"text":"ENTRETENIMIENTO","link":"https:\/\/lasprimeras.com.do\/index.php\/category\/entretenimiento\/"},"img":{"alt_text":"Gerardo Lares y Martha Heredia","src":"https:\/\/i0.wp.com\/lasprimeras.com.do\/wp-content\/uploads\/2024\/07\/Gerardo-Lares-y-Martha-Heredia.jpg?resize=350%2C200&ssl=1","width":350,"height":200,"srcset":"https:\/\/i0.wp.com\/lasprimeras.com.do\/wp-content\/uploads\/2024\/07\/Gerardo-Lares-y-Martha-Heredia.jpg?resize=350%2C200&ssl=1 1x, https:\/\/i0.wp.com\/lasprimeras.com.do\/wp-content\/uploads\/2024\/07\/Gerardo-Lares-y-Martha-Heredia.jpg?resize=525%2C300&ssl=1 1.5x, https:\/\/i0.wp.com\/lasprimeras.com.do\/wp-content\/uploads\/2024\/07\/Gerardo-Lares-y-Martha-Heredia.jpg?resize=700%2C400&ssl=1 2x"},"classes":[]},{"id":69910,"url":"https:\/\/lasprimeras.com.do\/index.php\/2023\/12\/06\/elvis-martinez-ocupa-el-primer-lugar-con-mi-mejor-momento-en-monitor-latino\/","url_meta":{"origin":107712,"position":1},"title":"Elvis Mart\u00ednez ocupa el primer lugar con &#8220;Mi Mejor Momento&#8221; en Monitor Latino","author":"BIMARY DE JES\u00daS Matos","date":"6 de diciembre de 2023","format":false,"excerpt":"RD.-La estrella de la bachata Elvis Mart\u00ednez \u201cEl Camar\u00f3n\u201d alcanz\u00f3 la cima de difusi\u00f3n y sonada con su nuevo tema \u201cMi Mejor Momento\u201d, as\u00ed lo ha publicado en el chart general de Monitor Latino al posicionarse, esta semana, en el puesto n\u00famero 1 por encima de todos los g\u00e9neros musicales\u2026","rel":"","context":"En \u00abENTRETENIMIENTO\u00bb","block_context":{"text":"ENTRETENIMIENTO","link":"https:\/\/lasprimeras.com.do\/index.php\/category\/entretenimiento\/"},"img":{"alt_text":"","src":"https:\/\/i0.wp.com\/lasprimeras.com.do\/wp-content\/uploads\/2023\/12\/Diseno-sin-titulo-1-1.png?resize=350%2C200&ssl=1","width":350,"height":200,"srcset":"https:\/\/i0.wp.com\/lasprimeras.com.do\/wp-content\/uploads\/2023\/12\/Diseno-sin-titulo-1-1.png?resize=350%2C200&ssl=1 1x, https:\/\/i0.wp.com\/lasprimeras.com.do\/wp-content\/uploads\/2023\/12\/Diseno-sin-titulo-1-1.png?resize=525%2C300&ssl=1 1.5x"},"classes":[]},{"id":75972,"url":"https:\/\/lasprimeras.com.do\/index.php\/2024\/02\/06\/elvis-martinez-llevara-al-cine-la-historia-de-su-vida\/","url_meta":{"origin":107712,"position":2},"title":"Elvis Mart\u00ednez llevar\u00e1 al cine la historia de su vida","author":"Nelson Feliz","date":"6 de febrero de 2024","format":false,"excerpt":"El bachatero Elvis Mart\u00ednez llevar\u00e1 al cine la historia de su vida. El artista, que es protagonista de un relato de superaci\u00f3n, negocia con una productora internacional un contrato millonario en d\u00f3lares. \u201cEstoy inmensamente feliz con las negociaciones que estamos teniendo con esta productora, de la que no debo ofrecer\u2026","rel":"","context":"En \u00abENTRETENIMIENTO\u00bb","block_context":{"text":"ENTRETENIMIENTO","link":"https:\/\/lasprimeras.com.do\/index.php\/category\/entretenimiento\/"},"img":{"alt_text":"Elvis Mart\u00ednez","src":"https:\/\/i0.wp.com\/lasprimeras.com.do\/wp-content\/uploads\/2024\/02\/Elvis-Martinez-1.jpg?resize=350%2C200&ssl=1","width":350,"height":200,"srcset":"https:\/\/i0.wp.com\/lasprimeras.com.do\/wp-content\/uploads\/2024\/02\/Elvis-Martinez-1.jpg?resize=350%2C200&ssl=1 1x, https:\/\/i0.wp.com\/lasprimeras.com.do\/wp-content\/uploads\/2024\/02\/Elvis-Martinez-1.jpg?resize=525%2C300&ssl=1 1.5x, https:\/\/i0.wp.com\/lasprimeras.com.do\/wp-content\/uploads\/2024\/02\/Elvis-Martinez-1.jpg?resize=700%2C400&ssl=1 2x"},"classes":[]},{"id":72112,"url":"https:\/\/lasprimeras.com.do\/index.php\/2023\/12\/27\/rinden-homenaje-a-shakira-con-estatua-de-bronce-en-colombia\/","url_meta":{"origin":107712,"position":3},"title":"Rinden homenaje a Shakira con estatua de bronce en Colombia","author":"BIMARY DE JES\u00daS Matos","date":"27 de diciembre de 2023","format":false,"excerpt":"Colombia.- Una estatua de Shakira, hecha en bronce y de 6,5 metros de altura, fue develada este martes en el Gran Malec\u00f3n de su natal Barranquilla como un homenaje a su carrera art\u00edstica y a su legado para esa ciudad del Caribe colombiano. \u00abMe siento honrada y conmovida por este\u2026","rel":"","context":"En \u00abENTRETENIMIENTO\u00bb","block_context":{"text":"ENTRETENIMIENTO","link":"https:\/\/lasprimeras.com.do\/index.php\/category\/entretenimiento\/"},"img":{"alt_text":"","src":"https:\/\/i0.wp.com\/lasprimeras.com.do\/wp-content\/uploads\/2023\/12\/LIDOM-anuncia-reduccion-en-tiempo-de-juegos-3.webp?resize=350%2C200&ssl=1","width":350,"height":200,"srcset":"https:\/\/i0.wp.com\/lasprimeras.com.do\/wp-content\/uploads\/2023\/12\/LIDOM-anuncia-reduccion-en-tiempo-de-juegos-3.webp?resize=350%2C200&ssl=1 1x, https:\/\/i0.wp.com\/lasprimeras.com.do\/wp-content\/uploads\/2023\/12\/LIDOM-anuncia-reduccion-en-tiempo-de-juegos-3.webp?resize=525%2C300&ssl=1 1.5x"},"classes":[]},{"id":68941,"url":"https:\/\/lasprimeras.com.do\/index.php\/2023\/11\/29\/estos-son-los-precios-para-ver-a-kany-garcia-en-el-teatro-nacional\/","url_meta":{"origin":107712,"position":4},"title":"Estos son los precios para ver a Kany Garc\u00eda en el Teatro Nacional","author":"BIMARY DE JES\u00daS Matos","date":"29 de noviembre de 2023","format":false,"excerpt":"RD.-Las boletas para ver a la cantautora puertorrique\u00f1a, Kany Garc\u00eda el pr\u00f3ximo 2 de febrero en el Teatro Nacional, ya est\u00e1n disponibles. Los precios van de RD$4,800 a RD$9,500. La venta de las entradas del concierto inici\u00f3 este 28 de noviembre a las 10 de la ma\u00f1ana a trav\u00e9s de\u2026","rel":"","context":"En \u00abENTRETENIMIENTO\u00bb","block_context":{"text":"ENTRETENIMIENTO","link":"https:\/\/lasprimeras.com.do\/index.php\/category\/entretenimiento\/"},"img":{"alt_text":"","src":"https:\/\/i0.wp.com\/lasprimeras.com.do\/wp-content\/uploads\/2023\/11\/PhotoFrame-3-3.jpg?resize=350%2C200&ssl=1","width":350,"height":200,"srcset":"https:\/\/i0.wp.com\/lasprimeras.com.do\/wp-content\/uploads\/2023\/11\/PhotoFrame-3-3.jpg?resize=350%2C200&ssl=1 1x, https:\/\/i0.wp.com\/lasprimeras.com.do\/wp-content\/uploads\/2023\/11\/PhotoFrame-3-3.jpg?resize=525%2C300&ssl=1 1.5x"},"classes":[]},{"id":81706,"url":"https:\/\/lasprimeras.com.do\/index.php\/2024\/04\/24\/christian-nodal-llegara-el-15-de-junio-al-estadio-quisqueya\/","url_meta":{"origin":107712,"position":5},"title":"Christian Nodal llegar\u00e1 el 15 de junio al Estadio Quisqueya","author":"BIMARY DE JES\u00daS Matos","date":"24 de abril de 2024","format":false,"excerpt":"Christian Nodal, uno de los cantantes m\u00e1s escuchados del momento dentro del regional mexicano, llegar\u00e1 con su gira \u201cPa'l Cora Tour 2024\u201d al Estadio Quisqueya el pr\u00f3ximo 15 de junio. Eduardo Dur\u00e1n, productor art\u00edstico de ED Live, inform\u00f3 que luego de Nodal presentarse con rotundo \u00e9xito en varios pa\u00edses, se\u2026","rel":"","context":"En \u00abENTRETENIMIENTO\u00bb","block_context":{"text":"ENTRETENIMIENTO","link":"https:\/\/lasprimeras.com.do\/index.php\/category\/entretenimiento\/"},"img":{"alt_text":"","src":"https:\/\/i0.wp.com\/lasprimeras.com.do\/wp-content\/uploads\/2024\/04\/WhatsApp-Image-2024-04-23-at-10.32.54-AM-2.jpeg?resize=350%2C200&ssl=1","width":350,"height":200,"srcset":"https:\/\/i0.wp.com\/lasprimeras.com.do\/wp-content\/uploads\/2024\/04\/WhatsApp-Image-2024-04-23-at-10.32.54-AM-2.jpeg?resize=350%2C200&ssl=1 1x, https:\/\/i0.wp.com\/lasprimeras.com.do\/wp-content\/uploads\/2024\/04\/WhatsApp-Image-2024-04-23-at-10.32.54-AM-2.jpeg?resize=525%2C300&ssl=1 1.5x, https:\/\/i0.wp.com\/lasprimeras.com.do\/wp-content\/uploads\/2024\/04\/WhatsApp-Image-2024-04-23-at-10.32.54-AM-2.jpeg?resize=700%2C400&ssl=1 2x"},"classes":[]}],"jetpack_sharing_enabled":true,"_links":{"self":[{"href":"https:\/\/lasprimeras.com.do\/index.php\/wp-json\/wp\/v2\/posts\/107712","targetHints":{"allow":["GET"]}}],"collection":[{"href":"https:\/\/lasprimeras.com.do\/index.php\/wp-json\/wp\/v2\/posts"}],"about":[{"href":"https:\/\/lasprimeras.com.do\/index.php\/wp-json\/wp\/v2\/types\/post"}],"author":[{"embeddable":true,"href":"https:\/\/lasprimeras.com.do\/index.php\/wp-json\/wp\/v2\/users\/10"}],"replies":[{"embeddable":true,"href":"https:\/\/lasprimeras.com.do\/index.php\/wp-json\/wp\/v2\/comments?post=107712"}],"version-history":[{"count":1,"href":"https:\/\/lasprimeras.com.do\/index.php\/wp-json\/wp\/v2\/posts\/107712\/revisions"}],"predecessor-version":[{"id":107714,"href":"https:\/\/lasprimeras.com.do\/index.php\/wp-json\/wp\/v2\/posts\/107712\/revisions\/107714"}],"wp:featuredmedia":[{"embeddable":true,"href":"https:\/\/lasprimeras.com.do\/index.php\/wp-json\/wp\/v2\/media\/107713"}],"wp:attachment":[{"href":"https:\/\/lasprimeras.com.do\/index.php\/wp-json\/wp\/v2\/media?parent=107712"}],"wp:term":[{"taxonomy":"category","embeddable":true,"href":"https:\/\/lasprimeras.com.do\/index.php\/wp-json\/wp\/v2\/categories?post=107712"},{"taxonomy":"post_tag","embeddable":true,"href":"https:\/\/lasprimeras.com.do\/index.php\/wp-json\/wp\/v2\/tags?post=107712"}],"curies":[{"name":"wp","href":"https:\/\/api.w.org\/{rel}","templated":true}]}}