{"id":107892,"date":"2025-08-28T09:52:00","date_gmt":"2025-08-28T13:52:00","guid":{"rendered":"https:\/\/lasprimeras.com.do\/?p=107892"},"modified":"2025-09-01T10:05:16","modified_gmt":"2025-09-01T14:05:16","slug":"vicepresidenta-inaugura-emergencia-hospital-de-cenovi-entrega-unidades-de-oncologia-y-pie-diabetico-en-cotui","status":"publish","type":"post","link":"https:\/\/lasprimeras.com.do\/index.php\/2025\/08\/28\/vicepresidenta-inaugura-emergencia-hospital-de-cenovi-entrega-unidades-de-oncologia-y-pie-diabetico-en-cotui\/","title":{"rendered":"Vicepresidenta inaugura Emergencia hospital de Cenov\u00ed; entrega unidades de Oncolog\u00eda y Pie Diab\u00e9tico en Cotu\u00ed"},"content":{"rendered":"\n<p><strong>Implica una inversi\u00f3n superior a RD$152 millones<\/strong><\/p>\n\n\n\n<p>La vicepresidenta de la Rep\u00fablica, Raquel Pe\u00f1a y el director del Servicio Nacional de Salud (SNS), doctor Mario Lama, encabezaron la inauguraci\u00f3n de nuevas \u00e1reas de atenci\u00f3n en los hospitales Inmaculada Concepci\u00f3n, en S\u00e1nchez Ram\u00edrez y Doctor Mario Fern\u00e1ndez Mena, en Duarte, con una inversi\u00f3n conjunta superior a RD$152 millones para fortalecer la Red P\u00fablica y garantizar servicios de salud de calidad a casi 200 mil dominicanos de esas localidades.<\/p>\n\n\n\n<p>Durante el acto, la vicemandataria expuso que con estas obras garantizan una atenci\u00f3n m\u00e9dica oportuna y de calidad, que representa una manifestaci\u00f3n concreta del valor que el Gobierno dominicano le da a la vida de cada dominicano y dominicana.<\/p>\n\n\n\n<p>\u201cEsta obra es la garant\u00eda de un espacio moderno, equipado y con un personal preparado para brindar atenci\u00f3n inmediata para miles de familias de Cenov\u00ed y de la provincia Duarte. Bajo la visi\u00f3n del presidente Luis Abinader, y con el liderazgo del doctor Mario Lama en el Servicio Nacional de Salud, hemos asumido la tarea de transformar nuestro sistema de salud, acercando soluciones a cada localidad del pa\u00eds\u201d, agreg\u00f3 la tambi\u00e9n presidenta del Gabinete de Salud.<\/p>\n\n\n\n<p>Mientras, el director del SNS, doctor Mario Lama, destac\u00f3 que las obras sanitarias entregadas reflejan el compromiso del Gobierno con el bienestar de la gente.<\/p>\n\n\n\n<p>\u201cCon estas inauguraciones seguimos transformando la Red P\u00fablica. Lo que ocurre en salud es una revoluci\u00f3n. Todas las provincias de la Rep\u00fablica Dominicana han experimentado un paso trascendental de avance\u201d, afirm\u00f3.<\/p>\n\n\n\n<figure class=\"wp-block-image size-full\"><img decoding=\"async\" width=\"900\" height=\"599\" src=\"https:\/\/lasprimeras.com.do\/wp-content\/uploads\/2025\/09\/Lama-Cenovi-2-ok-1024x682-1.jpg\" alt=\"\" class=\"wp-image-107894\" srcset=\"https:\/\/lasprimeras.com.do\/wp-content\/uploads\/2025\/09\/Lama-Cenovi-2-ok-1024x682-1.jpg 900w, https:\/\/lasprimeras.com.do\/wp-content\/uploads\/2025\/09\/Lama-Cenovi-2-ok-1024x682-1-300x200.jpg 300w, https:\/\/lasprimeras.com.do\/wp-content\/uploads\/2025\/09\/Lama-Cenovi-2-ok-1024x682-1-768x511.jpg 768w\" sizes=\"(max-width: 900px) 100vw, 900px\" \/><\/figure>\n\n\n\n<p><strong>Entrega Unidades de Oncol\u00f3gica y de Pie Diab\u00e9tico<\/strong><\/p>\n\n\n\n<p>En la provincia S\u00e1nchez Ram\u00edrez qued\u00f3 en funcionamiento la Unidad Oncol\u00f3gica y la Unidad de Pie Diab\u00e9tico del Hospital Inmaculada Concepci\u00f3n de Cotu\u00ed, que beneficiar\u00e1n a m\u00e1s de 162,000 habitantes. La intervenci\u00f3n cont\u00f3 con una inversi\u00f3n total de RD$105,873,284.70.<\/p>\n\n\n\n<p>La Unidad Oncol\u00f3gica dispone de sala de espera, dos consultorios, ba\u00f1os, diez sillones en sala de tratamiento, cuatro sillones de tratamiento aislado, dos sillones en observaci\u00f3n, un quir\u00f3fano de traumatolog\u00eda y espacios de estar para m\u00e9dicos y enfermeras.<\/p>\n\n\n\n<p>Mientras que la Unidad de Pie Diab\u00e9tico incluye sala de espera, dos consultorios, ba\u00f1os, cuatro camas para curas, tres camas de observaci\u00f3n, dos salas de curas limpias, un quir\u00f3fano menor, \u00e1rea de esterilizaci\u00f3n y estar m\u00e9dico y de enfermeras.<\/p>\n\n\n\n<p><strong>Remozamiento general y ampliaci\u00f3n Emergencia hospital municipal de Cenov\u00ed<\/strong><\/p>\n\n\n\n<p>En el municipio Cenov\u00ed, provincia Duarte, se entreg\u00f3 el remozamiento general y ampliaci\u00f3n de la Emergencia del Hospital Municipal Dr. Mario Fern\u00e1ndez Mena, con una inversi\u00f3n de RD$46,406,621.95 en infraestructura, lo que impactar\u00e1 de manera directa a los m\u00e1s de 16,322 habitantes de la zona.<\/p>\n\n\n\n<p>La intervenci\u00f3n incluy\u00f3 la ampliaci\u00f3n del \u00e1rea de Emergencia y la reparaci\u00f3n, adecuaci\u00f3n y modernizaci\u00f3n de todo el centro, que ahora cuenta con m\u00f3dulo odontol\u00f3gico, tres consultorios, consultorio de ginecolog\u00eda, Farmacia, Laboratorio, Vacunaci\u00f3n, Sonograf\u00eda, \u00e1reas administrativas, consultorio de tuberculosis, Triaje, Rayos X, \u00e1reas de medicaci\u00f3n y cura, salas de espera, oficial\u00eda civil y dos estaciones de enfermer\u00eda.<\/p>\n\n\n\n<p>Asimismo, el hospital dispone de 10 camas de internamiento, neonatolog\u00eda, quir\u00f3fano, sala de parto, camas de recuperaci\u00f3n y de preparaci\u00f3n, \u00e1rea de esterilizaci\u00f3n, morgue, cocina, lavander\u00eda y descansos para el personal m\u00e9dico, garantizando una atenci\u00f3n integral y de calidad a la comunidad.<\/p>\n\n\n\n<p>Con estas entregas el SNS fortalece la capacidad de respuesta de los centros de salud de la regi\u00f3n Norte, asegurando atenciones oportunas y modernas a la poblaci\u00f3n, al tiempo que reafirma su compromiso de continuar modernizando la infraestructura hospitalaria en todo el pa\u00eds.<\/p>\n","protected":false},"excerpt":{"rendered":"<p>Implica una inversi\u00f3n superior a RD$152 millones La vicepresidenta de la Rep\u00fablica, Raquel Pe\u00f1a y el director del Servicio Nacional de Salud (SNS), doctor Mario Lama, encabezaron la inauguraci\u00f3n de&hellip;<\/p>\n","protected":false},"author":10,"featured_media":107893,"comment_status":"open","ping_status":"open","sticky":false,"template":"","format":"standard","meta":{"content-type":"","jetpack_post_was_ever_published":false,"_jetpack_newsletter_access":"","_jetpack_dont_email_post_to_subs":false,"_jetpack_newsletter_tier_id":0,"_jetpack_memberships_contains_paywalled_content":false,"_jetpack_memberships_contains_paid_content":false,"footnotes":""},"categories":[16558],"tags":[3258,23965,23966,2756,6345,2874],"class_list":["post-107892","post","type-post","status-publish","format-standard","has-post-thumbnail","hentry","category-salud","tag-cotui","tag-emergencia-hospital-de-cenovi","tag-oncologia-y-pie-diabetico","tag-sns","tag-unidades","tag-vicepresidenta"],"jetpack_featured_media_url":"https:\/\/lasprimeras.com.do\/wp-content\/uploads\/2025\/09\/Portada-Cenovi-2048x1365-1.jpg","jetpack-related-posts":[{"id":114560,"url":"https:\/\/lasprimeras.com.do\/index.php\/2025\/07\/04\/vicepresidenta-raquel-pena-entrega-unidad-de-pie-diabetico-en-hospital-municipal-de-imbert\/","url_meta":{"origin":107892,"position":0},"title":"Vicepresidenta Raquel Pe\u00f1a entrega Unidad de Pie Diab\u00e9tico en Hospital Municipal de Imbert","author":"Nelson Feliz","date":"4 de julio de 2025","format":false,"excerpt":"Segunda, de diez que construye el Gobierno en distintos puntos del pa\u00eds. La vicepresidenta de la Rep\u00fablica, Raquel Pe\u00f1a, junto al director del Servicio Nacional de Salud (SNS), Mario Lama, entreg\u00f3 este viernes la segunda Unidad de Pie Diab\u00e9tico, en el Hospital Municipal de Imbert, provincia Puerto Plata, como parte\u2026","rel":"","context":"En \u00abPORTADA\u00bb","block_context":{"text":"PORTADA","link":"https:\/\/lasprimeras.com.do\/index.php\/category\/portada\/"},"img":{"alt_text":"","src":"https:\/\/i0.wp.com\/lasprimeras.com.do\/wp-content\/uploads\/2025\/11\/Raquel-Pena-2.jpg?resize=350%2C200&ssl=1","width":350,"height":200,"srcset":"https:\/\/i0.wp.com\/lasprimeras.com.do\/wp-content\/uploads\/2025\/11\/Raquel-Pena-2.jpg?resize=350%2C200&ssl=1 1x, https:\/\/i0.wp.com\/lasprimeras.com.do\/wp-content\/uploads\/2025\/11\/Raquel-Pena-2.jpg?resize=525%2C300&ssl=1 1.5x, https:\/\/i0.wp.com\/lasprimeras.com.do\/wp-content\/uploads\/2025\/11\/Raquel-Pena-2.jpg?resize=700%2C400&ssl=1 2x"},"classes":[]},{"id":114557,"url":"https:\/\/lasprimeras.com.do\/index.php\/2025\/07\/01\/abinader-inaugura-unidad-de-pie-diabetico-en-hospital-de-herrera-marcelino-velez-santana\/","url_meta":{"origin":107892,"position":1},"title":"Abinader inaugura unidad de pie diab\u00e9tico en Hospital de Herrera, Marcelino V\u00e9lez Santana","author":"Nelson Feliz","date":"1 de julio de 2025","format":false,"excerpt":"Gobierno tiene previsto instalar diez unidades de Pie Diab\u00e9tico en distintos puntos del pa\u00eds para fortalecer la atenci\u00f3n a pacientes diab\u00e9ticos y reducir complicaciones que deriven en amputaciones. El presidente Luis Abinader dej\u00f3 inaugurada este martes la primera Unidad de Pie Diab\u00e9tico en el Hospital General Dr. Marcelino V\u00e9lez Santana,\u2026","rel":"","context":"En \u00abPORTADA\u00bb","block_context":{"text":"PORTADA","link":"https:\/\/lasprimeras.com.do\/index.php\/category\/portada\/"},"img":{"alt_text":"","src":"https:\/\/i0.wp.com\/lasprimeras.com.do\/wp-content\/uploads\/2025\/11\/Hospital-General-Dr.-Marcelino-Velez-Santana.jpg?resize=350%2C200&ssl=1","width":350,"height":200,"srcset":"https:\/\/i0.wp.com\/lasprimeras.com.do\/wp-content\/uploads\/2025\/11\/Hospital-General-Dr.-Marcelino-Velez-Santana.jpg?resize=350%2C200&ssl=1 1x, https:\/\/i0.wp.com\/lasprimeras.com.do\/wp-content\/uploads\/2025\/11\/Hospital-General-Dr.-Marcelino-Velez-Santana.jpg?resize=525%2C300&ssl=1 1.5x, https:\/\/i0.wp.com\/lasprimeras.com.do\/wp-content\/uploads\/2025\/11\/Hospital-General-Dr.-Marcelino-Velez-Santana.jpg?resize=700%2C400&ssl=1 2x"},"classes":[]},{"id":102139,"url":"https:\/\/lasprimeras.com.do\/index.php\/2025\/07\/01\/abinader-deja-inaugurada-unidad-de-pie-diabetico-en-hospital-marcelino-velez-santana-de-herrera\/","url_meta":{"origin":107892,"position":2},"title":"Abinader deja inaugurada unidad de pie diab\u00e9tico en Hospital Marcelino V\u00e9lez Santana de Herrera","author":"Nelson Feliz","date":"1 de julio de 2025","format":false,"excerpt":"Gobierno tiene previsto instalar diez unidades de Pie Diab\u00e9tico en distintos puntos del pa\u00eds para fortalecer la atenci\u00f3n a pacientes diab\u00e9ticos y reducir complicaciones que deriven en amputaciones. El presidente Luis Abinader dej\u00f3 inaugurada este martes la primera Unidad de Pie Diab\u00e9tico en el Hospital General Dr. Marcelino V\u00e9lez Santana,\u2026","rel":"","context":"En \u00abPORTADA\u00bb","block_context":{"text":"PORTADA","link":"https:\/\/lasprimeras.com.do\/index.php\/category\/portada\/"},"img":{"alt_text":"","src":"https:\/\/i0.wp.com\/lasprimeras.com.do\/wp-content\/uploads\/2025\/07\/Luis-Abinader-C.jpg?resize=350%2C200&ssl=1","width":350,"height":200,"srcset":"https:\/\/i0.wp.com\/lasprimeras.com.do\/wp-content\/uploads\/2025\/07\/Luis-Abinader-C.jpg?resize=350%2C200&ssl=1 1x, https:\/\/i0.wp.com\/lasprimeras.com.do\/wp-content\/uploads\/2025\/07\/Luis-Abinader-C.jpg?resize=525%2C300&ssl=1 1.5x, https:\/\/i0.wp.com\/lasprimeras.com.do\/wp-content\/uploads\/2025\/07\/Luis-Abinader-C.jpg?resize=700%2C400&ssl=1 2x"},"classes":[]},{"id":114942,"url":"https:\/\/lasprimeras.com.do\/index.php\/2025\/10\/10\/la-romana-inauguran-nueva-emergencia-y-remozamiento-bloque-quirurgico-hospital-aristides-fiallo\/","url_meta":{"origin":107892,"position":3},"title":"La Romana: Inauguran nueva Emergencia y remozamiento Bloque Quir\u00fargico Hospital Ar\u00edstides Fiallo","author":"Nelson Feliz","date":"10 de octubre de 2025","format":false,"excerpt":"Anuncian construcci\u00f3n nuevo hospital inicia en 2026 La vicepresidenta de la Rep\u00fablica, Raquel Pe\u00f1a, encabez\u00f3 este viernes la inauguraci\u00f3n de la nueva Emergencia y el remozamiento del Bloque Quir\u00fargico del Hospital Provincial Doctor Ar\u00edstides Fiallo Cabral, en la regi\u00f3n Este del pa\u00eds, con una inversi\u00f3n superior a los RD$ 107\u2026","rel":"","context":"En \u00abPORTADA\u00bb","block_context":{"text":"PORTADA","link":"https:\/\/lasprimeras.com.do\/index.php\/category\/portada\/"},"img":{"alt_text":"","src":"https:\/\/i0.wp.com\/lasprimeras.com.do\/wp-content\/uploads\/2025\/11\/Raquel-Pena-1-1.jpg?resize=350%2C200&ssl=1","width":350,"height":200,"srcset":"https:\/\/i0.wp.com\/lasprimeras.com.do\/wp-content\/uploads\/2025\/11\/Raquel-Pena-1-1.jpg?resize=350%2C200&ssl=1 1x, https:\/\/i0.wp.com\/lasprimeras.com.do\/wp-content\/uploads\/2025\/11\/Raquel-Pena-1-1.jpg?resize=525%2C300&ssl=1 1.5x, https:\/\/i0.wp.com\/lasprimeras.com.do\/wp-content\/uploads\/2025\/11\/Raquel-Pena-1-1.jpg?resize=700%2C400&ssl=1 2x, https:\/\/i0.wp.com\/lasprimeras.com.do\/wp-content\/uploads\/2025\/11\/Raquel-Pena-1-1.jpg?resize=1050%2C600&ssl=1 3x"},"classes":[]},{"id":107580,"url":"https:\/\/lasprimeras.com.do\/index.php\/2025\/08\/28\/la-vicepresidenta-raquel-pena-junto-al-senador-ricardo-de-los-santos-entregan-obras-en-sanchez-ramirez\/","url_meta":{"origin":107892,"position":4},"title":"La vicepresidenta Raquel Pe\u00f1a junto al senador Ricardo de los Santos entregan obras en S\u00e1nchez Ram\u00edrez","author":"Nelson Feliz","date":"28 de agosto de 2025","format":false,"excerpt":"Entre las obras inauguradas se destaca una nueva Unidad de Pie Diab\u00e9tico y Oncolog\u00eda en el Hospital Inmaculada Concepci\u00f3n, as\u00ed como varias carreteras en distintos municipios de la provincia. El Senador por la provincia S\u00e1nchez Ram\u00edrez, Ricardo de los Santos, y la vicepresidenta Raquel Pe\u00f1a encabezaron la entrega de varias\u2026","rel":"","context":"En \u00abNACIONALES\u00bb","block_context":{"text":"NACIONALES","link":"https:\/\/lasprimeras.com.do\/index.php\/category\/nacionales\/"},"img":{"alt_text":"","src":"https:\/\/i0.wp.com\/lasprimeras.com.do\/wp-content\/uploads\/2025\/08\/Raquel-Pena-1.jpg?resize=350%2C200&ssl=1","width":350,"height":200,"srcset":"https:\/\/i0.wp.com\/lasprimeras.com.do\/wp-content\/uploads\/2025\/08\/Raquel-Pena-1.jpg?resize=350%2C200&ssl=1 1x, https:\/\/i0.wp.com\/lasprimeras.com.do\/wp-content\/uploads\/2025\/08\/Raquel-Pena-1.jpg?resize=525%2C300&ssl=1 1.5x, https:\/\/i0.wp.com\/lasprimeras.com.do\/wp-content\/uploads\/2025\/08\/Raquel-Pena-1.jpg?resize=700%2C400&ssl=1 2x"},"classes":[]},{"id":95178,"url":"https:\/\/lasprimeras.com.do\/index.php\/2025\/03\/11\/el-gobierno-tiene-planes-un-nuevo-hospital-gautier-segun-mario-lama\/","url_meta":{"origin":107892,"position":5},"title":"El Gobierno tiene planes un nuevo hospital Gautier, segun Mario Lama","author":"Nelson Feliz","date":"11 de marzo de 2025","format":false,"excerpt":"Altagracia Ortiz El Gobierno tiene pautado la construcci\u00f3n de un nuevo hospital Salvador B. Gautier, en Santo Domingo, dado que la estructura data de m\u00e1s de 70 a\u00f1os y ha sido intervenida en varias ocasiones. La informaci\u00f3n la ofreci\u00f3 el doctor Mario Lama, director del Servicio Nacional de Salud, quien\u2026","rel":"","context":"En \u00abSALUD\u00bb","block_context":{"text":"SALUD","link":"https:\/\/lasprimeras.com.do\/index.php\/category\/salud\/"},"img":{"alt_text":"","src":"https:\/\/i0.wp.com\/lasprimeras.com.do\/wp-content\/uploads\/2025\/03\/Mario-Lama.png?resize=350%2C200&ssl=1","width":350,"height":200,"srcset":"https:\/\/i0.wp.com\/lasprimeras.com.do\/wp-content\/uploads\/2025\/03\/Mario-Lama.png?resize=350%2C200&ssl=1 1x, https:\/\/i0.wp.com\/lasprimeras.com.do\/wp-content\/uploads\/2025\/03\/Mario-Lama.png?resize=525%2C300&ssl=1 1.5x"},"classes":[]}],"jetpack_sharing_enabled":true,"_links":{"self":[{"href":"https:\/\/lasprimeras.com.do\/index.php\/wp-json\/wp\/v2\/posts\/107892","targetHints":{"allow":["GET"]}}],"collection":[{"href":"https:\/\/lasprimeras.com.do\/index.php\/wp-json\/wp\/v2\/posts"}],"about":[{"href":"https:\/\/lasprimeras.com.do\/index.php\/wp-json\/wp\/v2\/types\/post"}],"author":[{"embeddable":true,"href":"https:\/\/lasprimeras.com.do\/index.php\/wp-json\/wp\/v2\/users\/10"}],"replies":[{"embeddable":true,"href":"https:\/\/lasprimeras.com.do\/index.php\/wp-json\/wp\/v2\/comments?post=107892"}],"version-history":[{"count":1,"href":"https:\/\/lasprimeras.com.do\/index.php\/wp-json\/wp\/v2\/posts\/107892\/revisions"}],"predecessor-version":[{"id":107895,"href":"https:\/\/lasprimeras.com.do\/index.php\/wp-json\/wp\/v2\/posts\/107892\/revisions\/107895"}],"wp:featuredmedia":[{"embeddable":true,"href":"https:\/\/lasprimeras.com.do\/index.php\/wp-json\/wp\/v2\/media\/107893"}],"wp:attachment":[{"href":"https:\/\/lasprimeras.com.do\/index.php\/wp-json\/wp\/v2\/media?parent=107892"}],"wp:term":[{"taxonomy":"category","embeddable":true,"href":"https:\/\/lasprimeras.com.do\/index.php\/wp-json\/wp\/v2\/categories?post=107892"},{"taxonomy":"post_tag","embeddable":true,"href":"https:\/\/lasprimeras.com.do\/index.php\/wp-json\/wp\/v2\/tags?post=107892"}],"curies":[{"name":"wp","href":"https:\/\/api.w.org\/{rel}","templated":true}]}}