{"id":107949,"date":"2025-09-01T20:12:54","date_gmt":"2025-09-02T00:12:54","guid":{"rendered":"https:\/\/lasprimeras.com.do\/?p=107949"},"modified":"2025-09-01T20:12:57","modified_gmt":"2025-09-02T00:12:57","slug":"contraloria-impulsa-educacion-sostenible-con-entrega-de-mas-de-4200-cuadernos-reciclados","status":"publish","type":"post","link":"https:\/\/lasprimeras.com.do\/index.php\/2025\/09\/01\/contraloria-impulsa-educacion-sostenible-con-entrega-de-mas-de-4200-cuadernos-reciclados\/","title":{"rendered":"Contralor\u00eda impulsa educaci\u00f3n sostenible con entrega de m\u00e1s de 4,200 cuadernos reciclados"},"content":{"rendered":"\n<p>La Contralor\u00eda General de la Rep\u00fablica (CGR), encabezada por su titular F\u00e9lix Santana Garc\u00eda, entreg\u00f3 1,020 cuadernos reciclados a ni\u00f1os y ni\u00f1as de la escuela Agust\u00edn Herrera Rodr\u00edguez, en la comunidad El Platanal, provincia S\u00e1nchez Ram\u00edrez, como parte de su programa de Sostenibilidad y Responsabilidad Social.<\/p>\n\n\n\n<p>Santana Garc\u00eda dijo que este aporte forma parte de una colaboraci\u00f3n entre la Contralor\u00eda y la Fundaci\u00f3n Cuadernos x Un Ma\u00f1ana, que permiti\u00f3 la producci\u00f3n de 4,290 cuadernos reciclados, para beneficiar a unos 750 estudiantes en situaci\u00f3n de vulnerabilidad.<\/p>\n\n\n\n<p>Durante el evento, el contralor destac\u00f3 el valor de la solidaridad y reafirm\u00f3 el compromiso de la Contralor\u00eda con la educaci\u00f3n y la ni\u00f1ez:<\/p>\n\n\n\n<p>\u201cCada uno de estos cuadernos representa una oportunidad para que nuestros ni\u00f1os sigan aprendiendo, so\u00f1ando y construyendo un mejor futuro. La transparencia y la responsabilidad tambi\u00e9n se demuestran con acciones que impactan la vida de quienes m\u00e1s lo necesitan\u201d, expres\u00f3.<\/p>\n\n\n\n<p>La iniciativa tambi\u00e9n fue posible gracias al esfuerzo de los colaboradores de la Contralor\u00eda, quienes recolectaron 500 cuadernos usados. Estos fueron entregados a la fundaci\u00f3n, donde se clasificaron y separaron las hojas: las utilizadas se enviaron a la empresa Green Love para su reciclaje, y las nuevas se aprovecharon para la elaboraci\u00f3n de los cuadernos reutilizados.<\/p>\n\n\n\n<p>Adicionalmente, la instituci\u00f3n aport\u00f3 RD$99,446, inversi\u00f3n que permiti\u00f3 producir 4,290 cuadernos reciclados.<\/p>\n\n\n\n<p>Adem\u00e1s, la jornada incluy\u00f3 un ambiente de esparcimiento en el que los estudiantes participaron en din\u00e1micas recreativas, disfrutaron de inflables y compartieron diversas meriendas.<\/p>\n\n\n\n<p>Con esta iniciativa, la Contralor\u00eda busca reafirmar su compromiso con la educaci\u00f3n y con la ni\u00f1ez m\u00e1s vulnerable, apostando al reciclaje como una herramienta que une la responsabilidad social con el apoyo directo a las comunidades.<\/p>\n\n\n\n<p>La jornada cont\u00f3 con la participaci\u00f3n de estudiantes, docentes y padres de familia, quienes recibieron con entusiasmo la iniciativa de la CGR. Asimismo, se resalt\u00f3 la colaboraci\u00f3n de aliados estrat\u00e9gicos, como la Fundaci\u00f3n Cuadernos x Un Ma\u00f1ana y la empresa Green Love, que hicieron posible convertir cuadernos en desuso en herramientas educativas.<\/p>\n","protected":false},"excerpt":{"rendered":"<p>La Contralor\u00eda General de la Rep\u00fablica (CGR), encabezada por su titular F\u00e9lix Santana Garc\u00eda, entreg\u00f3 1,020 cuadernos reciclados a ni\u00f1os y ni\u00f1as de la escuela Agust\u00edn Herrera Rodr\u00edguez, en la&hellip;<\/p>\n","protected":false},"author":10,"featured_media":107950,"comment_status":"open","ping_status":"open","sticky":false,"template":"","format":"standard","meta":{"content-type":"","jetpack_post_was_ever_published":false,"_jetpack_newsletter_access":"","_jetpack_dont_email_post_to_subs":false,"_jetpack_newsletter_tier_id":0,"_jetpack_memberships_contains_paywalled_content":false,"_jetpack_memberships_contains_paid_content":false,"footnotes":""},"categories":[35],"tags":[911,23990,893,15801,2970],"class_list":["post-107949","post","type-post","status-publish","format-standard","has-post-thumbnail","hentry","category-nacionales","tag-contraloria","tag-cuadernos-reciclados","tag-educacion","tag-entrega","tag-sostenible"],"jetpack_featured_media_url":"https:\/\/lasprimeras.com.do\/wp-content\/uploads\/2025\/09\/Contralor-entrega-cuadernos-reciclados-4.jpg","jetpack-related-posts":[{"id":57927,"url":"https:\/\/lasprimeras.com.do\/index.php\/2023\/08\/17\/luis-el-gallo-pide-tarifas-regulares-de-los-colegios-y-prohibir-cuadernos-con-portadas-de-reguetoneros\/","url_meta":{"origin":107949,"position":0},"title":"Luis \u201cEl Gallo\u201d pide tarifas regulares de los colegios, y proh\u00edbir cuadernos con portadas de reguetoneros","author":"Nelson Feliz","date":"17 de agosto de 2023","format":false,"excerpt":"El presidente de la Uni\u00f3n Dem\u00f3crata Cristiana -UDC-, Luis Acosta Moreta, Luis \u201cEl Gallo\u201d, solicit\u00f3 hoy al Consejo Nacional de Educaci\u00f3n que regule los precios de los libros de texto, que est\u00e1n inalcanzables para las familias pobres y de clase media. Tambi\u00e9n solicit\u00f3 al ministerio de Educaci\u00f3n que entregue cuadernos\u2026","rel":"","context":"En \u00abNACIONALES\u00bb","block_context":{"text":"NACIONALES","link":"https:\/\/lasprimeras.com.do\/index.php\/category\/nacionales\/"},"img":{"alt_text":"Luis Acosta Moreta","src":"https:\/\/i0.wp.com\/lasprimeras.com.do\/wp-content\/uploads\/2023\/08\/padres-patria.jpg?resize=350%2C200&ssl=1","width":350,"height":200},"classes":[]},{"id":87519,"url":"https:\/\/lasprimeras.com.do\/index.php\/2024\/08\/13\/luis-el-gallo-pide-a-minerd-ilustrar-portada-de-cuadernos-con-imagen-de-marileidy-paulino\/","url_meta":{"origin":107949,"position":1},"title":"Luis \u2013El Gallo- pide a MINERD ilustrar portada de cuadernos con imagen de Marileidy Paulino","author":"Nelson Feliz","date":"13 de agosto de 2024","format":false,"excerpt":"El presidente de la Uni\u00f3n Dem\u00f3crata Cristiana, Luis Acosta, Luis \"El Gallo\", pidi\u00f3 al ministro de Educaci\u00f3n, \u00c1ngel Hern\u00e1ndez, ilustrar con la imagen de la velocista Marileidy Paulino, que gan\u00f3 oro en los Juegos Ol\u00edmpicos celebrados en Par\u00eds, para evitar as\u00ed que los antivalores lleguen a las escuelas a trav\u00e9s\u2026","rel":"","context":"En \u00abSin categor\u00eda\u00bb","block_context":{"text":"Sin categor\u00eda","link":"https:\/\/lasprimeras.com.do\/index.php\/category\/sin-categoria\/"},"img":{"alt_text":"Luis Acosta","src":"https:\/\/i0.wp.com\/lasprimeras.com.do\/wp-content\/uploads\/2024\/08\/Luis-Acosta-1.jpg?resize=350%2C200&ssl=1","width":350,"height":200,"srcset":"https:\/\/i0.wp.com\/lasprimeras.com.do\/wp-content\/uploads\/2024\/08\/Luis-Acosta-1.jpg?resize=350%2C200&ssl=1 1x, https:\/\/i0.wp.com\/lasprimeras.com.do\/wp-content\/uploads\/2024\/08\/Luis-Acosta-1.jpg?resize=525%2C300&ssl=1 1.5x, https:\/\/i0.wp.com\/lasprimeras.com.do\/wp-content\/uploads\/2024\/08\/Luis-Acosta-1.jpg?resize=700%2C400&ssl=1 2x"},"classes":[]},{"id":100168,"url":"https:\/\/lasprimeras.com.do\/index.php\/2025\/06\/02\/contraloria-destaca-la-capacidad-de-ahorro-del-presidente-abinader-para-crear-empleos\/","url_meta":{"origin":107949,"position":2},"title":"Contralor\u00eda destaca la capacidad de ahorro del presidente Abinader para crear empleos","author":"Nelson Feliz","date":"2 de junio de 2025","format":false,"excerpt":"El contralor general de la Rep\u00fablica puso de relieve la capacidad del presidente Luis Abinader para el control de las finanzas p\u00fablicas para el ahorro lo que, a su juicio, ha facilitado la creaci\u00f3n de nuevos empleos y el abastecimiento monetario para impulsar los proyectos de desarrollo. Al intervenir frente\u2026","rel":"","context":"En \u00abECONOM\u00cdA\u00bb","block_context":{"text":"ECONOM\u00cdA","link":"https:\/\/lasprimeras.com.do\/index.php\/category\/economia\/"},"img":{"alt_text":"F\u00e9lix Santana","src":"https:\/\/i0.wp.com\/lasprimeras.com.do\/wp-content\/uploads\/2025\/06\/Programa-Contralor-Estudiantil-1.jpg?resize=350%2C200&ssl=1","width":350,"height":200,"srcset":"https:\/\/i0.wp.com\/lasprimeras.com.do\/wp-content\/uploads\/2025\/06\/Programa-Contralor-Estudiantil-1.jpg?resize=350%2C200&ssl=1 1x, https:\/\/i0.wp.com\/lasprimeras.com.do\/wp-content\/uploads\/2025\/06\/Programa-Contralor-Estudiantil-1.jpg?resize=525%2C300&ssl=1 1.5x, https:\/\/i0.wp.com\/lasprimeras.com.do\/wp-content\/uploads\/2025\/06\/Programa-Contralor-Estudiantil-1.jpg?resize=700%2C400&ssl=1 2x"},"classes":[]},{"id":101715,"url":"https:\/\/lasprimeras.com.do\/index.php\/2025\/06\/25\/contraloria-audita-50-nominas-de-ayuntamientos-y-juntas-distritales\/","url_meta":{"origin":107949,"position":3},"title":"Contralor\u00eda audita 50 n\u00f3minas de ayuntamientos y juntas distritales","author":"Nelson Feliz","date":"25 de junio de 2025","format":false,"excerpt":"La Contralor\u00eda General de la Rep\u00fablica (CGR) realiz\u00f3 50 auditor\u00edas focalizadas en n\u00f3minas y 11 de alcance general en ayuntamientos y juntas distritales, en lo que va de este a\u00f1o 2025, con el prop\u00f3sito de sanear y regularizar sus estructuras de personal. El contralor general de la Rep\u00fablica, F\u00e9lix Santana\u2026","rel":"","context":"En \u00abECONOM\u00cdA\u00bb","block_context":{"text":"ECONOM\u00cdA","link":"https:\/\/lasprimeras.com.do\/index.php\/category\/economia\/"},"img":{"alt_text":"","src":"https:\/\/i0.wp.com\/lasprimeras.com.do\/wp-content\/uploads\/2025\/06\/Contralor-Felix-Santana-Garcia.jpg?resize=350%2C200&ssl=1","width":350,"height":200,"srcset":"https:\/\/i0.wp.com\/lasprimeras.com.do\/wp-content\/uploads\/2025\/06\/Contralor-Felix-Santana-Garcia.jpg?resize=350%2C200&ssl=1 1x, https:\/\/i0.wp.com\/lasprimeras.com.do\/wp-content\/uploads\/2025\/06\/Contralor-Felix-Santana-Garcia.jpg?resize=525%2C300&ssl=1 1.5x, https:\/\/i0.wp.com\/lasprimeras.com.do\/wp-content\/uploads\/2025\/06\/Contralor-Felix-Santana-Garcia.jpg?resize=700%2C400&ssl=1 2x"},"classes":[]},{"id":88253,"url":"https:\/\/lasprimeras.com.do\/index.php\/2024\/08\/25\/luis-el-gallo-distribuye-utiles-escolares-en-el-sector-de-san-carlos\/","url_meta":{"origin":107949,"position":4},"title":"Luis \u00abEl Gallo\u00bb distribuye \u00fatiles escolares en el sector de San Carlos","author":"Nelson Feliz","date":"25 de agosto de 2024","format":false,"excerpt":"El presidente del Partido Uni\u00f3n Dem\u00f3crata Cristiana \u2013UDC-, Luis Acosta Moreta \u00abEl Gallo\u00bb, distribuy\u00f3 este s\u00e1bado, \u00fatiles escolares a cientos de ni\u00f1os esta vez en el sector San Carlos, Distrito Nacional por motivo del regreso a clases 2024, este lunes 26 de agosto. \u00abNuestro deseo es que en el pa\u00eds\u2026","rel":"","context":"En \u00abNACIONALES\u00bb","block_context":{"text":"NACIONALES","link":"https:\/\/lasprimeras.com.do\/index.php\/category\/nacionales\/"},"img":{"alt_text":"Luis Acosta Moreta","src":"https:\/\/i0.wp.com\/lasprimeras.com.do\/wp-content\/uploads\/2024\/08\/Luis-Acosta-Moreta-1-1.jpg?resize=350%2C200&ssl=1","width":350,"height":200,"srcset":"https:\/\/i0.wp.com\/lasprimeras.com.do\/wp-content\/uploads\/2024\/08\/Luis-Acosta-Moreta-1-1.jpg?resize=350%2C200&ssl=1 1x, https:\/\/i0.wp.com\/lasprimeras.com.do\/wp-content\/uploads\/2024\/08\/Luis-Acosta-Moreta-1-1.jpg?resize=525%2C300&ssl=1 1.5x, https:\/\/i0.wp.com\/lasprimeras.com.do\/wp-content\/uploads\/2024\/08\/Luis-Acosta-Moreta-1-1.jpg?resize=700%2C400&ssl=1 2x"},"classes":[]},{"id":105090,"url":"https:\/\/lasprimeras.com.do\/index.php\/2025\/07\/30\/contraloria-apunta-a-mas-modernizacion-y-capacidad-de-deteccion-del-fraude\/","url_meta":{"origin":107949,"position":5},"title":"Contralor\u00eda apunta a m\u00e1s modernizaci\u00f3n y capacidad de detecci\u00f3n del fraude","author":"Nelson Feliz","date":"30 de julio de 2025","format":false,"excerpt":"La Contralor\u00eda General de la Rep\u00fablica (CGR) present\u00f3 su Plan Estrat\u00e9gico Institucional (PEI) 2025-2028, una hoja de ruta que define las prioridades, objetivos y acciones que emprender\u00e1 la instituci\u00f3n durante los pr\u00f3ximos cuatro a\u00f1os, con el firme prop\u00f3sito de consolidar el control interno, la eficiencia administrativa y la transparencia en\u2026","rel":"","context":"En \u00abECONOM\u00cdA\u00bb","block_context":{"text":"ECONOM\u00cdA","link":"https:\/\/lasprimeras.com.do\/index.php\/category\/economia\/"},"img":{"alt_text":"","src":"https:\/\/i0.wp.com\/lasprimeras.com.do\/wp-content\/uploads\/2025\/07\/Contralor-con-el-equipo-de-Planificacion-y-Desarrollo-CGR.jpg?resize=350%2C200&ssl=1","width":350,"height":200,"srcset":"https:\/\/i0.wp.com\/lasprimeras.com.do\/wp-content\/uploads\/2025\/07\/Contralor-con-el-equipo-de-Planificacion-y-Desarrollo-CGR.jpg?resize=350%2C200&ssl=1 1x, https:\/\/i0.wp.com\/lasprimeras.com.do\/wp-content\/uploads\/2025\/07\/Contralor-con-el-equipo-de-Planificacion-y-Desarrollo-CGR.jpg?resize=525%2C300&ssl=1 1.5x, https:\/\/i0.wp.com\/lasprimeras.com.do\/wp-content\/uploads\/2025\/07\/Contralor-con-el-equipo-de-Planificacion-y-Desarrollo-CGR.jpg?resize=700%2C400&ssl=1 2x"},"classes":[]}],"jetpack_sharing_enabled":true,"_links":{"self":[{"href":"https:\/\/lasprimeras.com.do\/index.php\/wp-json\/wp\/v2\/posts\/107949","targetHints":{"allow":["GET"]}}],"collection":[{"href":"https:\/\/lasprimeras.com.do\/index.php\/wp-json\/wp\/v2\/posts"}],"about":[{"href":"https:\/\/lasprimeras.com.do\/index.php\/wp-json\/wp\/v2\/types\/post"}],"author":[{"embeddable":true,"href":"https:\/\/lasprimeras.com.do\/index.php\/wp-json\/wp\/v2\/users\/10"}],"replies":[{"embeddable":true,"href":"https:\/\/lasprimeras.com.do\/index.php\/wp-json\/wp\/v2\/comments?post=107949"}],"version-history":[{"count":1,"href":"https:\/\/lasprimeras.com.do\/index.php\/wp-json\/wp\/v2\/posts\/107949\/revisions"}],"predecessor-version":[{"id":107951,"href":"https:\/\/lasprimeras.com.do\/index.php\/wp-json\/wp\/v2\/posts\/107949\/revisions\/107951"}],"wp:featuredmedia":[{"embeddable":true,"href":"https:\/\/lasprimeras.com.do\/index.php\/wp-json\/wp\/v2\/media\/107950"}],"wp:attachment":[{"href":"https:\/\/lasprimeras.com.do\/index.php\/wp-json\/wp\/v2\/media?parent=107949"}],"wp:term":[{"taxonomy":"category","embeddable":true,"href":"https:\/\/lasprimeras.com.do\/index.php\/wp-json\/wp\/v2\/categories?post=107949"},{"taxonomy":"post_tag","embeddable":true,"href":"https:\/\/lasprimeras.com.do\/index.php\/wp-json\/wp\/v2\/tags?post=107949"}],"curies":[{"name":"wp","href":"https:\/\/api.w.org\/{rel}","templated":true}]}}