{"id":108089,"date":"2025-09-02T12:04:00","date_gmt":"2025-09-02T16:04:00","guid":{"rendered":"https:\/\/lasprimeras.com.do\/?p=108089"},"modified":"2025-09-03T00:07:58","modified_gmt":"2025-09-03T04:07:58","slug":"propeep-entrega-casa-construida-y-amueblada-a-senora-alejandrina-de-la-cruz-de-64-anos-en-capotillo","status":"publish","type":"post","link":"https:\/\/lasprimeras.com.do\/index.php\/2025\/09\/02\/propeep-entrega-casa-construida-y-amueblada-a-senora-alejandrina-de-la-cruz-de-64-anos-en-capotillo\/","title":{"rendered":"Propeep entrega casa construida y amueblada a se\u00f1ora Alejandrina de la Cruz, de 64 a\u00f1os, en Capotillo"},"content":{"rendered":"\n<p><strong>\u201dCuando Robert Polanco vino a mi casa me dijo que si confiaba en el Presidente Luis Abinader y yo le respond\u00ed que s\u00ed. Gracias a Dios y a \u00e9l, hoy tengo mi casa\u201d, expres\u00f3 de la Cruz<\/strong><\/p>\n\n\n\n<p>Con l\u00e1grimas de emoci\u00f3n, la se\u00f1ora Alejandrina de la Cruz, de 64 a\u00f1os, recibi\u00f3 este martes su nueva vivienda, totalmente reconstruida y amueblada, en el sector Capotillo del Distrito Nacional.<\/p>\n\n\n\n<p>La entrega fue realizada por los Proyectos Estrat\u00e9gicos y Especiales de la Presidencia (Propeep), cumpliendo con el compromiso del Gobierno de transformar la vida de las familias m\u00e1s necesitadas del pa\u00eds.<\/p>\n\n\n\n<p>La se\u00f1ora Alejandrina relat\u00f3 que anteriormente su hogar estaba en condiciones deplorables, al punto de resultar invivible. \u201cLlov\u00eda afuera y tambi\u00e9n dentro de la casa\u201d, expres\u00f3.<\/p>\n\n\n\n<p>\u201cCuando recib\u00ed la visita del director de Propeep, Robert Polanco, la semana pasada, confi\u00e9 en sus palabras. Al d\u00eda siguiente lleg\u00f3 la brigada y hoy es una realidad: tengo mi casa nueva y mi familia recupera la esperanza\u201d, manifest\u00f3 con alegr\u00eda.<\/p>\n\n\n\n<p>La beneficiaria, quien viv\u00eda junto a su hija en condiciones infrahumanas, resalt\u00f3 la sensibilidad y el compromiso de Propeep.<\/p>\n\n\n\n<p>\u201cCuando Robert Polanco vino a mi casa me dijo que si confiaba en el Presidente Luis Abinader, y yo le respond\u00ed que s\u00ed. Gracias a Dios y a \u00e9l, hoy tengo mi vivienda digna\u201d, agreg\u00f3 emocionada.<\/p>\n\n\n\n<p>Como cada martes, Polanco encabez\u00f3 el programa \u201cCerca de Ti\u201d en el populoso sector de Capotillo, donde destac\u00f3 que este tipo de acciones reflejan el compromiso del Gobierno de Luis Anibader con las comunidades vulnerables.<\/p>\n\n\n\n<p>\u201cNo estamos por encima del pueblo, sino para servir a la gente y llevar soluciones concretas a quienes m\u00e1s lo necesitan\u201d, subray\u00f3.<\/p>\n\n\n\n<p>El funcionario agreg\u00f3 que la intervenci\u00f3n integral que desarrolla el presidente Luis Abinader en Capotillo ya muestra resultados tangibles. \u201cCuando uno se adentra a Capotillo, se siente la vibra de la tranquilidad y la seguridad. Esos son los frutos que ha querido el Gobierno\u201d, asegur\u00f3.<\/p>\n\n\n\n<p>Autoridades y l\u00edderes comunitarios<\/p>\n\n\n\n<p>Durante la entrega de la vivienda, ubicada en la calle Puerto Plata, Robert Polanco estuvo acompa\u00f1ado por el presidente de la Comisi\u00f3n Presidencial de Apoyo al Desarrollo Barrial, Rolfi Rojas; H\u00e9ctor Luis Bautista; el destacado merenguero Antonio Peter de la Rosa (Omega); y la presidenta de la Junta de Vecinos, Ginamari Cepeda, entre otros l\u00edderes comunitarios.<\/p>\n","protected":false},"excerpt":{"rendered":"<p>\u201dCuando Robert Polanco vino a mi casa me dijo que si confiaba en el Presidente Luis Abinader y yo le respond\u00ed que s\u00ed. Gracias a Dios y a \u00e9l, hoy&hellip;<\/p>\n","protected":false},"author":10,"featured_media":108090,"comment_status":"open","ping_status":"open","sticky":false,"template":"","format":"standard","meta":{"content-type":"","jetpack_post_was_ever_published":false,"_jetpack_newsletter_access":"","_jetpack_dont_email_post_to_subs":false,"_jetpack_newsletter_tier_id":0,"_jetpack_memberships_contains_paywalled_content":false,"_jetpack_memberships_contains_paid_content":false,"footnotes":""},"categories":[35],"tags":[24067,24068,24065,6995,24066,215],"class_list":["post-108089","post","type-post","status-publish","format-standard","has-post-thumbnail","hentry","category-nacionales","tag-64-anos","tag-alejandrina-de-la-cruz","tag-amueblada","tag-capotillo","tag-casa-construida","tag-propeep"],"jetpack_featured_media_url":"https:\/\/lasprimeras.com.do\/wp-content\/uploads\/2025\/09\/OMEGA.jpg","jetpack-related-posts":[{"id":125687,"url":"https:\/\/lasprimeras.com.do\/index.php\/2026\/03\/25\/propeep-entrega-vivienda-reconstruida-a-carmen-araujo-no-vidente-de-64-anos-en-capotillo\/","url_meta":{"origin":108089,"position":0},"title":"Propeep entrega vivienda reconstruida a Carmen Araujo, no vidente de 64 a\u00f1os en Capotillo","author":"Nelson Feliz","date":"25 de marzo de 2026","format":false,"excerpt":"Con un abrazo de esperanza y firme confianza en Dios, la se\u00f1ora Carmen Araujo, no vidente de 64 a\u00f1os, recibi\u00f3 este martes su vivienda totalmente reconstruida por la direcci\u00f3n de Proyectos Estrategicos y Especiales de la Presidencia (Propeep). Al encabezar el acto, el director general de la entidad, Robert Polanco,\u2026","rel":"","context":"En \u00abNACIONALES\u00bb","block_context":{"text":"NACIONALES","link":"https:\/\/lasprimeras.com.do\/index.php\/category\/nacionales\/"},"img":{"alt_text":"","src":"https:\/\/i0.wp.com\/lasprimeras.com.do\/wp-content\/uploads\/2026\/03\/IMG-20260324-WA0780.jpg?resize=350%2C200&ssl=1","width":350,"height":200,"srcset":"https:\/\/i0.wp.com\/lasprimeras.com.do\/wp-content\/uploads\/2026\/03\/IMG-20260324-WA0780.jpg?resize=350%2C200&ssl=1 1x, https:\/\/i0.wp.com\/lasprimeras.com.do\/wp-content\/uploads\/2026\/03\/IMG-20260324-WA0780.jpg?resize=525%2C300&ssl=1 1.5x, https:\/\/i0.wp.com\/lasprimeras.com.do\/wp-content\/uploads\/2026\/03\/IMG-20260324-WA0780.jpg?resize=700%2C400&ssl=1 2x, https:\/\/i0.wp.com\/lasprimeras.com.do\/wp-content\/uploads\/2026\/03\/IMG-20260324-WA0780.jpg?resize=1050%2C600&ssl=1 3x, https:\/\/i0.wp.com\/lasprimeras.com.do\/wp-content\/uploads\/2026\/03\/IMG-20260324-WA0780.jpg?resize=1400%2C800&ssl=1 4x"},"classes":[]},{"id":121877,"url":"https:\/\/lasprimeras.com.do\/index.php\/2026\/02\/11\/propeep-entrega-vivienda-remozada-y-amueblada-a-pareja-de-envejecientes-en-azua\/","url_meta":{"origin":108089,"position":1},"title":"Propeep entrega vivienda remozada y amueblada a pareja de envejecientes en Azua","author":"Nelson Feliz","date":"11 de febrero de 2026","format":false,"excerpt":"_Robert Polanco resalt\u00f3 que la reparaci\u00f3n y adecuaci\u00f3n de la casa fue posible tras difundirse el caso en la prensa y llegar a o\u00eddos de la familia presidencial_ La Direcci\u00f3n de Proyectos Estrat\u00e9gicos y Especiales de la Presidencia (Propeep), entreg\u00f3 est\u00e1 martes una vivienda remozada y totalmente amueblada a una\u2026","rel":"","context":"En \u00abNACIONALES\u00bb","block_context":{"text":"NACIONALES","link":"https:\/\/lasprimeras.com.do\/index.php\/category\/nacionales\/"},"img":{"alt_text":"","src":"https:\/\/i0.wp.com\/lasprimeras.com.do\/wp-content\/uploads\/2026\/02\/IMG-20260210-WA0583.jpg?resize=350%2C200&ssl=1","width":350,"height":200,"srcset":"https:\/\/i0.wp.com\/lasprimeras.com.do\/wp-content\/uploads\/2026\/02\/IMG-20260210-WA0583.jpg?resize=350%2C200&ssl=1 1x, https:\/\/i0.wp.com\/lasprimeras.com.do\/wp-content\/uploads\/2026\/02\/IMG-20260210-WA0583.jpg?resize=525%2C300&ssl=1 1.5x, https:\/\/i0.wp.com\/lasprimeras.com.do\/wp-content\/uploads\/2026\/02\/IMG-20260210-WA0583.jpg?resize=700%2C400&ssl=1 2x, https:\/\/i0.wp.com\/lasprimeras.com.do\/wp-content\/uploads\/2026\/02\/IMG-20260210-WA0583.jpg?resize=1050%2C600&ssl=1 3x, https:\/\/i0.wp.com\/lasprimeras.com.do\/wp-content\/uploads\/2026\/02\/IMG-20260210-WA0583.jpg?resize=1400%2C800&ssl=1 4x"},"classes":[]},{"id":103173,"url":"https:\/\/lasprimeras.com.do\/index.php\/2025\/07\/13\/propeep-impulsa-intervencion-en-capotillo-con-apoyo-directo-a-emprendedores-y-jovenes\/","url_meta":{"origin":108089,"position":2},"title":"Propeep impulsa intervenci\u00f3n en Capotillo con apoyo directo a emprendedores y j\u00f3venes","author":"Nelson Feliz","date":"13 de julio de 2025","format":false,"excerpt":"A trav\u00e9s del programa Renacer Contigo, m\u00e1s de 120 personas fueron impactadas en jornada que promueve capacitaci\u00f3n, inclusi\u00f3n financiera y convivencia comunitaria El programa Renacer Contigo, ejecutado por la Direcci\u00f3n General de Proyectos Estrat\u00e9gicos y Especiales de la Presidencia (Propeep), inici\u00f3 una intervenci\u00f3n integral en el sector Capotillo, del Distrito\u2026","rel":"","context":"En \u00abNACIONALES\u00bb","block_context":{"text":"NACIONALES","link":"https:\/\/lasprimeras.com.do\/index.php\/category\/nacionales\/"},"img":{"alt_text":"","src":"https:\/\/i0.wp.com\/lasprimeras.com.do\/wp-content\/uploads\/2025\/07\/propep-1.jpg?resize=350%2C200&ssl=1","width":350,"height":200,"srcset":"https:\/\/i0.wp.com\/lasprimeras.com.do\/wp-content\/uploads\/2025\/07\/propep-1.jpg?resize=350%2C200&ssl=1 1x, https:\/\/i0.wp.com\/lasprimeras.com.do\/wp-content\/uploads\/2025\/07\/propep-1.jpg?resize=525%2C300&ssl=1 1.5x, https:\/\/i0.wp.com\/lasprimeras.com.do\/wp-content\/uploads\/2025\/07\/propep-1.jpg?resize=700%2C400&ssl=1 2x"},"classes":[]},{"id":104977,"url":"https:\/\/lasprimeras.com.do\/index.php\/2025\/07\/29\/robert-polanco-anuncia-que-propeep-convertira-a-capotillo-en-una-galeria-de-arte-urbano\/","url_meta":{"origin":108089,"position":3},"title":"Robert Polanco anuncia que Propeep convertir\u00e1 a Capotillo en una galer\u00eda de arte urbano","author":"Nelson Feliz","date":"29 de julio de 2025","format":false,"excerpt":"El director de Proyectos Estrat\u00e9gicos y Especiales de la Presidencia (Propeep), Robert Polanco, anunci\u00f3 que el emblem\u00e1tico sector de Capotillo ser\u00e1 convertido en una galer\u00eda de arte urbano como parte del programa de intervenci\u00f3n social que ejecuta el gobierno del presidente Luis Abinader. El funcionario hizo el anuncio durante la\u2026","rel":"","context":"En \u00abNACIONALES\u00bb","block_context":{"text":"NACIONALES","link":"https:\/\/lasprimeras.com.do\/index.php\/category\/nacionales\/"},"img":{"alt_text":"","src":"https:\/\/i0.wp.com\/lasprimeras.com.do\/wp-content\/uploads\/2025\/07\/propep-1-1.jpg?resize=350%2C200&ssl=1","width":350,"height":200,"srcset":"https:\/\/i0.wp.com\/lasprimeras.com.do\/wp-content\/uploads\/2025\/07\/propep-1-1.jpg?resize=350%2C200&ssl=1 1x, https:\/\/i0.wp.com\/lasprimeras.com.do\/wp-content\/uploads\/2025\/07\/propep-1-1.jpg?resize=525%2C300&ssl=1 1.5x, https:\/\/i0.wp.com\/lasprimeras.com.do\/wp-content\/uploads\/2025\/07\/propep-1-1.jpg?resize=700%2C400&ssl=1 2x"},"classes":[]},{"id":93520,"url":"https:\/\/lasprimeras.com.do\/index.php\/2025\/02\/12\/robert-polanco-supervisa-trabajos-realiza-propeep-en-capotillo\/","url_meta":{"origin":108089,"position":4},"title":"Robert Polanco supervisa trabajos realiza Propeep en Capotillo","author":"Nelson Feliz","date":"12 de febrero de 2025","format":false,"excerpt":"Afirma trabajar\u00e1 con organizaciones comunitarias para mejorar la inclusi\u00f3n social de los j\u00f3venes. El director de Proyecto Estrat\u00e9gicos y Especiales de la Presidencia (Propeep), Robert Polanco, realiz\u00f3 este mi\u00e9rcoles un recorrido por el sector Capitillo, Distrito Nacional, donde afirm\u00f3 que trabajar\u00e1 con organizaciones de Capotillo para mejorar la inclusi\u00f3n social\u2026","rel":"","context":"En \u00abNACIONALES\u00bb","block_context":{"text":"NACIONALES","link":"https:\/\/lasprimeras.com.do\/index.php\/category\/nacionales\/"},"img":{"alt_text":"","src":"https:\/\/i0.wp.com\/lasprimeras.com.do\/wp-content\/uploads\/2025\/02\/Capotillo-1.jpg?resize=350%2C200&ssl=1","width":350,"height":200,"srcset":"https:\/\/i0.wp.com\/lasprimeras.com.do\/wp-content\/uploads\/2025\/02\/Capotillo-1.jpg?resize=350%2C200&ssl=1 1x, https:\/\/i0.wp.com\/lasprimeras.com.do\/wp-content\/uploads\/2025\/02\/Capotillo-1.jpg?resize=525%2C300&ssl=1 1.5x, https:\/\/i0.wp.com\/lasprimeras.com.do\/wp-content\/uploads\/2025\/02\/Capotillo-1.jpg?resize=700%2C400&ssl=1 2x"},"classes":[]},{"id":107405,"url":"https:\/\/lasprimeras.com.do\/index.php\/2025\/08\/26\/robert-polancoel-gobierno-realiza-una-intervencion-integral-y-sostenida-en-el-sector-capotillo\/","url_meta":{"origin":108089,"position":5},"title":"Robert Polanco:&#8221;El Gobierno realiza una intervenci\u00f3n integral y sostenida en el sector Capotillo&#8221;","author":"Nelson Feliz","date":"26 de agosto de 2025","format":false,"excerpt":"Anuncia acompa\u00f1amiento directo a 50 adultos mayores y personas con discapacidad, quienes por sus condiciones de salud no pueden movilizarse hasta las jornadas efectuadas en el sector El director de los Proyectos Estrat\u00e9gicos y Especiales de la Presidencia (Propeep), Robert Polanco, afirm\u00f3 este martes que el Gobierno del presidente Luis\u2026","rel":"","context":"En \u00abNACIONALES\u00bb","block_context":{"text":"NACIONALES","link":"https:\/\/lasprimeras.com.do\/index.php\/category\/nacionales\/"},"img":{"alt_text":"","src":"https:\/\/i0.wp.com\/lasprimeras.com.do\/wp-content\/uploads\/2025\/08\/robert-1-2.jpg?resize=350%2C200&ssl=1","width":350,"height":200,"srcset":"https:\/\/i0.wp.com\/lasprimeras.com.do\/wp-content\/uploads\/2025\/08\/robert-1-2.jpg?resize=350%2C200&ssl=1 1x, https:\/\/i0.wp.com\/lasprimeras.com.do\/wp-content\/uploads\/2025\/08\/robert-1-2.jpg?resize=525%2C300&ssl=1 1.5x, https:\/\/i0.wp.com\/lasprimeras.com.do\/wp-content\/uploads\/2025\/08\/robert-1-2.jpg?resize=700%2C400&ssl=1 2x"},"classes":[]}],"jetpack_sharing_enabled":true,"_links":{"self":[{"href":"https:\/\/lasprimeras.com.do\/index.php\/wp-json\/wp\/v2\/posts\/108089","targetHints":{"allow":["GET"]}}],"collection":[{"href":"https:\/\/lasprimeras.com.do\/index.php\/wp-json\/wp\/v2\/posts"}],"about":[{"href":"https:\/\/lasprimeras.com.do\/index.php\/wp-json\/wp\/v2\/types\/post"}],"author":[{"embeddable":true,"href":"https:\/\/lasprimeras.com.do\/index.php\/wp-json\/wp\/v2\/users\/10"}],"replies":[{"embeddable":true,"href":"https:\/\/lasprimeras.com.do\/index.php\/wp-json\/wp\/v2\/comments?post=108089"}],"version-history":[{"count":1,"href":"https:\/\/lasprimeras.com.do\/index.php\/wp-json\/wp\/v2\/posts\/108089\/revisions"}],"predecessor-version":[{"id":108091,"href":"https:\/\/lasprimeras.com.do\/index.php\/wp-json\/wp\/v2\/posts\/108089\/revisions\/108091"}],"wp:featuredmedia":[{"embeddable":true,"href":"https:\/\/lasprimeras.com.do\/index.php\/wp-json\/wp\/v2\/media\/108090"}],"wp:attachment":[{"href":"https:\/\/lasprimeras.com.do\/index.php\/wp-json\/wp\/v2\/media?parent=108089"}],"wp:term":[{"taxonomy":"category","embeddable":true,"href":"https:\/\/lasprimeras.com.do\/index.php\/wp-json\/wp\/v2\/categories?post=108089"},{"taxonomy":"post_tag","embeddable":true,"href":"https:\/\/lasprimeras.com.do\/index.php\/wp-json\/wp\/v2\/tags?post=108089"}],"curies":[{"name":"wp","href":"https:\/\/api.w.org\/{rel}","templated":true}]}}