{"id":108181,"date":"2025-09-03T19:15:31","date_gmt":"2025-09-03T23:15:31","guid":{"rendered":"https:\/\/lasprimeras.com.do\/?p=108181"},"modified":"2025-09-03T19:15:33","modified_gmt":"2025-09-03T23:15:33","slug":"jose-horacio-rodriguez-afirma-caso-de-maxy-montilla-es-resultado-de-la-marcha-verde","status":"publish","type":"post","link":"https:\/\/lasprimeras.com.do\/index.php\/2025\/09\/03\/jose-horacio-rodriguez-afirma-caso-de-maxy-montilla-es-resultado-de-la-marcha-verde\/","title":{"rendered":"Jos\u00e9 Horacio Rodr\u00edguez afirma caso de Maxy Montilla es resultado de la Marcha Verde"},"content":{"rendered":"\n<p>El exdiputado y presidente del partido Opci\u00f3n Democr\u00e1tica (OD), Jos\u00e9 Horacio Rodr\u00edguez, asegur\u00f3 este mi\u00e9rcoles que el acuerdo logrado por el Ministerio P\u00fablico para recuperar m\u00e1s de 3,000 millones de pesos, provenientes del fraude del cu\u00f1ado del expresidente Danilo Medina, Maxy Montilla, es fruto de la movilizaci\u00f3n ciudadana de la Marcha Verde.<\/p>\n\n\n\n<p>\u201cEstos son los resultados de la Marcha Verde. Antes parec\u00eda que viv\u00edamos en un pa\u00eds de impunidad total\u201d, afirm\u00f3.<\/p>\n\n\n\n<p>Durante una entrevista en el programa Matutino Su Mundo, Rodr\u00edguez record\u00f3 que la Marcha Verde, que inici\u00f3 el 17 de enero de 2017, sorprendi\u00f3 al pa\u00eds al evidenciar los altos niveles de corrupci\u00f3n y logr\u00f3 movilizar a decenas de miles de personas en distintas provincias, incluyendo Santo Domingo, Santiago, San Pedro de Macor\u00eds, Barahona, Puerto Plata y San Francisco de Macor\u00eds.<\/p>\n\n\n\n<p>\u201cCada peso que los pol\u00edticos corruptos desv\u00edan afecta servicios esenciales como salud, educaci\u00f3n, agua potable y transporte p\u00fablico. La Marcha Verde demostr\u00f3 que la ciudadan\u00eda organizada puede generar cambios\u201d, dijo.<\/p>\n\n\n\n<p><strong>Caso de Amalia Pilarte: fruto de la movilizaci\u00f3n ciudadana<\/strong><\/p>\n\n\n\n<p>El dirigente pol\u00edtico destac\u00f3 que, adem\u00e1s del caso Montilla, la exdiputada Amalia Pilarte de La Vega tambi\u00e9n ha sido condenada por lavado de activos, reforzando la importancia de la presi\u00f3n social en la lucha contra la impunidad, \u201cesto tambi\u00e9n lo agregas a ese esfuerzo ciudadano de movilizarse\u201d.<\/p>\n\n\n\n<p>Rodr\u00edguez resalt\u00f3 que este tipo de casos demuestra que \u201cvivimos en un pa\u00eds donde los pol\u00edticos y su entorno parec\u00edan intocables, y ahora vemos a un hermano de una ex primera dama que, con el simple hecho de devolverle al Estado m\u00e1s de 3,000 millones de pesos, est\u00e1 confesando haber malversado a gran escala fondos p\u00fablicos\u201d.<\/p>\n\n\n\n<p>A pesar de los avances, el exdiputado expres\u00f3 que a\u00fan hay mucho por hacer: \u201cUno desear\u00eda que la investigaci\u00f3n a los delitos de corrupci\u00f3n abarque tambi\u00e9n al presente gobierno y a la presente gesti\u00f3n gubernamental.<\/p>\n\n\n\n<p>Uno desear\u00eda que no solamente devuelvan lo que se robaron, sino que cumplan con las condenas que las leyes prev\u00e9n, porque el apremio con la c\u00e1rcel tambi\u00e9n debe servir como disuasivo para poder cometer este tipo de delitos\u201d.<\/p>\n\n\n\n<p><strong>Caso de corrupci\u00f3n en el presente gobierno<\/strong><\/p>\n\n\n\n<p>Rodr\u00edguez destac\u00f3 que a\u00fan en la actual administraci\u00f3n existen denuncias de corrupci\u00f3n que requieren investigaci\u00f3n. Sobre los permisos otorgados para el desarrollo inmobiliario en el Cintur\u00f3n Verde del Gran Santo Domingo, afirm\u00f3: \u201cSe denunciaba en estos d\u00edas un caso que debe ser investigado para confirmar qu\u00e9 hay detr\u00e1s y tiene que ver con los permisos que han sido otorgados para el desarrollo inmobiliario en el llamado Cintur\u00f3n Verde del Gran Santo Domingo\u201d.<\/p>\n\n\n\n<p>El exdiputado cuestion\u00f3 la clasificaci\u00f3n de bajo impacto del proyecto y la posible influencia de funcionarios: \u201cEl permiso de impacto ambiental que se otorg\u00f3 lo catalogaba como un proyecto de bajo impacto, cuando por la dimensi\u00f3n y la magnitud es un proyecto que no es de bajo impacto. Y uno se pregunta qu\u00e9 hay detr\u00e1s cuando eso favorece de manera directa a un funcionario del actual gobierno\u201d.<\/p>\n\n\n\n<p><strong>Peso de la ley debe aplicarse a funcionarios del Gobierno<\/strong><\/p>\n\n\n\n<p>Rodr\u00edguez enfatiz\u00f3 que la justicia debe ser imparcial frente a los casos de corrupci\u00f3n, independientemente del color pol\u00edtico de los funcionarios implicados. Sobre denuncias como la del exministro de Educaci\u00f3n \u00c1ngel Hern\u00e1ndez, se\u00f1al\u00f3:<\/p>\n\n\n\n<p>\u201cNo conozco los detalles de esa acusaci\u00f3n, pero s\u00ed creo que todo el peso de la ley debe caer, no solamente sobre los funcionarios de la pasada gesti\u00f3n administrativa que son adversarios pol\u00edticos del presente gobierno, sino tambi\u00e9n en la actual gesti\u00f3n administrativa\u201d.<\/p>\n\n\n\n<p>Asimismo, agreg\u00f3 que los casos de malversaci\u00f3n de fondos p\u00fablicos deben ser investigados de manera objetiva: \u201cNo creo en una justicia que solamente pueda mirar hacia un solo color pol\u00edtico, que vea una justicia imparcial, objetiva, que pueda abarcar todos los per\u00edodos administrativos de todas las gestiones del gobierno en los que ha habido malversaci\u00f3n de fondos p\u00fablicos\u201d.<\/p>\n\n\n\n<p><strong>Viceministro de Vivienda involucrado en caso de corrupci\u00f3n<\/strong><\/p>\n\n\n\n<p>Rodr\u00edguez denunci\u00f3 que un actual viceministro del Ministerio de la Vivienda se ha visto involucrado en un caso reciente de corrupci\u00f3n. Seg\u00fan explic\u00f3, \u201cha sido denunciado por los vecinos de la zona, ac\u00e1 en la circunscripci\u00f3n del Distrito Nacional.<\/p>\n\n\n\n<p>El exdiputado cuestion\u00f3 el permiso ambiental otorgado para un desarrollo inmobiliario en el Cintur\u00f3n Verde del Gran Santo Domingo, se\u00f1alando que no corresponde a la magnitud del proyecto:<\/p>\n\n\n\n<p>\u201cEl Ministerio de Medioambiente ha otorgado el permiso ambiental consider\u00e1ndolo de bajo impacto, pero cuando se van a construir 10.000 viviendas, por el tama\u00f1o y la magnitud de ese desarrollo inmobiliario, eso no califica como un proyecto de bajo impacto y est\u00e1n violando los propios reglamentos de medio ambiente\u201d.<\/p>\n\n\n\n<p>El dirigente destac\u00f3 la posible implicaci\u00f3n de tr\u00e1fico de influencia y enriquecimiento il\u00edcito: \u201cUno se pregunta, \u00bfpuede existir tr\u00e1fico de influencia detr\u00e1s? \u00bfPuede existir aprovecharse de la funci\u00f3n p\u00fablica que se ejerce para que una instancia p\u00fablica tambi\u00e9n beneficie a un proyecto que le genera beneficio particular o enriquecimiento particular a un funcionario de este gobierno?\u201d.<\/p>\n\n\n\n<p>El exdiputado insisti\u00f3 en la importancia de la investigaci\u00f3n judicial: \u201cEso debe ser investigado por la justicia, porque eso ha sido denunciado por los vecinos de ese proyecto en la circunscripci\u00f3n 2 del Distrito Nacional.<\/p>\n\n\n\n<p>La investigaci\u00f3n es la que debe determinar si deben ser llevados a un tribunal, pero nadie debe estar exento de una investigaci\u00f3n\u201d.<\/p>\n\n\n\n<p><strong>Obligaci\u00f3n de presentaci\u00f3n Jurada<\/strong><\/p>\n\n\n\n<p>Rodr\u00edguez tambi\u00e9n record\u00f3 la obligaci\u00f3n de los funcionarios de presentar su declaraci\u00f3n jurada de bienes: \u201cHasta hace pocos meses hab\u00eda una lista de funcionarios p\u00fablicos que no hab\u00edan hecho todav\u00eda su declaraci\u00f3n jurada de bienes, que es una obligaci\u00f3n de ley a los 30 d\u00edas de asumir un cargo p\u00fablico.<\/p>\n\n\n\n<p>El funcionario que no lo haya hecho est\u00e1 cometiendo una falta grave\u201d.<\/p>\n\n\n\n<p>Destac\u00f3 la importancia de sancionar a quienes incumplen esta obligaci\u00f3n: \u201cMientras fui diputado, propuse un proyecto de ley para que esto se sancione con la inhabilitaci\u00f3n de poder volver a ejercer un cargo p\u00fablico, porque as\u00ed nadie dejar\u00e1 de presentar su declaraci\u00f3n jurada. No hay excusa para que ning\u00fan funcionario p\u00fablico deje de presentarla, ni para que no se apliquen las sanciones correspondientes a quienes no lo hagan\u201d.<\/p>\n\n\n\n<p>\u201cLos avances que vemos hoy en la lucha contra la corrupci\u00f3n son logros de la ciudadan\u00eda movilizada y organizada. Debemos continuar vigilantes y exigir transparencia en todas las gestiones gubernamentales\u201d, concluy\u00f3.<\/p>\n","protected":false},"excerpt":{"rendered":"<p>El exdiputado y presidente del partido Opci\u00f3n Democr\u00e1tica (OD), Jos\u00e9 Horacio Rodr\u00edguez, asegur\u00f3 este mi\u00e9rcoles que el acuerdo logrado por el Ministerio P\u00fablico para recuperar m\u00e1s de 3,000 millones de&hellip;<\/p>\n","protected":false},"author":10,"featured_media":108182,"comment_status":"open","ping_status":"open","sticky":false,"template":"","format":"standard","meta":{"content-type":"","jetpack_post_was_ever_published":false,"_jetpack_newsletter_access":"","_jetpack_dont_email_post_to_subs":false,"_jetpack_newsletter_tier_id":0,"_jetpack_memberships_contains_paywalled_content":false,"_jetpack_memberships_contains_paid_content":false,"footnotes":""},"categories":[16559,25],"tags":[1807,24109,24111,24110,3495],"class_list":["post-108181","post","type-post","status-publish","format-standard","has-post-thumbnail","hentry","category-politica","category-portada","tag-caso","tag-jose-horacio-rodriguez","tag-marcha-verde","tag-maxy-montilla","tag-opcion-democratica"],"jetpack_featured_media_url":"https:\/\/lasprimeras.com.do\/wp-content\/uploads\/2025\/09\/HORACIO.jpg","jetpack-related-posts":[{"id":108265,"url":"https:\/\/lasprimeras.com.do\/index.php\/2025\/09\/03\/charlie-mariotti-jr-alexis-medina-y-maxy-montilla-deben-pedirle-perdon-al-pais-al-pld-y-a-danilo\/","url_meta":{"origin":108181,"position":0},"title":"Charlie Mariotti Jr: Alexis Medina y Maxy Montilla deben pedirle perd\u00f3n al pa\u00eds, al PLD y a Danilo","author":"Nelson Feliz","date":"3 de septiembre de 2025","format":false,"excerpt":"Indic\u00f3 que una sanci\u00f3n pecuniaria no es suficiente en el caso de Maxy Montilla. El diputado del Partido de la Liberaci\u00f3n Dominicana (PLD), Charlie Mariotti Jr, indic\u00f3 que tanto Alexis Medina, hermano del expresidente Danilo Medina, como Maxy Montilla, cu\u00f1ado de este, deben pedir perd\u00f3n al pa\u00eds, a esa organizaci\u00f3n\u2026","rel":"","context":"En \u00abPOLITICA\u00bb","block_context":{"text":"POLITICA","link":"https:\/\/lasprimeras.com.do\/index.php\/category\/politica\/"},"img":{"alt_text":"","src":"https:\/\/i0.wp.com\/lasprimeras.com.do\/wp-content\/uploads\/2025\/09\/Charlie-Mariotti-Jr.jpg?resize=350%2C200&ssl=1","width":350,"height":200,"srcset":"https:\/\/i0.wp.com\/lasprimeras.com.do\/wp-content\/uploads\/2025\/09\/Charlie-Mariotti-Jr.jpg?resize=350%2C200&ssl=1 1x, https:\/\/i0.wp.com\/lasprimeras.com.do\/wp-content\/uploads\/2025\/09\/Charlie-Mariotti-Jr.jpg?resize=525%2C300&ssl=1 1.5x"},"classes":[]},{"id":108294,"url":"https:\/\/lasprimeras.com.do\/index.php\/2025\/09\/04\/maxy-montilla-testificara-contra-imputados-en-estafa-a-las-ede-como-parte-del-acuerdo-con-el-mp\/","url_meta":{"origin":108181,"position":1},"title":"Maxy Montilla testificar\u00e1 contra imputados en estafa a las EDE, como parte del acuerdo con el MP","author":"Nelson Feliz","date":"4 de septiembre de 2025","format":false,"excerpt":"Su delaci\u00f3n fue \"punto de partida\" para el acuerdo al que arrib\u00f3 con el Ministerio P\u00fablico y en el que no se le perseguir\u00e1 penalmente. El criterio de oportunidad que se le aprob\u00f3 a Maxy Gerardo Montilla Sierra, cu\u00f1ado del expresidente Danilo Medina, compromete al acusado a \"testificar\" contra los\u2026","rel":"","context":"En \u00abJUSTICIA\u00bb","block_context":{"text":"JUSTICIA","link":"https:\/\/lasprimeras.com.do\/index.php\/category\/justicia\/"},"img":{"alt_text":"","src":"https:\/\/i0.wp.com\/lasprimeras.com.do\/wp-content\/uploads\/2025\/09\/Maxy-Gerardo-Montilla.png?resize=350%2C200&ssl=1","width":350,"height":200},"classes":[]},{"id":108256,"url":"https:\/\/lasprimeras.com.do\/index.php\/2025\/09\/04\/danilo-se-desliga-de-maxy-montilla-cuenta-lo-que-le-dijo-se-molesta-y-cuestiona-por-que-no-fue-sometido\/","url_meta":{"origin":108181,"position":2},"title":"Danilo se desliga de Maxy Montilla: Cuenta lo que le dijo, se molesta y cuestiona por qu\u00e9 no fue sometido","author":"Nelson Feliz","date":"4 de septiembre de 2025","format":false,"excerpt":"Cuando Maxy Montilla le explic\u00f3 los alcances del pacto este le dijo que t\u00fa \u201chas cedido tambi\u00e9n tu honor, tu dignidad y tu estabilidad, y eso yo no creo que tenga precio\u201d. Luego de indicar que no ten\u00eda ning\u00fan tipo de relaci\u00f3n con su cu\u00f1ado Maxy Montilla, m\u00e1s all\u00e1 de\u2026","rel":"","context":"En \u00abPOLITICA\u00bb","block_context":{"text":"POLITICA","link":"https:\/\/lasprimeras.com.do\/index.php\/category\/politica\/"},"img":{"alt_text":"","src":"https:\/\/i0.wp.com\/lasprimeras.com.do\/wp-content\/uploads\/2025\/09\/Danilo-se-desliga-de-Maxy-Montilla.jpg?resize=350%2C200&ssl=1","width":350,"height":200,"srcset":"https:\/\/i0.wp.com\/lasprimeras.com.do\/wp-content\/uploads\/2025\/09\/Danilo-se-desliga-de-Maxy-Montilla.jpg?resize=350%2C200&ssl=1 1x, https:\/\/i0.wp.com\/lasprimeras.com.do\/wp-content\/uploads\/2025\/09\/Danilo-se-desliga-de-Maxy-Montilla.jpg?resize=525%2C300&ssl=1 1.5x"},"classes":[]},{"id":109390,"url":"https:\/\/lasprimeras.com.do\/index.php\/2025\/09\/17\/perdoname-danilo-consigna-del-pld-para-reposicionarse-pero-el-caso-maxy-montilla-lo-acecha\/","url_meta":{"origin":108181,"position":3},"title":"&#8220;Perd\u00f3name Danilo&#8221;, consigna del PLD para reposicionarse; pero el caso Maxy Montilla lo acecha","author":"Nelson Feliz","date":"17 de septiembre de 2025","format":false,"excerpt":"El Partido de la Liberaci\u00f3n Dominicana (PLD) comienza a mostrar se\u00f1ales de reacomodo interno con miras a las elecciones de 2028; pero el caso de Maxy Montilla puede ser un gran obst\u00e1culo- Sectores del PLD promueven un giro discursivo que rompa con la imagen de un partido atrapado por los\u2026","rel":"","context":"En \u00abPOLITICA\u00bb","block_context":{"text":"POLITICA","link":"https:\/\/lasprimeras.com.do\/index.php\/category\/politica\/"},"img":{"alt_text":"","src":"https:\/\/i0.wp.com\/lasprimeras.com.do\/wp-content\/uploads\/2025\/09\/danilo-medina-1.jpg?resize=350%2C200&ssl=1","width":350,"height":200,"srcset":"https:\/\/i0.wp.com\/lasprimeras.com.do\/wp-content\/uploads\/2025\/09\/danilo-medina-1.jpg?resize=350%2C200&ssl=1 1x, https:\/\/i0.wp.com\/lasprimeras.com.do\/wp-content\/uploads\/2025\/09\/danilo-medina-1.jpg?resize=525%2C300&ssl=1 1.5x, https:\/\/i0.wp.com\/lasprimeras.com.do\/wp-content\/uploads\/2025\/09\/danilo-medina-1.jpg?resize=700%2C400&ssl=1 2x"},"classes":[]},{"id":108268,"url":"https:\/\/lasprimeras.com.do\/index.php\/2025\/09\/03\/gustavo-sanchez-defiende-al-pld-dice-maxy-montilla-y-alexis-medina-abusaron-de-confianza-de-danilo\/","url_meta":{"origin":108181,"position":4},"title":"Gustavo S\u00e1nchez defiende al PLD: Dice Maxy Montilla y Alexis Medina abusaron de confianza de Danilo","author":"Nelson Feliz","date":"3 de septiembre de 2025","format":false,"excerpt":"Para el legislador, tanto Alexis Medina como Maxy Montilla, hermano de C\u00e1ndida Montilla, abusaron de la confianza del expresidente Danilo Medina. El vocero de la bancada del Partido de la Liberaci\u00f3n Dominicana (PLD) en la C\u00e1mara de Diputados, Gustavo S\u00e1nchez, reaccion\u00f3 este mi\u00e9rcoles a la decisi\u00f3n de Maxy Montilla, cu\u00f1ado\u2026","rel":"","context":"En \u00abPOLITICA\u00bb","block_context":{"text":"POLITICA","link":"https:\/\/lasprimeras.com.do\/index.php\/category\/politica\/"},"img":{"alt_text":"Gustavo-Sanchez","src":"https:\/\/i0.wp.com\/lasprimeras.com.do\/wp-content\/uploads\/2023\/11\/Gustavo-Sanchez-4.jpg?resize=350%2C200&ssl=1","width":350,"height":200,"srcset":"https:\/\/i0.wp.com\/lasprimeras.com.do\/wp-content\/uploads\/2023\/11\/Gustavo-Sanchez-4.jpg?resize=350%2C200&ssl=1 1x, https:\/\/i0.wp.com\/lasprimeras.com.do\/wp-content\/uploads\/2023\/11\/Gustavo-Sanchez-4.jpg?resize=525%2C300&ssl=1 1.5x, https:\/\/i0.wp.com\/lasprimeras.com.do\/wp-content\/uploads\/2023\/11\/Gustavo-Sanchez-4.jpg?resize=700%2C400&ssl=1 2x"},"classes":[]},{"id":108096,"url":"https:\/\/lasprimeras.com.do\/index.php\/2025\/09\/03\/cunado-del-expresidente-danilo-medina-acordo-devolver-mas-de-rd3000-millones-al-mp\/","url_meta":{"origin":108181,"position":5},"title":"Cu\u00f1ado del expresidente Danilo Medina acord\u00f3 devolver m\u00e1s de RD$3,000 millones al MP","author":"Nelson Feliz","date":"3 de septiembre de 2025","format":false,"excerpt":"\u00bfQu\u00e9 incluye el acuerdo millonario de Maxy Montilla con el Ministerio P\u00fablico? Un cu\u00f1ado del expresidente Danilo Medina, investigado en el mismo caso de corrupci\u00f3n que result\u00f3 en la condena a siete a\u00f1os de Alexis Medina, hermano del exmandatario, acord\u00f3 con el Ministerio P\u00fablico (MP) el decomiso de 2,000,000 millones\u2026","rel":"","context":"En \u00abJUSTICIA\u00bb","block_context":{"text":"JUSTICIA","link":"https:\/\/lasprimeras.com.do\/index.php\/category\/justicia\/"},"img":{"alt_text":"Maxy Gerardo Montilla Sierra","src":"https:\/\/i0.wp.com\/lasprimeras.com.do\/wp-content\/uploads\/2025\/09\/Maxy-Gerardo-Montilla-Sierra.jpg?resize=350%2C200&ssl=1","width":350,"height":200,"srcset":"https:\/\/i0.wp.com\/lasprimeras.com.do\/wp-content\/uploads\/2025\/09\/Maxy-Gerardo-Montilla-Sierra.jpg?resize=350%2C200&ssl=1 1x, https:\/\/i0.wp.com\/lasprimeras.com.do\/wp-content\/uploads\/2025\/09\/Maxy-Gerardo-Montilla-Sierra.jpg?resize=525%2C300&ssl=1 1.5x, https:\/\/i0.wp.com\/lasprimeras.com.do\/wp-content\/uploads\/2025\/09\/Maxy-Gerardo-Montilla-Sierra.jpg?resize=700%2C400&ssl=1 2x"},"classes":[]}],"jetpack_sharing_enabled":true,"_links":{"self":[{"href":"https:\/\/lasprimeras.com.do\/index.php\/wp-json\/wp\/v2\/posts\/108181","targetHints":{"allow":["GET"]}}],"collection":[{"href":"https:\/\/lasprimeras.com.do\/index.php\/wp-json\/wp\/v2\/posts"}],"about":[{"href":"https:\/\/lasprimeras.com.do\/index.php\/wp-json\/wp\/v2\/types\/post"}],"author":[{"embeddable":true,"href":"https:\/\/lasprimeras.com.do\/index.php\/wp-json\/wp\/v2\/users\/10"}],"replies":[{"embeddable":true,"href":"https:\/\/lasprimeras.com.do\/index.php\/wp-json\/wp\/v2\/comments?post=108181"}],"version-history":[{"count":1,"href":"https:\/\/lasprimeras.com.do\/index.php\/wp-json\/wp\/v2\/posts\/108181\/revisions"}],"predecessor-version":[{"id":108183,"href":"https:\/\/lasprimeras.com.do\/index.php\/wp-json\/wp\/v2\/posts\/108181\/revisions\/108183"}],"wp:featuredmedia":[{"embeddable":true,"href":"https:\/\/lasprimeras.com.do\/index.php\/wp-json\/wp\/v2\/media\/108182"}],"wp:attachment":[{"href":"https:\/\/lasprimeras.com.do\/index.php\/wp-json\/wp\/v2\/media?parent=108181"}],"wp:term":[{"taxonomy":"category","embeddable":true,"href":"https:\/\/lasprimeras.com.do\/index.php\/wp-json\/wp\/v2\/categories?post=108181"},{"taxonomy":"post_tag","embeddable":true,"href":"https:\/\/lasprimeras.com.do\/index.php\/wp-json\/wp\/v2\/tags?post=108181"}],"curies":[{"name":"wp","href":"https:\/\/api.w.org\/{rel}","templated":true}]}}