{"id":108186,"date":"2025-09-03T19:36:39","date_gmt":"2025-09-03T23:36:39","guid":{"rendered":"https:\/\/lasprimeras.com.do\/?p=108186"},"modified":"2025-09-03T19:36:40","modified_gmt":"2025-09-03T23:36:40","slug":"gustavo-lara-critica-legisladores-que-rechazan-proyectos-a-pesar-de-ausencia","status":"publish","type":"post","link":"https:\/\/lasprimeras.com.do\/index.php\/2025\/09\/03\/gustavo-lara-critica-legisladores-que-rechazan-proyectos-a-pesar-de-ausencia\/","title":{"rendered":"Gustavo Lara critica legisladores que rechazan proyectos a pesar de ausencia"},"content":{"rendered":"\n<p>El Senador por la provincia de San Crist\u00f3bal, Gustavo Lara, critic\u00f3 la actitud la actitud de algunos legisladores que seg\u00fan dijo, s\u00f3lo se limitan a rechazar proyectos sin participar en los espacios donde se ofrecen explicaciones t\u00e9cnicas y se aclaran dudas.<\/p>\n\n\n\n<p>\u201cA veces a uno le cuesta entender la facilidad de oponerse a proyectos de ley tal vez sin la edificaci\u00f3n correcta\u201d, se\u00f1al\u00f3 el legislador.<\/p>\n\n\n\n<p>Durante su intervenci\u00f3n, en el Hemiciclo del Senado, aclar\u00f3 que no forma parte de la comisi\u00f3n encargada de estudiar la iniciativa, el senador asegur\u00f3 que decidi\u00f3 asistir a la sesi\u00f3n con el inter\u00e9s de informarse, escuchar a los funcionarios responsables y defender los intereses de su provincia y del pa\u00eds.<\/p>\n\n\n\n<p><strong>Transparencia en el uso de los fondos<\/strong><\/p>\n\n\n\n<p>Lara cuestion\u00f3 el argumento opositor de que el proyecto carece de transparencia. A su juicio, esas cr\u00edticas revelan que no se ley\u00f3 el documento o que se decidi\u00f3 no acudir a la comisi\u00f3n donde estuvieron presentes el ministro de Hacienda y el director de Presupuesto.<\/p>\n\n\n\n<p>\u201cSi algo se debati\u00f3 y se les cuestion\u00f3 justamente a los funcionarios fue hacia d\u00f3nde iban esos fondos y las razones por las que se trasladaban de una instituci\u00f3n a otra\u201d, enfatiz\u00f3.<\/p>\n","protected":false},"excerpt":{"rendered":"<p>El Senador por la provincia de San Crist\u00f3bal, Gustavo Lara, critic\u00f3 la actitud la actitud de algunos legisladores que seg\u00fan dijo, s\u00f3lo se limitan a rechazar proyectos sin participar en&hellip;<\/p>\n","protected":false},"author":10,"featured_media":108187,"comment_status":"open","ping_status":"open","sticky":false,"template":"","format":"standard","meta":{"content-type":"","jetpack_post_was_ever_published":false,"_jetpack_newsletter_access":"","_jetpack_dont_email_post_to_subs":false,"_jetpack_newsletter_tier_id":0,"_jetpack_memberships_contains_paywalled_content":false,"_jetpack_memberships_contains_paid_content":false,"footnotes":""},"categories":[16559],"tags":[17839,15143,12485,5126,449,1101,452],"class_list":["post-108186","post","type-post","status-publish","format-standard","has-post-thumbnail","hentry","category-politica","tag-ausencia","tag-comisiones","tag-gustavo-lara","tag-legisladores","tag-proyectos","tag-senador","tag-trabajos"],"jetpack_featured_media_url":"https:\/\/lasprimeras.com.do\/wp-content\/uploads\/2025\/09\/Gustavo-Lara.jpg","jetpack-related-posts":[{"id":91982,"url":"https:\/\/lasprimeras.com.do\/index.php\/2024\/12\/06\/senador-gustavo-lara-sostiene-encuentros-con-la-comunidad-del-exterior\/","url_meta":{"origin":108186,"position":0},"title":"Senador Gustavo Lara sostiene encuentros con la comunidad del exterior","author":"Nelson Feliz","date":"6 de diciembre de 2024","format":false,"excerpt":"New York.- El senador de la provincia San Crist\u00f3bal por el Partido Revolucionario Moderno (PRM), Gustavo Lara Salazar, arrib\u00f3 a esta ciudad por la terminal del Aeropuerto Internacional John F. Kennedy para agotar una serie encuentros con autoridades, l\u00edderes, dirigentes y diversos representantes de la sociedad dominicana. La apretada agenda\u2026","rel":"","context":"En \u00abPOLITICA\u00bb","block_context":{"text":"POLITICA","link":"https:\/\/lasprimeras.com.do\/index.php\/category\/politica\/"},"img":{"alt_text":"","src":"https:\/\/i0.wp.com\/lasprimeras.com.do\/wp-content\/uploads\/2024\/12\/Gustavo-Lara.jpg?resize=350%2C200&ssl=1","width":350,"height":200,"srcset":"https:\/\/i0.wp.com\/lasprimeras.com.do\/wp-content\/uploads\/2024\/12\/Gustavo-Lara.jpg?resize=350%2C200&ssl=1 1x, https:\/\/i0.wp.com\/lasprimeras.com.do\/wp-content\/uploads\/2024\/12\/Gustavo-Lara.jpg?resize=525%2C300&ssl=1 1.5x, https:\/\/i0.wp.com\/lasprimeras.com.do\/wp-content\/uploads\/2024\/12\/Gustavo-Lara.jpg?resize=700%2C400&ssl=1 2x"},"classes":[]},{"id":92617,"url":"https:\/\/lasprimeras.com.do\/index.php\/2025\/01\/08\/gustavo-lara-junto-a-carlos-valdez-presentan-proyecto-de-ley-para-el-desarrollo-laboral-juvenil\/","url_meta":{"origin":108186,"position":1},"title":"Gustavo Lara junto a Carlos Valdez presentan proyecto de ley para el desarrollo laboral juvenil","author":"Nelson Feliz","date":"8 de enero de 2025","format":false,"excerpt":"En un esfuerzo por transformar las oportunidades laborales de los j\u00f3venes dominicanos, el senador Gustavo Lara Salazar, como proponente, ha presentado ante el Congreso Nacional el proyecto de ley que crea el Programa para la Formaci\u00f3n Laboral Pr\u00e1ctica de J\u00f3venes Estudiantes T\u00e9cnicos y Universitarios, con el respaldo del Ministerio de\u2026","rel":"","context":"En \u00abNACIONALES\u00bb","block_context":{"text":"NACIONALES","link":"https:\/\/lasprimeras.com.do\/index.php\/category\/nacionales\/"},"img":{"alt_text":"","src":"https:\/\/i0.wp.com\/lasprimeras.com.do\/wp-content\/uploads\/2025\/01\/Gustavo-Lara-y-Carlos-Valdez-1.jpg?resize=350%2C200&ssl=1","width":350,"height":200,"srcset":"https:\/\/i0.wp.com\/lasprimeras.com.do\/wp-content\/uploads\/2025\/01\/Gustavo-Lara-y-Carlos-Valdez-1.jpg?resize=350%2C200&ssl=1 1x, https:\/\/i0.wp.com\/lasprimeras.com.do\/wp-content\/uploads\/2025\/01\/Gustavo-Lara-y-Carlos-Valdez-1.jpg?resize=525%2C300&ssl=1 1.5x"},"classes":[]},{"id":119711,"url":"https:\/\/lasprimeras.com.do\/index.php\/2026\/01\/16\/senador-gustavo-lara-rinde-cuentas-y-destaca-agenda-legislativa-orientada-al-desarrollo-integral-de-san-cristobal\/","url_meta":{"origin":108186,"position":2},"title":"Senador Gustavo Lara rinde cuentas y destaca agenda legislativa orientada al desarrollo integral de San Crist\u00f3bal","author":"Nelson Feliz","date":"16 de enero de 2026","format":false,"excerpt":"Gustavo Lara","rel":"","context":"En \u00abPOLITICA\u00bb","block_context":{"text":"POLITICA","link":"https:\/\/lasprimeras.com.do\/index.php\/category\/politica\/"},"img":{"alt_text":"","src":"https:\/\/i0.wp.com\/lasprimeras.com.do\/wp-content\/uploads\/2026\/01\/IMG-20260115-WA0344-scaled.jpg?resize=350%2C200&ssl=1","width":350,"height":200,"srcset":"https:\/\/i0.wp.com\/lasprimeras.com.do\/wp-content\/uploads\/2026\/01\/IMG-20260115-WA0344-scaled.jpg?resize=350%2C200&ssl=1 1x, https:\/\/i0.wp.com\/lasprimeras.com.do\/wp-content\/uploads\/2026\/01\/IMG-20260115-WA0344-scaled.jpg?resize=525%2C300&ssl=1 1.5x, https:\/\/i0.wp.com\/lasprimeras.com.do\/wp-content\/uploads\/2026\/01\/IMG-20260115-WA0344-scaled.jpg?resize=700%2C400&ssl=1 2x, https:\/\/i0.wp.com\/lasprimeras.com.do\/wp-content\/uploads\/2026\/01\/IMG-20260115-WA0344-scaled.jpg?resize=1050%2C600&ssl=1 3x, https:\/\/i0.wp.com\/lasprimeras.com.do\/wp-content\/uploads\/2026\/01\/IMG-20260115-WA0344-scaled.jpg?resize=1400%2C800&ssl=1 4x"},"classes":[]},{"id":80797,"url":"https:\/\/lasprimeras.com.do\/index.php\/2024\/04\/12\/roberto-angel-recorre-san-cristobal-en-apoyo-a-gustavo-lara-y-reeleccion-de-abinader\/","url_meta":{"origin":108186,"position":3},"title":"Roberto \u00c1ngel recorre San Crist\u00f3bal en apoyo a Gustavo Lara y reelecci\u00f3n de Abinader","author":"Nelson Feliz","date":"12 de abril de 2024","format":false,"excerpt":"El miembro de la Direcci\u00f3n Ejecutiva del Partido Revolucionario Moderno (PRM), Roberto \u00c1ngel Salcedo, realiz\u00f3 este viernes junto al candidato a Senador, Gustavo Lara Salazar, un extenso recorrido por los territorios pertenecientes a las circunscripciones 1 y 2 de San Crist\u00f3bal, en apoyo a la reelecci\u00f3n del presidente Luis Abinader,\u2026","rel":"","context":"En \u00abPORTADA\u00bb","block_context":{"text":"PORTADA","link":"https:\/\/lasprimeras.com.do\/index.php\/category\/portada\/"},"img":{"alt_text":"Roberto \u00c1ngel Salcedo","src":"https:\/\/i0.wp.com\/lasprimeras.com.do\/wp-content\/uploads\/2024\/04\/Roberto-Angel-Salcedo-1.jpg?resize=350%2C200&ssl=1","width":350,"height":200,"srcset":"https:\/\/i0.wp.com\/lasprimeras.com.do\/wp-content\/uploads\/2024\/04\/Roberto-Angel-Salcedo-1.jpg?resize=350%2C200&ssl=1 1x, https:\/\/i0.wp.com\/lasprimeras.com.do\/wp-content\/uploads\/2024\/04\/Roberto-Angel-Salcedo-1.jpg?resize=525%2C300&ssl=1 1.5x, https:\/\/i0.wp.com\/lasprimeras.com.do\/wp-content\/uploads\/2024\/04\/Roberto-Angel-Salcedo-1.jpg?resize=700%2C400&ssl=1 2x"},"classes":[]},{"id":90468,"url":"https:\/\/lasprimeras.com.do\/index.php\/2024\/10\/22\/gustavo-lara-da-inicio-al-programa-de-labor-social-y-promocion-de-cultura-ciudadana\/","url_meta":{"origin":108186,"position":4},"title":"Gustavo Lara da inicio al &#8220;Programa de Labor Social y Promoci\u00f3n de Cultura Ciudadana&#8221;","author":"Nelson Feliz","date":"22 de octubre de 2024","format":false,"excerpt":"El senador Gustavo Lara Salazar encabez\u00f3 este lunes el lanzamiento del \"Programa de Labor Social y Promoci\u00f3n de Cultura Ciudadana\", concebido para ayudar a los j\u00f3venes a descubrir c\u00f3mo pueden hacer una diferencia en su comunidad. Lara Salazar destac\u00f3 que esta iniciativa facilitar\u00e1 a los j\u00f3venes de San Crist\u00f3bal ser\u2026","rel":"","context":"En \u00abSin categor\u00eda\u00bb","block_context":{"text":"Sin categor\u00eda","link":"https:\/\/lasprimeras.com.do\/index.php\/category\/sin-categoria\/"},"img":{"alt_text":"Gustavo Lara Salazar","src":"https:\/\/i0.wp.com\/lasprimeras.com.do\/wp-content\/uploads\/2024\/10\/Gustavo-Lara-Salazar.jpg?resize=350%2C200&ssl=1","width":350,"height":200,"srcset":"https:\/\/i0.wp.com\/lasprimeras.com.do\/wp-content\/uploads\/2024\/10\/Gustavo-Lara-Salazar.jpg?resize=350%2C200&ssl=1 1x, https:\/\/i0.wp.com\/lasprimeras.com.do\/wp-content\/uploads\/2024\/10\/Gustavo-Lara-Salazar.jpg?resize=525%2C300&ssl=1 1.5x, https:\/\/i0.wp.com\/lasprimeras.com.do\/wp-content\/uploads\/2024\/10\/Gustavo-Lara-Salazar.jpg?resize=700%2C400&ssl=1 2x"},"classes":[]},{"id":111569,"url":"https:\/\/lasprimeras.com.do\/index.php\/2025\/10\/10\/senador-de-sc-reconoce-esfuerzo-de-los-participantes-del-programa-labor-social-y-promocion-de-cultura-ciudadana\/","url_meta":{"origin":108186,"position":5},"title":"Senador de SC reconoce esfuerzo de los participantes del programa \u201cLabor Social y Promoci\u00f3n de Cultura Ciudadana\u201d","author":"Nelson Feliz","date":"10 de octubre de 2025","format":false,"excerpt":"El senador por la provincia de San Crist\u00f3bal, Gustavo Lara Salazar, encabez\u00f3 el acto de premiaci\u00f3n del programa \u201cLabor Social y Promoci\u00f3n de Cultura Ciudadana\u201d, lanzada en el Auditorio Mayor del Instituto Polit\u00e9cnico Loyola de San Crist\u00f3bal, con el prop\u00f3sito de fomentar la participaci\u00f3n juvenil en la transformaci\u00f3n social a\u2026","rel":"","context":"En \u00abECONOM\u00cdA\u00bb","block_context":{"text":"ECONOM\u00cdA","link":"https:\/\/lasprimeras.com.do\/index.php\/category\/economia\/"},"img":{"alt_text":"","src":"https:\/\/i0.wp.com\/lasprimeras.com.do\/wp-content\/uploads\/2025\/10\/Gustavo-Lara-Salazar-1.jpg?resize=350%2C200&ssl=1","width":350,"height":200,"srcset":"https:\/\/i0.wp.com\/lasprimeras.com.do\/wp-content\/uploads\/2025\/10\/Gustavo-Lara-Salazar-1.jpg?resize=350%2C200&ssl=1 1x, https:\/\/i0.wp.com\/lasprimeras.com.do\/wp-content\/uploads\/2025\/10\/Gustavo-Lara-Salazar-1.jpg?resize=525%2C300&ssl=1 1.5x, https:\/\/i0.wp.com\/lasprimeras.com.do\/wp-content\/uploads\/2025\/10\/Gustavo-Lara-Salazar-1.jpg?resize=700%2C400&ssl=1 2x"},"classes":[]}],"jetpack_sharing_enabled":true,"_links":{"self":[{"href":"https:\/\/lasprimeras.com.do\/index.php\/wp-json\/wp\/v2\/posts\/108186","targetHints":{"allow":["GET"]}}],"collection":[{"href":"https:\/\/lasprimeras.com.do\/index.php\/wp-json\/wp\/v2\/posts"}],"about":[{"href":"https:\/\/lasprimeras.com.do\/index.php\/wp-json\/wp\/v2\/types\/post"}],"author":[{"embeddable":true,"href":"https:\/\/lasprimeras.com.do\/index.php\/wp-json\/wp\/v2\/users\/10"}],"replies":[{"embeddable":true,"href":"https:\/\/lasprimeras.com.do\/index.php\/wp-json\/wp\/v2\/comments?post=108186"}],"version-history":[{"count":1,"href":"https:\/\/lasprimeras.com.do\/index.php\/wp-json\/wp\/v2\/posts\/108186\/revisions"}],"predecessor-version":[{"id":108188,"href":"https:\/\/lasprimeras.com.do\/index.php\/wp-json\/wp\/v2\/posts\/108186\/revisions\/108188"}],"wp:featuredmedia":[{"embeddable":true,"href":"https:\/\/lasprimeras.com.do\/index.php\/wp-json\/wp\/v2\/media\/108187"}],"wp:attachment":[{"href":"https:\/\/lasprimeras.com.do\/index.php\/wp-json\/wp\/v2\/media?parent=108186"}],"wp:term":[{"taxonomy":"category","embeddable":true,"href":"https:\/\/lasprimeras.com.do\/index.php\/wp-json\/wp\/v2\/categories?post=108186"},{"taxonomy":"post_tag","embeddable":true,"href":"https:\/\/lasprimeras.com.do\/index.php\/wp-json\/wp\/v2\/tags?post=108186"}],"curies":[{"name":"wp","href":"https:\/\/api.w.org\/{rel}","templated":true}]}}