{"id":108192,"date":"2025-09-03T19:51:51","date_gmt":"2025-09-03T23:51:51","guid":{"rendered":"https:\/\/lasprimeras.com.do\/?p=108192"},"modified":"2025-09-03T19:51:56","modified_gmt":"2025-09-03T23:51:56","slug":"parlacen-llama-a-dialogo-con-el-salvador-y-afirma-que-la-integracion-regional-no-se-puede-fragmentar","status":"publish","type":"post","link":"https:\/\/lasprimeras.com.do\/index.php\/2025\/09\/03\/parlacen-llama-a-dialogo-con-el-salvador-y-afirma-que-la-integracion-regional-no-se-puede-fragmentar\/","title":{"rendered":"Parlacen llama a di\u00e1logo con El Salvador y afirma que la integraci\u00f3n regional no se puede fragmentar"},"content":{"rendered":"\n<p><strong>El \u00f3rgano pol\u00edtico del SICA record\u00f3 el principio de indivisibilidad, establecido por la Corte Centroamericana de Justicia en 2010, como base de la integraci\u00f3n regional.<\/strong><\/p>\n\n\n\n<p><strong>Ciudad de Guatemala.-<\/strong> El Parlamento Centroamericano (Parlacen) hizo un llamado al di\u00e1logo institucional con El Salvador y subray\u00f3 que la integraci\u00f3n centroamericana debe preservarse bajo el principio de indivisibilidad, establecido por la Corte Centroamericana de Justicia en 2010, que sostiene que ning\u00fan Estado puede retirarse de un \u00f3rgano fundamental del Sistema sin desvincularse en su totalidad del SICA.<\/p>\n\n\n\n<p>Durante la sesi\u00f3n plenaria, la diputada dominicana Esmeralda Mancebo, representante de la Fuerza del Pueblo (FP), present\u00f3 junto a otros legisladores una resoluci\u00f3n que reafirma la relevancia de la permanencia de El Salvador en el organismo regional.<\/p>\n\n\n\n<p>\u201cLa presencia de El Salvador en el Parlacen es fundamental para la estabilidad democr\u00e1tica, la legitimidad institucional y la continuidad del proceso de integraci\u00f3n centroamericana\u201d, afirm\u00f3 Mancebo.<\/p>\n\n\n\n<p>Agreg\u00f3 adem\u00e1s que \u201cel liderazgo y la visi\u00f3n del presidente Nayib Bukele deben formar parte de la construcci\u00f3n de una integraci\u00f3n moderna y eficaz\u201d.<\/p>\n\n\n\n<p>La resoluci\u00f3n aprobada recuerda que El Salvador alberga la Secretar\u00eda General del SICA y otros \u00f3rganos clave, lo que lo convierte en el \u201ccoraz\u00f3n institucional\u201d del proceso de integraci\u00f3n. Asimismo, resalta su papel hist\u00f3rico como cuna de la ODECA y patria del pr\u00f3cer Francisco Moraz\u00e1n, s\u00edmbolos de la vocaci\u00f3n integradora de la regi\u00f3n.<\/p>\n\n\n\n<p>El documento tambi\u00e9n se\u00f1ala que un eventual retiro pondr\u00eda en riesgo la continuidad de programas de cooperaci\u00f3n y asistencia t\u00e9cnica que benefician directamente a la poblaci\u00f3n salvadore\u00f1a y regional. Por ello, instruye a la Presidencia del Parlacen a establecer un canal de di\u00e1logo directo e institucional con las autoridades salvadore\u00f1as, as\u00ed como a conformar una delegaci\u00f3n especial que promueva gestiones diplom\u00e1ticas y consensos.<\/p>\n\n\n\n<p>\u201cLa integraci\u00f3n regional no puede fragmentarse por coyunturas pol\u00edticas o ideol\u00f3gicas. Es una pol\u00edtica de Estado, no de gobiernos, y su continuidad es indispensable para el bienestar y la prosperidad de nuestros pueblos\u201d, subray\u00f3 la legisladora dominicana.<\/p>\n\n\n\n<p>Con esta posici\u00f3n, el Parlacen reiter\u00f3 su compromiso con un proceso integrador m\u00e1s democr\u00e1tico, eficaz y cercano a las necesidades de la ciudadan\u00eda, e invit\u00f3 a todos los Estados miembros del SICA a fortalecer los consensos en beneficio de la estabilidad regional.<\/p>\n","protected":false},"excerpt":{"rendered":"<p>El \u00f3rgano pol\u00edtico del SICA record\u00f3 el principio de indivisibilidad, establecido por la Corte Centroamericana de Justicia en 2010, como base de la integraci\u00f3n regional. Ciudad de Guatemala.- El Parlamento&hellip;<\/p>\n","protected":false},"author":10,"featured_media":108193,"comment_status":"open","ping_status":"open","sticky":false,"template":"","format":"standard","meta":{"content-type":"","jetpack_post_was_ever_published":false,"_jetpack_newsletter_access":"","_jetpack_dont_email_post_to_subs":false,"_jetpack_newsletter_tier_id":0,"_jetpack_memberships_contains_paywalled_content":false,"_jetpack_memberships_contains_paid_content":false,"footnotes":""},"categories":[16559],"tags":[15076,1220,598,24116,2138,1434],"class_list":["post-108192","post","type-post","status-publish","format-standard","has-post-thumbnail","hentry","category-politica","tag-ciudad-de-guatemala","tag-dialogo","tag-el-salvador","tag-integracion-regional","tag-parlacen","tag-sica"],"jetpack_featured_media_url":"https:\/\/lasprimeras.com.do\/wp-content\/uploads\/2025\/09\/parlacen.jpg","jetpack-related-posts":[{"id":110569,"url":"https:\/\/lasprimeras.com.do\/index.php\/2025\/09\/29\/parlacen-llama-a-dialogo-con-el-salvador-y-afirma-que-la-integracion-regional-no-se-puede-fragmentar-2\/","url_meta":{"origin":108192,"position":0},"title":"Parlacen llama a di\u00e1logo con El Salvador y afirma que la integraci\u00f3n regional no se puede fragmentar","author":"Nelson Feliz","date":"29 de septiembre de 2025","format":false,"excerpt":"El \u00f3rgano pol\u00edtico del SICA record\u00f3 el principio de indivisibilidad, establecido por la Corte Centroamericana de Justicia en 2010, como base de la integraci\u00f3n regional. Ciudad de Guatemala.- El Parlamento Centroamericano (Parlacen) hizo un llamado al di\u00e1logo institucional con El Salvador y subray\u00f3 que la integraci\u00f3n centroamericana debe preservarse bajo\u2026","rel":"","context":"En \u00abPOLITICA\u00bb","block_context":{"text":"POLITICA","link":"https:\/\/lasprimeras.com.do\/index.php\/category\/politica\/"},"img":{"alt_text":"","src":"https:\/\/i0.wp.com\/lasprimeras.com.do\/wp-content\/uploads\/2025\/09\/Esmeralda-Mancebo.jpg?resize=350%2C200&ssl=1","width":350,"height":200,"srcset":"https:\/\/i0.wp.com\/lasprimeras.com.do\/wp-content\/uploads\/2025\/09\/Esmeralda-Mancebo.jpg?resize=350%2C200&ssl=1 1x, https:\/\/i0.wp.com\/lasprimeras.com.do\/wp-content\/uploads\/2025\/09\/Esmeralda-Mancebo.jpg?resize=525%2C300&ssl=1 1.5x, https:\/\/i0.wp.com\/lasprimeras.com.do\/wp-content\/uploads\/2025\/09\/Esmeralda-Mancebo.jpg?resize=700%2C400&ssl=1 2x"},"classes":[]},{"id":107694,"url":"https:\/\/lasprimeras.com.do\/index.php\/2025\/08\/29\/parlacen-aprueba-creacion-una-bolsa-de-valores-centroamericana-y-del-caribe\/","url_meta":{"origin":108192,"position":1},"title":"PARLACEN aprueba creaci\u00f3n una Bolsa de Valores Centroamericana y del Caribe","author":"Nelson Feliz","date":"29 de agosto de 2025","format":false,"excerpt":"La diputada por la Uni\u00f3n Dem\u00f3crata Cristiana \u2013UDC- exhorta al Gobierno dominicano a liderar la iniciativa de crear una bolsa de valores Centroamericana y del Caribe, y proponer al pa\u00eds como sede de la futura Bolsa Regional. San Salvador, El Salvador.- La Asamblea Plenaria del Parlamento Centroamericano (PARLACEN), reunida esta\u2026","rel":"","context":"En \u00abPOLITICA\u00bb","block_context":{"text":"POLITICA","link":"https:\/\/lasprimeras.com.do\/index.php\/category\/politica\/"},"img":{"alt_text":"","src":"https:\/\/i0.wp.com\/lasprimeras.com.do\/wp-content\/uploads\/2025\/08\/Krimilda-Acosta.jpg?resize=350%2C200&ssl=1","width":350,"height":200,"srcset":"https:\/\/i0.wp.com\/lasprimeras.com.do\/wp-content\/uploads\/2025\/08\/Krimilda-Acosta.jpg?resize=350%2C200&ssl=1 1x, https:\/\/i0.wp.com\/lasprimeras.com.do\/wp-content\/uploads\/2025\/08\/Krimilda-Acosta.jpg?resize=525%2C300&ssl=1 1.5x"},"classes":[]},{"id":65148,"url":"https:\/\/lasprimeras.com.do\/index.php\/2023\/10\/26\/eligen-a-diputada-de-rd-silvia-garcia-presidenta-del-parlacen\/","url_meta":{"origin":108192,"position":2},"title":"Eligen a diputada de RD, Silvia Garc\u00eda, presidenta del Parlacen","author":"BIMARY DE JES\u00daS Matos","date":"26 de octubre de 2023","format":false,"excerpt":"SANTO DOMINGO.- La diputada dominicana Silvia Garc\u00eda Polanco fue electa este lunes presidenta del Parlamento Centroamericano (PARLACEN) para el per\u00edodo 2023-2024. Garc\u00eda Polanco fue electa en unas elecciones internas en las que participaron 124 diputados de los seis pa\u00edses miembros del Sistema de Integraci\u00f3n Centroamericana (SICA). Silvia Garc\u00eda obtuvo el\u2026","rel":"","context":"En \u00abSin categor\u00eda\u00bb","block_context":{"text":"Sin categor\u00eda","link":"https:\/\/lasprimeras.com.do\/index.php\/category\/sin-categoria\/"},"img":{"alt_text":"","src":"https:\/\/i0.wp.com\/lasprimeras.com.do\/wp-content\/uploads\/2023\/10\/WhatsApp-Image-2023-10-25-at-10.15.41-PM-5.jpeg?resize=350%2C200&ssl=1","width":350,"height":200,"srcset":"https:\/\/i0.wp.com\/lasprimeras.com.do\/wp-content\/uploads\/2023\/10\/WhatsApp-Image-2023-10-25-at-10.15.41-PM-5.jpeg?resize=350%2C200&ssl=1 1x, https:\/\/i0.wp.com\/lasprimeras.com.do\/wp-content\/uploads\/2023\/10\/WhatsApp-Image-2023-10-25-at-10.15.41-PM-5.jpeg?resize=525%2C300&ssl=1 1.5x, https:\/\/i0.wp.com\/lasprimeras.com.do\/wp-content\/uploads\/2023\/10\/WhatsApp-Image-2023-10-25-at-10.15.41-PM-5.jpeg?resize=700%2C400&ssl=1 2x"},"classes":[]},{"id":65557,"url":"https:\/\/lasprimeras.com.do\/index.php\/2023\/10\/30\/peggy-cabral-resalta-cualidades-de-nueva-presidenta-del-parlacen\/","url_meta":{"origin":108192,"position":3},"title":"Peggy Cabral resalta cualidades de nueva presidenta del PARLACEN","author":"Nelson Feliz","date":"30 de octubre de 2023","format":false,"excerpt":"GUATEMALA.- La secretaria general del Partido Revolucionario Dominicano (PRD), Peggy Cabral, resalt\u00f3 las cualidades profesionales, pol\u00edticas y humanas de la nueva presidenta del Parlamento Centroamericano (PARLACEN), Silvia Garc\u00eda Polanco, lo que asegur\u00f3 le permitir\u00e1 realizar una brillante gesti\u00f3n al frente de ese foro regional. La alta dirigente perrede\u00edsta, quien estuvo\u2026","rel":"","context":"En \u00abSin categor\u00eda\u00bb","block_context":{"text":"Sin categor\u00eda","link":"https:\/\/lasprimeras.com.do\/index.php\/category\/sin-categoria\/"},"img":{"alt_text":"Peggy Cabral","src":"https:\/\/i0.wp.com\/lasprimeras.com.do\/wp-content\/uploads\/2023\/10\/Peggy-Cabral.jpg?resize=350%2C200&ssl=1","width":350,"height":200,"srcset":"https:\/\/i0.wp.com\/lasprimeras.com.do\/wp-content\/uploads\/2023\/10\/Peggy-Cabral.jpg?resize=350%2C200&ssl=1 1x, https:\/\/i0.wp.com\/lasprimeras.com.do\/wp-content\/uploads\/2023\/10\/Peggy-Cabral.jpg?resize=525%2C300&ssl=1 1.5x, https:\/\/i0.wp.com\/lasprimeras.com.do\/wp-content\/uploads\/2023\/10\/Peggy-Cabral.jpg?resize=700%2C400&ssl=1 2x"},"classes":[]},{"id":97674,"url":"https:\/\/lasprimeras.com.do\/index.php\/2025\/04\/24\/parlacen-sesiona-en-republica-dominicana-con-emotivo-homenaje-en-la-zona-cero\/","url_meta":{"origin":108192,"position":4},"title":"PARLACEN sesiona en Rep\u00fablica Dominicana con emotivo homenaje en la Zona Cero","author":"Nelson Feliz","date":"24 de abril de 2025","format":false,"excerpt":"El Parlamento Centroamericano (PARLACEN) inici\u00f3 oficialmente su per\u00edodo de sesiones en la Rep\u00fablica Dominicana y se extender\u00e1 hasta el d\u00eda 30 del mismo mes. Esta importante jornada parlamentaria re\u00fane a la totalidad de los diputados regionales del \u00f3rgano legislativo del Sistema de la Integraci\u00f3n Centroamericana (SICA), y combina un profundo\u2026","rel":"","context":"En \u00abNACIONALES\u00bb","block_context":{"text":"NACIONALES","link":"https:\/\/lasprimeras.com.do\/index.php\/category\/nacionales\/"},"img":{"alt_text":"","src":"https:\/\/i0.wp.com\/lasprimeras.com.do\/wp-content\/uploads\/2025\/04\/parlacem.jpg?resize=350%2C200&ssl=1","width":350,"height":200,"srcset":"https:\/\/i0.wp.com\/lasprimeras.com.do\/wp-content\/uploads\/2025\/04\/parlacem.jpg?resize=350%2C200&ssl=1 1x, https:\/\/i0.wp.com\/lasprimeras.com.do\/wp-content\/uploads\/2025\/04\/parlacem.jpg?resize=525%2C300&ssl=1 1.5x, https:\/\/i0.wp.com\/lasprimeras.com.do\/wp-content\/uploads\/2025\/04\/parlacem.jpg?resize=700%2C400&ssl=1 2x"},"classes":[]},{"id":85190,"url":"https:\/\/lasprimeras.com.do\/index.php\/2024\/06\/25\/destacan-esfuerzos-de-la-presidenta-de-honduras-xiomara-castro-para-fortalecer-el-sica\/","url_meta":{"origin":108192,"position":5},"title":"Destacan esfuerzos de la presidenta de Honduras, Xiomara Castro, para fortalecer el SICA","author":"Nelson Feliz","date":"25 de junio de 2024","format":false,"excerpt":"Guatemala.-. La Presidenta del Parlamento Centroamericano (PARLACEN), Silvia Garc\u00eda Polanco, junto con la Junta Directiva, ha expresado su benepl\u00e1cito por los esfuerzos liderados por la Presidenta de Honduras, Xiomara Castro, en su rol de Presidenta Pro-Tempore del Sistema de la Integraci\u00f3n Centroamericana (SICA). En una declaraci\u00f3n oficial, Garc\u00eda Polanco destac\u00f3\u2026","rel":"","context":"En \u00abSin categor\u00eda\u00bb","block_context":{"text":"Sin categor\u00eda","link":"https:\/\/lasprimeras.com.do\/index.php\/category\/sin-categoria\/"},"img":{"alt_text":"Silvia Garc\u00eda Polanco","src":"https:\/\/i0.wp.com\/lasprimeras.com.do\/wp-content\/uploads\/2024\/06\/Silvia-Garcia-Polanco.jpg?resize=350%2C200&ssl=1","width":350,"height":200,"srcset":"https:\/\/i0.wp.com\/lasprimeras.com.do\/wp-content\/uploads\/2024\/06\/Silvia-Garcia-Polanco.jpg?resize=350%2C200&ssl=1 1x, https:\/\/i0.wp.com\/lasprimeras.com.do\/wp-content\/uploads\/2024\/06\/Silvia-Garcia-Polanco.jpg?resize=525%2C300&ssl=1 1.5x, https:\/\/i0.wp.com\/lasprimeras.com.do\/wp-content\/uploads\/2024\/06\/Silvia-Garcia-Polanco.jpg?resize=700%2C400&ssl=1 2x"},"classes":[]}],"jetpack_sharing_enabled":true,"_links":{"self":[{"href":"https:\/\/lasprimeras.com.do\/index.php\/wp-json\/wp\/v2\/posts\/108192","targetHints":{"allow":["GET"]}}],"collection":[{"href":"https:\/\/lasprimeras.com.do\/index.php\/wp-json\/wp\/v2\/posts"}],"about":[{"href":"https:\/\/lasprimeras.com.do\/index.php\/wp-json\/wp\/v2\/types\/post"}],"author":[{"embeddable":true,"href":"https:\/\/lasprimeras.com.do\/index.php\/wp-json\/wp\/v2\/users\/10"}],"replies":[{"embeddable":true,"href":"https:\/\/lasprimeras.com.do\/index.php\/wp-json\/wp\/v2\/comments?post=108192"}],"version-history":[{"count":1,"href":"https:\/\/lasprimeras.com.do\/index.php\/wp-json\/wp\/v2\/posts\/108192\/revisions"}],"predecessor-version":[{"id":108194,"href":"https:\/\/lasprimeras.com.do\/index.php\/wp-json\/wp\/v2\/posts\/108192\/revisions\/108194"}],"wp:featuredmedia":[{"embeddable":true,"href":"https:\/\/lasprimeras.com.do\/index.php\/wp-json\/wp\/v2\/media\/108193"}],"wp:attachment":[{"href":"https:\/\/lasprimeras.com.do\/index.php\/wp-json\/wp\/v2\/media?parent=108192"}],"wp:term":[{"taxonomy":"category","embeddable":true,"href":"https:\/\/lasprimeras.com.do\/index.php\/wp-json\/wp\/v2\/categories?post=108192"},{"taxonomy":"post_tag","embeddable":true,"href":"https:\/\/lasprimeras.com.do\/index.php\/wp-json\/wp\/v2\/tags?post=108192"}],"curies":[{"name":"wp","href":"https:\/\/api.w.org\/{rel}","templated":true}]}}