{"id":108464,"date":"2025-09-07T21:05:36","date_gmt":"2025-09-08T01:05:36","guid":{"rendered":"https:\/\/lasprimeras.com.do\/?p=108464"},"modified":"2025-09-07T21:05:37","modified_gmt":"2025-09-08T01:05:37","slug":"presidente-ejecutivo-de-banreservas-recibe-visita-de-ejecutivos-del-bhd","status":"publish","type":"post","link":"https:\/\/lasprimeras.com.do\/index.php\/2025\/09\/07\/presidente-ejecutivo-de-banreservas-recibe-visita-de-ejecutivos-del-bhd\/","title":{"rendered":"Presidente ejecutivo de Banreservas recibe visita de ejecutivos del BHD"},"content":{"rendered":"\n<p>El presidente ejecutivo del Banco de Reservas, doctor Leonardo Aguilera, recibi\u00f3 en la sede de la instituci\u00f3n a los principales ejecutivos del Banco Hipotecario Dominicano (BHD) y otras empresas de ese grupo financiero, con el objetivo de fortalecer la colaboraci\u00f3n institucional y contribuir a la estabilidad del sistema financiero nacional.<\/p>\n\n\n\n<p>En la visita tambi\u00e9n estuvieron Luis Molina Ach\u00e9car, presidente del Centro Financiero BHD; Steven Puig, presidente del Banco BHD; Fidelio Arturo Despradel, presidente ejecutivo de la entidad bancaria; y Jos\u00e9 Luis Alonso, presidente ejecutivo de Seguros y Pensiones BHD.<\/p>\n\n\n\n<p>Durante el encuentro, los ejecutivos bancarios conversaron sobre el entorno de la banca, en el contexto actual de la econom\u00eda, adem\u00e1s del compromiso de sus l\u00edderes para potenciar de manera conjunta el desarrollo econ\u00f3mico y social de la Rep\u00fablica Dominicana.<\/p>\n\n\n\n<p>Banreservas tiene una historia financiera de 84 a\u00f1os en la sociedad dominicana y es el l\u00edder del sistema financiero del pa\u00eds, con presencia en toda la geograf\u00eda nacional y oficinas de representaci\u00f3n en Espa\u00f1a, New York y Miami.<\/p>\n\n\n\n<p>Mientras que el BHD, m\u00e1s de cuatro d\u00e9cadas de historia, cuenta con casi un mill\u00f3n de clientes, m\u00e1s de 4,000 colaboradores, y oficinas de atenci\u00f3n en veintid\u00f3s provincias del pa\u00eds.<\/p>\n","protected":false},"excerpt":{"rendered":"<p>El presidente ejecutivo del Banco de Reservas, doctor Leonardo Aguilera, recibi\u00f3 en la sede de la instituci\u00f3n a los principales ejecutivos del Banco Hipotecario Dominicano (BHD) y otras empresas de&hellip;<\/p>\n","protected":false},"author":10,"featured_media":108465,"comment_status":"open","ping_status":"open","sticky":false,"template":"","format":"standard","meta":{"content-type":"","jetpack_post_was_ever_published":false,"_jetpack_newsletter_access":"","_jetpack_dont_email_post_to_subs":false,"_jetpack_newsletter_tier_id":0,"_jetpack_memberships_contains_paywalled_content":false,"_jetpack_memberships_contains_paid_content":false,"footnotes":""},"categories":[39],"tags":[726,6432,3812,4995,935,843],"class_list":["post-108464","post","type-post","status-publish","format-standard","has-post-thumbnail","hentry","category-economia","tag-banreservas","tag-bhd","tag-ejecutivo","tag-ejecutivos","tag-presidente","tag-visita"],"jetpack_featured_media_url":"https:\/\/lasprimeras.com.do\/wp-content\/uploads\/2025\/09\/visita.jpg","jetpack-related-posts":[{"id":58052,"url":"https:\/\/lasprimeras.com.do\/index.php\/2023\/08\/18\/bhd-dispone-fondo-de-30-millones-de-pesos-para-mipymes-de-san-cristobal-y-bomberos-del-pais\/","url_meta":{"origin":108464,"position":0},"title":"BHD dispone fondo de 30 millones de pesos para mipymes de San Crist\u00f3bal y bomberos del pa\u00eds","author":"Nelson Feliz","date":"18 de agosto de 2023","format":false,"excerpt":"El fondo tambi\u00e9n incluye un aporte para el fortalecimiento de estaciones de bomberos en Rep\u00fablica Dominicana. El Banco BHD anunci\u00f3 la disposici\u00f3n de un fondo solidario por RD$ 30,000,000 destinados a colaborar con las necesidades de la provincia San Crist\u00f3bal, espec\u00edficamente de la comunidad comercial afectada por la explosi\u00f3n del\u2026","rel":"","context":"En \u00abECONOM\u00cdA\u00bb","block_context":{"text":"ECONOM\u00cdA","link":"https:\/\/lasprimeras.com.do\/index.php\/category\/economia\/"},"img":{"alt_text":"Dos bomberos observan una de las estructuras da\u00f1adas por la explosi\u00f3n y el incendio registrado en San Crist\u00f3balJORGE MART\u00cdNEZ\/LD","src":"https:\/\/i0.wp.com\/lasprimeras.com.do\/wp-content\/uploads\/2023\/08\/INCENDIO.jpeg?resize=350%2C200&ssl=1","width":350,"height":200,"srcset":"https:\/\/i0.wp.com\/lasprimeras.com.do\/wp-content\/uploads\/2023\/08\/INCENDIO.jpeg?resize=350%2C200&ssl=1 1x, https:\/\/i0.wp.com\/lasprimeras.com.do\/wp-content\/uploads\/2023\/08\/INCENDIO.jpeg?resize=525%2C300&ssl=1 1.5x, https:\/\/i0.wp.com\/lasprimeras.com.do\/wp-content\/uploads\/2023\/08\/INCENDIO.jpeg?resize=700%2C400&ssl=1 2x"},"classes":[]},{"id":106154,"url":"https:\/\/lasprimeras.com.do\/index.php\/2025\/08\/11\/cmd-y-el-banco-bhd-firman-acuerdo-para-impulsar-el-bienestar-de-los-medicos\/","url_meta":{"origin":108464,"position":1},"title":"CMD y el Banco BHD firman acuerdo para impulsar el bienestar de los m\u00e9dicos","author":"Nelson Feliz","date":"11 de agosto de 2025","format":false,"excerpt":"La entidad financiera ofrecer\u00e1 facilidades bancarias con condiciones preferenciales y un programa de educaci\u00f3n financiera que incluye asesor\u00edas, como un reconocimiento a los profesionales de la salud. El Colegio M\u00e9dico Dominicano (CMD) y el Banco BHD anunciaron la firma de un acuerdo interinstitucional con el prop\u00f3sito de ofrecer a los\u2026","rel":"","context":"En \u00abPORTADA\u00bb","block_context":{"text":"PORTADA","link":"https:\/\/lasprimeras.com.do\/index.php\/category\/portada\/"},"img":{"alt_text":"Waldo Ariel Suero y Josefina Gonz\u00e1lez","src":"https:\/\/i0.wp.com\/lasprimeras.com.do\/wp-content\/uploads\/2025\/08\/una.jpg?resize=350%2C200&ssl=1","width":350,"height":200,"srcset":"https:\/\/i0.wp.com\/lasprimeras.com.do\/wp-content\/uploads\/2025\/08\/una.jpg?resize=350%2C200&ssl=1 1x, https:\/\/i0.wp.com\/lasprimeras.com.do\/wp-content\/uploads\/2025\/08\/una.jpg?resize=525%2C300&ssl=1 1.5x, https:\/\/i0.wp.com\/lasprimeras.com.do\/wp-content\/uploads\/2025\/08\/una.jpg?resize=700%2C400&ssl=1 2x"},"classes":[]},{"id":86054,"url":"https:\/\/lasprimeras.com.do\/index.php\/2024\/07\/16\/valdez-albizu-crecimiento-del-sistema-financiero-debe-combinar-inclusion-y-reduccion-de-la-pobreza\/","url_meta":{"origin":108464,"position":2},"title":"Valdez Albizu: crecimiento del sistema financiero debe combinar inclusi\u00f3n y reducci\u00f3n de la pobreza","author":"Nelson Feliz","date":"16 de julio de 2024","format":false,"excerpt":"El gobernador del Banco Central de la Rep\u00fablica Dominicana (BCRD), H\u00e9ctor Valdez Albizu, expres\u00f3 que el crecimiento continuado del sistema financiero \"deber\u00e1 combinar prudentemente una mayor inclusi\u00f3n financiera, la reducci\u00f3n de la pobreza, la mitigaci\u00f3n y adaptaci\u00f3n de los riesgos clim\u00e1ticos\". Adem\u00e1s, \"el fortalecimiento y asimilaci\u00f3n gradual de normativas que\u2026","rel":"","context":"En \u00abECONOM\u00cdA\u00bb","block_context":{"text":"ECONOM\u00cdA","link":"https:\/\/lasprimeras.com.do\/index.php\/category\/economia\/"},"img":{"alt_text":"H\u00e9ctor Valdez Albizu","src":"https:\/\/i0.wp.com\/lasprimeras.com.do\/wp-content\/uploads\/2024\/04\/Hector-Valdez-Albizu.jpg?resize=350%2C200&ssl=1","width":350,"height":200,"srcset":"https:\/\/i0.wp.com\/lasprimeras.com.do\/wp-content\/uploads\/2024\/04\/Hector-Valdez-Albizu.jpg?resize=350%2C200&ssl=1 1x, https:\/\/i0.wp.com\/lasprimeras.com.do\/wp-content\/uploads\/2024\/04\/Hector-Valdez-Albizu.jpg?resize=525%2C300&ssl=1 1.5x"},"classes":[]},{"id":116803,"url":"https:\/\/lasprimeras.com.do\/index.php\/2025\/12\/03\/banco-bhd-presenta-crecimiento-de-12-5-en-depositos-y-11-9-en-cartera\/","url_meta":{"origin":108464,"position":3},"title":"Banco BHD presenta crecimiento de 12.5% en dep\u00f3sitos y 11.9% en cartera","author":"Nelson Feliz","date":"3 de diciembre de 2025","format":false,"excerpt":"El banco resalt\u00f3 avances en crecimiento, eficiencia e innovaci\u00f3n durante almuerzo navide\u00f1o con medios. Banco BHD realiz\u00f3 en Santo Domingo su tradicional almuerzo navide\u00f1o con representantes de los medios de comunicaci\u00f3n, espacio en el que present\u00f3 los principales resultados financieros acumulados a octubre de 2025 y reiter\u00f3 su compromiso con\u2026","rel":"","context":"En \u00abECONOM\u00cdA\u00bb","block_context":{"text":"ECONOM\u00cdA","link":"https:\/\/lasprimeras.com.do\/index.php\/category\/economia\/"},"img":{"alt_text":"","src":"https:\/\/i0.wp.com\/lasprimeras.com.do\/wp-content\/uploads\/2025\/12\/Banco-BHD.jpeg?resize=350%2C200&ssl=1","width":350,"height":200,"srcset":"https:\/\/i0.wp.com\/lasprimeras.com.do\/wp-content\/uploads\/2025\/12\/Banco-BHD.jpeg?resize=350%2C200&ssl=1 1x, https:\/\/i0.wp.com\/lasprimeras.com.do\/wp-content\/uploads\/2025\/12\/Banco-BHD.jpeg?resize=525%2C300&ssl=1 1.5x, https:\/\/i0.wp.com\/lasprimeras.com.do\/wp-content\/uploads\/2025\/12\/Banco-BHD.jpeg?resize=700%2C400&ssl=1 2x"},"classes":[]},{"id":120069,"url":"https:\/\/lasprimeras.com.do\/index.php\/2026\/01\/20\/bhd-reconoce-en-fitur-labor-de-ministro-david-collado-en-favor-del-turismo\/","url_meta":{"origin":108464,"position":4},"title":"BHD reconoce en FITUR labor de ministro David Collado en favor del turismo","author":"Nelson Feliz","date":"20 de enero de 2026","format":false,"excerpt":"BHD reconoce en FITUR labor de ministro David Collado en favor del turismo","rel":"","context":"En \u00abPORTADA\u00bb","block_context":{"text":"PORTADA","link":"https:\/\/lasprimeras.com.do\/index.php\/category\/portada\/"},"img":{"alt_text":"David Collado","src":"https:\/\/i0.wp.com\/lasprimeras.com.do\/wp-content\/uploads\/2026\/01\/David-Collado.jpg?resize=350%2C200&ssl=1","width":350,"height":200,"srcset":"https:\/\/i0.wp.com\/lasprimeras.com.do\/wp-content\/uploads\/2026\/01\/David-Collado.jpg?resize=350%2C200&ssl=1 1x, https:\/\/i0.wp.com\/lasprimeras.com.do\/wp-content\/uploads\/2026\/01\/David-Collado.jpg?resize=525%2C300&ssl=1 1.5x, https:\/\/i0.wp.com\/lasprimeras.com.do\/wp-content\/uploads\/2026\/01\/David-Collado.jpg?resize=700%2C400&ssl=1 2x"},"classes":[]},{"id":120155,"url":"https:\/\/lasprimeras.com.do\/index.php\/2026\/01\/21\/bhd-y-embajada-rd-en-espana-dialogan-sobre-proyectos-sociales-y-economicos-en-fitur\/","url_meta":{"origin":108464,"position":5},"title":"BHD y embajada RD en Espa\u00f1a dialogan sobre proyectos sociales y econ\u00f3micos en Fitur","author":"Nelson Feliz","date":"21 de enero de 2026","format":false,"excerpt":"MADRID.- El Banco BHD realiz\u00f3 un almuerzo con la Embajada de la Rep\u00fablica Dominicana en Espa\u00f1a en el que se intercambiaron informaciones sobre diferentes iniciativas de ambas partes en los \u00e1mbitos social y econ\u00f3mico. En el encuentro, desarrollado en el marco de la participaci\u00f3n de BHD en la Feria Internacional\u2026","rel":"","context":"En \u00abECONOM\u00cdA\u00bb","block_context":{"text":"ECONOM\u00cdA","link":"https:\/\/lasprimeras.com.do\/index.php\/category\/economia\/"},"img":{"alt_text":"Banco BHD","src":"https:\/\/i0.wp.com\/lasprimeras.com.do\/wp-content\/uploads\/2026\/01\/Banco-BHD.jpg?resize=350%2C200&ssl=1","width":350,"height":200,"srcset":"https:\/\/i0.wp.com\/lasprimeras.com.do\/wp-content\/uploads\/2026\/01\/Banco-BHD.jpg?resize=350%2C200&ssl=1 1x, https:\/\/i0.wp.com\/lasprimeras.com.do\/wp-content\/uploads\/2026\/01\/Banco-BHD.jpg?resize=525%2C300&ssl=1 1.5x, https:\/\/i0.wp.com\/lasprimeras.com.do\/wp-content\/uploads\/2026\/01\/Banco-BHD.jpg?resize=700%2C400&ssl=1 2x"},"classes":[]}],"jetpack_sharing_enabled":true,"_links":{"self":[{"href":"https:\/\/lasprimeras.com.do\/index.php\/wp-json\/wp\/v2\/posts\/108464","targetHints":{"allow":["GET"]}}],"collection":[{"href":"https:\/\/lasprimeras.com.do\/index.php\/wp-json\/wp\/v2\/posts"}],"about":[{"href":"https:\/\/lasprimeras.com.do\/index.php\/wp-json\/wp\/v2\/types\/post"}],"author":[{"embeddable":true,"href":"https:\/\/lasprimeras.com.do\/index.php\/wp-json\/wp\/v2\/users\/10"}],"replies":[{"embeddable":true,"href":"https:\/\/lasprimeras.com.do\/index.php\/wp-json\/wp\/v2\/comments?post=108464"}],"version-history":[{"count":1,"href":"https:\/\/lasprimeras.com.do\/index.php\/wp-json\/wp\/v2\/posts\/108464\/revisions"}],"predecessor-version":[{"id":108466,"href":"https:\/\/lasprimeras.com.do\/index.php\/wp-json\/wp\/v2\/posts\/108464\/revisions\/108466"}],"wp:featuredmedia":[{"embeddable":true,"href":"https:\/\/lasprimeras.com.do\/index.php\/wp-json\/wp\/v2\/media\/108465"}],"wp:attachment":[{"href":"https:\/\/lasprimeras.com.do\/index.php\/wp-json\/wp\/v2\/media?parent=108464"}],"wp:term":[{"taxonomy":"category","embeddable":true,"href":"https:\/\/lasprimeras.com.do\/index.php\/wp-json\/wp\/v2\/categories?post=108464"},{"taxonomy":"post_tag","embeddable":true,"href":"https:\/\/lasprimeras.com.do\/index.php\/wp-json\/wp\/v2\/tags?post=108464"}],"curies":[{"name":"wp","href":"https:\/\/api.w.org\/{rel}","templated":true}]}}