{"id":108473,"date":"2025-09-07T21:55:11","date_gmt":"2025-09-08T01:55:11","guid":{"rendered":"https:\/\/lasprimeras.com.do\/?p=108473"},"modified":"2025-09-07T21:55:13","modified_gmt":"2025-09-08T01:55:13","slug":"albania-y-su-ambicioso-plan-para-eliminar-el-efectivo","status":"publish","type":"post","link":"https:\/\/lasprimeras.com.do\/index.php\/2025\/09\/07\/albania-y-su-ambicioso-plan-para-eliminar-el-efectivo\/","title":{"rendered":"Albania y su ambicioso plan para eliminar el efectivo"},"content":{"rendered":"\n<p><strong>El gobierno apuesta por la digitalizaci\u00f3n total para reducir la informalidad y acercarse a la Uni\u00f3n Europea.<\/strong><\/p>\n\n\n\n<p>Por: Mariel Alc\u00e1ntara<\/p>\n\n\n\n<p>Albania, un pa\u00eds del sudeste de Europa, anunci\u00f3 su intenci\u00f3n de convertirse en la primera sociedad sin efectivo del mundo antes de 2030. El plan fue anunciado por el primer ministro Edi Rama, con el objetivo de modernizar la econom\u00eda, reducir la informalidad y acelerar el proceso de adhesi\u00f3n a la Uni\u00f3n Europea.<\/p>\n\n\n\n<p>La informaci\u00f3n oficial fue dada a conocer durante una reuni\u00f3n con representantes del sector empresarial celebrada a mediados de julio bajo el t\u00edtulo \u201cAlbania 2030\u201d.<\/p>\n\n\n\n<p>Rama reafirm\u00f3 esta meta: \u201cTenemos una ambici\u00f3n: que, para finales de esta d\u00e9cada, Albania se convierta en una sociedad sin efectivo, lo que significa que todas las interacciones y transacciones financieras sean totalmente digitales\u201d.<\/p>\n\n\n\n<p>Seg\u00fan Arben Malaj, exministro de Finanzas y actual experto financiero, el plan de eliminar el efectivo en Albania responde m\u00e1s a una estrategia populista que a una pol\u00edtica viable a corto plazo.<\/p>\n\n\n\n<p>Se\u00f1ala que la alta informalidad econ\u00f3mica, especialmente en el sector agr\u00edcola (clave para el PIB del pa\u00eds), junto con una poblaci\u00f3n mayoritariamente rural y el uso de canales no oficiales para el env\u00edo de remesas, dificultan seriamente la implementaci\u00f3n de una econom\u00eda totalmente digital.<\/p>\n\n\n\n<p>Expertos en ciberseguridad como Besmir Semanaj consideran que el plan de Rama no solo es poco realista, sino tambi\u00e9n \u201cpeligroso\u201d. Semanaj recuerda los ciberataques masivos contra instituciones estatales en 2024.<\/p>\n\n\n\n<p>La medida ser\u00e1 implementada a trav\u00e9s del sistema e-Albania (el portal de servicios gubernamentales) y las p\u00e1ginas web del Parlamento y del Instituto de Estad\u00edstica.<\/p>\n\n\n\n<p>De acuerdo con informaciones, Semanaj afirma que Albania est\u00e1 por debajo del est\u00e1ndar de la UE, donde los Estados miembros registran m\u00e1s de 300 transacciones digitales per c\u00e1pita al a\u00f1o.<\/p>\n","protected":false},"excerpt":{"rendered":"<p>El gobierno apuesta por la digitalizaci\u00f3n total para reducir la informalidad y acercarse a la Uni\u00f3n Europea. Por: Mariel Alc\u00e1ntara Albania, un pa\u00eds del sudeste de Europa, anunci\u00f3 su intenci\u00f3n&hellip;<\/p>\n","protected":false},"author":10,"featured_media":108474,"comment_status":"open","ping_status":"open","sticky":false,"template":"","format":"standard","meta":{"content-type":"","jetpack_post_was_ever_published":false,"_jetpack_newsletter_access":"","_jetpack_dont_email_post_to_subs":false,"_jetpack_newsletter_tier_id":0,"_jetpack_memberships_contains_paywalled_content":false,"_jetpack_memberships_contains_paid_content":false,"footnotes":""},"categories":[39],"tags":[24261,24262,7529,2500],"class_list":["post-108473","post","type-post","status-publish","format-standard","has-post-thumbnail","hentry","category-economia","tag-albania","tag-ambicioso-plan","tag-efectivo","tag-eliminar"],"jetpack_featured_media_url":"https:\/\/lasprimeras.com.do\/wp-content\/uploads\/2025\/09\/albania-1-750x505-1.jpg","jetpack-related-posts":[{"id":106907,"url":"https:\/\/lasprimeras.com.do\/index.php\/2025\/08\/20\/presidente-abinader-recibe-cartas-credenciales-de-siete-nuevos-embajadores-en-el-pais\/","url_meta":{"origin":108473,"position":0},"title":"Presidente Abinader recibe cartas credenciales de siete nuevos embajadores en el pa\u00eds","author":"Nelson Feliz","date":"20 de agosto de 2025","format":false,"excerpt":"Los nuevos embajadores acreditados en la Rep\u00fablica Dominicana provienen del Reino de Espa\u00f1a, la Rep\u00fablica del Congo, la Rep\u00fablica de Albania, la Rep\u00fablica de Azerbaiy\u00e1n, la Federaci\u00f3n de Malasia, la Rep\u00fablica de Kenia y la Rep\u00fablica de Polonia. El presidente Luis Abinader recibi\u00f3 este mi\u00e9rcoles las cartas credenciales de siete\u2026","rel":"","context":"En \u00abNACIONALES\u00bb","block_context":{"text":"NACIONALES","link":"https:\/\/lasprimeras.com.do\/index.php\/category\/nacionales\/"},"img":{"alt_text":"","src":"https:\/\/i0.wp.com\/lasprimeras.com.do\/wp-content\/uploads\/2025\/08\/abinader-1.jpg?resize=350%2C200&ssl=1","width":350,"height":200,"srcset":"https:\/\/i0.wp.com\/lasprimeras.com.do\/wp-content\/uploads\/2025\/08\/abinader-1.jpg?resize=350%2C200&ssl=1 1x, https:\/\/i0.wp.com\/lasprimeras.com.do\/wp-content\/uploads\/2025\/08\/abinader-1.jpg?resize=525%2C300&ssl=1 1.5x, https:\/\/i0.wp.com\/lasprimeras.com.do\/wp-content\/uploads\/2025\/08\/abinader-1.jpg?resize=700%2C400&ssl=1 2x"},"classes":[]},{"id":76952,"url":"https:\/\/lasprimeras.com.do\/index.php\/2024\/02\/16\/blinken-anuncia-abriran-una-nueva-base-aerea-de-la-otan\/","url_meta":{"origin":108473,"position":1},"title":"Blinken anuncia abrir\u00e1n una nueva base a\u00e9rea de la OTAN","author":"BIMARY DE JES\u00daS Matos","date":"16 de febrero de 2024","format":false,"excerpt":"EE. UU.-El secretario del Departamento de Estado de Estados Unidos, Antony Blinken, ha anunciado la apertura en marzo de una nueva base a\u00e9rea de la OTAN en Albania tras un encuentro en Tirana con el primer ministro del pa\u00eds, Edi Rama. \u00abEl mes que viene, Albania inaugurar\u00e1 una base a\u00e9rea\u2026","rel":"","context":"En \u00abSin categor\u00eda\u00bb","block_context":{"text":"Sin categor\u00eda","link":"https:\/\/lasprimeras.com.do\/index.php\/category\/sin-categoria\/"},"img":{"alt_text":"","src":"https:\/\/i0.wp.com\/lasprimeras.com.do\/wp-content\/uploads\/2024\/02\/blimk.jpg?resize=350%2C200&ssl=1","width":350,"height":200,"srcset":"https:\/\/i0.wp.com\/lasprimeras.com.do\/wp-content\/uploads\/2024\/02\/blimk.jpg?resize=350%2C200&ssl=1 1x, https:\/\/i0.wp.com\/lasprimeras.com.do\/wp-content\/uploads\/2024\/02\/blimk.jpg?resize=525%2C300&ssl=1 1.5x"},"classes":[]},{"id":90354,"url":"https:\/\/lasprimeras.com.do\/index.php\/2024\/10\/20\/ue-empieza-a-considerar-la-creacion-de-campos-de-deportacion-de-migrantes-en-el-extranjero\/","url_meta":{"origin":108473,"position":2},"title":"UE empieza a considerar la creaci\u00f3n de campos de deportaci\u00f3n de migrantes en el extranjero","author":"Nelson Feliz","date":"20 de octubre de 2024","format":false,"excerpt":"Bruselas,(EFE).- Los l\u00edderes de la Uni\u00f3n Europea debatieron este jueves la manera de aumentar las devoluciones de migrantes, un asunto prioritario para todos los Estados miembros, que empiezan a considerar la posibilidad de crear centros de deportaci\u00f3n en el extranjero, descartada hace unos a\u00f1os por las dudas sobre su compatibilidad\u2026","rel":"","context":"En \u00abSin categor\u00eda\u00bb","block_context":{"text":"Sin categor\u00eda","link":"https:\/\/lasprimeras.com.do\/index.php\/category\/sin-categoria\/"},"img":{"alt_text":"","src":"https:\/\/i0.wp.com\/lasprimeras.com.do\/wp-content\/uploads\/2024\/10\/UE-1.jpg?resize=350%2C200&ssl=1","width":350,"height":200,"srcset":"https:\/\/i0.wp.com\/lasprimeras.com.do\/wp-content\/uploads\/2024\/10\/UE-1.jpg?resize=350%2C200&ssl=1 1x, https:\/\/i0.wp.com\/lasprimeras.com.do\/wp-content\/uploads\/2024\/10\/UE-1.jpg?resize=525%2C300&ssl=1 1.5x"},"classes":[]},{"id":111901,"url":"https:\/\/lasprimeras.com.do\/index.php\/2025\/10\/15\/la-jefa-de-la-ue-insta-a-serbia-a-avanzar-en-reformas-y-aplicar-sanciones-contra-rusia\/","url_meta":{"origin":108473,"position":3},"title":"La jefa de la UE insta a Serbia a avanzar en reformas y aplicar sanciones contra Rusia","author":"Nelson Feliz","date":"15 de octubre de 2025","format":false,"excerpt":"POR JOVANA GEC BELGRADO, Serbia (AP) \u2014 La principal funcionaria de la Uni\u00f3n Europea inst\u00f3 el mi\u00e9rcoles al l\u00edder populista de Serbia a \u201cconcretar\u201d su proclamado objetivo de unirse al bloque de 27 naciones, lo que incluir\u00eda implementar sanciones contra su aliado tradicional, Rusia. La presidenta de la Comisi\u00f3n Europea,\u2026","rel":"","context":"En \u00abINTERNACIONALES\u00bb","block_context":{"text":"INTERNACIONALES","link":"https:\/\/lasprimeras.com.do\/index.php\/category\/sin-categoria\/internacionales\/"},"img":{"alt_text":"","src":"https:\/\/i0.wp.com\/lasprimeras.com.do\/wp-content\/uploads\/2025\/10\/Ursula-von-der-Leyen.jpg?resize=350%2C200&ssl=1","width":350,"height":200,"srcset":"https:\/\/i0.wp.com\/lasprimeras.com.do\/wp-content\/uploads\/2025\/10\/Ursula-von-der-Leyen.jpg?resize=350%2C200&ssl=1 1x, https:\/\/i0.wp.com\/lasprimeras.com.do\/wp-content\/uploads\/2025\/10\/Ursula-von-der-Leyen.jpg?resize=525%2C300&ssl=1 1.5x, https:\/\/i0.wp.com\/lasprimeras.com.do\/wp-content\/uploads\/2025\/10\/Ursula-von-der-Leyen.jpg?resize=700%2C400&ssl=1 2x"},"classes":[]},{"id":121344,"url":"https:\/\/lasprimeras.com.do\/index.php\/2026\/02\/03\/sheinbaum-lanza-ambicioso-plan-de-inversion-publico-y-privado-para-impulsar-la-economia-de-mexico\/","url_meta":{"origin":108473,"position":4},"title":"Sheinbaum lanza ambicioso plan de inversi\u00f3n p\u00fablico y privado para impulsar la econom\u00eda de M\u00e9xico","author":"Nelson Feliz","date":"3 de febrero de 2026","format":false,"excerpt":"CIUDAD DE M\u00c9XICO (AP) \u2014 La presidenta Claudia Sheinbaum anunci\u00f3 el martes un ambicioso plan de inversiones p\u00fablico y privado que se desarrollar\u00e1 entre este a\u00f1o y el 2030 para impulsar el aparato productivo de M\u00e9xico que se ha visto golpeado en el \u00faltimo a\u00f1o por la incertidumbre que desat\u00f3\u2026","rel":"","context":"En \u00abINTERNACIONALES\u00bb","block_context":{"text":"INTERNACIONALES","link":"https:\/\/lasprimeras.com.do\/index.php\/category\/sin-categoria\/internacionales\/"},"img":{"alt_text":"Claudia Sheinbaum","src":"https:\/\/i0.wp.com\/lasprimeras.com.do\/wp-content\/uploads\/2026\/02\/Claudia-Sheinbaum.jpg?resize=350%2C200&ssl=1","width":350,"height":200,"srcset":"https:\/\/i0.wp.com\/lasprimeras.com.do\/wp-content\/uploads\/2026\/02\/Claudia-Sheinbaum.jpg?resize=350%2C200&ssl=1 1x, https:\/\/i0.wp.com\/lasprimeras.com.do\/wp-content\/uploads\/2026\/02\/Claudia-Sheinbaum.jpg?resize=525%2C300&ssl=1 1.5x, https:\/\/i0.wp.com\/lasprimeras.com.do\/wp-content\/uploads\/2026\/02\/Claudia-Sheinbaum.jpg?resize=700%2C400&ssl=1 2x"},"classes":[]},{"id":71277,"url":"https:\/\/lasprimeras.com.do\/index.php\/2023\/12\/18\/pacientes-con-vih-sida-reciben-atenciones-en-el-materno-infantil-nuestra-senora-de-la-altagracia\/","url_meta":{"origin":108473,"position":5},"title":"Pacientes con VIH-SIDA reciben atenciones en el Materno Infantil Nuestra Se\u00f1ora de La Altagracia","author":"Nelson Feliz","date":"18 de diciembre de 2023","format":false,"excerpt":"Unidad de VIH-SIDA en el Hospital Materno Infantil Nuestra Se\u00f1ora de La Altagracia inform\u00f3 que actualmente brinda servicio a 2,400 pacientes activos, mientras que otros 520 han abandonado el programa. Albania Melo, encargada del Programa de Atenci\u00f3n Integral de ese centro de salud, destac\u00f3 el compromiso del pa\u00eds en lograr\u2026","rel":"","context":"En \u00abSin categor\u00eda\u00bb","block_context":{"text":"Sin categor\u00eda","link":"https:\/\/lasprimeras.com.do\/index.php\/category\/sin-categoria\/"},"img":{"alt_text":"Materno Infantil Nuestra Se\u00f1ora de La Altagracia","src":"https:\/\/i0.wp.com\/lasprimeras.com.do\/wp-content\/uploads\/2023\/12\/Materno-Infantil-Nuestra-Senora-de-La-Altagracia.jpg?resize=350%2C200&ssl=1","width":350,"height":200,"srcset":"https:\/\/i0.wp.com\/lasprimeras.com.do\/wp-content\/uploads\/2023\/12\/Materno-Infantil-Nuestra-Senora-de-La-Altagracia.jpg?resize=350%2C200&ssl=1 1x, https:\/\/i0.wp.com\/lasprimeras.com.do\/wp-content\/uploads\/2023\/12\/Materno-Infantil-Nuestra-Senora-de-La-Altagracia.jpg?resize=525%2C300&ssl=1 1.5x"},"classes":[]}],"jetpack_sharing_enabled":true,"_links":{"self":[{"href":"https:\/\/lasprimeras.com.do\/index.php\/wp-json\/wp\/v2\/posts\/108473","targetHints":{"allow":["GET"]}}],"collection":[{"href":"https:\/\/lasprimeras.com.do\/index.php\/wp-json\/wp\/v2\/posts"}],"about":[{"href":"https:\/\/lasprimeras.com.do\/index.php\/wp-json\/wp\/v2\/types\/post"}],"author":[{"embeddable":true,"href":"https:\/\/lasprimeras.com.do\/index.php\/wp-json\/wp\/v2\/users\/10"}],"replies":[{"embeddable":true,"href":"https:\/\/lasprimeras.com.do\/index.php\/wp-json\/wp\/v2\/comments?post=108473"}],"version-history":[{"count":1,"href":"https:\/\/lasprimeras.com.do\/index.php\/wp-json\/wp\/v2\/posts\/108473\/revisions"}],"predecessor-version":[{"id":108475,"href":"https:\/\/lasprimeras.com.do\/index.php\/wp-json\/wp\/v2\/posts\/108473\/revisions\/108475"}],"wp:featuredmedia":[{"embeddable":true,"href":"https:\/\/lasprimeras.com.do\/index.php\/wp-json\/wp\/v2\/media\/108474"}],"wp:attachment":[{"href":"https:\/\/lasprimeras.com.do\/index.php\/wp-json\/wp\/v2\/media?parent=108473"}],"wp:term":[{"taxonomy":"category","embeddable":true,"href":"https:\/\/lasprimeras.com.do\/index.php\/wp-json\/wp\/v2\/categories?post=108473"},{"taxonomy":"post_tag","embeddable":true,"href":"https:\/\/lasprimeras.com.do\/index.php\/wp-json\/wp\/v2\/tags?post=108473"}],"curies":[{"name":"wp","href":"https:\/\/api.w.org\/{rel}","templated":true}]}}