{"id":108500,"date":"2025-09-07T22:59:49","date_gmt":"2025-09-08T02:59:49","guid":{"rendered":"https:\/\/lasprimeras.com.do\/?p=108500"},"modified":"2025-09-07T22:59:52","modified_gmt":"2025-09-08T02:59:52","slug":"aguilera-ratifica-en-puerto-plata-el-compromiso-de-banreservas-de-respaldar-el-turismo","status":"publish","type":"post","link":"https:\/\/lasprimeras.com.do\/index.php\/2025\/09\/07\/aguilera-ratifica-en-puerto-plata-el-compromiso-de-banreservas-de-respaldar-el-turismo\/","title":{"rendered":"Aguilera ratifica en Puerto Plata el compromiso de Banreservas de respaldar el turismo"},"content":{"rendered":"\n<p><strong>El ejecutivo bancario acompa\u00f1a al presidente Abinader en recorrido de inauguraciones en la provincia norte\u00f1a.<\/strong><\/p>\n\n\n\n<p>El presidente ejecutivo de Banreservas, doctor Leonardo Aguilera, acompa\u00f1\u00f3 al presidente de la Rep\u00fablica Luis Abinader durante un recorrido en Puerto Plata, para dejar inauguradas varias obras orientadas a impulsar el turismo y ofrecer mejores condiciones de vida a los habitantes.<\/p>\n\n\n\n<p>Con su presencia en estas actividades, el doctor Aguilera ratifica el rol de Banreservas como impulsor del turismo, y reafirma el compromiso de la entidad financiera de respaldar el desarrollo del sector en todo el pa\u00eds, especialmente en esta zona donde apoya importantes proyectos de infraestructuras hoteleras y de otras actividades vinculadas a la cadena de valor del turismo.<\/p>\n\n\n\n<p>Las inauguraciones encabezadas por el presidente Abinader incluyeron la apertura del nuevo edificio de la Asociaci\u00f3n Dominicana de Prensa Tur\u00edstica (Adompretur), que tambi\u00e9n alojar\u00e1 el Museo del Merengue de la provincia.<\/p>\n\n\n\n<p>El jefe del Estado tambi\u00e9n entreg\u00f3 las renovadas aceras y contenes del centro hist\u00f3rico de \u201cLa Novia del Atl\u00e1ntico\u201d, que abarca el Paseo de Do\u00f1a Blanca, as\u00ed como las calles Duarte o \u201cCalle de las Banderas\u201d, la Beller y la Padre Castellanos.<\/p>\n\n\n\n<p>Estas obras fortalecen la infraestructura tur\u00edstica y contribuyen a una movilidad peatonal m\u00e1s eficiente, mayor seguridad y una mejor experiencia urbana para residentes, comerciantes y visitantes.<\/p>\n\n\n\n<p>Banreservas desempe\u00f1a un papel determinante en el fortalecimiento del turismo, a trav\u00e9s del financiamiento directo, apoyo a programas y actividades diversas, entre ellas la construcci\u00f3n y expansi\u00f3n de hoteles, puertos de cruceros, parques tem\u00e1ticos y otras estructuras.<\/p>\n\n\n\n<p>En los \u00faltimos a\u00f1os Puerto Plata ha experimentado un marcado desarrollo como destino tur\u00edstico, posicion\u00e1ndose entre los polos emergentes m\u00e1s destacados de la industria.<\/p>\n","protected":false},"excerpt":{"rendered":"<p>El ejecutivo bancario acompa\u00f1a al presidente Abinader en recorrido de inauguraciones en la provincia norte\u00f1a. El presidente ejecutivo de Banreservas, doctor Leonardo Aguilera, acompa\u00f1\u00f3 al presidente de la Rep\u00fablica Luis&hellip;<\/p>\n","protected":false},"author":10,"featured_media":108501,"comment_status":"open","ping_status":"open","sticky":false,"template":"","format":"standard","meta":{"content-type":"","jetpack_post_was_ever_published":false,"_jetpack_newsletter_access":"","_jetpack_dont_email_post_to_subs":false,"_jetpack_newsletter_tier_id":0,"_jetpack_memberships_contains_paywalled_content":false,"_jetpack_memberships_contains_paid_content":false,"footnotes":""},"categories":[39,25],"tags":[726,562,17615,687,375],"class_list":["post-108500","post","type-post","status-publish","format-standard","has-post-thumbnail","hentry","category-economia","category-portada","tag-banreservas","tag-compromiso","tag-leonardo-aguilera","tag-puerto-plata","tag-turismo"],"jetpack_featured_media_url":"https:\/\/lasprimeras.com.do\/wp-content\/uploads\/2025\/09\/Leonardo-Aguilera.jpg","jetpack-related-posts":[{"id":112430,"url":"https:\/\/lasprimeras.com.do\/index.php\/2025\/10\/21\/leonardo-aguilera-destaca-cartera-turistica-de-banreservas-aumenta-de-rd22000-a-mas-de-rd50000-millones\/","url_meta":{"origin":108500,"position":0},"title":"Leonardo Aguilera destaca cartera tur\u00edstica de Banreservas aumenta de RD$22,000 a m\u00e1s de RD$50,000 millones","author":"Nelson Feliz","date":"21 de octubre de 2025","format":false,"excerpt":"Revela que en la actualidad el Banco financia m\u00e1s de 7,000 habitaciones hoteleras y eval\u00faa inversiones por RD$115,000 millones El presidente ejecutivo del Banco de Reservas, doctor Leonardo Aguilera, afirm\u00f3 que la instituci\u00f3n financiera mantiene un compromiso firme con el proyecto Punta Bergant\u00edn y el turismo nacional, con m\u00e1s de\u2026","rel":"","context":"En \u00abECONOM\u00cdA\u00bb","block_context":{"text":"ECONOM\u00cdA","link":"https:\/\/lasprimeras.com.do\/index.php\/category\/economia\/"},"img":{"alt_text":"El presidente Luis Abinader junto al ministro de Turismo, David Collado; el presidente de ejecutivo de Banreservas, doctor Leonardo Aguilera; el CEO de la cadena hotelera Meli\u00e1, Gabriel Escarrer; y dem\u00e1s empresarios tur\u00edsticos, as\u00ed como autoridades civiles y gubernamentales durante el primer palazo del hotel Meli\u00e1 Bergant\u00edn Beach, en Punta Bergant\u00edn, Puerto Plata.","src":"https:\/\/i0.wp.com\/lasprimeras.com.do\/wp-content\/uploads\/2025\/10\/Leonardo-Aguilera-1-1.jpg?resize=350%2C200&ssl=1","width":350,"height":200,"srcset":"https:\/\/i0.wp.com\/lasprimeras.com.do\/wp-content\/uploads\/2025\/10\/Leonardo-Aguilera-1-1.jpg?resize=350%2C200&ssl=1 1x, https:\/\/i0.wp.com\/lasprimeras.com.do\/wp-content\/uploads\/2025\/10\/Leonardo-Aguilera-1-1.jpg?resize=525%2C300&ssl=1 1.5x, https:\/\/i0.wp.com\/lasprimeras.com.do\/wp-content\/uploads\/2025\/10\/Leonardo-Aguilera-1-1.jpg?resize=700%2C400&ssl=1 2x"},"classes":[]},{"id":116551,"url":"https:\/\/lasprimeras.com.do\/index.php\/2025\/12\/02\/abinader-inaugura-villa-navidad-junto-al-presidente-de-br-leonardo-aguilera-y-la-alcaldesa-carolina-mejia\/","url_meta":{"origin":108500,"position":1},"title":"Abinader inaugura &#8220;Villa Navidad&#8221; junto al presidente de BR, Leonardo Aguilera y la alcaldesa Carolina Mej\u00eda","author":"Nelson Feliz","date":"2 de diciembre de 2025","format":false,"excerpt":"El presidente de la Rep\u00fablica, Luis Abinader, junto a la primera dama, Raquel Arbaje, encabez\u00f3 la inauguraci\u00f3n oficial de Villa Navidad 2025. Le acompa\u00f1aron el doctor Leonardo Aguilera, presidente ejecutivo del Banco de Reservas; la alcaldesa del Distrito Nacional, Carolina Mej\u00eda, y varios ni\u00f1os invitados.","rel":"","context":"En \u00abENTRETENIMIENTO\u00bb","block_context":{"text":"ENTRETENIMIENTO","link":"https:\/\/lasprimeras.com.do\/index.php\/category\/entretenimiento\/"},"img":{"alt_text":"El presidente de la Rep\u00fablica, Luis Abinader, junto a la primera dama, Raquel Arbaje, encabez\u00f3 la inauguraci\u00f3n oficial de Villa Navidad 2025. Le acompa\u00f1aron el doctor Leonardo Aguilera, presidente ejecutivo del Banco de Reservas; la alcaldesa del Distrito Nacional, Carolina Mej\u00eda, y varios ni\u00f1os invitados.","src":"https:\/\/i0.wp.com\/lasprimeras.com.do\/wp-content\/uploads\/2025\/12\/Banco-de-Reservas.jpg?resize=350%2C200&ssl=1","width":350,"height":200,"srcset":"https:\/\/i0.wp.com\/lasprimeras.com.do\/wp-content\/uploads\/2025\/12\/Banco-de-Reservas.jpg?resize=350%2C200&ssl=1 1x, https:\/\/i0.wp.com\/lasprimeras.com.do\/wp-content\/uploads\/2025\/12\/Banco-de-Reservas.jpg?resize=525%2C300&ssl=1 1.5x, https:\/\/i0.wp.com\/lasprimeras.com.do\/wp-content\/uploads\/2025\/12\/Banco-de-Reservas.jpg?resize=700%2C400&ssl=1 2x"},"classes":[]},{"id":116663,"url":"https:\/\/lasprimeras.com.do\/index.php\/2025\/12\/03\/vicepresidenta-raquel-pena-y-leonardo-aguilera-inauguran-villa-navidad-en-santiago\/","url_meta":{"origin":108500,"position":2},"title":"Vicepresidenta Raquel Pe\u00f1a y Leonardo Aguilera inauguran Villa Navidad en Santiago","author":"Nelson Feliz","date":"3 de diciembre de 2025","format":false,"excerpt":"Banreservas respalda iniciativa del presidente Luis Abinader para contribuir a integraci\u00f3n familiar. La celebraci\u00f3n del esp\u00edritu navide\u00f1o lleg\u00f3 a esta ciudad con la inauguraci\u00f3n de la tradicional Villa Navidad 2025, en un acto encabezado por la vicepresidenta Raquel Pe\u00f1a, junto al presidente ejecutivo de Banreservas, doctor Leonardo Aguilera; y el\u2026","rel":"","context":"En \u00abECONOM\u00cdA\u00bb","block_context":{"text":"ECONOM\u00cdA","link":"https:\/\/lasprimeras.com.do\/index.php\/category\/economia\/"},"img":{"alt_text":"","src":"https:\/\/i0.wp.com\/lasprimeras.com.do\/wp-content\/uploads\/2025\/12\/princ.jpg?resize=350%2C200&ssl=1","width":350,"height":200,"srcset":"https:\/\/i0.wp.com\/lasprimeras.com.do\/wp-content\/uploads\/2025\/12\/princ.jpg?resize=350%2C200&ssl=1 1x, https:\/\/i0.wp.com\/lasprimeras.com.do\/wp-content\/uploads\/2025\/12\/princ.jpg?resize=525%2C300&ssl=1 1.5x, https:\/\/i0.wp.com\/lasprimeras.com.do\/wp-content\/uploads\/2025\/12\/princ.jpg?resize=700%2C400&ssl=1 2x"},"classes":[]},{"id":115831,"url":"https:\/\/lasprimeras.com.do\/index.php\/2025\/11\/25\/asonahores-reconoce-a-banreservas-por-sus-aportes-al-desarrollo-del-turismo-dominicano\/","url_meta":{"origin":108500,"position":3},"title":"Asonahores reconoce a Banreservas por sus aportes al desarrollo del turismo dominicano","author":"Nelson Feliz","date":"25 de noviembre de 2025","format":false,"excerpt":"Henry Fuentes, vicepresidente ejecutivo de AFP Reservas, recibe el reconocimiento de Juan Bancalari, presidente de Asonahores; en presencia del doctor Leonardo Aguilera, presidente ejecutivo de Banreservas; David Collado, ministro de Turismo; y Aguie Lendor, vicepresidente de esa asociaci\u00f3n en el Foro de Inversi\u00f3n Tur\u00edstica 2025.","rel":"","context":"En \u00abPORTADA\u00bb","block_context":{"text":"PORTADA","link":"https:\/\/lasprimeras.com.do\/index.php\/category\/portada\/"},"img":{"alt_text":"","src":"https:\/\/i0.wp.com\/lasprimeras.com.do\/wp-content\/uploads\/2025\/11\/reservas-1.jpg?resize=350%2C200&ssl=1","width":350,"height":200,"srcset":"https:\/\/i0.wp.com\/lasprimeras.com.do\/wp-content\/uploads\/2025\/11\/reservas-1.jpg?resize=350%2C200&ssl=1 1x, https:\/\/i0.wp.com\/lasprimeras.com.do\/wp-content\/uploads\/2025\/11\/reservas-1.jpg?resize=525%2C300&ssl=1 1.5x, https:\/\/i0.wp.com\/lasprimeras.com.do\/wp-content\/uploads\/2025\/11\/reservas-1.jpg?resize=700%2C400&ssl=1 2x"},"classes":[]},{"id":120410,"url":"https:\/\/lasprimeras.com.do\/index.php\/2026\/01\/23\/banreservas-lidera-en-fitur-2026-con-acuerdos-de-inversion-superiores-a-us6500-millones\/","url_meta":{"origin":108500,"position":4},"title":"Banreservas lidera en FITUR 2026 con acuerdos de inversi\u00f3n superiores a US$6,500 millones","author":"Nelson Feliz","date":"23 de enero de 2026","format":false,"excerpt":"Leonardo Aguilera anuncia negociaciones concretas para financiar proyectos tur\u00edsticos por m\u00e1s de US$4,200 millones Madrid.- El Banco de Reservas logr\u00f3 en la Feria Internacional de Turismo (FITUR) 2026 acuerdos de inversi\u00f3n superiores a los US$6,500 millones, los cuales se traducir\u00e1n en expectativas de financiamiento por m\u00e1s de US$4,200 millones para\u2026","rel":"","context":"En \u00abECONOM\u00cdA\u00bb","block_context":{"text":"ECONOM\u00cdA","link":"https:\/\/lasprimeras.com.do\/index.php\/category\/economia\/"},"img":{"alt_text":"","src":"https:\/\/i0.wp.com\/lasprimeras.com.do\/wp-content\/uploads\/2026\/01\/IMG-20260123-WA0193.jpg?resize=350%2C200&ssl=1","width":350,"height":200,"srcset":"https:\/\/i0.wp.com\/lasprimeras.com.do\/wp-content\/uploads\/2026\/01\/IMG-20260123-WA0193.jpg?resize=350%2C200&ssl=1 1x, https:\/\/i0.wp.com\/lasprimeras.com.do\/wp-content\/uploads\/2026\/01\/IMG-20260123-WA0193.jpg?resize=525%2C300&ssl=1 1.5x, https:\/\/i0.wp.com\/lasprimeras.com.do\/wp-content\/uploads\/2026\/01\/IMG-20260123-WA0193.jpg?resize=700%2C400&ssl=1 2x, https:\/\/i0.wp.com\/lasprimeras.com.do\/wp-content\/uploads\/2026\/01\/IMG-20260123-WA0193.jpg?resize=1050%2C600&ssl=1 3x, https:\/\/i0.wp.com\/lasprimeras.com.do\/wp-content\/uploads\/2026\/01\/IMG-20260123-WA0193.jpg?resize=1400%2C800&ssl=1 4x"},"classes":[]},{"id":120192,"url":"https:\/\/lasprimeras.com.do\/index.php\/2026\/01\/21\/leonardo-aguilera-afirma-que-banreservas-apuesta-al-fortalecimiento-del-turismo-video\/","url_meta":{"origin":108500,"position":5},"title":"Leonardo Aguilera afirma que Banreservas apuesta al fortalecimiento del turismo \/ Video","author":"Nelson Feliz","date":"21 de enero de 2026","format":false,"excerpt":"Leonardo Aguilera","rel":"","context":"En \u00abECONOM\u00cdA\u00bb","block_context":{"text":"ECONOM\u00cdA","link":"https:\/\/lasprimeras.com.do\/index.php\/category\/economia\/"},"img":{"alt_text":"Leonardo Aguilera","src":"https:\/\/i0.wp.com\/lasprimeras.com.do\/wp-content\/uploads\/2026\/01\/Leonardo-Aguilera.jpg?resize=350%2C200&ssl=1","width":350,"height":200,"srcset":"https:\/\/i0.wp.com\/lasprimeras.com.do\/wp-content\/uploads\/2026\/01\/Leonardo-Aguilera.jpg?resize=350%2C200&ssl=1 1x, https:\/\/i0.wp.com\/lasprimeras.com.do\/wp-content\/uploads\/2026\/01\/Leonardo-Aguilera.jpg?resize=525%2C300&ssl=1 1.5x, https:\/\/i0.wp.com\/lasprimeras.com.do\/wp-content\/uploads\/2026\/01\/Leonardo-Aguilera.jpg?resize=700%2C400&ssl=1 2x"},"classes":[]}],"jetpack_sharing_enabled":true,"_links":{"self":[{"href":"https:\/\/lasprimeras.com.do\/index.php\/wp-json\/wp\/v2\/posts\/108500","targetHints":{"allow":["GET"]}}],"collection":[{"href":"https:\/\/lasprimeras.com.do\/index.php\/wp-json\/wp\/v2\/posts"}],"about":[{"href":"https:\/\/lasprimeras.com.do\/index.php\/wp-json\/wp\/v2\/types\/post"}],"author":[{"embeddable":true,"href":"https:\/\/lasprimeras.com.do\/index.php\/wp-json\/wp\/v2\/users\/10"}],"replies":[{"embeddable":true,"href":"https:\/\/lasprimeras.com.do\/index.php\/wp-json\/wp\/v2\/comments?post=108500"}],"version-history":[{"count":1,"href":"https:\/\/lasprimeras.com.do\/index.php\/wp-json\/wp\/v2\/posts\/108500\/revisions"}],"predecessor-version":[{"id":108502,"href":"https:\/\/lasprimeras.com.do\/index.php\/wp-json\/wp\/v2\/posts\/108500\/revisions\/108502"}],"wp:featuredmedia":[{"embeddable":true,"href":"https:\/\/lasprimeras.com.do\/index.php\/wp-json\/wp\/v2\/media\/108501"}],"wp:attachment":[{"href":"https:\/\/lasprimeras.com.do\/index.php\/wp-json\/wp\/v2\/media?parent=108500"}],"wp:term":[{"taxonomy":"category","embeddable":true,"href":"https:\/\/lasprimeras.com.do\/index.php\/wp-json\/wp\/v2\/categories?post=108500"},{"taxonomy":"post_tag","embeddable":true,"href":"https:\/\/lasprimeras.com.do\/index.php\/wp-json\/wp\/v2\/tags?post=108500"}],"curies":[{"name":"wp","href":"https:\/\/api.w.org\/{rel}","templated":true}]}}