{"id":108503,"date":"2025-09-07T23:13:00","date_gmt":"2025-09-08T03:13:00","guid":{"rendered":"https:\/\/lasprimeras.com.do\/?p=108503"},"modified":"2025-09-07T23:13:01","modified_gmt":"2025-09-08T03:13:01","slug":"denuncian-grave-depredacion-ambiental-y-explotacion-ilegal-en-el-rio-la-guazara","status":"publish","type":"post","link":"https:\/\/lasprimeras.com.do\/index.php\/2025\/09\/07\/denuncian-grave-depredacion-ambiental-y-explotacion-ilegal-en-el-rio-la-guazara\/","title":{"rendered":"Denuncian grave depredaci\u00f3n ambiental y explotaci\u00f3n ilegal en el r\u00edo la Gu\u00e1zara"},"content":{"rendered":"\n<p><strong>La explotaci\u00f3n minera masiva presuntamente realizadas por el empresario Maikel Gonz\u00e1lez.<\/strong><\/p>\n\n\n\n<p>La Fundaci\u00f3n de Protecci\u00f3n del Medio Ambiente de la Regi\u00f3n Enriquillo, junto con la Asociaci\u00f3n Incorporada de la regi\u00f3n y una coalici\u00f3n de organizaciones sociales locales, emitieron alertas sobre un serio deterioro ambiental en cinco r\u00edos del \u00e1rea de La Gu\u00e1zara-Barahona, provocado por actividades de explotaci\u00f3n minera masiva presuntamente realizadas por el empresario Maikel Gonz\u00e1lez, cuyo nombre ha estado vinculado a m\u00faltiples controversias ambientales en la Rep\u00fablica Dominicana.<\/p>\n\n\n\n<p>Seg\u00fan denuncias recopiladas durante una reuni\u00f3n el pasado domingo, la fundaci\u00f3n y sus aliados han registrado que el caudal h\u00eddrico de los r\u00edos ha disminuido significativamente, comprometiendo no solo la biodiversidad local sino la seguridad de las comunidades aleda\u00f1as.<\/p>\n\n\n\n<p>Esta situaci\u00f3n se atribuye principalmente a la operaci\u00f3n ilegal de maquinaria pesada que extrae materiales sin controles adecuados, afectando directamente los cauces fluviales y el equilibrio del ecosistema.<\/p>\n\n\n\n<p>Los expertos ambientales y activistas explican que La Gu\u00e1zara, al estar formada por lomas que act\u00faan como muros naturales de contenci\u00f3n frente a huracanes y ciclones, es fundamental para la protecci\u00f3n frente a desastres naturales en zonas como Cach\u00f3n, Cabral y otras comunidades cercanas. La destrucci\u00f3n de estos ecosistemas representa no solo un da\u00f1o ecol\u00f3gico sino un riesgo para miles de habitantes que dependen de esta barrera natural.<\/p>\n\n\n\n<p>Maikel Gonz\u00e1lez, conocido empresario minero residente en Ban\u00ed, ha sido el centro de varias protestas sociales y ambientales en los \u00faltimos a\u00f1os. Diversas organizaciones han cuestionado sus pr\u00e1cticas, incluyendo la extracci\u00f3n no regulada en \u00e1reas protegidas como Las Dunas de Ban\u00ed, Azua, Cach\u00f3n y la sierra de San Crist\u00f3bal.<\/p>\n\n\n\n<p>De hecho, en marchas masivas de m\u00e1s de 3,000 personas, agrupaciones sociales lograron detener temporalmente algunas de sus operaciones por presuntas violaciones a la ley ambiental y da\u00f1os al patrimonio natural.<\/p>\n\n\n\n<figure class=\"wp-block-image size-full is-resized\"><img decoding=\"async\" width=\"800\" height=\"439\" src=\"https:\/\/lasprimeras.com.do\/wp-content\/uploads\/2025\/09\/maikel-2.jpg\" alt=\"\" class=\"wp-image-108505\" style=\"width:840px;height:auto\" srcset=\"https:\/\/lasprimeras.com.do\/wp-content\/uploads\/2025\/09\/maikel-2.jpg 800w, https:\/\/lasprimeras.com.do\/wp-content\/uploads\/2025\/09\/maikel-2-300x165.jpg 300w, https:\/\/lasprimeras.com.do\/wp-content\/uploads\/2025\/09\/maikel-2-768x421.jpg 768w\" sizes=\"(max-width: 800px) 100vw, 800px\" \/><\/figure>\n\n\n\n<p>Las investigaciones actuales sugieren que Gonz\u00e1lez habr\u00eda adquirido ileg\u00edtimamente derechos mineros a trav\u00e9s de familiares de otros titulares como la esposa de Bol\u00edvar Ventura, en un contexto de separaci\u00f3n legal, para continuar actividades bajo nuevas figuras jur\u00eddicas, donde se menciona que ha pagado alrededor entre 400 y 500 millones de pesos para la compra y explotaci\u00f3n minera sin respetar normativas ambientales ni sociales.<\/p>\n\n\n\n<p>El caso de Maiker Gonz\u00e1lez se inscribe en un patr\u00f3n donde empresarios con redes de poder evaden la supervisi\u00f3n mediante permisos ilegales, presiones pol\u00edticas y corrupci\u00f3n administrativa.<\/p>\n\n\n\n<p>Diversos medios nacionales como List\u00edn Diario, Diario Libre, y El Caribe han reportado casos similares donde urgencias ambientales se confrontan con intereses econ\u00f3micos y pol\u00edticos.<\/p>\n\n\n\n<p>La Fundaci\u00f3n de Protecci\u00f3n del Medio Ambiente remiti\u00f3 tales evidencias al Ministerio de Medio Ambiente y a la Direcci\u00f3n General de Impuestos Internos (DGI) para que realicen las investigaciones correspondientes.<\/p>\n\n\n\n<p>Seg\u00fan los denunciantes que pertenecen tanto a las organizaciones sociales, religiosas, educativas y deportivas de la zona, el director regional de Medio Ambiente en Barahona, David L\u00f3pez, estar\u00eda vinculado a actos de encubrimiento y complicidad con estos abusos, permitiendo la continuidad de las operaciones ilegales en detrimento de la naturaleza y la poblaci\u00f3n local.<\/p>\n\n\n\n<p>Estos se\u00f1alamientos no solo resaltan una crisis ecol\u00f3gica sino tambi\u00e9n una profunda crisis institucional y pol\u00edtica que impide la protecci\u00f3n efectiva del medio ambiente en la regi\u00f3n.<\/p>\n\n\n\n<p>Representantes de las comunidades afectadas alertan que, de continuar estas explotaciones ilegales, el impacto podr\u00eda ser devastador. Adem\u00e1s del da\u00f1o ambiental, se teme un aumento en la vulnerabilidad frente a fen\u00f3menos meteorol\u00f3gicos extremos.<br>Recordemos que la zona ha sufrido graves p\u00e9rdidas humanas y materiales en eventos recientes como el paso del hurac\u00e1n Gerset, con m\u00e1s de 200 muertes oficialmente registradas.<\/p>\n\n\n\n<p>Activistas advierten que sin una intervenci\u00f3n urgente del presidente de la Rep\u00fablica, el Ministro de Energ\u00eda y Minas as\u00ed como el Ministro de Medio Ambiente, el n\u00famero de v\u00edctimas podr\u00eda multiplicarse, pasando a miles en un contexto de destrucci\u00f3n ambiental acelerada que compromete la integridad f\u00edsica y econ\u00f3mica de la regi\u00f3n.<\/p>\n\n\n\n<p>Movilizaci\u00f3n social y planes de acci\u00f3n<\/p>\n\n\n\n<p>En respuesta a la situaci\u00f3n, durante las pr\u00f3ximas semanas, el l\u00edder comunitario Domingo Feliz, indic\u00f3 que se realizar\u00e1 un plan de lucha urgente con la concurrencia de todas las organizaciones sociales y ambientales de Enriquillo.<\/p>\n\n\n\n<p>Est\u00e1 prevista una movilizaci\u00f3n para impedir la continuidad de la explotaci\u00f3n masiva y para exigir a las autoridades nacionales medidas concretas contra este tipo de atentados ecol\u00f3gicos.<\/p>\n\n\n\n<p>Estos movimientos buscan sensibilizar a la opini\u00f3n p\u00fablica nacional e internacional, utilizando canales de comunicaci\u00f3n y presi\u00f3n pol\u00edtica para revertir el da\u00f1o y fortalecer la regulaci\u00f3n ambiental.<\/p>\n\n\n\n<p>Esta problem\u00e1tica no es aislada. En la Rep\u00fablica Dominicana, la depredaci\u00f3n ambiental por explotaci\u00f3n minera ilegal es una problem\u00e1tica recurrente que afecta diferentes provincias, con implicaciones para la biodiversidad, la econom\u00eda local y la salud p\u00fablica.<\/p>\n\n\n\n<p>A nivel internacional, organizaciones ambientales han se\u00f1alado a la Rep\u00fablica Dominicana como un pa\u00eds con desaf\u00edos en gobernanza ambiental, particularmente en la miner\u00eda y protecci\u00f3n de cuencas h\u00eddricas.<\/p>\n","protected":false},"excerpt":{"rendered":"<p>La explotaci\u00f3n minera masiva presuntamente realizadas por el empresario Maikel Gonz\u00e1lez. La Fundaci\u00f3n de Protecci\u00f3n del Medio Ambiente de la Regi\u00f3n Enriquillo, junto con la Asociaci\u00f3n Incorporada de la regi\u00f3n&hellip;<\/p>\n","protected":false},"author":10,"featured_media":108504,"comment_status":"open","ping_status":"open","sticky":false,"template":"","format":"standard","meta":{"content-type":"","jetpack_post_was_ever_published":false,"_jetpack_newsletter_access":"","_jetpack_dont_email_post_to_subs":false,"_jetpack_newsletter_tier_id":0,"_jetpack_memberships_contains_paywalled_content":false,"_jetpack_memberships_contains_paid_content":false,"footnotes":""},"categories":[35,25],"tags":[265,1384,24280,2320,24282,7142,24283,24281],"class_list":["post-108503","post","type-post","status-publish","format-standard","has-post-thumbnail","hentry","category-nacionales","category-portada","tag-barahona","tag-denuncian","tag-depredacion-ambiental","tag-empresario","tag-explotacion-ilegal","tag-grave","tag-maikel-gonzalez","tag-rio-la-guazara"],"jetpack_featured_media_url":"https:\/\/lasprimeras.com.do\/wp-content\/uploads\/2025\/09\/maikel-1.jpg","jetpack-related-posts":[{"id":108542,"url":"https:\/\/lasprimeras.com.do\/index.php\/2025\/09\/08\/crece-oposicion-a-la-instalacion-grancera-de-maikel-gonzalez-en-la-guazara-y-el-cachon-en-barahona\/","url_meta":{"origin":108503,"position":0},"title":"Crece oposici\u00f3n a la instalaci\u00f3n grancera de Maikel Gonz\u00e1lez en La Guazara y El Cach\u00f3n en Barahona","author":"Nelson Feliz","date":"8 de septiembre de 2025","format":false,"excerpt":"L\u00edderes comunitarios de Barahona contin\u00faan su oposici\u00f3n a la instalaci\u00f3n de una grancera en La Guazara y El Cach\u00f3n, de parte del empresario Maikel Gonz\u00e1lez, argumentando que es indiscriminada y afecta el medio ambiente y los recursos naturales de la zona. Los dirigentes comunitarios Domingo F\u00e9liz, Yeiry P\u00e9rez y Rams\u00e9s\u2026","rel":"","context":"En \u00abMEDIO AMBIENTE\u00bb","block_context":{"text":"MEDIO AMBIENTE","link":"https:\/\/lasprimeras.com.do\/index.php\/category\/medio-ambiente\/"},"img":{"alt_text":"","src":"https:\/\/i0.wp.com\/lasprimeras.com.do\/wp-content\/uploads\/2025\/09\/comunitarios.jpg?resize=350%2C200&ssl=1","width":350,"height":200,"srcset":"https:\/\/i0.wp.com\/lasprimeras.com.do\/wp-content\/uploads\/2025\/09\/comunitarios.jpg?resize=350%2C200&ssl=1 1x, https:\/\/i0.wp.com\/lasprimeras.com.do\/wp-content\/uploads\/2025\/09\/comunitarios.jpg?resize=525%2C300&ssl=1 1.5x, https:\/\/i0.wp.com\/lasprimeras.com.do\/wp-content\/uploads\/2025\/09\/comunitarios.jpg?resize=700%2C400&ssl=1 2x"},"classes":[]},{"id":108696,"url":"https:\/\/lasprimeras.com.do\/index.php\/2025\/09\/09\/terrero-se-opone-a-instalacion-de-grancera-en-la-guazara-y-el-cachon\/","url_meta":{"origin":108503,"position":1},"title":"Terrero se opone a instalaci\u00f3n de Grancera en La Gu\u00e1zara y El Cach\u00f3n","author":"Nelson Feliz","date":"9 de septiembre de 2025","format":false,"excerpt":"El exdiputado y miembro del Comit\u00e9 Central del PLD, doctor V\u00edctor Manuel Terrero, califico como un da\u00f1o desconsiderado la instalaci\u00f3n de una grancera en La Gu\u00e1zara y El Cach\u00f3n, supuestamente del empresario Maikel Gonz\u00e1lez. Terrero, se\u00f1ala que las operaciones de esta grancera est\u00e1n causando una disminuci\u00f3n significativa del caudal de\u2026","rel":"","context":"En \u00abPOLITICA\u00bb","block_context":{"text":"POLITICA","link":"https:\/\/lasprimeras.com.do\/index.php\/category\/politica\/"},"img":{"alt_text":"V\u00edctor Manuel Terrero","src":"https:\/\/i0.wp.com\/lasprimeras.com.do\/wp-content\/uploads\/2024\/04\/Victor-Manuel-Terrero.jpg?resize=350%2C200&ssl=1","width":350,"height":200,"srcset":"https:\/\/i0.wp.com\/lasprimeras.com.do\/wp-content\/uploads\/2024\/04\/Victor-Manuel-Terrero.jpg?resize=350%2C200&ssl=1 1x, https:\/\/i0.wp.com\/lasprimeras.com.do\/wp-content\/uploads\/2024\/04\/Victor-Manuel-Terrero.jpg?resize=525%2C300&ssl=1 1.5x"},"classes":[]},{"id":85187,"url":"https:\/\/lasprimeras.com.do\/index.php\/2024\/06\/25\/comunitarios-y-asociaciones-marchan-en-barahona-contra-instalacion-de-grancera-en-el-cachon\/","url_meta":{"origin":108503,"position":2},"title":"Comunitarios y asociaciones marchan en Barahona contra instalaci\u00f3n de grancera en El Cach\u00f3n","author":"Nelson Feliz","date":"25 de junio de 2024","format":false,"excerpt":"Decenas de organizaciones sociales, grupos ambientalistas, juntas de vecinos y gremios profesionales de la regi\u00f3n sur se manifestaron este lunes contra la instalaci\u00f3n de una grancera en el Distrito Municipal El Cach\u00f3n en Barahona. Domingo Feliz, presidente de la Asociaci\u00f3n de Juntas Incorporadas de la Regi\u00f3n Enriquillo, alert\u00f3 a las\u2026","rel":"","context":"En \u00abNACIONALES\u00bb","block_context":{"text":"NACIONALES","link":"https:\/\/lasprimeras.com.do\/index.php\/category\/nacionales\/"},"img":{"alt_text":"","src":"https:\/\/i0.wp.com\/lasprimeras.com.do\/wp-content\/uploads\/2024\/06\/marcha.jpg?resize=350%2C200&ssl=1","width":350,"height":200,"srcset":"https:\/\/i0.wp.com\/lasprimeras.com.do\/wp-content\/uploads\/2024\/06\/marcha.jpg?resize=350%2C200&ssl=1 1x, https:\/\/i0.wp.com\/lasprimeras.com.do\/wp-content\/uploads\/2024\/06\/marcha.jpg?resize=525%2C300&ssl=1 1.5x"},"classes":[]},{"id":84367,"url":"https:\/\/lasprimeras.com.do\/index.php\/2024\/06\/06\/ambientalistas-opuestos-a-instalacion-de-grancera-en-cachon-barahona\/","url_meta":{"origin":108503,"position":3},"title":"Ambientalistas opuestos a instalaci\u00f3n de grancera en Cach\u00f3n-Barahona","author":"Nelson Feliz","date":"6 de junio de 2024","format":false,"excerpt":"Al celebrarse este mi\u00e9rcoles el D\u00eda Mundial del Medio Ambiente, bajo el lema \u201cNuestras tierras. Nuestro futuro\", las tierras de esta provincia Barahona se encuentran amenazadas por un empresario ocoe\u00f1o el cual pretende instalar una grancera en el Distrito Municipal El Cach\u00f3n. Comunitarios y grupos ambientalistas, se oponen a la\u2026","rel":"","context":"En \u00abNACIONALES\u00bb","block_context":{"text":"NACIONALES","link":"https:\/\/lasprimeras.com.do\/index.php\/category\/nacionales\/"},"img":{"alt_text":"","src":"https:\/\/i0.wp.com\/lasprimeras.com.do\/wp-content\/uploads\/2024\/06\/Gracera.jpg?resize=350%2C200&ssl=1","width":350,"height":200,"srcset":"https:\/\/i0.wp.com\/lasprimeras.com.do\/wp-content\/uploads\/2024\/06\/Gracera.jpg?resize=350%2C200&ssl=1 1x, https:\/\/i0.wp.com\/lasprimeras.com.do\/wp-content\/uploads\/2024\/06\/Gracera.jpg?resize=525%2C300&ssl=1 1.5x"},"classes":[]},{"id":85013,"url":"https:\/\/lasprimeras.com.do\/index.php\/2024\/06\/21\/convocan-a-marcha-para-el-lunes-24-contra-instalacion-de-grancera-en-barahona\/","url_meta":{"origin":108503,"position":4},"title":"Convocan a marcha para el lunes 24 contra instalaci\u00f3n de grancera en Barahona","author":"Nelson Feliz","date":"21 de junio de 2024","format":false,"excerpt":"Un grupo de organizaciones comunitarias de Barahona anunci\u00f3 una marcha para el pr\u00f3ximo lunes 24 de junio en contra de la instalaci\u00f3n de una grancera en el distrito municipal de El Cach\u00f3n y en defensa de los recursos naturales. Geisel Jos\u00e9 Medina F\u00e9liz, quien organiza la marcha, puntualiz\u00f3 que la\u2026","rel":"","context":"En \u00abNACIONALES\u00bb","block_context":{"text":"NACIONALES","link":"https:\/\/lasprimeras.com.do\/index.php\/category\/nacionales\/"},"img":{"alt_text":"Grancera","src":"https:\/\/i0.wp.com\/lasprimeras.com.do\/wp-content\/uploads\/2024\/06\/Grancera.jpg?resize=350%2C200&ssl=1","width":350,"height":200,"srcset":"https:\/\/i0.wp.com\/lasprimeras.com.do\/wp-content\/uploads\/2024\/06\/Grancera.jpg?resize=350%2C200&ssl=1 1x, https:\/\/i0.wp.com\/lasprimeras.com.do\/wp-content\/uploads\/2024\/06\/Grancera.jpg?resize=525%2C300&ssl=1 1.5x, https:\/\/i0.wp.com\/lasprimeras.com.do\/wp-content\/uploads\/2024\/06\/Grancera.jpg?resize=700%2C400&ssl=1 2x"},"classes":[]},{"id":87648,"url":"https:\/\/lasprimeras.com.do\/index.php\/2024\/08\/14\/comision-ambiental-de-la-uasd-y-academia-de-ciencias-se-suman-a-reclamos-por-preservacion-rio-yuna\/","url_meta":{"origin":108503,"position":5},"title":"Comisi\u00f3n ambiental de la UASD y Academia de Ciencias se suman a reclamos por preservaci\u00f3n r\u00edo Yuna","author":"Nelson Feliz","date":"14 de agosto de 2024","format":false,"excerpt":"La Coalici\u00f3n para la defensa de las \u00e1reas protegidas es un colectivo de organizaciones ambientales de la Rep\u00fablica Dominicana que lucha por la preservaci\u00f3n y protecci\u00f3n del medio ambiente, tambi\u00e9n se han sumado al reclamo de miles de campesinos y comunitarios de Bonao y otras localidades del pa\u00eds para que\u2026","rel":"","context":"En \u00abNACIONALES\u00bb","block_context":{"text":"NACIONALES","link":"https:\/\/lasprimeras.com.do\/index.php\/category\/nacionales\/"},"img":{"alt_text":"R\u00edo Yuna","src":"https:\/\/i0.wp.com\/lasprimeras.com.do\/wp-content\/uploads\/2024\/08\/Rio-Yuna-1.jpg?resize=350%2C200&ssl=1","width":350,"height":200,"srcset":"https:\/\/i0.wp.com\/lasprimeras.com.do\/wp-content\/uploads\/2024\/08\/Rio-Yuna-1.jpg?resize=350%2C200&ssl=1 1x, https:\/\/i0.wp.com\/lasprimeras.com.do\/wp-content\/uploads\/2024\/08\/Rio-Yuna-1.jpg?resize=525%2C300&ssl=1 1.5x"},"classes":[]}],"jetpack_sharing_enabled":true,"_links":{"self":[{"href":"https:\/\/lasprimeras.com.do\/index.php\/wp-json\/wp\/v2\/posts\/108503","targetHints":{"allow":["GET"]}}],"collection":[{"href":"https:\/\/lasprimeras.com.do\/index.php\/wp-json\/wp\/v2\/posts"}],"about":[{"href":"https:\/\/lasprimeras.com.do\/index.php\/wp-json\/wp\/v2\/types\/post"}],"author":[{"embeddable":true,"href":"https:\/\/lasprimeras.com.do\/index.php\/wp-json\/wp\/v2\/users\/10"}],"replies":[{"embeddable":true,"href":"https:\/\/lasprimeras.com.do\/index.php\/wp-json\/wp\/v2\/comments?post=108503"}],"version-history":[{"count":1,"href":"https:\/\/lasprimeras.com.do\/index.php\/wp-json\/wp\/v2\/posts\/108503\/revisions"}],"predecessor-version":[{"id":108506,"href":"https:\/\/lasprimeras.com.do\/index.php\/wp-json\/wp\/v2\/posts\/108503\/revisions\/108506"}],"wp:featuredmedia":[{"embeddable":true,"href":"https:\/\/lasprimeras.com.do\/index.php\/wp-json\/wp\/v2\/media\/108504"}],"wp:attachment":[{"href":"https:\/\/lasprimeras.com.do\/index.php\/wp-json\/wp\/v2\/media?parent=108503"}],"wp:term":[{"taxonomy":"category","embeddable":true,"href":"https:\/\/lasprimeras.com.do\/index.php\/wp-json\/wp\/v2\/categories?post=108503"},{"taxonomy":"post_tag","embeddable":true,"href":"https:\/\/lasprimeras.com.do\/index.php\/wp-json\/wp\/v2\/tags?post=108503"}],"curies":[{"name":"wp","href":"https:\/\/api.w.org\/{rel}","templated":true}]}}