{"id":108510,"date":"2025-09-08T07:13:21","date_gmt":"2025-09-08T11:13:21","guid":{"rendered":"https:\/\/lasprimeras.com.do\/?p=108510"},"modified":"2025-09-08T07:13:22","modified_gmt":"2025-09-08T11:13:22","slug":"hallan-a-una-joven-de-16-anos-con-multiples-punaladas-en-guerra","status":"publish","type":"post","link":"https:\/\/lasprimeras.com.do\/index.php\/2025\/09\/08\/hallan-a-una-joven-de-16-anos-con-multiples-punaladas-en-guerra\/","title":{"rendered":"Hallan a una joven de 16 a\u00f1os con m\u00faltiples pu\u00f1aladas en Guerra"},"content":{"rendered":"\n<p><strong>El novio es el principal sospechoso.<\/strong><\/p>\n\n\n\n<p>Una joven de 16 a\u00f1os, Maite Evangelina Jer\u00f3nimo de la Cruz, fue encontrada muerta tras presentar m\u00faltiples heridas de arma blanca, en un hecho por el cual su novio, Henry Rafael Torres, de 26 a\u00f1os, figura como principal sospechoso, inform\u00f3 la Polic\u00eda Nacional.<\/p>\n\n\n\n<p>El cuerpo de la joven fue hallado ayer s\u00e1bado en el sector Mata de Palma, municipio de Guerra.<\/p>\n\n\n\n<p>Fuentes oficiales se\u00f1alaron que el caso est\u00e1 bajo investigaci\u00f3n por parte de la Direcci\u00f3n Central de Investigaciones (DICRIM) y el Ministerio P\u00fablico; en las pr\u00f3ximas horas se practicar\u00e1n las diligencias forenses \u2014incluida la autopsia\u2014 que permitan establecer la causa oficial de la muerte y reunir las pruebas necesarias.<\/p>\n\n\n\n<p>Familiares relataron que Maite manten\u00eda una relaci\u00f3n con Torres desde que ten\u00eda 14 a\u00f1os y que dicha relaci\u00f3n estuvo marcada por celos y control.<\/p>\n","protected":false},"excerpt":{"rendered":"<p>El novio es el principal sospechoso. Una joven de 16 a\u00f1os, Maite Evangelina Jer\u00f3nimo de la Cruz, fue encontrada muerta tras presentar m\u00faltiples heridas de arma blanca, en un hecho&hellip;<\/p>\n","protected":false},"author":10,"featured_media":53897,"comment_status":"open","ping_status":"open","sticky":false,"template":"","format":"standard","meta":{"content-type":"","jetpack_post_was_ever_published":false,"_jetpack_newsletter_access":"","_jetpack_dont_email_post_to_subs":false,"_jetpack_newsletter_tier_id":0,"_jetpack_memberships_contains_paywalled_content":false,"_jetpack_memberships_contains_paid_content":false,"footnotes":""},"categories":[35],"tags":[2060,242,24286,24287],"class_list":["post-108510","post","type-post","status-publish","format-standard","has-post-thumbnail","hentry","category-nacionales","tag-guerra","tag-hallan","tag-joven-de-16-anos","tag-multiples-punaladas"],"jetpack_featured_media_url":"https:\/\/lasprimeras.com.do\/wp-content\/uploads\/2023\/07\/Cuchillo.jpg","jetpack-related-posts":[{"id":94814,"url":"https:\/\/lasprimeras.com.do\/index.php\/2025\/03\/06\/hallan-muerto-a-punaladas-a-joven-latino-en-playa-de-nueva-york\/","url_meta":{"origin":108510,"position":0},"title":"Hallan muerto a pu\u00f1aladas a joven latino en playa de Nueva York","author":"Nelson Feliz","date":"6 de marzo de 2025","format":false,"excerpt":"Un joven hispano fue encontrado muerto con heridas de pu\u00f1al en la playa dentro de una tranquila comunidad de Long Island (NY). Nadie ha sido arrestado. Carlos L\u00f3pez, joven de 27 a\u00f1os, fue encontrado muerto con heridas de pu\u00f1al ayer al amanecer en una playa dentro de una peque\u00f1a y\u2026","rel":"","context":"En \u00abINTERNACIONALES\u00bb","block_context":{"text":"INTERNACIONALES","link":"https:\/\/lasprimeras.com.do\/index.php\/category\/sin-categoria\/internacionales\/"},"img":{"alt_text":"","src":"https:\/\/i0.wp.com\/lasprimeras.com.do\/wp-content\/uploads\/2025\/03\/Playa-en-Nueva-York.png?resize=350%2C200&ssl=1","width":350,"height":200,"srcset":"https:\/\/i0.wp.com\/lasprimeras.com.do\/wp-content\/uploads\/2025\/03\/Playa-en-Nueva-York.png?resize=350%2C200&ssl=1 1x, https:\/\/i0.wp.com\/lasprimeras.com.do\/wp-content\/uploads\/2025\/03\/Playa-en-Nueva-York.png?resize=525%2C300&ssl=1 1.5x, https:\/\/i0.wp.com\/lasprimeras.com.do\/wp-content\/uploads\/2025\/03\/Playa-en-Nueva-York.png?resize=700%2C400&ssl=1 2x"},"classes":[]},{"id":94932,"url":"https:\/\/lasprimeras.com.do\/index.php\/2025\/03\/07\/hallan-cadaver-de-hispana-en-una-maleta-en-nueva-york-ex-novio-arrestado\/","url_meta":{"origin":108510,"position":1},"title":"Hallan cad\u00e1ver de hispana en una maleta en Nueva York; ex novio arrestado","author":"Nelson Feliz","date":"7 de marzo de 2025","format":false,"excerpt":"Una joven latina que hab\u00eda sido reportada desaparecida en NYC fue encontrada muerta en una maleta en Yonkers. Su ex novio fue detenido como sospechoso. Pamela Alc\u00e1ntara, joven de 26 a\u00f1os que hab\u00eda sido reportada desaparecida el domingo en El Bronx (NYC), fue encontrada muerta en una maleta en Yonkers\u2026","rel":"","context":"En \u00abINTERNACIONALES\u00bb","block_context":{"text":"INTERNACIONALES","link":"https:\/\/lasprimeras.com.do\/index.php\/category\/sin-categoria\/internacionales\/"},"img":{"alt_text":"","src":"https:\/\/i0.wp.com\/lasprimeras.com.do\/wp-content\/uploads\/2025\/03\/HISPA.png?resize=350%2C200&ssl=1","width":350,"height":200},"classes":[]},{"id":84868,"url":"https:\/\/lasprimeras.com.do\/index.php\/2024\/06\/16\/hallan-muerto-al-hijo-del-presidente-de-adocco\/","url_meta":{"origin":108510,"position":2},"title":"Hallan muerto al hijo del presidente de Adocco","author":"Nelson Feliz","date":"16 de junio de 2024","format":false,"excerpt":"Julio C\u00e9sar de la Rosa Tiburcio reportado como desaparecido. En un tr\u00e1gico suceso, el hijo del presidente de la Alianza Dominicana Contra la Corrupci\u00f3n (Adocco), Julio C\u00e9sar de la Rosa Tiburcio, fue encontrado muerto este domingo, luego de haber sido reportado como desaparecido por su padre unas horas antes. Julio\u2026","rel":"","context":"En \u00abNACIONALES\u00bb","block_context":{"text":"NACIONALES","link":"https:\/\/lasprimeras.com.do\/index.php\/category\/nacionales\/"},"img":{"alt_text":"","src":"https:\/\/i0.wp.com\/lasprimeras.com.do\/wp-content\/uploads\/2024\/06\/Julio-Cesar-de-la-Rosa-Peralta.jpg?resize=350%2C200&ssl=1","width":350,"height":200},"classes":[]},{"id":58904,"url":"https:\/\/lasprimeras.com.do\/index.php\/2023\/08\/29\/hombre-acusado-de-matar-a-su-expareja-en-yamasa-es-encontrado-ahorcado-en-guerra\/","url_meta":{"origin":108510,"position":3},"title":"Hombre acusado de matar a su expareja en Yamas\u00e1 es encontrado ahorcado en Guerra","author":"Nelson Feliz","date":"29 de agosto de 2023","format":false,"excerpt":"-El hombre es acusado de perseguir y matar a su esposa de varias estocadas. -La pareja procre\u00f3 dos hijos durante su relaci\u00f3n. Autoridades localizaron el cad\u00e1ver del joven Luis Joel de la Rosa (Luiyi) de 33 a\u00f1os de edad, se\u00f1alado como el responsable de matar a su expareja Rosmelisa de\u2026","rel":"","context":"En \u00abNACIONALES\u00bb","block_context":{"text":"NACIONALES","link":"https:\/\/lasprimeras.com.do\/index.php\/category\/nacionales\/"},"img":{"alt_text":"Luis Joel De la Rosa (a) Luiyi de 33 anos de edad","src":"https:\/\/i0.wp.com\/lasprimeras.com.do\/wp-content\/uploads\/2023\/08\/Luis-Joel-De-la-Rosa-a-Luiyi-de-33-anos-de-edad.jpeg?resize=350%2C200&ssl=1","width":350,"height":200,"srcset":"https:\/\/i0.wp.com\/lasprimeras.com.do\/wp-content\/uploads\/2023\/08\/Luis-Joel-De-la-Rosa-a-Luiyi-de-33-anos-de-edad.jpeg?resize=350%2C200&ssl=1 1x, https:\/\/i0.wp.com\/lasprimeras.com.do\/wp-content\/uploads\/2023\/08\/Luis-Joel-De-la-Rosa-a-Luiyi-de-33-anos-de-edad.jpeg?resize=525%2C300&ssl=1 1.5x, https:\/\/i0.wp.com\/lasprimeras.com.do\/wp-content\/uploads\/2023\/08\/Luis-Joel-De-la-Rosa-a-Luiyi-de-33-anos-de-edad.jpeg?resize=700%2C400&ssl=1 2x"},"classes":[]},{"id":92325,"url":"https:\/\/lasprimeras.com.do\/index.php\/2025\/01\/02\/en-venezuela-asesinan-al-jefe-de-seguridad-de-diosdado-cabello\/","url_meta":{"origin":108510,"position":4},"title":"En Venezuela asesinan al jefe de seguridad de Diosdado Cabello","author":"Nelson Feliz","date":"2 de enero de 2025","format":false,"excerpt":"Caracas, AP.-.Capit\u00e1n de la Guardia Nacional Bolivariana (GNB) y jefe de seguridad del ministro de Interior y Justicia de Venezuela, Diosdado Cabello, fue encontrado muerto dentro de un veh\u00edculo en el distribuidor La Castellana, en Caracas. Este crimen ha sacudido la esfera pol\u00edtica y de seguridad del pa\u00eds, debido al\u2026","rel":"","context":"En \u00abINTERNACIONALES\u00bb","block_context":{"text":"INTERNACIONALES","link":"https:\/\/lasprimeras.com.do\/index.php\/category\/sin-categoria\/internacionales\/"},"img":{"alt_text":"","src":"https:\/\/i0.wp.com\/lasprimeras.com.do\/wp-content\/uploads\/2025\/01\/seguridad.jpg?resize=350%2C200&ssl=1","width":350,"height":200,"srcset":"https:\/\/i0.wp.com\/lasprimeras.com.do\/wp-content\/uploads\/2025\/01\/seguridad.jpg?resize=350%2C200&ssl=1 1x, https:\/\/i0.wp.com\/lasprimeras.com.do\/wp-content\/uploads\/2025\/01\/seguridad.jpg?resize=525%2C300&ssl=1 1.5x"},"classes":[]},{"id":95683,"url":"https:\/\/lasprimeras.com.do\/index.php\/2025\/03\/17\/joven-italiano-de-14-anos-se-ahorca-en-moca\/","url_meta":{"origin":108510,"position":5},"title":"Joven italiano de 14 a\u00f1os se ahorca en Moca","author":"Nelson Feliz","date":"17 de marzo de 2025","format":false,"excerpt":"Un menor identificado como Alessandro Salvatore Ravana Pimentel de 14 a\u00f1os, fue hallado muerto colgado dentro de su residencia en el municipio de Moca, provincia Espaillat. Su padre Calogeno Ravana de 50 a\u00f1os, quien es de origen italiano, a\u00fan no se ha referido al hecho ante la prensa. El m\u00e9dico\u2026","rel":"","context":"En \u00abNACIONALES\u00bb","block_context":{"text":"NACIONALES","link":"https:\/\/lasprimeras.com.do\/index.php\/category\/nacionales\/"},"img":{"alt_text":"","src":"https:\/\/i0.wp.com\/lasprimeras.com.do\/wp-content\/uploads\/2025\/03\/cadaver.png?resize=350%2C200&ssl=1","width":350,"height":200,"srcset":"https:\/\/i0.wp.com\/lasprimeras.com.do\/wp-content\/uploads\/2025\/03\/cadaver.png?resize=350%2C200&ssl=1 1x, https:\/\/i0.wp.com\/lasprimeras.com.do\/wp-content\/uploads\/2025\/03\/cadaver.png?resize=525%2C300&ssl=1 1.5x"},"classes":[]}],"jetpack_sharing_enabled":true,"_links":{"self":[{"href":"https:\/\/lasprimeras.com.do\/index.php\/wp-json\/wp\/v2\/posts\/108510","targetHints":{"allow":["GET"]}}],"collection":[{"href":"https:\/\/lasprimeras.com.do\/index.php\/wp-json\/wp\/v2\/posts"}],"about":[{"href":"https:\/\/lasprimeras.com.do\/index.php\/wp-json\/wp\/v2\/types\/post"}],"author":[{"embeddable":true,"href":"https:\/\/lasprimeras.com.do\/index.php\/wp-json\/wp\/v2\/users\/10"}],"replies":[{"embeddable":true,"href":"https:\/\/lasprimeras.com.do\/index.php\/wp-json\/wp\/v2\/comments?post=108510"}],"version-history":[{"count":1,"href":"https:\/\/lasprimeras.com.do\/index.php\/wp-json\/wp\/v2\/posts\/108510\/revisions"}],"predecessor-version":[{"id":108511,"href":"https:\/\/lasprimeras.com.do\/index.php\/wp-json\/wp\/v2\/posts\/108510\/revisions\/108511"}],"wp:featuredmedia":[{"embeddable":true,"href":"https:\/\/lasprimeras.com.do\/index.php\/wp-json\/wp\/v2\/media\/53897"}],"wp:attachment":[{"href":"https:\/\/lasprimeras.com.do\/index.php\/wp-json\/wp\/v2\/media?parent=108510"}],"wp:term":[{"taxonomy":"category","embeddable":true,"href":"https:\/\/lasprimeras.com.do\/index.php\/wp-json\/wp\/v2\/categories?post=108510"},{"taxonomy":"post_tag","embeddable":true,"href":"https:\/\/lasprimeras.com.do\/index.php\/wp-json\/wp\/v2\/tags?post=108510"}],"curies":[{"name":"wp","href":"https:\/\/api.w.org\/{rel}","templated":true}]}}