{"id":108531,"date":"2025-09-08T08:45:57","date_gmt":"2025-09-08T12:45:57","guid":{"rendered":"https:\/\/lasprimeras.com.do\/?p=108531"},"modified":"2025-09-08T08:45:58","modified_gmt":"2025-09-08T12:45:58","slug":"spacex-de-musk-gasta-17-000-millones-de-dolares-para-adquirir-licencias-de-espectro-de-echostar","status":"publish","type":"post","link":"https:\/\/lasprimeras.com.do\/index.php\/2025\/09\/08\/spacex-de-musk-gasta-17-000-millones-de-dolares-para-adquirir-licencias-de-espectro-de-echostar\/","title":{"rendered":"SpaceX de Musk gasta 17.000 millones de d\u00f3lares para adquirir licencias de espectro de EchoStar"},"content":{"rendered":"\n<p>Por Michelle Chapman<\/p>\n\n\n\n<p>SpaceX de Elon Musk ha llegado a un acuerdo por un valor aproximado de 17 mil millones de d\u00f3lares con EchoStar por licencias de espectro que utilizar\u00e1 para reforzar su red de sat\u00e9lites Starlink.<\/p>\n\n\n\n<p>El acuerdo para las licencias de espectro AWS-4 y del bloque H de EchoStar incluye hasta 8.500 millones de d\u00f3lares en efectivo y hasta 8.500 millones de d\u00f3lares en acciones de SpaceX.<\/p>\n\n\n\n<p>SpaceX realizar\u00e1 pagos de intereses en efectivo por aproximadamente 2.000 millones de d\u00f3lares sobre la deuda de EchoStar hasta noviembre de 2027.<\/p>\n\n\n\n<p>SpaceX y EchoStar firmar\u00e1n un acuerdo comercial a largo plazo que permitir\u00e1 a los suscriptores de Boost Mobile de EchoStar acceder al servicio Starlink Direct to Cell de pr\u00f3xima generaci\u00f3n de SpaceX.<\/p>\n\n\n\n<p>Las acciones de EchoStar subieron m\u00e1s del 23% antes de la apertura del mercado el lunes.<\/p>\n\n\n\n<p>El mes pasado, AT&amp;T dijo que gastar\u00e1 23 mil millones de d\u00f3lares para adquirir licencias de espectro inal\u00e1mbrico de EchoStar, una expansi\u00f3n significativa de sus redes de cobertura de banda baja y media.<\/p>\n\n\n\n<p>EchoStar dijo que anticipa que el acuerdo con AT&amp;T y la transacci\u00f3n con SpaceX resolver\u00e1n las recientes consultas de la Comisi\u00f3n Federal de Comunicaciones sobre el lanzamiento de la tecnolog\u00eda 5G en Estados Unidos.<\/p>\n\n\n\n<p>EchoStar anunci\u00f3 el lunes que utilizar\u00e1 parte de los ingresos de la venta para saldar deudas. Las operaciones actuales de Dish TV, Sling y Hughes no se ver\u00e1n afectadas, seg\u00fan la compa\u00f1\u00eda.<\/p>\n","protected":false},"excerpt":{"rendered":"<p>Por Michelle Chapman SpaceX de Elon Musk ha llegado a un acuerdo por un valor aproximado de 17 mil millones de d\u00f3lares con EchoStar por licencias de espectro que utilizar\u00e1&hellip;<\/p>\n","protected":false},"author":10,"featured_media":108532,"comment_status":"open","ping_status":"open","sticky":false,"template":"","format":"standard","meta":{"content-type":"","jetpack_post_was_ever_published":false,"_jetpack_newsletter_access":"","_jetpack_dont_email_post_to_subs":false,"_jetpack_newsletter_tier_id":0,"_jetpack_memberships_contains_paywalled_content":false,"_jetpack_memberships_contains_paid_content":false,"footnotes":""},"categories":[39],"tags":[23979,24304,1721,2741,24303,1784,24305,17392],"class_list":["post-108531","post","type-post","status-publish","format-standard","has-post-thumbnail","hentry","category-economia","tag-adquirir","tag-echostar","tag-elon-musk","tag-espectro","tag-gasta-17-000-millones-de-dolares","tag-licencias","tag-red-de-satelites-starlink","tag-spacex"],"jetpack_featured_media_url":"https:\/\/lasprimeras.com.do\/wp-content\/uploads\/2025\/09\/SPACE-X.jpg","jetpack-related-posts":[{"id":59944,"url":"https:\/\/lasprimeras.com.do\/index.php\/2023\/09\/08\/el-asesor-de-zelenski-afirma-que-elon-musk-esta-cometiendo-y-fomentando-el-mal\/","url_meta":{"origin":108531,"position":0},"title":"El asesor de Zelenski afirma que Elon Musk est\u00e1 &#8220;cometiendo y fomentando el mal&#8221;","author":"Nelson Feliz","date":"8 de septiembre de 2023","format":false,"excerpt":"La acusaci\u00f3n surge poco despu\u00e9s que el multimillonario revelara que impidi\u00f3 un ataque ucraniano con drones contra la flota rusa del mar Negro al no activar Starlink en las cercan\u00edas de Crimea el a\u00f1o pasado. El asesor del jefe de la Oficina Presidencial de Ucrania, Mija\u00edl Podoliak, arremeti\u00f3 contra el\u2026","rel":"","context":"En \u00abSin categor\u00eda\u00bb","block_context":{"text":"Sin categor\u00eda","link":"https:\/\/lasprimeras.com.do\/index.php\/category\/sin-categoria\/"},"img":{"alt_text":"Elon Musk asiste a una conferencia en Par\u00eds, Francia, el 16 de junio de 2023 Chesnot \/ Gettyimages.ru","src":"https:\/\/i0.wp.com\/lasprimeras.com.do\/wp-content\/uploads\/2023\/09\/Elon-Musk.jpg?resize=350%2C200&ssl=1","width":350,"height":200,"srcset":"https:\/\/i0.wp.com\/lasprimeras.com.do\/wp-content\/uploads\/2023\/09\/Elon-Musk.jpg?resize=350%2C200&ssl=1 1x, https:\/\/i0.wp.com\/lasprimeras.com.do\/wp-content\/uploads\/2023\/09\/Elon-Musk.jpg?resize=525%2C300&ssl=1 1.5x, https:\/\/i0.wp.com\/lasprimeras.com.do\/wp-content\/uploads\/2023\/09\/Elon-Musk.jpg?resize=700%2C400&ssl=1 2x"},"classes":[]},{"id":96360,"url":"https:\/\/lasprimeras.com.do\/index.php\/2025\/03\/30\/elon-musk-fusiona-su-empresa-de-inteligencia-artificial-xai-y-x-por-33000-millones-de-dolares\/","url_meta":{"origin":108531,"position":1},"title":"Elon Musk fusiona su empresa de inteligencia artificial xAI y X por 33,000 millones de d\u00f3lares","author":"Nelson Feliz","date":"30 de marzo de 2025","format":false,"excerpt":"Musk anuncia que su empresa de inteligencia artificial xAI adquiri\u00f3 X por USD 33.000 millones. San Francisco, AFP - El viernes el magnate Elon Musk anunci\u00f3 que su start-up de inteligencia artificial xAI adquiri\u00f3 la red social X, tambi\u00e9n de su propiedad, en una \"transacci\u00f3n totalmente en acciones\" que valora\u2026","rel":"","context":"En \u00abECONOM\u00cdA\u00bb","block_context":{"text":"ECONOM\u00cdA","link":"https:\/\/lasprimeras.com.do\/index.php\/category\/economia\/"},"img":{"alt_text":"","src":"https:\/\/i0.wp.com\/lasprimeras.com.do\/wp-content\/uploads\/2025\/03\/Elon-Musk-1.jpg?resize=350%2C200&ssl=1","width":350,"height":200,"srcset":"https:\/\/i0.wp.com\/lasprimeras.com.do\/wp-content\/uploads\/2025\/03\/Elon-Musk-1.jpg?resize=350%2C200&ssl=1 1x, https:\/\/i0.wp.com\/lasprimeras.com.do\/wp-content\/uploads\/2025\/03\/Elon-Musk-1.jpg?resize=525%2C300&ssl=1 1.5x, https:\/\/i0.wp.com\/lasprimeras.com.do\/wp-content\/uploads\/2025\/03\/Elon-Musk-1.jpg?resize=700%2C400&ssl=1 2x"},"classes":[]},{"id":95282,"url":"https:\/\/lasprimeras.com.do\/index.php\/2025\/03\/12\/el-starlink-de-musk-podria-llevar-internet-a-zonas-remotas-de-india-en-acuerdos-con-operadoras\/","url_meta":{"origin":108531,"position":2},"title":"El Starlink de Musk podr\u00eda llevar internet a zonas remotas de India en acuerdos con operadoras","author":"Nelson Feliz","date":"12 de marzo de 2025","format":false,"excerpt":"POR SHEIKH SAALIQ La plataforma Starlink de Elon Musk firm\u00f3 el mi\u00e9rcoles un acuerdo con el principal operador de telecomunicaciones de India para llevar los servicios del gigante estadounidense de internet satelital al pa\u00eds m\u00e1s poblado del mundo, al d\u00eda siguiente de anunciar un acuerdo similar con el segundo proveedor\u2026","rel":"","context":"En \u00abINTERNACIONALES\u00bb","block_context":{"text":"INTERNACIONALES","link":"https:\/\/lasprimeras.com.do\/index.php\/category\/sin-categoria\/internacionales\/"},"img":{"alt_text":"","src":"https:\/\/i0.wp.com\/lasprimeras.com.do\/wp-content\/uploads\/2025\/03\/El-Starlink-de-Musk.png?resize=350%2C200&ssl=1","width":350,"height":200,"srcset":"https:\/\/i0.wp.com\/lasprimeras.com.do\/wp-content\/uploads\/2025\/03\/El-Starlink-de-Musk.png?resize=350%2C200&ssl=1 1x, https:\/\/i0.wp.com\/lasprimeras.com.do\/wp-content\/uploads\/2025\/03\/El-Starlink-de-Musk.png?resize=525%2C300&ssl=1 1.5x, https:\/\/i0.wp.com\/lasprimeras.com.do\/wp-content\/uploads\/2025\/03\/El-Starlink-de-Musk.png?resize=700%2C400&ssl=1 2x"},"classes":[]},{"id":93681,"url":"https:\/\/lasprimeras.com.do\/index.php\/2025\/02\/18\/asi-se-vio-el-cohete-falcon-9-de-spacex-a-su-paso-por-republica-dominicana\/","url_meta":{"origin":108531,"position":3},"title":"As\u00ed se vio el cohete Falcon 9 de SpaceX a su paso por Rep\u00fablica Dominicana","author":"Nelson Feliz","date":"18 de febrero de 2025","format":false,"excerpt":"Los dominicanos vieron la segunda etapa del cohete entre las 7:29 y las 7:31 de la noche. La empresa SpaceX lanz\u00f3 este martes el cohete Falcon 9, que se pudo observar desde diversos puntos de la Rep\u00fablica Dominicana, incluido Santo Domingo. La segunda etapa del cohete fue visible en el\u2026","rel":"","context":"En \u00abNACIONALES\u00bb","block_context":{"text":"NACIONALES","link":"https:\/\/lasprimeras.com.do\/index.php\/category\/nacionales\/"},"img":{"alt_text":"","src":"https:\/\/i0.wp.com\/lasprimeras.com.do\/wp-content\/uploads\/2025\/02\/asi-se-vio-el-cohete-falcon-9-de-spacex-a-su-paso-por-republica-dominicana.jpg?resize=350%2C200&ssl=1","width":350,"height":200},"classes":[]},{"id":69748,"url":"https:\/\/lasprimeras.com.do\/index.php\/2023\/12\/05\/javier-milei-y-elon-musk-en-sintonia-a-cinco-dias-de-la-investidura-en-argentina\/","url_meta":{"origin":108531,"position":4},"title":"Javier Milei y Elon Musk &#8220;en sinton\u00eda&#8221; a cinco d\u00edas de la investidura en Argentina","author":"Nelson Feliz","date":"5 de diciembre de 2023","format":false,"excerpt":"La buena relaci\u00f3n entre Milei y Musk no es nueva, ya que el fundador y directivo de SpaceX y Tesla hab\u00eda manifestado su apoyo al ultraliberal el pasado 19 de noviembre. El presidente electo de Argentina, Javier Milei, y el magnate y empresario sudafricano Elon Musk intercambiaron este martes varios\u2026","rel":"","context":"En \u00abSin categor\u00eda\u00bb","block_context":{"text":"Sin categor\u00eda","link":"https:\/\/lasprimeras.com.do\/index.php\/category\/sin-categoria\/"},"img":{"alt_text":"Magnate Elon Musk y el presidente electo de Argentina, Javier Milei","src":"https:\/\/i0.wp.com\/lasprimeras.com.do\/wp-content\/uploads\/2023\/12\/Elon-Musk-y-Javier-Milei.jpeg?resize=350%2C200&ssl=1","width":350,"height":200,"srcset":"https:\/\/i0.wp.com\/lasprimeras.com.do\/wp-content\/uploads\/2023\/12\/Elon-Musk-y-Javier-Milei.jpeg?resize=350%2C200&ssl=1 1x, https:\/\/i0.wp.com\/lasprimeras.com.do\/wp-content\/uploads\/2023\/12\/Elon-Musk-y-Javier-Milei.jpeg?resize=525%2C300&ssl=1 1.5x, https:\/\/i0.wp.com\/lasprimeras.com.do\/wp-content\/uploads\/2023\/12\/Elon-Musk-y-Javier-Milei.jpeg?resize=700%2C400&ssl=1 2x"},"classes":[]},{"id":90613,"url":"https:\/\/lasprimeras.com.do\/index.php\/2024\/10\/26\/elon-musk-trabajo-ilegalmente-en-ee-uu-al-inicio-de-su-carrera-segun-the-washington-post\/","url_meta":{"origin":108531,"position":5},"title":"Elon Musk trabaj\u00f3 ilegalmente en EE.UU. al inicio de su carrera, seg\u00fan The Washington Post","author":"Nelson Feliz","date":"26 de octubre de 2024","format":false,"excerpt":"Washington, (EFE).- Elon Musk, propietario de SpaceX, Tesla y X, trabaj\u00f3 de forma ilegal en Estados Unidos al inicio de su carrera empresarial tras abandonar un programa de estudios de posgrado en California, seg\u00fan antiguos socios, documentos judiciales y archivos empresariales obtenidos por The Washington Post. La revelaci\u00f3n es relevante\u2026","rel":"","context":"En \u00abSin categor\u00eda\u00bb","block_context":{"text":"Sin categor\u00eda","link":"https:\/\/lasprimeras.com.do\/index.php\/category\/sin-categoria\/"},"img":{"alt_text":"Elon Musk","src":"https:\/\/i0.wp.com\/lasprimeras.com.do\/wp-content\/uploads\/2024\/10\/Elon-Musk-1.jpg?resize=350%2C200&ssl=1","width":350,"height":200,"srcset":"https:\/\/i0.wp.com\/lasprimeras.com.do\/wp-content\/uploads\/2024\/10\/Elon-Musk-1.jpg?resize=350%2C200&ssl=1 1x, https:\/\/i0.wp.com\/lasprimeras.com.do\/wp-content\/uploads\/2024\/10\/Elon-Musk-1.jpg?resize=525%2C300&ssl=1 1.5x, https:\/\/i0.wp.com\/lasprimeras.com.do\/wp-content\/uploads\/2024\/10\/Elon-Musk-1.jpg?resize=700%2C400&ssl=1 2x"},"classes":[]}],"jetpack_sharing_enabled":true,"_links":{"self":[{"href":"https:\/\/lasprimeras.com.do\/index.php\/wp-json\/wp\/v2\/posts\/108531","targetHints":{"allow":["GET"]}}],"collection":[{"href":"https:\/\/lasprimeras.com.do\/index.php\/wp-json\/wp\/v2\/posts"}],"about":[{"href":"https:\/\/lasprimeras.com.do\/index.php\/wp-json\/wp\/v2\/types\/post"}],"author":[{"embeddable":true,"href":"https:\/\/lasprimeras.com.do\/index.php\/wp-json\/wp\/v2\/users\/10"}],"replies":[{"embeddable":true,"href":"https:\/\/lasprimeras.com.do\/index.php\/wp-json\/wp\/v2\/comments?post=108531"}],"version-history":[{"count":1,"href":"https:\/\/lasprimeras.com.do\/index.php\/wp-json\/wp\/v2\/posts\/108531\/revisions"}],"predecessor-version":[{"id":108533,"href":"https:\/\/lasprimeras.com.do\/index.php\/wp-json\/wp\/v2\/posts\/108531\/revisions\/108533"}],"wp:featuredmedia":[{"embeddable":true,"href":"https:\/\/lasprimeras.com.do\/index.php\/wp-json\/wp\/v2\/media\/108532"}],"wp:attachment":[{"href":"https:\/\/lasprimeras.com.do\/index.php\/wp-json\/wp\/v2\/media?parent=108531"}],"wp:term":[{"taxonomy":"category","embeddable":true,"href":"https:\/\/lasprimeras.com.do\/index.php\/wp-json\/wp\/v2\/categories?post=108531"},{"taxonomy":"post_tag","embeddable":true,"href":"https:\/\/lasprimeras.com.do\/index.php\/wp-json\/wp\/v2\/tags?post=108531"}],"curies":[{"name":"wp","href":"https:\/\/api.w.org\/{rel}","templated":true}]}}