{"id":108542,"date":"2025-09-08T11:24:58","date_gmt":"2025-09-08T15:24:58","guid":{"rendered":"https:\/\/lasprimeras.com.do\/?p=108542"},"modified":"2025-09-08T11:24:59","modified_gmt":"2025-09-08T15:24:59","slug":"crece-oposicion-a-la-instalacion-grancera-de-maikel-gonzalez-en-la-guazara-y-el-cachon-en-barahona","status":"publish","type":"post","link":"https:\/\/lasprimeras.com.do\/index.php\/2025\/09\/08\/crece-oposicion-a-la-instalacion-grancera-de-maikel-gonzalez-en-la-guazara-y-el-cachon-en-barahona\/","title":{"rendered":"Crece oposici\u00f3n a la instalaci\u00f3n grancera de Maikel Gonz\u00e1lez en La Guazara y El Cach\u00f3n en Barahona"},"content":{"rendered":"\n<p>L\u00edderes comunitarios de Barahona contin\u00faan su oposici\u00f3n a la instalaci\u00f3n de una grancera en La Guazara y El Cach\u00f3n, de parte del empresario Maikel Gonz\u00e1lez, argumentando que es indiscriminada y afecta el medio ambiente y los recursos naturales de la zona.<\/p>\n\n\n\n<p>Los dirigentes comunitarios Domingo F\u00e9liz, Yeiry P\u00e9rez y Rams\u00e9s Medina, advirtieron que podr\u00edan iniciar en los pr\u00f3ximos d\u00edas protestas pac\u00edficas y movilizaciones populares para evitar la instalaci\u00f3n de esa grancera.<\/p>\n\n\n\n<p>Su oposici\u00f3n se basa en la preocupaci\u00f3n por los impactos ambientales negativos, la posible afectaci\u00f3n de fuentes de agua y la falta de consulta adecuada sobre la actividad minera que podr\u00eda traer consigo.<\/p>\n\n\n\n<p>Los dirigentes populares hicieron un llamado al Presidente Luis Abinader, al ministro de Medio de Medio Ambiente, Paino Henr\u00edquez, para que intervengan de manera urgente ante lo que definen como una \u201cexplotaci\u00f3n minera abusiva y genocida\u201d en la zona.<\/p>\n\n\n\n<p><strong>Motivos de la oposici\u00f3n<\/strong><\/p>\n\n\n\n<p>Los comunitarios temen que la explotaci\u00f3n de la gancera cause deforestaci\u00f3n, contaminaci\u00f3n del suelo. del agua, y la degradaci\u00f3n de ecosistemas locales y el posible agotamiento o contaminaci\u00f3n de las fuentes de agua que son vitales para el consumo humano y la agricultura local.<\/p>\n\n\n\n<p>Argumentan que no han sido debidamente consultadas ni informadas sobre los detalles del proyecto y sus posibles consecuencias, lo que consideran una violaci\u00f3n de sus derechos.<\/p>\n\n\n\n<p>Se\u00f1alan que la actividad de explotaci\u00f3n podr\u00eda afectar negativamente las actividades econ\u00f3micas tradicionales como la agricultura y la pesca, que son fundamentales para el sustento de estas comunidades.<\/p>\n\n\n\n<p><strong>Plan de lucha comunitario<\/strong><\/p>\n\n\n\n<p>Organizaciones comunitarias y religiosas, entre ellas las iglesias Cat\u00f3lica y Evang\u00e9lica, movimientos ecologistas, asociaciones locales y la Coalici\u00f3n por el Rescate de la Laguna de Cabral, manifestaron su respaldo a las comunidades afectadas y anunciaron un plan de lucha unificado.<\/p>\n\n\n\n<p>Finalmente, advirtieron que no permitir\u00e1n que Barahona y la regi\u00f3n Enriquillo se conviertan en otro ejemplo de destrucci\u00f3n ambiental.<\/p>\n\n\n\n<p>Seg\u00fan informaciones recibidas, el empresario banilejo propietario de &#8220;Blocks Gonz\u00e1lez&#8221;, Maikel Gonz\u00e1lez, habr\u00eda adquirido una concesi\u00f3n minera de la familia del ingeniero Bol\u00edvar Ventura.<\/p>\n","protected":false},"excerpt":{"rendered":"<p>L\u00edderes comunitarios de Barahona contin\u00faan su oposici\u00f3n a la instalaci\u00f3n de una grancera en La Guazara y El Cach\u00f3n, de parte del empresario Maikel Gonz\u00e1lez, argumentando que es indiscriminada y&hellip;<\/p>\n","protected":false},"author":10,"featured_media":108543,"comment_status":"open","ping_status":"open","sticky":false,"template":"","format":"standard","meta":{"content-type":"","jetpack_post_was_ever_published":false,"_jetpack_newsletter_access":"","_jetpack_dont_email_post_to_subs":false,"_jetpack_newsletter_tier_id":0,"_jetpack_memberships_contains_paywalled_content":false,"_jetpack_memberships_contains_paid_content":false,"footnotes":""},"categories":[16560,25],"tags":[265,13788,13411,971,24308,24283,341],"class_list":["post-108542","post","type-post","status-publish","format-standard","has-post-thumbnail","hentry","category-medio-ambiente","category-portada","tag-barahona","tag-el-cachon","tag-grancera","tag-instalacion-2","tag-la-guazara","tag-maikel-gonzalez","tag-oposicion"],"jetpack_featured_media_url":"https:\/\/lasprimeras.com.do\/wp-content\/uploads\/2025\/09\/comunitarios.jpg","jetpack-related-posts":[{"id":84367,"url":"https:\/\/lasprimeras.com.do\/index.php\/2024\/06\/06\/ambientalistas-opuestos-a-instalacion-de-grancera-en-cachon-barahona\/","url_meta":{"origin":108542,"position":0},"title":"Ambientalistas opuestos a instalaci\u00f3n de grancera en Cach\u00f3n-Barahona","author":"Nelson Feliz","date":"6 de junio de 2024","format":false,"excerpt":"Al celebrarse este mi\u00e9rcoles el D\u00eda Mundial del Medio Ambiente, bajo el lema \u201cNuestras tierras. Nuestro futuro\", las tierras de esta provincia Barahona se encuentran amenazadas por un empresario ocoe\u00f1o el cual pretende instalar una grancera en el Distrito Municipal El Cach\u00f3n. Comunitarios y grupos ambientalistas, se oponen a la\u2026","rel":"","context":"En \u00abNACIONALES\u00bb","block_context":{"text":"NACIONALES","link":"https:\/\/lasprimeras.com.do\/index.php\/category\/nacionales\/"},"img":{"alt_text":"","src":"https:\/\/i0.wp.com\/lasprimeras.com.do\/wp-content\/uploads\/2024\/06\/Gracera.jpg?resize=350%2C200&ssl=1","width":350,"height":200,"srcset":"https:\/\/i0.wp.com\/lasprimeras.com.do\/wp-content\/uploads\/2024\/06\/Gracera.jpg?resize=350%2C200&ssl=1 1x, https:\/\/i0.wp.com\/lasprimeras.com.do\/wp-content\/uploads\/2024\/06\/Gracera.jpg?resize=525%2C300&ssl=1 1.5x"},"classes":[]},{"id":85013,"url":"https:\/\/lasprimeras.com.do\/index.php\/2024\/06\/21\/convocan-a-marcha-para-el-lunes-24-contra-instalacion-de-grancera-en-barahona\/","url_meta":{"origin":108542,"position":1},"title":"Convocan a marcha para el lunes 24 contra instalaci\u00f3n de grancera en Barahona","author":"Nelson Feliz","date":"21 de junio de 2024","format":false,"excerpt":"Un grupo de organizaciones comunitarias de Barahona anunci\u00f3 una marcha para el pr\u00f3ximo lunes 24 de junio en contra de la instalaci\u00f3n de una grancera en el distrito municipal de El Cach\u00f3n y en defensa de los recursos naturales. Geisel Jos\u00e9 Medina F\u00e9liz, quien organiza la marcha, puntualiz\u00f3 que la\u2026","rel":"","context":"En \u00abNACIONALES\u00bb","block_context":{"text":"NACIONALES","link":"https:\/\/lasprimeras.com.do\/index.php\/category\/nacionales\/"},"img":{"alt_text":"Grancera","src":"https:\/\/i0.wp.com\/lasprimeras.com.do\/wp-content\/uploads\/2024\/06\/Grancera.jpg?resize=350%2C200&ssl=1","width":350,"height":200,"srcset":"https:\/\/i0.wp.com\/lasprimeras.com.do\/wp-content\/uploads\/2024\/06\/Grancera.jpg?resize=350%2C200&ssl=1 1x, https:\/\/i0.wp.com\/lasprimeras.com.do\/wp-content\/uploads\/2024\/06\/Grancera.jpg?resize=525%2C300&ssl=1 1.5x, https:\/\/i0.wp.com\/lasprimeras.com.do\/wp-content\/uploads\/2024\/06\/Grancera.jpg?resize=700%2C400&ssl=1 2x"},"classes":[]},{"id":85187,"url":"https:\/\/lasprimeras.com.do\/index.php\/2024\/06\/25\/comunitarios-y-asociaciones-marchan-en-barahona-contra-instalacion-de-grancera-en-el-cachon\/","url_meta":{"origin":108542,"position":2},"title":"Comunitarios y asociaciones marchan en Barahona contra instalaci\u00f3n de grancera en El Cach\u00f3n","author":"Nelson Feliz","date":"25 de junio de 2024","format":false,"excerpt":"Decenas de organizaciones sociales, grupos ambientalistas, juntas de vecinos y gremios profesionales de la regi\u00f3n sur se manifestaron este lunes contra la instalaci\u00f3n de una grancera en el Distrito Municipal El Cach\u00f3n en Barahona. Domingo Feliz, presidente de la Asociaci\u00f3n de Juntas Incorporadas de la Regi\u00f3n Enriquillo, alert\u00f3 a las\u2026","rel":"","context":"En \u00abNACIONALES\u00bb","block_context":{"text":"NACIONALES","link":"https:\/\/lasprimeras.com.do\/index.php\/category\/nacionales\/"},"img":{"alt_text":"","src":"https:\/\/i0.wp.com\/lasprimeras.com.do\/wp-content\/uploads\/2024\/06\/marcha.jpg?resize=350%2C200&ssl=1","width":350,"height":200,"srcset":"https:\/\/i0.wp.com\/lasprimeras.com.do\/wp-content\/uploads\/2024\/06\/marcha.jpg?resize=350%2C200&ssl=1 1x, https:\/\/i0.wp.com\/lasprimeras.com.do\/wp-content\/uploads\/2024\/06\/marcha.jpg?resize=525%2C300&ssl=1 1.5x"},"classes":[]},{"id":108696,"url":"https:\/\/lasprimeras.com.do\/index.php\/2025\/09\/09\/terrero-se-opone-a-instalacion-de-grancera-en-la-guazara-y-el-cachon\/","url_meta":{"origin":108542,"position":3},"title":"Terrero se opone a instalaci\u00f3n de Grancera en La Gu\u00e1zara y El Cach\u00f3n","author":"Nelson Feliz","date":"9 de septiembre de 2025","format":false,"excerpt":"El exdiputado y miembro del Comit\u00e9 Central del PLD, doctor V\u00edctor Manuel Terrero, califico como un da\u00f1o desconsiderado la instalaci\u00f3n de una grancera en La Gu\u00e1zara y El Cach\u00f3n, supuestamente del empresario Maikel Gonz\u00e1lez. Terrero, se\u00f1ala que las operaciones de esta grancera est\u00e1n causando una disminuci\u00f3n significativa del caudal de\u2026","rel":"","context":"En \u00abPOLITICA\u00bb","block_context":{"text":"POLITICA","link":"https:\/\/lasprimeras.com.do\/index.php\/category\/politica\/"},"img":{"alt_text":"V\u00edctor Manuel Terrero","src":"https:\/\/i0.wp.com\/lasprimeras.com.do\/wp-content\/uploads\/2024\/04\/Victor-Manuel-Terrero.jpg?resize=350%2C200&ssl=1","width":350,"height":200,"srcset":"https:\/\/i0.wp.com\/lasprimeras.com.do\/wp-content\/uploads\/2024\/04\/Victor-Manuel-Terrero.jpg?resize=350%2C200&ssl=1 1x, https:\/\/i0.wp.com\/lasprimeras.com.do\/wp-content\/uploads\/2024\/04\/Victor-Manuel-Terrero.jpg?resize=525%2C300&ssl=1 1.5x"},"classes":[]},{"id":108503,"url":"https:\/\/lasprimeras.com.do\/index.php\/2025\/09\/07\/denuncian-grave-depredacion-ambiental-y-explotacion-ilegal-en-el-rio-la-guazara\/","url_meta":{"origin":108542,"position":4},"title":"Denuncian grave depredaci\u00f3n ambiental y explotaci\u00f3n ilegal en el r\u00edo la Gu\u00e1zara","author":"Nelson Feliz","date":"7 de septiembre de 2025","format":false,"excerpt":"La explotaci\u00f3n minera masiva presuntamente realizadas por el empresario Maikel Gonz\u00e1lez. La Fundaci\u00f3n de Protecci\u00f3n del Medio Ambiente de la Regi\u00f3n Enriquillo, junto con la Asociaci\u00f3n Incorporada de la regi\u00f3n y una coalici\u00f3n de organizaciones sociales locales, emitieron alertas sobre un serio deterioro ambiental en cinco r\u00edos del \u00e1rea de\u2026","rel":"","context":"En \u00abNACIONALES\u00bb","block_context":{"text":"NACIONALES","link":"https:\/\/lasprimeras.com.do\/index.php\/category\/nacionales\/"},"img":{"alt_text":"","src":"https:\/\/i0.wp.com\/lasprimeras.com.do\/wp-content\/uploads\/2025\/09\/maikel-1.jpg?resize=350%2C200&ssl=1","width":350,"height":200,"srcset":"https:\/\/i0.wp.com\/lasprimeras.com.do\/wp-content\/uploads\/2025\/09\/maikel-1.jpg?resize=350%2C200&ssl=1 1x, https:\/\/i0.wp.com\/lasprimeras.com.do\/wp-content\/uploads\/2025\/09\/maikel-1.jpg?resize=525%2C300&ssl=1 1.5x, https:\/\/i0.wp.com\/lasprimeras.com.do\/wp-content\/uploads\/2025\/09\/maikel-1.jpg?resize=700%2C400&ssl=1 2x"},"classes":[]},{"id":85176,"url":"https:\/\/lasprimeras.com.do\/index.php\/2024\/06\/24\/cachoneros-marchan-contra-instalacion-de-grancera-en-su-territorio\/","url_meta":{"origin":108542,"position":5},"title":"Cachoneros marchan contra instalaci\u00f3n de grancera en su territorio","author":"Nelson Feliz","date":"24 de junio de 2024","format":false,"excerpt":"Por Benny Rodr\u00edguez Decenas de organizaciones sociales, ambientales, sindicatos, colegios de profesionales, entidades estudiantiles, de agricultores, amas de casas, entre otras marcharon este lunes 24 de junio contra la instalaci\u00f3n de una grancera en lugar conocido como \u201cLos Angelitos\u201d, pr\u00f3ximo a Caballero, perteneciente al Distrito Municipal El Cach\u00f3n, de esta\u2026","rel":"","context":"En \u00abNACIONALES\u00bb","block_context":{"text":"NACIONALES","link":"https:\/\/lasprimeras.com.do\/index.php\/category\/nacionales\/"},"img":{"alt_text":"Cachoneros","src":"https:\/\/i0.wp.com\/lasprimeras.com.do\/wp-content\/uploads\/2024\/06\/Cachoneros-1.jpg?resize=350%2C200&ssl=1","width":350,"height":200,"srcset":"https:\/\/i0.wp.com\/lasprimeras.com.do\/wp-content\/uploads\/2024\/06\/Cachoneros-1.jpg?resize=350%2C200&ssl=1 1x, https:\/\/i0.wp.com\/lasprimeras.com.do\/wp-content\/uploads\/2024\/06\/Cachoneros-1.jpg?resize=525%2C300&ssl=1 1.5x, https:\/\/i0.wp.com\/lasprimeras.com.do\/wp-content\/uploads\/2024\/06\/Cachoneros-1.jpg?resize=700%2C400&ssl=1 2x"},"classes":[]}],"jetpack_sharing_enabled":true,"_links":{"self":[{"href":"https:\/\/lasprimeras.com.do\/index.php\/wp-json\/wp\/v2\/posts\/108542","targetHints":{"allow":["GET"]}}],"collection":[{"href":"https:\/\/lasprimeras.com.do\/index.php\/wp-json\/wp\/v2\/posts"}],"about":[{"href":"https:\/\/lasprimeras.com.do\/index.php\/wp-json\/wp\/v2\/types\/post"}],"author":[{"embeddable":true,"href":"https:\/\/lasprimeras.com.do\/index.php\/wp-json\/wp\/v2\/users\/10"}],"replies":[{"embeddable":true,"href":"https:\/\/lasprimeras.com.do\/index.php\/wp-json\/wp\/v2\/comments?post=108542"}],"version-history":[{"count":1,"href":"https:\/\/lasprimeras.com.do\/index.php\/wp-json\/wp\/v2\/posts\/108542\/revisions"}],"predecessor-version":[{"id":108544,"href":"https:\/\/lasprimeras.com.do\/index.php\/wp-json\/wp\/v2\/posts\/108542\/revisions\/108544"}],"wp:featuredmedia":[{"embeddable":true,"href":"https:\/\/lasprimeras.com.do\/index.php\/wp-json\/wp\/v2\/media\/108543"}],"wp:attachment":[{"href":"https:\/\/lasprimeras.com.do\/index.php\/wp-json\/wp\/v2\/media?parent=108542"}],"wp:term":[{"taxonomy":"category","embeddable":true,"href":"https:\/\/lasprimeras.com.do\/index.php\/wp-json\/wp\/v2\/categories?post=108542"},{"taxonomy":"post_tag","embeddable":true,"href":"https:\/\/lasprimeras.com.do\/index.php\/wp-json\/wp\/v2\/tags?post=108542"}],"curies":[{"name":"wp","href":"https:\/\/api.w.org\/{rel}","templated":true}]}}