{"id":108545,"date":"2025-09-08T11:33:59","date_gmt":"2025-09-08T15:33:59","guid":{"rendered":"https:\/\/lasprimeras.com.do\/?p=108545"},"modified":"2025-09-08T11:34:00","modified_gmt":"2025-09-08T15:34:00","slug":"copardom-designa-a-lissette-dumit-como-su-directora-ejecutiva","status":"publish","type":"post","link":"https:\/\/lasprimeras.com.do\/index.php\/2025\/09\/08\/copardom-designa-a-lissette-dumit-como-su-directora-ejecutiva\/","title":{"rendered":"Copardom designa a Lissette Dumit como su directora ejecutiva"},"content":{"rendered":"\n<p><strong>Con amplia experiencia en gesti\u00f3n y di\u00e1logo social, asume el compromiso de fortalecer la representaci\u00f3n empresarial.<\/strong><\/p>\n\n\n\n<p>La Confederaci\u00f3n Patronal de la Rep\u00fablica Dominicana (Copardom) design\u00f3 a la especialista en derecho comercial, Lissette Dumit, como su nueva directora ejecutiva, lo cual se inscribe en la visi\u00f3n de fortalecer y dar continuidad al legado de compromiso y liderazgo institucional que ha caracterizado a la organizaci\u00f3n.<\/p>\n\n\n\n<p>Este nombramiento subraya la determinaci\u00f3n de la Copardom de seguir siendo un actor clave en la promoci\u00f3n de un clima de negocios favorable y el desarrollo socioecon\u00f3mico del pa\u00eds, de la mano de la presidenta de la Copardom, Laura Pe\u00f1a Izquierdo y dem\u00e1s miembros de la actual directiva 2025-2027.<\/p>\n\n\n\n<p>Con una destacada trayectoria en el \u00e1mbito empresarial y en el de la cooperaci\u00f3n internacional, Dumit asume la direcci\u00f3n operativa de la Copardom para optimizar la gesti\u00f3n interna y proyectar su incidencia en los principales debates nacionales.<\/p>\n\n\n\n<p>Entre sus funciones m\u00e1s destacadas se espera que lidere iniciativas estrat\u00e9gicas, fortalezca la representaci\u00f3n del sector privado en mesas de di\u00e1logo con el gobierno y los sindicatos.<\/p>\n\n\n\n<p>Su profundo conocimiento del entorno empresarial dominicano y su experiencia en la articulaci\u00f3n de consensos ser\u00e1n cruciales para la confederaci\u00f3n, y bajo su liderazgo se aguarda que la Copardom contin\u00fae siendo una voz influyente en la defensa de los derechos patronales y en la promoci\u00f3n de un marco regulatorio equitativo que beneficie a todos los actores productivos del pa\u00eds.<\/p>\n\n\n\n<p><strong>Una nueva etapa para la Copardom<\/strong><\/p>\n\n\n\n<p>La designaci\u00f3n de Dumit marca una nueva etapa para la instituci\u00f3n, que busca consolidar su posici\u00f3n como un socio estrat\u00e9gico en la construcci\u00f3n de un futuro pr\u00f3spero para la Rep\u00fablica Dominicana.<\/p>\n\n\n\n<p>Se espera que su gesti\u00f3n contribuya a la visi\u00f3n a largo plazo de la confederaci\u00f3n, alineada con los principios de desarrollo sostenible, justicia laboral y di\u00e1logo social.<\/p>\n\n\n\n<p>La organizaci\u00f3n reitera su compromiso con la promoci\u00f3n de los intereses leg\u00edtimos del empresariado dominicano, asegurando que su voz sea escuchada y valorada en el escenario nacional.<\/p>\n\n\n\n<p>Antes de su designaci\u00f3n, Dumit ocup\u00f3 importantes cargos que le han brindado una visi\u00f3n integral del sector. Su experiencia incluye roles como directora de relaciones gubernamentales en una importante corporaci\u00f3n multinacional, donde lider\u00f3 negociaciones de convenios y de importantes regulaciones.<\/p>\n\n\n\n<p>Asimismo, fungi\u00f3 como consejera senior en pol\u00edticas p\u00fablicas, democracia y gobernabilidad para el gobierno de los Estados Unidos, participando activamente en la formulaci\u00f3n de propuestas legislativas, promoci\u00f3n de pol\u00edticas p\u00fablicas y de importantes reformas para el pa\u00eds.<\/p>\n\n\n\n<p>Su trayectoria demuestra una profunda habilidad en la gesti\u00f3n de equipos y en la articulaci\u00f3n de consensos entre diferentes actores del \u00e1mbito econ\u00f3mico y social.<\/p>\n","protected":false},"excerpt":{"rendered":"<p>Con amplia experiencia en gesti\u00f3n y di\u00e1logo social, asume el compromiso de fortalecer la representaci\u00f3n empresarial. La Confederaci\u00f3n Patronal de la Rep\u00fablica Dominicana (Copardom) design\u00f3 a la especialista en derecho&hellip;<\/p>\n","protected":false},"author":10,"featured_media":108546,"comment_status":"open","ping_status":"open","sticky":false,"template":"","format":"standard","meta":{"content-type":"","jetpack_post_was_ever_published":false,"_jetpack_newsletter_access":"","_jetpack_dont_email_post_to_subs":false,"_jetpack_newsletter_tier_id":0,"_jetpack_memberships_contains_paywalled_content":false,"_jetpack_memberships_contains_paid_content":false,"footnotes":""},"categories":[39],"tags":[1194,20041,24309],"class_list":["post-108545","post","type-post","status-publish","format-standard","has-post-thumbnail","hentry","category-economia","tag-copardom","tag-directora-ejecutiva","tag-lissette-dumit"],"jetpack_featured_media_url":"https:\/\/lasprimeras.com.do\/wp-content\/uploads\/2025\/09\/Lissette-Dumit.jpg","jetpack-related-posts":[{"id":103026,"url":"https:\/\/lasprimeras.com.do\/index.php\/2025\/07\/10\/copardom-alerta-sobre-impactos-negativos-de-la-reforma-laboral\/","url_meta":{"origin":108545,"position":0},"title":"COPARDOM alerta sobre impactos negativos de la reforma laboral","author":"Nelson Feliz","date":"10 de julio de 2025","format":false,"excerpt":"La presidente de la entidad empresarial, Laura Pe\u00f1a Izquierdo, rechaza retrocesos en derechos y seguridad jur\u00eddica. La Confederaci\u00f3n Patronal de la Rep\u00fablica Dominicana (COPARDOM) manifest\u00f3 hoy su preocupaci\u00f3n ante la reciente aprobaci\u00f3n del proyecto de ley que modifica el C\u00f3digo Laboral, advirtiendo que esta reforma supone serios retrocesos para la\u2026","rel":"","context":"En \u00abECONOM\u00cdA\u00bb","block_context":{"text":"ECONOM\u00cdA","link":"https:\/\/lasprimeras.com.do\/index.php\/category\/economia\/"},"img":{"alt_text":"Laura Pe\u00f1a Izquierdo","src":"https:\/\/i0.wp.com\/lasprimeras.com.do\/wp-content\/uploads\/2025\/07\/Laura-Pena-Izquierdo-presidenta-Copardom-2023-2025.jpg?resize=350%2C200&ssl=1","width":350,"height":200,"srcset":"https:\/\/i0.wp.com\/lasprimeras.com.do\/wp-content\/uploads\/2025\/07\/Laura-Pena-Izquierdo-presidenta-Copardom-2023-2025.jpg?resize=350%2C200&ssl=1 1x, https:\/\/i0.wp.com\/lasprimeras.com.do\/wp-content\/uploads\/2025\/07\/Laura-Pena-Izquierdo-presidenta-Copardom-2023-2025.jpg?resize=525%2C300&ssl=1 1.5x, https:\/\/i0.wp.com\/lasprimeras.com.do\/wp-content\/uploads\/2025\/07\/Laura-Pena-Izquierdo-presidenta-Copardom-2023-2025.jpg?resize=700%2C400&ssl=1 2x"},"classes":[]},{"id":113226,"url":"https:\/\/lasprimeras.com.do\/index.php\/2025\/10\/30\/copardom-respalda-apertura-al-debate-sobre-la-reforma-laboral\/","url_meta":{"origin":108545,"position":1},"title":"Copardom respalda apertura al debate sobre la reforma laboral","author":"Nelson Feliz","date":"30 de octubre de 2025","format":false,"excerpt":"La presidenta Laura Pe\u00f1a Izquierdo valora como positiva la disposici\u00f3n de la diputada Carmen Ligia Barcel\u00f3 de mantener abierto el debate sobre la reforma. La Confederaci\u00f3n Patronal de la Rep\u00fablica Dominicana (Copardom) valor\u00f3 positivamente la disposici\u00f3n de la diputada Carmen Ligia Barcel\u00f3 de mantener abierto el debate sobre la reforma\u2026","rel":"","context":"En \u00abECONOM\u00cdA\u00bb","block_context":{"text":"ECONOM\u00cdA","link":"https:\/\/lasprimeras.com.do\/index.php\/category\/economia\/"},"img":{"alt_text":"","src":"https:\/\/i0.wp.com\/lasprimeras.com.do\/wp-content\/uploads\/2025\/10\/Laura-Pena-scaled.jpg?resize=350%2C200&ssl=1","width":350,"height":200,"srcset":"https:\/\/i0.wp.com\/lasprimeras.com.do\/wp-content\/uploads\/2025\/10\/Laura-Pena-scaled.jpg?resize=350%2C200&ssl=1 1x, https:\/\/i0.wp.com\/lasprimeras.com.do\/wp-content\/uploads\/2025\/10\/Laura-Pena-scaled.jpg?resize=525%2C300&ssl=1 1.5x, https:\/\/i0.wp.com\/lasprimeras.com.do\/wp-content\/uploads\/2025\/10\/Laura-Pena-scaled.jpg?resize=700%2C400&ssl=1 2x, https:\/\/i0.wp.com\/lasprimeras.com.do\/wp-content\/uploads\/2025\/10\/Laura-Pena-scaled.jpg?resize=1050%2C600&ssl=1 3x, https:\/\/i0.wp.com\/lasprimeras.com.do\/wp-content\/uploads\/2025\/10\/Laura-Pena-scaled.jpg?resize=1400%2C800&ssl=1 4x"},"classes":[]},{"id":51710,"url":"https:\/\/lasprimeras.com.do\/index.php\/2023\/06\/02\/copardom-reitera-compromiso-con-sistema-de-pensiones-destaca-325-mil-beneficiados\/","url_meta":{"origin":108545,"position":2},"title":"Copardom reitera compromiso con sistema de pensiones; destaca 325 mil beneficiados","author":"prenxa100","date":"2 de junio de 2023","format":false,"excerpt":"La entidad que representa a los empleados en el Consejo Nacional de la Seguridad Social instruy\u00f3 sobre el tema a m\u00e1s de 70 representantes de empresas. Santo Domingo, RD.- La presidenta de la Confederaci\u00f3n Patronal de la Rep\u00fablica Dominicana (Copardom), Laura Pe\u00f1a Izquierdo, reiter\u00f3 el compromiso de esa agrupaci\u00f3n de\u2026","rel":"","context":"En \u00abECONOM\u00cdA\u00bb","block_context":{"text":"ECONOM\u00cdA","link":"https:\/\/lasprimeras.com.do\/index.php\/category\/economia\/"},"img":{"alt_text":"","src":"","width":0,"height":0},"classes":[]},{"id":90380,"url":"https:\/\/lasprimeras.com.do\/index.php\/2024\/10\/20\/copardom-saluda-retiro-del-anteproyecto-de-reforma-fiscal\/","url_meta":{"origin":108545,"position":3},"title":"COPARDOM saluda retiro del anteproyecto de reforma fiscal","author":"Nelson Feliz","date":"20 de octubre de 2024","format":false,"excerpt":"La Confederaci\u00f3n Patronal de la Rep\u00fablica Dominicana (COPARDOM) salud\u00f3 este domingo el llamado del presidente Luis Abinader a la revisi\u00f3n de manera conjunta del proyecto de reforma fiscal, e inst\u00f3 a continuar el di\u00e1logo entre los diferentes sectores. Esta reforma debe garantizar la seguridad jur\u00eddica, as\u00ed como ser equitativa y\u2026","rel":"","context":"En \u00abECONOM\u00cdA\u00bb","block_context":{"text":"ECONOM\u00cdA","link":"https:\/\/lasprimeras.com.do\/index.php\/category\/economia\/"},"img":{"alt_text":"Laura Pe\u00f1a Izquierdo","src":"https:\/\/i0.wp.com\/lasprimeras.com.do\/wp-content\/uploads\/2024\/10\/Laura-Pena-Izquierdo.jpg?resize=350%2C200&ssl=1","width":350,"height":200,"srcset":"https:\/\/i0.wp.com\/lasprimeras.com.do\/wp-content\/uploads\/2024\/10\/Laura-Pena-Izquierdo.jpg?resize=350%2C200&ssl=1 1x, https:\/\/i0.wp.com\/lasprimeras.com.do\/wp-content\/uploads\/2024\/10\/Laura-Pena-Izquierdo.jpg?resize=525%2C300&ssl=1 1.5x, https:\/\/i0.wp.com\/lasprimeras.com.do\/wp-content\/uploads\/2024\/10\/Laura-Pena-Izquierdo.jpg?resize=700%2C400&ssl=1 2x"},"classes":[]},{"id":77993,"url":"https:\/\/lasprimeras.com.do\/index.php\/2024\/02\/27\/presidenta-de-copardom-valora-positivo-el-discurso-presidencial\/","url_meta":{"origin":108545,"position":4},"title":"Presidenta de Copardom valora positivo el discurso presidencial","author":"Nelson Feliz","date":"27 de febrero de 2024","format":false,"excerpt":"La presidenta de la Confederaci\u00f3n Patronal de la Rep\u00fablica Dominicana (Copardom), Laura Pe\u00f1a Izquierdo, valor\u00f3 este martes como positivo el discurso del presidente Luis Abinader, en el Congreso Nacional, donde present\u00f3 las memorias del desempe\u00f1o del Poder Ejecutivo correspondiente al a\u00f1o pasado. Pe\u00f1a Izquierdo dijo que la alocuci\u00f3n del mandatario\u2026","rel":"","context":"En \u00abECONOM\u00cdA\u00bb","block_context":{"text":"ECONOM\u00cdA","link":"https:\/\/lasprimeras.com.do\/index.php\/category\/economia\/"},"img":{"alt_text":"Laura Pe\u00f1a Izquierdo","src":"https:\/\/i0.wp.com\/lasprimeras.com.do\/wp-content\/uploads\/2023\/11\/Laura-Pena-Izquierdo.jpg?resize=350%2C200&ssl=1","width":350,"height":200,"srcset":"https:\/\/i0.wp.com\/lasprimeras.com.do\/wp-content\/uploads\/2023\/11\/Laura-Pena-Izquierdo.jpg?resize=350%2C200&ssl=1 1x, https:\/\/i0.wp.com\/lasprimeras.com.do\/wp-content\/uploads\/2023\/11\/Laura-Pena-Izquierdo.jpg?resize=525%2C300&ssl=1 1.5x, https:\/\/i0.wp.com\/lasprimeras.com.do\/wp-content\/uploads\/2023\/11\/Laura-Pena-Izquierdo.jpg?resize=700%2C400&ssl=1 2x"},"classes":[]},{"id":67923,"url":"https:\/\/lasprimeras.com.do\/index.php\/2023\/11\/20\/copardom-apoya-propuesta-del-teletrabajo-por-disturbio-tropical\/","url_meta":{"origin":108545,"position":5},"title":"Copardom apoya propuesta del teletrabajo por disturbio tropical","author":"Nelson Feliz","date":"20 de noviembre de 2023","format":false,"excerpt":"La presidenta de la Confederaci\u00f3n Patronal de la Rep\u00fablica Dominicana (Copardom), Laura Pe\u00f1a Izquierdo, respald\u00f3 las decisiones del Ministerio de Trabajo para apoyar el retorno a la normalidad de las actividades productivas a trav\u00e9s de la implementaci\u00f3n del teletrabajo de manera voluntaria y concertada. Consider\u00f3 que la medida contribuye con\u2026","rel":"","context":"En \u00abECONOM\u00cdA\u00bb","block_context":{"text":"ECONOM\u00cdA","link":"https:\/\/lasprimeras.com.do\/index.php\/category\/economia\/"},"img":{"alt_text":"Laura Pe\u00f1a Izquierdo","src":"https:\/\/i0.wp.com\/lasprimeras.com.do\/wp-content\/uploads\/2023\/11\/Laura-Pena-Izquierdo.jpg?resize=350%2C200&ssl=1","width":350,"height":200,"srcset":"https:\/\/i0.wp.com\/lasprimeras.com.do\/wp-content\/uploads\/2023\/11\/Laura-Pena-Izquierdo.jpg?resize=350%2C200&ssl=1 1x, https:\/\/i0.wp.com\/lasprimeras.com.do\/wp-content\/uploads\/2023\/11\/Laura-Pena-Izquierdo.jpg?resize=525%2C300&ssl=1 1.5x, https:\/\/i0.wp.com\/lasprimeras.com.do\/wp-content\/uploads\/2023\/11\/Laura-Pena-Izquierdo.jpg?resize=700%2C400&ssl=1 2x"},"classes":[]}],"jetpack_sharing_enabled":true,"_links":{"self":[{"href":"https:\/\/lasprimeras.com.do\/index.php\/wp-json\/wp\/v2\/posts\/108545","targetHints":{"allow":["GET"]}}],"collection":[{"href":"https:\/\/lasprimeras.com.do\/index.php\/wp-json\/wp\/v2\/posts"}],"about":[{"href":"https:\/\/lasprimeras.com.do\/index.php\/wp-json\/wp\/v2\/types\/post"}],"author":[{"embeddable":true,"href":"https:\/\/lasprimeras.com.do\/index.php\/wp-json\/wp\/v2\/users\/10"}],"replies":[{"embeddable":true,"href":"https:\/\/lasprimeras.com.do\/index.php\/wp-json\/wp\/v2\/comments?post=108545"}],"version-history":[{"count":1,"href":"https:\/\/lasprimeras.com.do\/index.php\/wp-json\/wp\/v2\/posts\/108545\/revisions"}],"predecessor-version":[{"id":108547,"href":"https:\/\/lasprimeras.com.do\/index.php\/wp-json\/wp\/v2\/posts\/108545\/revisions\/108547"}],"wp:featuredmedia":[{"embeddable":true,"href":"https:\/\/lasprimeras.com.do\/index.php\/wp-json\/wp\/v2\/media\/108546"}],"wp:attachment":[{"href":"https:\/\/lasprimeras.com.do\/index.php\/wp-json\/wp\/v2\/media?parent=108545"}],"wp:term":[{"taxonomy":"category","embeddable":true,"href":"https:\/\/lasprimeras.com.do\/index.php\/wp-json\/wp\/v2\/categories?post=108545"},{"taxonomy":"post_tag","embeddable":true,"href":"https:\/\/lasprimeras.com.do\/index.php\/wp-json\/wp\/v2\/tags?post=108545"}],"curies":[{"name":"wp","href":"https:\/\/api.w.org\/{rel}","templated":true}]}}