{"id":108555,"date":"2025-09-08T12:55:56","date_gmt":"2025-09-08T16:55:56","guid":{"rendered":"https:\/\/lasprimeras.com.do\/?p=108555"},"modified":"2025-09-08T12:55:57","modified_gmt":"2025-09-08T16:55:57","slug":"republica-dominicana-presenta-oportunidades-de-inversion-en-foro-de-negocios-en-beijing","status":"publish","type":"post","link":"https:\/\/lasprimeras.com.do\/index.php\/2025\/09\/08\/republica-dominicana-presenta-oportunidades-de-inversion-en-foro-de-negocios-en-beijing\/","title":{"rendered":"Rep\u00fablica Dominicana presenta oportunidades de inversi\u00f3n en Foro de Negocios en Beijing"},"content":{"rendered":"\n<p>Beijing, China \u2013 La Rep\u00fablica Dominicana celebr\u00f3 con \u00e9xito en Beijing el Foro de Negocios de la Rep\u00fablica Dominicana, encabezado por representantes oficiales del pa\u00eds y centrado en el clima de inversi\u00f3n y las oportunidades de cooperaci\u00f3n.<\/p>\n\n\n\n<p>El evento, organizado por la Embajada de la Rep\u00fablica Dominicana en China, atrajo a numerosas empresas chinas y se consolid\u00f3 como una plataforma clave para profundizar los v\u00ednculos econ\u00f3micos y comerciales entre ambos pa\u00edses, a siete a\u00f1os del establecimiento de relaciones diplom\u00e1ticas.<\/p>\n\n\n\n<p>Durante la actividad, Biviana Riveiro Disla, directora ejecutiva del Centro de Exportaci\u00f3n e Inversi\u00f3n de la Rep\u00fablica Dominicana (ProDominicana) y Su Excelencia Jos\u00e9 Julio G\u00f3mez, embajador dominicano en China, resaltaron que el pa\u00eds es la mayor econom\u00eda del Caribe y una de las de m\u00e1s r\u00e1pido crecimiento en Am\u00e9rica Latina, con una proyecci\u00f3n de crecimiento del PIB de 4.0% en 2025 y 4.8% en 2026.<\/p>\n\n\n\n<p>El Banco Mundial prev\u00e9 que en los pr\u00f3ximos a\u00f1os la naci\u00f3n mantendr\u00e1 un crecimiento promedio anual de 4.3%.<\/p>\n\n\n\n<p>En ese sentido, Biviana Riveiro present\u00f3 las oportunidades comerciales y de inversi\u00f3n ante los empresarios de China. \u201cSeguimos creando conexiones estrat\u00e9gicas con el objetivo de mantener el crecimiento de la econom\u00eda de nuestro pa\u00eds\u201d.<\/p>\n\n\n\n<figure class=\"wp-block-image size-full\"><img decoding=\"async\" width=\"900\" height=\"600\" src=\"https:\/\/lasprimeras.com.do\/wp-content\/uploads\/2025\/09\/Evento-.jpg\" alt=\"\" class=\"wp-image-108557\" srcset=\"https:\/\/lasprimeras.com.do\/wp-content\/uploads\/2025\/09\/Evento-.jpg 900w, https:\/\/lasprimeras.com.do\/wp-content\/uploads\/2025\/09\/Evento--300x200.jpg 300w, https:\/\/lasprimeras.com.do\/wp-content\/uploads\/2025\/09\/Evento--768x512.jpg 768w\" sizes=\"(max-width: 900px) 100vw, 900px\" \/><\/figure>\n\n\n\n<p>Las exportaciones dominicanas hacia China contin\u00faan consolid\u00e1ndose como un pilar estrat\u00e9gico dentro de la diversificaci\u00f3n de mercados.<\/p>\n\n\n\n<p>En 2024, las ventas de productos dominicanos hacia este destino alcanzaron los US$325.8 millones, lo que representa un notable crecimiento interanual de 34.9% respecto a 2023.<br>La canasta exportadora estuvo liderada por minerales de cobre, tabaco en rama e instrumentos m\u00e9dicos, productos que han fortalecido la presencia del pa\u00eds en uno de los mercados m\u00e1s competitivos del mundo.<\/p>\n\n\n\n<p>En el per\u00edodo enero-julio de 2025, las exportaciones totalizaron US$187.1 millones, confirmando la creciente inserci\u00f3n de bienes dominicanos de alto valor agregado.<\/p>\n\n\n\n<p>Este dinamismo refleja no solo la competitividad de la oferta nacional, sino tambi\u00e9n la importancia de China como socio comercial clave, ofreciendo amplias oportunidades para la expansi\u00f3n de las exportaciones dominicanas en sectores estrat\u00e9gicos.<\/p>\n\n\n\n<p>De igual manera, gracias a su estabilidad pol\u00edtica y econ\u00f3mica, su ubicaci\u00f3n estrat\u00e9gica y un marco legal robusto, la Rep\u00fablica Dominicana ofrece a los inversionistas acceso preferencial a un mercado de m\u00e1s de 1,200 millones de consumidores a trav\u00e9s de seis acuerdos de libre comercio.<\/p>\n\n\n\n<p>Actualmente, el pa\u00eds cuenta con m\u00e1s de 90 parques de zonas francas que albergan m\u00e1s de 850 empresas, cuyas exportaciones de mercanc\u00edas alcanzaron un r\u00e9cord hist\u00f3rico en 2024, con un valor de US$12,925 millones. Este monto refleja un crecimiento interanual del 8.3% en comparaci\u00f3n con 2023, con destino a 143 pa\u00edses.<\/p>\n\n\n\n<p>La cooperaci\u00f3n entre China y Rep\u00fablica Dominicana ya muestra resultados concretos, con empresas chinas operando en zonas francas dominicanas y generando m\u00e1s de 10,000 empleos directos e indirectos.<\/p>\n\n\n\n<p>En este contexto, el pa\u00eds caribe\u00f1o present\u00f3 sus metas estrat\u00e9gicas hacia 2036: expandir las zonas francas, crear 100,000 nuevos empleos, duplicar el PIB y alcanzar un ingreso per c\u00e1pita de 22,000 d\u00f3lares.<\/p>\n\n\n\n<p>El foro promovi\u00f3 oportunidades de cooperaci\u00f3n en tres sectores clave: turismo, energ\u00eda y tecnolog\u00eda:<\/p>\n\n\n\n<p>Turismo: La Rep\u00fablica Dominicana fue el primer pa\u00eds del mundo en recuperar los niveles de llegada de turistas previos a la pandemia. Para 2025 se proyecta recibir 12 millones de visitantes y captar inversiones anuales superiores a los US$ 1,200 millones en el sector.<\/p>\n\n\n\n<p>Energ\u00eda: El pa\u00eds proyecta que para 2030 el 30% de su matriz energ\u00e9tica provenga de fuentes renovables, lo que representa m\u00e1s del 57% de la inversi\u00f3n del Caribe en esta \u00e1rea.<\/p>\n\n\n\n<p>Tecnolog\u00eda: La naci\u00f3n busca impulsar el desarrollo en inteligencia artificial y en la industria de los semiconductores, tomando como referencia la experiencia de China para consolidar un ecosistema de innovaci\u00f3n.<\/p>\n\n\n\n<p>En los \u00faltimos cinco a\u00f1os, el comercio bilateral ha superado los US$ 21,000 millones. Con miras a fortalecer a\u00fan m\u00e1s estas relaciones, la Rep\u00fablica Dominicana ha implementado medidas de facilitaci\u00f3n de herramientas como la Ventanilla \u00danica de Inversi\u00f3n (VUI) y la Gu\u00eda de Inversi\u00f3n en idioma chino, invitando a las empresas chinas a establecerse en el pa\u00eds como socios estrat\u00e9gicos de largo plazo para explorar conjuntamente el potencial del mercado caribe\u00f1o.<\/p>\n","protected":false},"excerpt":{"rendered":"<p>Beijing, China \u2013 La Rep\u00fablica Dominicana celebr\u00f3 con \u00e9xito en Beijing el Foro de Negocios de la Rep\u00fablica Dominicana, encabezado por representantes oficiales del pa\u00eds y centrado en el clima&hellip;<\/p>\n","protected":false},"author":10,"featured_media":108556,"comment_status":"open","ping_status":"open","sticky":false,"template":"","format":"standard","meta":{"content-type":"","jetpack_post_was_ever_published":false,"_jetpack_newsletter_access":"","_jetpack_dont_email_post_to_subs":false,"_jetpack_newsletter_tier_id":0,"_jetpack_memberships_contains_paywalled_content":false,"_jetpack_memberships_contains_paid_content":false,"footnotes":""},"categories":[39,25],"tags":[13722,24313,2765,2014,1226],"class_list":["post-108555","post","type-post","status-publish","format-standard","has-post-thumbnail","hentry","category-economia","category-portada","tag-beijing","tag-foro-de-negocios","tag-inversion","tag-oportunidades","tag-republica-dominicana"],"jetpack_featured_media_url":"https:\/\/lasprimeras.com.do\/wp-content\/uploads\/2025\/09\/Biviana-Riveiro-Disla-directora-ejecutiva-de-ProDominicana.jpg","jetpack-related-posts":[{"id":61005,"url":"https:\/\/lasprimeras.com.do\/index.php\/2023\/09\/21\/rd-y-shanghai-fortalecen-las-relaciones-comerciales-en-un-encuentro-trascendental\/","url_meta":{"origin":108555,"position":0},"title":"RD y Shangh\u00e1i fortalecen las relaciones comerciales en un encuentro trascendental","author":"Nelson Feliz","date":"21 de septiembre de 2023","format":false,"excerpt":"El Centro de Exportaci\u00f3n e Inversi\u00f3n de la Rep\u00fablica Dominicana (ProDominicana) y el Ministerio de Relaciones Exteriores (MIREX) recibieron la visita de una delegaci\u00f3n gubernamental y empresarial de la ciudad de Shangh\u00e1i, China, con el prop\u00f3sito de explorar las oportunidades de negocios en el pa\u00eds.\u00a0\u00a0 En el marco de la\u2026","rel":"","context":"En \u00abECONOM\u00cdA\u00bb","block_context":{"text":"ECONOM\u00cdA","link":"https:\/\/lasprimeras.com.do\/index.php\/category\/economia\/"},"img":{"alt_text":"Encuentro Rep\u00fablica Dominicana y Rep\u00fablica Popular China","src":"https:\/\/i0.wp.com\/lasprimeras.com.do\/wp-content\/uploads\/2023\/09\/Encuentro-Republica-Dominicana-y-Republica-Popular-China.jpg?resize=350%2C200&ssl=1","width":350,"height":200,"srcset":"https:\/\/i0.wp.com\/lasprimeras.com.do\/wp-content\/uploads\/2023\/09\/Encuentro-Republica-Dominicana-y-Republica-Popular-China.jpg?resize=350%2C200&ssl=1 1x, https:\/\/i0.wp.com\/lasprimeras.com.do\/wp-content\/uploads\/2023\/09\/Encuentro-Republica-Dominicana-y-Republica-Popular-China.jpg?resize=525%2C300&ssl=1 1.5x, https:\/\/i0.wp.com\/lasprimeras.com.do\/wp-content\/uploads\/2023\/09\/Encuentro-Republica-Dominicana-y-Republica-Popular-China.jpg?resize=700%2C400&ssl=1 2x"},"classes":[]},{"id":107322,"url":"https:\/\/lasprimeras.com.do\/index.php\/2025\/08\/26\/biviana-riveiro-presenta-a-republica-dominicana-como-lugar-estrategico-para-las-empresas-japonesas\/","url_meta":{"origin":108555,"position":1},"title":"Biviana Riveiro presenta a Rep\u00fablica Dominicana como lugar estrat\u00e9gico para las empresas japonesas","author":"Nelson Feliz","date":"26 de agosto de 2025","format":false,"excerpt":"Resalt\u00f3 los resultados del intercambio comercial entre ambos pa\u00edses. Tokio, Jap\u00f3n.\u2013 La directora ejecutiva del Centro de Exportaci\u00f3n e Inversi\u00f3n de la Rep\u00fablica Dominicana (ProDominicana), Biviana Riveiro Disla, present\u00f3 en la capital nipona las oportunidades de negocios que ofrece el pa\u00eds, durante el foro \u201cHorizontes estrat\u00e9gicos: Rep\u00fablica Dominicana una tierra\u2026","rel":"","context":"En \u00abECONOM\u00cdA\u00bb","block_context":{"text":"ECONOM\u00cdA","link":"https:\/\/lasprimeras.com.do\/index.php\/category\/economia\/"},"img":{"alt_text":"","src":"https:\/\/i0.wp.com\/lasprimeras.com.do\/wp-content\/uploads\/2025\/08\/Biviana-Riveiro-1.jpg?resize=350%2C200&ssl=1","width":350,"height":200,"srcset":"https:\/\/i0.wp.com\/lasprimeras.com.do\/wp-content\/uploads\/2025\/08\/Biviana-Riveiro-1.jpg?resize=350%2C200&ssl=1 1x, https:\/\/i0.wp.com\/lasprimeras.com.do\/wp-content\/uploads\/2025\/08\/Biviana-Riveiro-1.jpg?resize=525%2C300&ssl=1 1.5x, https:\/\/i0.wp.com\/lasprimeras.com.do\/wp-content\/uploads\/2025\/08\/Biviana-Riveiro-1.jpg?resize=700%2C400&ssl=1 2x"},"classes":[]},{"id":119991,"url":"https:\/\/lasprimeras.com.do\/index.php\/2026\/01\/20\/prodominicana-impulsa-oportunidades-de-comercio-e-inversion-en-encuentro-estrategico-rd-portugal\/","url_meta":{"origin":108555,"position":2},"title":"ProDominicana impulsa oportunidades de comercio e inversi\u00f3n en encuentro estrat\u00e9gico RD\u2013Portugal","author":"Nelson Feliz","date":"20 de enero de 2026","format":false,"excerpt":"Biviana Riveiro","rel":"","context":"En \u00abECONOM\u00cdA\u00bb","block_context":{"text":"ECONOM\u00cdA","link":"https:\/\/lasprimeras.com.do\/index.php\/category\/economia\/"},"img":{"alt_text":"Biviana Riveiro","src":"https:\/\/i0.wp.com\/lasprimeras.com.do\/wp-content\/uploads\/2026\/01\/Biviana-Riveiro.jpg?resize=350%2C200&ssl=1","width":350,"height":200,"srcset":"https:\/\/i0.wp.com\/lasprimeras.com.do\/wp-content\/uploads\/2026\/01\/Biviana-Riveiro.jpg?resize=350%2C200&ssl=1 1x, https:\/\/i0.wp.com\/lasprimeras.com.do\/wp-content\/uploads\/2026\/01\/Biviana-Riveiro.jpg?resize=525%2C300&ssl=1 1.5x, https:\/\/i0.wp.com\/lasprimeras.com.do\/wp-content\/uploads\/2026\/01\/Biviana-Riveiro.jpg?resize=700%2C400&ssl=1 2x"},"classes":[]},{"id":86706,"url":"https:\/\/lasprimeras.com.do\/index.php\/2024\/07\/31\/delegacion-dominicana-agota-ciclo-formativo-en-buenas-practicas-de-medios-de-comunicacion-chinos\/","url_meta":{"origin":108555,"position":3},"title":"Delegaci\u00f3n dominicana agota ciclo formativo en buenas pr\u00e1cticas de medios de comunicaci\u00f3n chinos","author":"Nelson Feliz","date":"31 de julio de 2024","format":false,"excerpt":"China\u00a0promueve avance de la radio y la televisi\u00f3n como herramientas para el desarrollo de los pueblos. \u00a0Beijing, China. - Una delegaci\u00f3n dominicana constat\u00f3 el desarrollo y los avances tecnol\u00f3gicos experimentados por los medios de comunicaci\u00f3n de la Rep\u00fablica Popular China, en el marco del \"Seminario para los Profesionales Conocidos Latinoamericanos\u2026","rel":"","context":"En \u00abPORTADA\u00bb","block_context":{"text":"PORTADA","link":"https:\/\/lasprimeras.com.do\/index.php\/category\/portada\/"},"img":{"alt_text":"","src":"https:\/\/i0.wp.com\/lasprimeras.com.do\/wp-content\/uploads\/2024\/07\/dwle.jpg?resize=350%2C200&ssl=1","width":350,"height":200,"srcset":"https:\/\/i0.wp.com\/lasprimeras.com.do\/wp-content\/uploads\/2024\/07\/dwle.jpg?resize=350%2C200&ssl=1 1x, https:\/\/i0.wp.com\/lasprimeras.com.do\/wp-content\/uploads\/2024\/07\/dwle.jpg?resize=525%2C300&ssl=1 1.5x, https:\/\/i0.wp.com\/lasprimeras.com.do\/wp-content\/uploads\/2024\/07\/dwle.jpg?resize=700%2C400&ssl=1 2x"},"classes":[]},{"id":122823,"url":"https:\/\/lasprimeras.com.do\/index.php\/2026\/02\/23\/republica-dominicana-se-posiciona-como-centro-del-dialogo-global-con-el-concordia-horizon-summit-2026\/","url_meta":{"origin":108555,"position":4},"title":"Rep\u00fablica Dominicana se posiciona como centro del di\u00e1logo global con el Concordia Horizon Summit 2026","author":"Nelson Feliz","date":"23 de febrero de 2026","format":false,"excerpt":"El Centro de Exportaci\u00f3n e Inversi\u00f3n de la Rep\u00fablica Dominicana (ProDominicana) y la organizaci\u00f3n internacional Concordia, se celebr\u00f3 el Concordia Horizon Summit 2026: Rep\u00fablica Dominicana, un foro global de alto nivel que reuni\u00f3 a l\u00edderes del sector p\u00fablico, privado y de la sociedad civil para abordar los principales desaf\u00edos de\u2026","rel":"","context":"En \u00abECONOM\u00cdA\u00bb","block_context":{"text":"ECONOM\u00cdA","link":"https:\/\/lasprimeras.com.do\/index.php\/category\/economia\/"},"img":{"alt_text":"","src":"https:\/\/i0.wp.com\/lasprimeras.com.do\/wp-content\/uploads\/2026\/02\/Panel.jpg?resize=350%2C200&ssl=1","width":350,"height":200,"srcset":"https:\/\/i0.wp.com\/lasprimeras.com.do\/wp-content\/uploads\/2026\/02\/Panel.jpg?resize=350%2C200&ssl=1 1x, https:\/\/i0.wp.com\/lasprimeras.com.do\/wp-content\/uploads\/2026\/02\/Panel.jpg?resize=525%2C300&ssl=1 1.5x, https:\/\/i0.wp.com\/lasprimeras.com.do\/wp-content\/uploads\/2026\/02\/Panel.jpg?resize=700%2C400&ssl=1 2x"},"classes":[]},{"id":85047,"url":"https:\/\/lasprimeras.com.do\/index.php\/2024\/06\/21\/el-pacto-entre-rusia-y-corea-del-norte-podria-hacer-mella-en-la-influencia-de-china-pero-beijing-aun-domina-ambos\/","url_meta":{"origin":108555,"position":5},"title":"El pacto entre Rusia y Corea del Norte podr\u00eda hacer mella en la influencia de China, pero Beijing a\u00fan domina ambos","author":"Nelson Feliz","date":"21 de junio de 2024","format":false,"excerpt":"POR DIDI TANG Y KEN MORITSUGU BEIJING (AP) \u2014 Sin opciones obvias, China parece estar manteniendo la distancia mientras Rusia y Corea del Norte se acercan con un nuevo pacto de defensa que podr\u00eda inclinar el equilibrio de poder entre los tres estados autoritarios. Los expertos dicen que los l\u00edderes\u2026","rel":"","context":"En \u00abSin categor\u00eda\u00bb","block_context":{"text":"Sin categor\u00eda","link":"https:\/\/lasprimeras.com.do\/index.php\/category\/sin-categoria\/"},"img":{"alt_text":"","src":"https:\/\/i0.wp.com\/lasprimeras.com.do\/wp-content\/uploads\/2024\/06\/PACTO.jpg?resize=350%2C200&ssl=1","width":350,"height":200,"srcset":"https:\/\/i0.wp.com\/lasprimeras.com.do\/wp-content\/uploads\/2024\/06\/PACTO.jpg?resize=350%2C200&ssl=1 1x, https:\/\/i0.wp.com\/lasprimeras.com.do\/wp-content\/uploads\/2024\/06\/PACTO.jpg?resize=525%2C300&ssl=1 1.5x, https:\/\/i0.wp.com\/lasprimeras.com.do\/wp-content\/uploads\/2024\/06\/PACTO.jpg?resize=700%2C400&ssl=1 2x, https:\/\/i0.wp.com\/lasprimeras.com.do\/wp-content\/uploads\/2024\/06\/PACTO.jpg?resize=1050%2C600&ssl=1 3x"},"classes":[]}],"jetpack_sharing_enabled":true,"_links":{"self":[{"href":"https:\/\/lasprimeras.com.do\/index.php\/wp-json\/wp\/v2\/posts\/108555","targetHints":{"allow":["GET"]}}],"collection":[{"href":"https:\/\/lasprimeras.com.do\/index.php\/wp-json\/wp\/v2\/posts"}],"about":[{"href":"https:\/\/lasprimeras.com.do\/index.php\/wp-json\/wp\/v2\/types\/post"}],"author":[{"embeddable":true,"href":"https:\/\/lasprimeras.com.do\/index.php\/wp-json\/wp\/v2\/users\/10"}],"replies":[{"embeddable":true,"href":"https:\/\/lasprimeras.com.do\/index.php\/wp-json\/wp\/v2\/comments?post=108555"}],"version-history":[{"count":1,"href":"https:\/\/lasprimeras.com.do\/index.php\/wp-json\/wp\/v2\/posts\/108555\/revisions"}],"predecessor-version":[{"id":108558,"href":"https:\/\/lasprimeras.com.do\/index.php\/wp-json\/wp\/v2\/posts\/108555\/revisions\/108558"}],"wp:featuredmedia":[{"embeddable":true,"href":"https:\/\/lasprimeras.com.do\/index.php\/wp-json\/wp\/v2\/media\/108556"}],"wp:attachment":[{"href":"https:\/\/lasprimeras.com.do\/index.php\/wp-json\/wp\/v2\/media?parent=108555"}],"wp:term":[{"taxonomy":"category","embeddable":true,"href":"https:\/\/lasprimeras.com.do\/index.php\/wp-json\/wp\/v2\/categories?post=108555"},{"taxonomy":"post_tag","embeddable":true,"href":"https:\/\/lasprimeras.com.do\/index.php\/wp-json\/wp\/v2\/tags?post=108555"}],"curies":[{"name":"wp","href":"https:\/\/api.w.org\/{rel}","templated":true}]}}