{"id":108559,"date":"2025-09-08T13:06:54","date_gmt":"2025-09-08T17:06:54","guid":{"rendered":"https:\/\/lasprimeras.com.do\/?p=108559"},"modified":"2025-09-08T13:06:56","modified_gmt":"2025-09-08T17:06:56","slug":"haivanjoe-ng-cortinas-gobierno-metio-al-pais-en-una-trampa-monetaria","status":"publish","type":"post","link":"https:\/\/lasprimeras.com.do\/index.php\/2025\/09\/08\/haivanjoe-ng-cortinas-gobierno-metio-al-pais-en-una-trampa-monetaria\/","title":{"rendered":"Haivanjoe Ng Corti\u00f1as: \u201cGobierno meti\u00f3 al pa\u00eds en una trampa monetaria\u201d"},"content":{"rendered":"\n<p>El economista y exsuperintendente de Bancos, Haivanjoe Ng Corti\u00f1as, advirti\u00f3 este lunes que la Rep\u00fablica Dominicana atraviesa una \u201ctrampa monetaria\u201d, al se\u00f1alar que las medidas del Banco Central han perdido eficacia para impactar en la econom\u00eda real.<\/p>\n\n\n\n<p>\u201cEl Banco Central est\u00e1 atrapado en lo que la teor\u00eda econ\u00f3mica denomina una trampa monetaria, en la que sus decisiones de pol\u00edtica monetaria son ineficaces e incapaces de incidir en las decisiones que toman los agentes econ\u00f3micos\u201d, afirm\u00f3 Corti\u00f1as.<\/p>\n\n\n\n<p>Durante una entrevista en el programa Matutino Su Mundo, el especialista explic\u00f3 que, pese a la reducci\u00f3n de la tasa de pol\u00edtica monetaria que baj\u00f3 de 8.5 % en junio de 2023 a 5.75 % en septiembre de 2025, las tasas de inter\u00e9s bancarias se mantienen elevadas: la activa ronda el 15 %, mientras que la pasiva se ubica en torno al 8.7 %.<\/p>\n\n\n\n<p>\u201cNo se produce el efecto traspaso, y eso refuerza la trampa monetaria\u201d, puntualiz\u00f3 el economista.<\/p>\n\n\n\n<p>Velocidad del dinero ha disminuido<\/p>\n\n\n\n<p>Corti\u00f1as explic\u00f3 que la velocidad del dinero en el pa\u00eds ha disminuido casi un 5% en 2025, mientras que la tasa de inter\u00e9s activa de los bancos se mantiene alrededor del 15%, a pesar de la reducci\u00f3n de la tasa de pol\u00edtica monetaria del 8.5% al 5.75% desde junio de 2023. Esto, se\u00f1al\u00f3, genera un efecto limitado en la inversi\u00f3n y las transacciones comerciales, impulsando la preferencia de mantener los recursos l\u00edquidos o cambiarlos a d\u00f3lares.<\/p>\n\n\n\n<p>\u201cAlgunas de las razones son de car\u00e1cter internacional, como la fuerte revalorizaci\u00f3n del d\u00f3lar frente al yen japon\u00e9s, la libra esterlina y el euro\u201d, explic\u00f3 Haivanjoe Ng Corti\u00f1as. Se\u00f1al\u00f3 que estas variaciones globales impactan directamente en el mercado cambiario local.<\/p>\n\n\n\n<p>Escenario de incertidumbre<\/p>\n\n\n\n<p>El economista destac\u00f3 que la depreciaci\u00f3n del peso dominicano, que ha alcanzado cerca del 7% entre abril y septiembre de 2025, est\u00e1 vinculada tanto a factores internacionales como la apreciaci\u00f3n del d\u00f3lar frente a otras monedas como a riesgos fiscales locales, incluyendo el aumento del d\u00e9ficit presupuestario del 3% al 3.47% con el presupuesto complementario de 2025. Esta situaci\u00f3n, afirm\u00f3, genera incertidumbre y reduce la demanda de cr\u00e9dito, que creci\u00f3 menos del 9% en los primeros siete meses de 2025, frente al 17% del a\u00f1o anterior.<\/p>\n\n\n\n<p>Corti\u00f1as asegur\u00f3 que la alta tasa de inter\u00e9s que paga el Banco Central obliga a que la banca privada no reduzca sus propias tasas. Al no hacerlo, los bancos buscan mantener un margen (spread) m\u00e1s alto, lo que provoca que la tasa pasiva tambi\u00e9n aumente, ya que quienes poseen recursos l\u00edquidos en pesos exigen recibir un mayor rendimiento por sus dep\u00f3sitos.<\/p>\n\n\n\n<p>Intervenci\u00f3n del Banco Central<\/p>\n\n\n\n<p>El economista se\u00f1al\u00f3 que el Banco Central deber\u00eda abstenerse de intervenir en el mercado cambiario:<\/p>\n\n\n\n<p>\u201cEsa es otra expresi\u00f3n por la que el Banco Central deber\u00eda considerar no intervenir en el mercado, porque la tasa de las reservas internacionales ha bajado considerablemente y, adem\u00e1s, el mercado le env\u00eda se\u00f1ales de que los agentes econ\u00f3micos esperan una mayor tasa de cambio, alrededor de 64\u201d, explic\u00f3 el economista.<\/p>\n\n\n\n<p>Agreg\u00f3 que intervenir de manera artificial solo tendr\u00eda un impacto pol\u00edtico y no econ\u00f3mico:<\/p>\n\n\n\n<p>\u201cReducirla de manera artificial con una intervenci\u00f3n del Banco Central y situarla en el monto que ellos entiendan, 63 o 62, es solo procurando un efecto pol\u00edtico m\u00e1s que un efecto econ\u00f3mico\u201d, enfatiz\u00f3 Corti\u00f1as.<\/p>\n\n\n\n<p>Proyecci\u00f3n del d\u00f3lar a final de a\u00f1o<\/p>\n\n\n\n<p>Haivanjoe Ng Corti\u00f1as advirti\u00f3 que \u201csi el Banco Central no act\u00faa, el d\u00f3lar podr\u00eda llegar hasta un poco m\u00e1s de 65 pesos\u201d. Sin embargo, agreg\u00f3 que \u201csi act\u00faa, perfectamente podr\u00edan llevarlo al estimado que ellos tienen en su proyecci\u00f3n oficial, que es en torno a 63,40 pesos\u201d.<\/p>\n\n\n\n<p>El economista tambi\u00e9n se\u00f1al\u00f3 que \u201ctodo aumento de la tasa de cambio aumenta la inflaci\u00f3n en la Rep\u00fablica Dominicana\u201d. Explic\u00f3 que \u201cesta depreciaci\u00f3n de un 7% que se ha producido en los \u00faltimos dos meses genera una inflaci\u00f3n adicional a la que ya tenemos de 1.8%\u201d y record\u00f3 que \u201ccada vez que la tasa de cambio aumenta, la inflaci\u00f3n aumentar\u00e1 en el corto o mediano plazo\u201d.<\/p>\n\n\n\n<p>Fondo Monetario Internacional; poca expectativas<\/p>\n\n\n\n<p>Corti\u00f1as revel\u00f3 que el Fondo Monetario Internacional probablemente ha ampliado el abanico de consultas, involucrando a m\u00e1s actores que a simples sectores. Se\u00f1al\u00f3 que esta estrategia permite \u201ctomar realmente el term\u00f3metro de la econom\u00eda dominicana\u201d.<\/p>\n\n\n\n<p>Sin embargo, agreg\u00f3, \u201cyo no tengo grandes expectativas del informe final que se va a derivar de esta consulta amparada en el art\u00edculo 4 de la conformaci\u00f3n del Fondo Monetario Internacional en su origen\u201d.<\/p>\n\n\n\n<p>Sobre el contenido del informe, el economista indic\u00f3 que, \u201cal final, lo que dir\u00e1 es que hay s\u00f3lidos fundamentos econ\u00f3micos, que la econom\u00eda crece adecuadamente, que el sistema financiero est\u00e1 robusto y que la econom\u00eda dominicana se mueve con estabilidad en la tasa de inflaci\u00f3n, aunque con algunos desaf\u00edos\u201d.<\/p>\n\n\n\n<p>Respecto a esos desaf\u00edos, afirm\u00f3 que \u201cest\u00e1n principalmente del lado el\u00e9ctrico y especialmente en el tema de los subsidios, que implican el desaf\u00edo de sincerizar las finanzas p\u00fablicas\u201d. Se\u00f1al\u00f3 que, probablemente, \u201cni siquiera se utilizar\u00e1 la expresi\u00f3n reforma fiscal, sino que se enfocar\u00e1n en consolidaci\u00f3n fiscal, suavizando el lenguaje diplom\u00e1tico de las notas finales del FMI\u201d.<\/p>\n\n\n\n<p>Ng Corti\u00f1as subray\u00f3 que \u201csolo es un informe: hay uno para consumo interno del Estado y otro para el exterior, con objetivos distintos seg\u00fan el p\u00fablico al que se dirige\u201d.<\/p>\n\n\n\n<p>Populismo fiscal y deficiencia en la gesti\u00f3n p\u00fablica<\/p>\n\n\n\n<p>En el \u00e1mbito fiscal, el economista critic\u00f3 el aumento del d\u00e9ficit presupuestario de 3% a 3.47% del PIB, calificando la pol\u00edtica de \u201cpopulismo fiscal\u201d debido al incremento sostenido del gasto p\u00fablico que super\u00f3 los 6 billones de pesos en los \u00faltimos cinco a\u00f1os .<\/p>\n\n\n\n<p>\u201c\u00bfC\u00f3mo es posible que de manera imprudente las autoridades sometan un proyecto de ley de modificaci\u00f3n presupuestaria y eleven el d\u00e9ficit fiscal de 3 a 3.47% del PIB? Esto env\u00eda una se\u00f1al a los agentes econ\u00f3micos de que su exposici\u00f3n a riesgos fiscales ha aumentado, y en consecuencia, adoptan posturas m\u00e1s conservadoras en sus decisiones de inversi\u00f3n\u201d.<\/p>\n\n\n\n<p>Se\u00f1al\u00f3 que la ejecuci\u00f3n deficiente del presupuesto limita el crecimiento econ\u00f3mico y que, incluso con mejoras en el gasto de capital, el impacto ser\u00eda m\u00ednimo, estimado en apenas un 0.4% de crecimiento adicional.<\/p>\n\n\n\n<p>Finalmente, indic\u00f3 que un crecimiento cercano al 3% para 2025 ser\u00eda positivo, aunque destac\u00f3 que la mejora del desempe\u00f1o econ\u00f3mico depender\u00e1 de una gesti\u00f3n p\u00fablica m\u00e1s eficiente en la ejecuci\u00f3n del gasto.<\/p>\n","protected":false},"excerpt":{"rendered":"<p>El economista y exsuperintendente de Bancos, Haivanjoe Ng Corti\u00f1as, advirti\u00f3 este lunes que la Rep\u00fablica Dominicana atraviesa una \u201ctrampa monetaria\u201d, al se\u00f1alar que las medidas del Banco Central han perdido&hellip;<\/p>\n","protected":false},"author":10,"featured_media":108560,"comment_status":"open","ping_status":"open","sticky":false,"template":"","format":"standard","meta":{"content-type":"","jetpack_post_was_ever_published":false,"_jetpack_newsletter_access":"","_jetpack_dont_email_post_to_subs":false,"_jetpack_newsletter_tier_id":0,"_jetpack_memberships_contains_paywalled_content":false,"_jetpack_memberships_contains_paid_content":false,"footnotes":""},"categories":[39,25],"tags":[24314,4619],"class_list":["post-108559","post","type-post","status-publish","format-standard","has-post-thumbnail","hentry","category-economia","category-portada","tag-gobierno-metio-al-pais-en-una-trampa-monetaria","tag-haivanjoe-ng-cortinas"],"jetpack_featured_media_url":"https:\/\/lasprimeras.com.do\/wp-content\/uploads\/2025\/09\/Haivanjoe-Ng-Cortinas.jpg","jetpack-related-posts":[{"id":79791,"url":"https:\/\/lasprimeras.com.do\/index.php\/2024\/03\/31\/el-cuento-del-banco-central-sobre-el-crecimiento-economico\/","url_meta":{"origin":108559,"position":0},"title":"El cuento del Banco Central sobre el crecimiento econ\u00f3mico","author":"Nelson Feliz","date":"31 de marzo de 2024","format":false,"excerpt":"Haivanjoe Ng Corti\u00f1as El cuento como g\u00e9nero literario para relatar resulta fascinante no solo para el escritor, sino tambi\u00e9n para el lector y no es para menos, su lectura es entretenida al tiempo de instruir; pero acudir al uso del referido recurso por parte de una entidad estatal autorizada para\u2026","rel":"","context":"En \u00abOPINI\u00d3N\u00bb","block_context":{"text":"OPINI\u00d3N","link":"https:\/\/lasprimeras.com.do\/index.php\/category\/opinion\/"},"img":{"alt_text":"Haivanjoe Ng Corti\u00f1as","src":"https:\/\/i0.wp.com\/lasprimeras.com.do\/wp-content\/uploads\/2023\/07\/Haivanjoe-Ng-Cortinas.png?resize=350%2C200&ssl=1","width":350,"height":200,"srcset":"https:\/\/i0.wp.com\/lasprimeras.com.do\/wp-content\/uploads\/2023\/07\/Haivanjoe-Ng-Cortinas.png?resize=350%2C200&ssl=1 1x, https:\/\/i0.wp.com\/lasprimeras.com.do\/wp-content\/uploads\/2023\/07\/Haivanjoe-Ng-Cortinas.png?resize=525%2C300&ssl=1 1.5x"},"classes":[]},{"id":54573,"url":"https:\/\/lasprimeras.com.do\/index.php\/2023\/07\/12\/economista-ng-cortinas-niega-deuda-publica-bajara-afirma-que-subio\/","url_meta":{"origin":108559,"position":1},"title":"Economista Ng Corti\u00f1as niega deuda p\u00fablica bajara; afirma que subi\u00f3","author":"Nelson Feliz","date":"12 de julio de 2023","format":false,"excerpt":"El economista Haivanjoe Ng Corti\u00f1as neg\u00f3 que la deuda p\u00fablica dominicana haya descendido como dijo el ministro de Hacienda, Jochi Vicente, sino que por el contrario, lo que ha hecho es subir cada a\u00f1o y no solo la correspondiente al sector p\u00fablico no financiero, tambi\u00e9n la consolidada. \u201cC\u00f3mo es posible\u2026","rel":"","context":"En \u00abECONOM\u00cdA\u00bb","block_context":{"text":"ECONOM\u00cdA","link":"https:\/\/lasprimeras.com.do\/index.php\/category\/economia\/"},"img":{"alt_text":"Haivanjoe Ng Corti\u00f1as","src":"https:\/\/i0.wp.com\/lasprimeras.com.do\/wp-content\/uploads\/2023\/07\/Haivanjoe-Ng-Cortinas.png?resize=350%2C200&ssl=1","width":350,"height":200,"srcset":"https:\/\/i0.wp.com\/lasprimeras.com.do\/wp-content\/uploads\/2023\/07\/Haivanjoe-Ng-Cortinas.png?resize=350%2C200&ssl=1 1x, https:\/\/i0.wp.com\/lasprimeras.com.do\/wp-content\/uploads\/2023\/07\/Haivanjoe-Ng-Cortinas.png?resize=525%2C300&ssl=1 1.5x"},"classes":[]},{"id":62071,"url":"https:\/\/lasprimeras.com.do\/index.php\/2023\/10\/02\/haivanjoe-estima-cantidad-obras-del-gobierno-no-se-corresponde-con-el-nivel-gastos\/","url_meta":{"origin":108559,"position":2},"title":"Haivanjoe estima cantidad obras del gobierno no se corresponde con el nivel gastos","author":"Nelson Feliz","date":"2 de octubre de 2023","format":false,"excerpt":"El economista Haivanjoe Ng Corti\u00f1a estim\u00f3 que el pueblo le dar\u00e1 un voto de castigo al presidente Luis Abinader, porque en los tres a\u00f1os de gesti\u00f3n ha gastado m\u00e1s de RD$3.3 billones de pesos, y no tiene un sola obra importante que exhibir ante la sociedad. El tambi\u00e9n miembro de\u2026","rel":"","context":"En \u00abECONOM\u00cdA\u00bb","block_context":{"text":"ECONOM\u00cdA","link":"https:\/\/lasprimeras.com.do\/index.php\/category\/economia\/"},"img":{"alt_text":"","src":"https:\/\/i0.wp.com\/lasprimeras.com.do\/wp-content\/uploads\/2023\/10\/Ng-Cortinas.jpg?resize=350%2C200&ssl=1","width":350,"height":200,"srcset":"https:\/\/i0.wp.com\/lasprimeras.com.do\/wp-content\/uploads\/2023\/10\/Ng-Cortinas.jpg?resize=350%2C200&ssl=1 1x, https:\/\/i0.wp.com\/lasprimeras.com.do\/wp-content\/uploads\/2023\/10\/Ng-Cortinas.jpg?resize=525%2C300&ssl=1 1.5x"},"classes":[]},{"id":117451,"url":"https:\/\/lasprimeras.com.do\/index.php\/2025\/12\/10\/ng-cortinas-advierte-economia-cierra-el-2025-en-la-inercia-y-el-crecimiento-mas-bajo-en-tres-lustros\/","url_meta":{"origin":108559,"position":3},"title":"Ng Corti\u00f1as advierte econom\u00eda cierra el 2025 en la inercia y el crecimiento m\u00e1s bajo en tres lustros","author":"Nelson Feliz","date":"10 de diciembre de 2025","format":false,"excerpt":"Ng Corti\u00f1as alert\u00f3 sobre lo que considera un deterioro progresivo de las finanzas p\u00fablicas dominicanas, pronosticando que el d\u00e9ficit fiscal se elevar\u00eda cercano al 3.2% del PIB, mientras el saldo de la deuda p\u00fablica asciende a US$61,360 millones, equivalente a casi el 48.0% del PIB. El economista y militante del\u2026","rel":"","context":"En \u00abECONOM\u00cdA\u00bb","block_context":{"text":"ECONOM\u00cdA","link":"https:\/\/lasprimeras.com.do\/index.php\/category\/economia\/"},"img":{"alt_text":"Haivanjoe Ng Corti\u00f1as","src":"https:\/\/i0.wp.com\/lasprimeras.com.do\/wp-content\/uploads\/2025\/12\/Haivanjoe-Ng-Cortinas.jpg?resize=350%2C200&ssl=1","width":350,"height":200,"srcset":"https:\/\/i0.wp.com\/lasprimeras.com.do\/wp-content\/uploads\/2025\/12\/Haivanjoe-Ng-Cortinas.jpg?resize=350%2C200&ssl=1 1x, https:\/\/i0.wp.com\/lasprimeras.com.do\/wp-content\/uploads\/2025\/12\/Haivanjoe-Ng-Cortinas.jpg?resize=525%2C300&ssl=1 1.5x, https:\/\/i0.wp.com\/lasprimeras.com.do\/wp-content\/uploads\/2025\/12\/Haivanjoe-Ng-Cortinas.jpg?resize=700%2C400&ssl=1 2x"},"classes":[]},{"id":51866,"url":"https:\/\/lasprimeras.com.do\/index.php\/2023\/06\/04\/amchamdr-considera-medidas-recientes-del-bcrd-dinamizaran-crecimiento-economico-del-pais\/","url_meta":{"origin":108559,"position":4},"title":"AMCHAMDR considera medidas recientes del BCRD dinamizar\u00e1n crecimiento econ\u00f3mico del pa\u00eds","author":"prenxa100","date":"4 de junio de 2023","format":false,"excerpt":"La Camara Americana de Comercio ponder\u00f3 que las recientes medidas de pol\u00edtica econ\u00f3mica incentivar\u00e1n los sectores productivos para alcanzar las metas de crecimiento del BCRD. La C\u00e1mara Americana de Comercio de la Republica Dominicana celebra las medidas anunciadas por el Banco Central el pasado 31 de mayo, las cuales contribuir\u00e1n\u2026","rel":"","context":"En \u00abECONOM\u00cdA\u00bb","block_context":{"text":"ECONOM\u00cdA","link":"https:\/\/lasprimeras.com.do\/index.php\/category\/economia\/"},"img":{"alt_text":"","src":"","width":0,"height":0},"classes":[]},{"id":51479,"url":"https:\/\/lasprimeras.com.do\/index.php\/2023\/05\/31\/banco-central-reduce-50-puntos-basicos-tasa-de-politica-monetaria\/","url_meta":{"origin":108559,"position":5},"title":"Banco Central reduce 50 puntos b\u00e1sicos tasa de pol\u00edtica monetaria","author":"prenxa100","date":"31 de mayo de 2023","format":false,"excerpt":"Santo Domingo.-. El Banco Central de Rep\u00fablica Dominicana (BCRD) anunci\u00f3 este mi\u00e9rcoles que disminuy\u00f3 la tasa de pol\u00edtica monetaria en 50 puntos b\u00e1sicos, de 8.50 % a 8.00 %, decisi\u00f3n derivada de la reducci\u00f3n de la inflaci\u00f3n dom\u00e9stica. La tasa de la facilidad permanente de expansi\u00f3n de liquidez (Repos a\u2026","rel":"","context":"En \u00abECONOM\u00cdA\u00bb","block_context":{"text":"ECONOM\u00cdA","link":"https:\/\/lasprimeras.com.do\/index.php\/category\/economia\/"},"img":{"alt_text":"","src":"","width":0,"height":0},"classes":[]}],"jetpack_sharing_enabled":true,"_links":{"self":[{"href":"https:\/\/lasprimeras.com.do\/index.php\/wp-json\/wp\/v2\/posts\/108559","targetHints":{"allow":["GET"]}}],"collection":[{"href":"https:\/\/lasprimeras.com.do\/index.php\/wp-json\/wp\/v2\/posts"}],"about":[{"href":"https:\/\/lasprimeras.com.do\/index.php\/wp-json\/wp\/v2\/types\/post"}],"author":[{"embeddable":true,"href":"https:\/\/lasprimeras.com.do\/index.php\/wp-json\/wp\/v2\/users\/10"}],"replies":[{"embeddable":true,"href":"https:\/\/lasprimeras.com.do\/index.php\/wp-json\/wp\/v2\/comments?post=108559"}],"version-history":[{"count":1,"href":"https:\/\/lasprimeras.com.do\/index.php\/wp-json\/wp\/v2\/posts\/108559\/revisions"}],"predecessor-version":[{"id":108561,"href":"https:\/\/lasprimeras.com.do\/index.php\/wp-json\/wp\/v2\/posts\/108559\/revisions\/108561"}],"wp:featuredmedia":[{"embeddable":true,"href":"https:\/\/lasprimeras.com.do\/index.php\/wp-json\/wp\/v2\/media\/108560"}],"wp:attachment":[{"href":"https:\/\/lasprimeras.com.do\/index.php\/wp-json\/wp\/v2\/media?parent=108559"}],"wp:term":[{"taxonomy":"category","embeddable":true,"href":"https:\/\/lasprimeras.com.do\/index.php\/wp-json\/wp\/v2\/categories?post=108559"},{"taxonomy":"post_tag","embeddable":true,"href":"https:\/\/lasprimeras.com.do\/index.php\/wp-json\/wp\/v2\/tags?post=108559"}],"curies":[{"name":"wp","href":"https:\/\/api.w.org\/{rel}","templated":true}]}}