{"id":108562,"date":"2025-09-08T13:11:43","date_gmt":"2025-09-08T17:11:43","guid":{"rendered":"https:\/\/lasprimeras.com.do\/?p=108562"},"modified":"2025-09-08T13:11:44","modified_gmt":"2025-09-08T17:11:44","slug":"pld-denuncia-violaciones-a-los-derechos-humanos-y-al-estado-de-derecho","status":"publish","type":"post","link":"https:\/\/lasprimeras.com.do\/index.php\/2025\/09\/08\/pld-denuncia-violaciones-a-los-derechos-humanos-y-al-estado-de-derecho\/","title":{"rendered":"PLD denuncia violaciones a los derechos humanos y al Estado de Derecho"},"content":{"rendered":"\n<p><strong>Las muertes por intervenci\u00f3n policial aumentan en un 195% en los \u00faltimos cuatro a\u00f1os, denuncia el PLD en Rueda de Prensa.<\/strong><\/p>\n\n\n\n<p>El Partido de la Liberaci\u00f3n Dominicana (PLD) mostr\u00f3 su preocupaci\u00f3n por el patr\u00f3n creciente de muertes a manos de agentes de la Polic\u00eda Nacional, reportadas como \u201cintercambios de disparos\u201d, que, seg\u00fan evidencia p\u00fablica y est\u00e1ndares internacionales, podr\u00edan constituir ejecuciones extrajudiciales.<\/p>\n\n\n\n<p>El PLD defendi\u00f3 el derecho a la seguridad ciudadana, al tiempo que rechaz\u00f3 toda pr\u00e1ctica que vulnere el derecho a la vida y el debido proceso.<\/p>\n\n\n\n<p>La organizaci\u00f3n pol\u00edtica lo expuso en rueda de prensa este lunes en la Casa Nacional Reinaldo Pared P\u00e9rez, siendo vocero Yv\u00e1n Lorenzo, vicepresidente del PLD, acompa\u00f1ado de sus hom\u00f3logos Juan Tem\u00edstocles Montas y Zoraima Cuello, as\u00ed como Domingo Jim\u00e9nez Reyes, miembro del Comit\u00e9 Pol\u00edtico<\/p>\n\n\n\n<p>Refiere que en los \u00faltimos meses se han registrado unas 50 muertes en hechos que podr\u00edan ser catalogados como violatorios de los derechos humanos, rese\u00f1ados por la prensa nacional como presuntos \u201cintercambios de disparos\u201d, llegando en el mes de julio a 82 casos.<\/p>\n\n\n\n<p>Al mismo tiempo, el Gobierno report\u00f3 una tasa de homicidios en un d\u00edgito (7.9 en mayo; 8.22 en julio de 2025), mientras las muertes por intervenci\u00f3n policial aumentan en un 195% en los \u00faltimos cuatro a\u00f1os.<\/p>\n\n\n\n<p>Cabe recordar que el Informe 2024 del Departamento de Estado de Estados Unidos se\u00f1al\u00f3 la existencia de reportes cre\u00edbles de homicidios arbitrarios o ilegales por agentes estatales en la Rep\u00fablica Dominicana.<\/p>\n\n\n\n<p>El PLD exigi\u00f3 que se desarrollen investigaciones penales independientes en cada muerte por intervenci\u00f3n policial, aplicando el Protocolo de Minnesota, est\u00e1ndar de la ONU para investigar muertes potencialmente il\u00edcitas (ejecuciones extrajudiciales, muertes bajo custodia u operativos policiales), garantizando verdad, justicia, reparaci\u00f3n y la cadena de custodia.<\/p>\n\n\n\n<p>Tambi\u00e9n reclama la suspensi\u00f3n inmediata de los agentes involucrados mientras duren las pesquisas y la preservaci\u00f3n \u00edntegra de las evidencias, incluyendo grabaciones, demanda del uso obligatorio de c\u00e1maras corporales con m\u00e9tricas p\u00fablicas de su utilizaci\u00f3n y sanciones autom\u00e1ticas por apagar o manipular estos dispositivos durante los operativos.<\/p>\n\n\n\n<p>Asimismo, solicit\u00f3 la creaci\u00f3n de un tablero mensual de uso de la fuerza con disparos efectuados, heridos y fallecidos (civiles y agentes), denuncias y estado procesal por provincia y unidad, entre otros.<\/p>\n\n\n\n<p>La organizaci\u00f3n pol\u00edtica propuso adem\u00e1s acciones inmediatas como la creaci\u00f3n una Comisi\u00f3n Especial de Seguimiento a Muertes por Intervenci\u00f3n Policial, con facultad de requerir informaci\u00f3n y celebrar audiencias p\u00fablicas, regla de 72 horas: publicaci\u00f3n, del parte t\u00e9cnico m\u00ednimo de cada caso (hora, lugar, unidad actuante, motivo de la intervenci\u00f3n, evidencia levantada, armas incautadas y videos disponibles).<\/p>\n\n\n\n<p>Igualmente, cobertura nacional de c\u00e1maras corporales y protocolo de activaci\u00f3n obligatoria, con integraci\u00f3n a la cadena de custodia digital, plan de capacitaci\u00f3n y asistencia t\u00e9cnica.<\/p>\n\n\n\n<p>Sugiere implementar programa de capacitaci\u00f3n y recertificaci\u00f3n en uso diferenciado de la fuerza, desescalada y armas no letales para las unidades de mayor letalidad y asistencia t\u00e9cnica internacional (CIDH\/ONU) para revisar el marco operativo y elevar los est\u00e1ndares de rendici\u00f3n de cuentas.<\/p>\n\n\n\n<p>\u201cExigimos verdad, justicia y garant\u00edas de no repetici\u00f3n de los hechos que denunciamos. Ninguna pol\u00edtica p\u00fablica debe medir su \u00e9xito por la cantidad de \u201cabatidos\u201d, sino por la reducci\u00f3n sostenible del delito dentro del marco constitucional\u201d, concluye el documento expuesto en Rueda de Prensa por el ex senador de la Rep\u00fablica, Yvan Lorenzo.<\/p>\n","protected":false},"excerpt":{"rendered":"<p>Las muertes por intervenci\u00f3n policial aumentan en un 195% en los \u00faltimos cuatro a\u00f1os, denuncia el PLD en Rueda de Prensa. El Partido de la Liberaci\u00f3n Dominicana (PLD) mostr\u00f3 su&hellip;<\/p>\n","protected":false},"author":10,"featured_media":108563,"comment_status":"open","ping_status":"open","sticky":false,"template":"","format":"standard","meta":{"content-type":"","jetpack_post_was_ever_published":false,"_jetpack_newsletter_access":"","_jetpack_dont_email_post_to_subs":false,"_jetpack_newsletter_tier_id":0,"_jetpack_memberships_contains_paywalled_content":false,"_jetpack_memberships_contains_paid_content":false,"footnotes":""},"categories":[16559,25],"tags":[1075,24315,269,5757],"class_list":["post-108562","post","type-post","status-publish","format-standard","has-post-thumbnail","hentry","category-politica","category-portada","tag-derechos-humanos","tag-estado-de-derecho","tag-pld","tag-violaciones"],"jetpack_featured_media_url":"https:\/\/lasprimeras.com.do\/wp-content\/uploads\/2025\/09\/Yvan-Lorenzo-1.jpg","jetpack-related-posts":[{"id":110113,"url":"https:\/\/lasprimeras.com.do\/index.php\/2025\/09\/25\/pld-condena-genocidio-en-gaza-y-llama-a-la-solidaridad-con-el-pueblo-palestino-video\/","url_meta":{"origin":108562,"position":0},"title":"PLD condena genocidio en Gaza y llama a la solidaridad con el pueblo palestino | Video","author":"Nelson Feliz","date":"25 de septiembre de 2025","format":false,"excerpt":"El PLD recuerda que la Rep\u00fablica Dominicana reconoci\u00f3 al Estado Palestino en 2009 y llama a la coherencia en la pol\u00edtica exterior. El Partido de la Liberaci\u00f3n Dominicana (PLD) conden\u00f3 en\u00e9rgicamente el genocidio en Gaza, documentado en el informe de la Comisi\u00f3n Internacional de Investigaci\u00f3n de la ONU, y exigi\u00f3\u2026","rel":"","context":"En \u00abPOLITICA\u00bb","block_context":{"text":"POLITICA","link":"https:\/\/lasprimeras.com.do\/index.php\/category\/politica\/"},"img":{"alt_text":"","src":"https:\/\/i0.wp.com\/lasprimeras.com.do\/wp-content\/uploads\/2025\/09\/PLD-3.jpg?resize=350%2C200&ssl=1","width":350,"height":200,"srcset":"https:\/\/i0.wp.com\/lasprimeras.com.do\/wp-content\/uploads\/2025\/09\/PLD-3.jpg?resize=350%2C200&ssl=1 1x, https:\/\/i0.wp.com\/lasprimeras.com.do\/wp-content\/uploads\/2025\/09\/PLD-3.jpg?resize=525%2C300&ssl=1 1.5x, https:\/\/i0.wp.com\/lasprimeras.com.do\/wp-content\/uploads\/2025\/09\/PLD-3.jpg?resize=700%2C400&ssl=1 2x"},"classes":[]},{"id":101141,"url":"https:\/\/lasprimeras.com.do\/index.php\/2025\/06\/16\/pld-exhorta-al-gobierno-a-defender-los-derechos-de-dominicanos-en-puerto-rico-video\/","url_meta":{"origin":108562,"position":1},"title":"PLD exhorta al gobierno a defender los derechos de dominicanos en Puerto Rico | Video","author":"Nelson Feliz","date":"16 de junio de 2025","format":false,"excerpt":"\u00abNo est\u00e1n solos; defendemos su dignidad y exigimos acciones concretas del gobierno dominicano\u201d, Alexis Lantigua. El Partido de la Liberaci\u00f3n Dominicana (PLD), por intermedio de la Secretaria de Dominicanos en el exterior manifest\u00f3 su preocupaci\u00f3n por la falta de acciones del gobierno dominicano para atender la cr\u00edtica situaci\u00f3n migratoria que\u2026","rel":"","context":"En \u00abPOLITICA\u00bb","block_context":{"text":"POLITICA","link":"https:\/\/lasprimeras.com.do\/index.php\/category\/politica\/"},"img":{"alt_text":"","src":"https:\/\/i0.wp.com\/lasprimeras.com.do\/wp-content\/uploads\/2025\/06\/Alexis-Lantigua.jpg?resize=350%2C200&ssl=1","width":350,"height":200,"srcset":"https:\/\/i0.wp.com\/lasprimeras.com.do\/wp-content\/uploads\/2025\/06\/Alexis-Lantigua.jpg?resize=350%2C200&ssl=1 1x, https:\/\/i0.wp.com\/lasprimeras.com.do\/wp-content\/uploads\/2025\/06\/Alexis-Lantigua.jpg?resize=525%2C300&ssl=1 1.5x, https:\/\/i0.wp.com\/lasprimeras.com.do\/wp-content\/uploads\/2025\/06\/Alexis-Lantigua.jpg?resize=700%2C400&ssl=1 2x"},"classes":[]},{"id":65229,"url":"https:\/\/lasprimeras.com.do\/index.php\/2023\/10\/26\/pld-denuncia-violaciones-a-los-derechos-del-exministro-peralta\/","url_meta":{"origin":108562,"position":2},"title":"PLD denuncia violaciones a los derechos del exministro Peralta","author":"BIMARY DE JES\u00daS Matos","date":"26 de octubre de 2023","format":false,"excerpt":"Santo Domingo -El Partido de la Liberaci\u00f3n Dominicana (PLD) denunci\u00f3 este mi\u00e9rcoles que hay \u00abgroseras e ilegales violaciones\u00bb de garant\u00edas y derechos fundamentales en perjuicio del exministro administrativo de la Presidencia Jos\u00e9 Ram\u00f3n Peralta en prisi\u00f3n preventiva desde abril pasado por supuesta corrupci\u00f3n administrativa. El PLD se pronunci\u00f3 al respecto\u2026","rel":"","context":"En \u00abSin categor\u00eda\u00bb","block_context":{"text":"Sin categor\u00eda","link":"https:\/\/lasprimeras.com.do\/index.php\/category\/sin-categoria\/"},"img":{"alt_text":"","src":"","width":0,"height":0},"classes":[]},{"id":116509,"url":"https:\/\/lasprimeras.com.do\/index.php\/2025\/12\/02\/pld-defiende-derechos-constitucionales-de-los-partidos-politicos-video\/","url_meta":{"origin":108562,"position":3},"title":"PLD defiende derechos constitucionales de los partidos pol\u00edticos | Video","author":"Nelson Feliz","date":"2 de diciembre de 2025","format":false,"excerpt":"PLD denuncia excesos y advierte tendencia a limitar derechos democr\u00e1ticos y autonom\u00eda de los partidos pol\u00edticos. El Secretario General del Partido de la Liberaci\u00f3n Dominicana (PLD), Johnny Pujols, calific\u00f3 como \u201cun exceso\u201d la intimaci\u00f3n realizada por la Junta Central Electoral (JCE) a la manifestaci\u00f3n convocada por el partido Fuerza del\u2026","rel":"","context":"En \u00abPOLITICA\u00bb","block_context":{"text":"POLITICA","link":"https:\/\/lasprimeras.com.do\/index.php\/category\/politica\/"},"img":{"alt_text":"Johnny Pujols","src":"https:\/\/i0.wp.com\/lasprimeras.com.do\/wp-content\/uploads\/2025\/12\/Johnny-Pujols.jpg?resize=350%2C200&ssl=1","width":350,"height":200,"srcset":"https:\/\/i0.wp.com\/lasprimeras.com.do\/wp-content\/uploads\/2025\/12\/Johnny-Pujols.jpg?resize=350%2C200&ssl=1 1x, https:\/\/i0.wp.com\/lasprimeras.com.do\/wp-content\/uploads\/2025\/12\/Johnny-Pujols.jpg?resize=525%2C300&ssl=1 1.5x, https:\/\/i0.wp.com\/lasprimeras.com.do\/wp-content\/uploads\/2025\/12\/Johnny-Pujols.jpg?resize=700%2C400&ssl=1 2x"},"classes":[]},{"id":117294,"url":"https:\/\/lasprimeras.com.do\/index.php\/2025\/12\/09\/alexander-rivas-el-prm-sigue-enganando-a-la-gente-con-falsas-promesas\/","url_meta":{"origin":108562,"position":4},"title":"Alexander Rivas: El PRM sigue enga\u00f1ando a la gente con falsas promesas","author":"Nelson Feliz","date":"9 de diciembre de 2025","format":false,"excerpt":"El PLD en Montecristi denuncia el uso de los programas de asistencia social del Gobierno con fines propagand\u00edsticos para el PRM El Partido de la Liberaci\u00f3n Dominicana (PLD) en Montecristi denunci\u00f3 el uso de los programas de asistencia social del Gobierno con fines propagand\u00edsticos para el PRM, en franca violaci\u00f3n\u2026","rel":"","context":"En \u00abPOLITICA\u00bb","block_context":{"text":"POLITICA","link":"https:\/\/lasprimeras.com.do\/index.php\/category\/politica\/"},"img":{"alt_text":"Alexander Rivas","src":"https:\/\/i0.wp.com\/lasprimeras.com.do\/wp-content\/uploads\/2025\/12\/Alexander-Rivas.jpeg?resize=350%2C200&ssl=1","width":350,"height":200,"srcset":"https:\/\/i0.wp.com\/lasprimeras.com.do\/wp-content\/uploads\/2025\/12\/Alexander-Rivas.jpeg?resize=350%2C200&ssl=1 1x, https:\/\/i0.wp.com\/lasprimeras.com.do\/wp-content\/uploads\/2025\/12\/Alexander-Rivas.jpeg?resize=525%2C300&ssl=1 1.5x, https:\/\/i0.wp.com\/lasprimeras.com.do\/wp-content\/uploads\/2025\/12\/Alexander-Rivas.jpeg?resize=700%2C400&ssl=1 2x, https:\/\/i0.wp.com\/lasprimeras.com.do\/wp-content\/uploads\/2025\/12\/Alexander-Rivas.jpeg?resize=1050%2C600&ssl=1 3x, https:\/\/i0.wp.com\/lasprimeras.com.do\/wp-content\/uploads\/2025\/12\/Alexander-Rivas.jpeg?resize=1400%2C800&ssl=1 4x"},"classes":[]},{"id":111856,"url":"https:\/\/lasprimeras.com.do\/index.php\/2025\/10\/14\/pld-denuncia-grave-negligencia-en-protecom\/","url_meta":{"origin":108562,"position":5},"title":"PLD denuncia grave negligencia en PROTECOM","author":"Nelson Feliz","date":"14 de octubre de 2025","format":false,"excerpt":"M\u00e1s de 43 mil reclamaciones sin respuesta y 70% fuera de plazo delatan ineficiencia y falta de transparencia. El Partido de la Liberaci\u00f3n Dominicana (PLD) denunci\u00f3 el preocupante nivel de ineficiencia y falta de transparencia que exhibe la Direcci\u00f3n de Protecci\u00f3n al Consumidor de Electricidad (PROTECOM), entidad responsable de velar\u2026","rel":"","context":"En \u00abPOLITICA\u00bb","block_context":{"text":"POLITICA","link":"https:\/\/lasprimeras.com.do\/index.php\/category\/politica\/"},"img":{"alt_text":"","src":"https:\/\/i0.wp.com\/lasprimeras.com.do\/wp-content\/uploads\/2025\/10\/pld-1.jpg?resize=350%2C200&ssl=1","width":350,"height":200,"srcset":"https:\/\/i0.wp.com\/lasprimeras.com.do\/wp-content\/uploads\/2025\/10\/pld-1.jpg?resize=350%2C200&ssl=1 1x, https:\/\/i0.wp.com\/lasprimeras.com.do\/wp-content\/uploads\/2025\/10\/pld-1.jpg?resize=525%2C300&ssl=1 1.5x, https:\/\/i0.wp.com\/lasprimeras.com.do\/wp-content\/uploads\/2025\/10\/pld-1.jpg?resize=700%2C400&ssl=1 2x"},"classes":[]}],"jetpack_sharing_enabled":true,"_links":{"self":[{"href":"https:\/\/lasprimeras.com.do\/index.php\/wp-json\/wp\/v2\/posts\/108562","targetHints":{"allow":["GET"]}}],"collection":[{"href":"https:\/\/lasprimeras.com.do\/index.php\/wp-json\/wp\/v2\/posts"}],"about":[{"href":"https:\/\/lasprimeras.com.do\/index.php\/wp-json\/wp\/v2\/types\/post"}],"author":[{"embeddable":true,"href":"https:\/\/lasprimeras.com.do\/index.php\/wp-json\/wp\/v2\/users\/10"}],"replies":[{"embeddable":true,"href":"https:\/\/lasprimeras.com.do\/index.php\/wp-json\/wp\/v2\/comments?post=108562"}],"version-history":[{"count":1,"href":"https:\/\/lasprimeras.com.do\/index.php\/wp-json\/wp\/v2\/posts\/108562\/revisions"}],"predecessor-version":[{"id":108564,"href":"https:\/\/lasprimeras.com.do\/index.php\/wp-json\/wp\/v2\/posts\/108562\/revisions\/108564"}],"wp:featuredmedia":[{"embeddable":true,"href":"https:\/\/lasprimeras.com.do\/index.php\/wp-json\/wp\/v2\/media\/108563"}],"wp:attachment":[{"href":"https:\/\/lasprimeras.com.do\/index.php\/wp-json\/wp\/v2\/media?parent=108562"}],"wp:term":[{"taxonomy":"category","embeddable":true,"href":"https:\/\/lasprimeras.com.do\/index.php\/wp-json\/wp\/v2\/categories?post=108562"},{"taxonomy":"post_tag","embeddable":true,"href":"https:\/\/lasprimeras.com.do\/index.php\/wp-json\/wp\/v2\/tags?post=108562"}],"curies":[{"name":"wp","href":"https:\/\/api.w.org\/{rel}","templated":true}]}}