{"id":108568,"date":"2025-09-08T18:56:32","date_gmt":"2025-09-08T22:56:32","guid":{"rendered":"https:\/\/lasprimeras.com.do\/?p=108568"},"modified":"2025-09-08T18:56:34","modified_gmt":"2025-09-08T22:56:34","slug":"abinader-da-raspa-polvo-a-diosdado-cabello-aclara-se-refirio-al-cartel-de-los-soles-no-a-venezuela","status":"publish","type":"post","link":"https:\/\/lasprimeras.com.do\/index.php\/2025\/09\/08\/abinader-da-raspa-polvo-a-diosdado-cabello-aclara-se-refirio-al-cartel-de-los-soles-no-a-venezuela\/","title":{"rendered":"Abinader da &#8220;raspa polvo a Diosdado Cabello&#8221;, aclara se refiri\u00f3 al C\u00e1rtel de Los Soles, no a Venezuela\u201d"},"content":{"rendered":"\n<p>El presidente Luis Abinader respondi\u00f3 este lunes a las declaraciones del dirigente venezolano Diosdado Cabello, quien lo atac\u00f3 verbalmente tras la decisi\u00f3n del Gobierno dominicano de declarar al C\u00e1rtel de Los Soles como organizaci\u00f3n terrorista.<\/p>\n\n\n\n<p>El mandatario aclar\u00f3 que su pronunciamiento nunca estuvo dirigido a Venezuela ni a funcionarios de ese pa\u00eds. \u201cYo no hice ning\u00fan pronunciamiento contra \u00e9l. Yo habl\u00e9 fue de los narcotraficantes y del C\u00e1rtel de Los Soles. No s\u00e9 por qu\u00e9 esa respuesta, porque yo ni mencion\u00e9 a Venezuela\u201d, afirm\u00f3 Abinader.<\/p>\n\n\n\n<p>Subray\u00f3 que la declaraci\u00f3n sobre el C\u00e1rtel de Los Soles como grupo terrorista fue una medida institucional del Estado dominicano y no un ataque personal.<\/p>\n\n\n\n<p>Asimismo, el jefe de Estado cuestion\u00f3 el trato de Cabello hacia otros l\u00edderes de la regi\u00f3n.<\/p>\n\n\n\n<p>\u201cMe extra\u00f1a tambi\u00e9n que \u00e9l se refiere de manera muy despectiva a la primer ministro de Trinidad y Tobago y a m\u00ed, pero trata con mucho respeto al secretario Rubio y llama a reunirse con Trump. Le vi ah\u00ed su gran valent\u00eda. \u00a1Qu\u00e9 valent\u00eda!\u201d, expres\u00f3 con iron\u00eda.<\/p>\n\n\n\n<p>La controversia surge tras la inclusi\u00f3n del C\u00e1rtel de Los Soles en la lista de organizaciones terroristas, decisi\u00f3n respaldada por Rep\u00fablica Dominicana como parte de sus pol\u00edticas contra el narcotr\u00e1fico, en coordinaci\u00f3n con aliados internacionales.<\/p>\n","protected":false},"excerpt":{"rendered":"<p>El presidente Luis Abinader respondi\u00f3 este lunes a las declaraciones del dirigente venezolano Diosdado Cabello, quien lo atac\u00f3 verbalmente tras la decisi\u00f3n del Gobierno dominicano de declarar al C\u00e1rtel de&hellip;<\/p>\n","protected":false},"author":10,"featured_media":108569,"comment_status":"open","ping_status":"open","sticky":false,"template":"","format":"standard","meta":{"content-type":"","jetpack_post_was_ever_published":false,"_jetpack_newsletter_access":"","_jetpack_dont_email_post_to_subs":false,"_jetpack_newsletter_tier_id":0,"_jetpack_memberships_contains_paywalled_content":false,"_jetpack_memberships_contains_paid_content":false,"footnotes":""},"categories":[35,25],"tags":[24041,15380,67,24320,24319],"class_list":["post-108568","post","type-post","status-publish","format-standard","has-post-thumbnail","hentry","category-nacionales","category-portada","tag-cartel-de-los-soles","tag-diosdado-cabello","tag-luis-abinader","tag-no-a-venezuela","tag-raspa-polvo"],"jetpack_featured_media_url":"https:\/\/lasprimeras.com.do\/wp-content\/uploads\/2025\/09\/LA.jpg","jetpack-related-posts":[{"id":108571,"url":"https:\/\/lasprimeras.com.do\/index.php\/2025\/09\/08\/diosdado-cabello-llama-pillo-estupido-a-luis-abinader\/","url_meta":{"origin":108568,"position":0},"title":"Diosdado Cabello llama \u00abpillo est\u00fapido\u00bb a Luis Abinader","author":"Nelson Feliz","date":"8 de septiembre de 2025","format":false,"excerpt":"CARACAS.- El primer vicepresidente del Partido Socialista Unido de Venezuela (PSUV), Diosdado Cabello, critic\u00f3 duramente a varios l\u00edderes extranjeros, incluyendo al presidente dominicano Luis Abinader, por su presunto apoyo a la destrucci\u00f3n de un barco acusado de transportar drogas por parte de Estados Unidos. En una declaraci\u00f3n cargada de insultos\u2026","rel":"","context":"En \u00abINTERNACIONALES\u00bb","block_context":{"text":"INTERNACIONALES","link":"https:\/\/lasprimeras.com.do\/index.php\/category\/sin-categoria\/internacionales\/"},"img":{"alt_text":"","src":"https:\/\/i0.wp.com\/lasprimeras.com.do\/wp-content\/uploads\/2025\/09\/Cabello.jpg?resize=350%2C200&ssl=1","width":350,"height":200,"srcset":"https:\/\/i0.wp.com\/lasprimeras.com.do\/wp-content\/uploads\/2025\/09\/Cabello.jpg?resize=350%2C200&ssl=1 1x, https:\/\/i0.wp.com\/lasprimeras.com.do\/wp-content\/uploads\/2025\/09\/Cabello.jpg?resize=525%2C300&ssl=1 1.5x, https:\/\/i0.wp.com\/lasprimeras.com.do\/wp-content\/uploads\/2025\/09\/Cabello.jpg?resize=700%2C400&ssl=1 2x"},"classes":[]},{"id":92325,"url":"https:\/\/lasprimeras.com.do\/index.php\/2025\/01\/02\/en-venezuela-asesinan-al-jefe-de-seguridad-de-diosdado-cabello\/","url_meta":{"origin":108568,"position":1},"title":"En Venezuela asesinan al jefe de seguridad de Diosdado Cabello","author":"Nelson Feliz","date":"2 de enero de 2025","format":false,"excerpt":"Caracas, AP.-.Capit\u00e1n de la Guardia Nacional Bolivariana (GNB) y jefe de seguridad del ministro de Interior y Justicia de Venezuela, Diosdado Cabello, fue encontrado muerto dentro de un veh\u00edculo en el distribuidor La Castellana, en Caracas. Este crimen ha sacudido la esfera pol\u00edtica y de seguridad del pa\u00eds, debido al\u2026","rel":"","context":"En \u00abINTERNACIONALES\u00bb","block_context":{"text":"INTERNACIONALES","link":"https:\/\/lasprimeras.com.do\/index.php\/category\/sin-categoria\/internacionales\/"},"img":{"alt_text":"","src":"https:\/\/i0.wp.com\/lasprimeras.com.do\/wp-content\/uploads\/2025\/01\/seguridad.jpg?resize=350%2C200&ssl=1","width":350,"height":200,"srcset":"https:\/\/i0.wp.com\/lasprimeras.com.do\/wp-content\/uploads\/2025\/01\/seguridad.jpg?resize=350%2C200&ssl=1 1x, https:\/\/i0.wp.com\/lasprimeras.com.do\/wp-content\/uploads\/2025\/01\/seguridad.jpg?resize=525%2C300&ssl=1 1.5x"},"classes":[]},{"id":89012,"url":"https:\/\/lasprimeras.com.do\/index.php\/2024\/09\/14\/caracas-dice-que-espana-iba-a-suministrar-mercenarios-para-operacion-contra-venezuela\/","url_meta":{"origin":108568,"position":2},"title":"Caracas dice que Espa\u00f1a &#8220;iba a suministrar mercenarios&#8221; para operaci\u00f3n contra Venezuela","author":"Nelson Feliz","date":"14 de septiembre de 2024","format":false,"excerpt":"Caracas, (EFE).- El ministro del Interior de Venezuela, Diosdado Cabello, dijo este s\u00e1bado que Espa\u00f1a \"iba a suministrar mercenarios\" para una supuesta operaci\u00f3n -dirigida por Estados Unidos- contra el pa\u00eds caribe\u00f1o, por la que est\u00e1n detenidos dos ciudadanos de la naci\u00f3n europea, que ten\u00eda como objetivo llevar a cabo actos\u2026","rel":"","context":"En \u00abSin categor\u00eda\u00bb","block_context":{"text":"Sin categor\u00eda","link":"https:\/\/lasprimeras.com.do\/index.php\/category\/sin-categoria\/"},"img":{"alt_text":"Diosdado Cabello","src":"https:\/\/i0.wp.com\/lasprimeras.com.do\/wp-content\/uploads\/2024\/09\/Diosdado-Cabello.jpg?resize=350%2C200&ssl=1","width":350,"height":200,"srcset":"https:\/\/i0.wp.com\/lasprimeras.com.do\/wp-content\/uploads\/2024\/09\/Diosdado-Cabello.jpg?resize=350%2C200&ssl=1 1x, https:\/\/i0.wp.com\/lasprimeras.com.do\/wp-content\/uploads\/2024\/09\/Diosdado-Cabello.jpg?resize=525%2C300&ssl=1 1.5x, https:\/\/i0.wp.com\/lasprimeras.com.do\/wp-content\/uploads\/2024\/09\/Diosdado-Cabello.jpg?resize=700%2C400&ssl=1 2x"},"classes":[]},{"id":115999,"url":"https:\/\/lasprimeras.com.do\/index.php\/2025\/11\/26\/venezuela-llama-locura-imperial-que-rd-autorice-a-ee-uu-a-utilizar-aeropuertos\/","url_meta":{"origin":108568,"position":3},"title":"Venezuela llama &#8220;locura imperial&#8221; que RD autorice a EE. UU. a utilizar aeropuertos","author":"Nelson Feliz","date":"26 de noviembre de 2025","format":false,"excerpt":"El presidente Luis Abinader anunci\u00f3 hoy un acuerdo con el secretario de Guerra estadounidense, Pete Hegseth, que autoriza a esa naci\u00f3n al uso temporal de dos aeropuertos para el combate del narcotr\u00e1fico en la regi\u00f3n Caracas, EFE- El ministro de Interior de Venezuela, Diosdado Cabello, consider\u00f3 este mi\u00e9rcoles como una\u2026","rel":"","context":"En \u00abINTERNACIONALES\u00bb","block_context":{"text":"INTERNACIONALES","link":"https:\/\/lasprimeras.com.do\/index.php\/category\/sin-categoria\/internacionales\/"},"img":{"alt_text":"Diosdado Cabello","src":"https:\/\/i0.wp.com\/lasprimeras.com.do\/wp-content\/uploads\/2024\/09\/Diosdado-Cabello.jpg?resize=350%2C200&ssl=1","width":350,"height":200,"srcset":"https:\/\/i0.wp.com\/lasprimeras.com.do\/wp-content\/uploads\/2024\/09\/Diosdado-Cabello.jpg?resize=350%2C200&ssl=1 1x, https:\/\/i0.wp.com\/lasprimeras.com.do\/wp-content\/uploads\/2024\/09\/Diosdado-Cabello.jpg?resize=525%2C300&ssl=1 1.5x, https:\/\/i0.wp.com\/lasprimeras.com.do\/wp-content\/uploads\/2024\/09\/Diosdado-Cabello.jpg?resize=700%2C400&ssl=1 2x"},"classes":[]},{"id":115901,"url":"https:\/\/lasprimeras.com.do\/index.php\/2025\/11\/26\/diosdado-cabello-quien-ose-poner-un-pie-sobre-venezuela-sera-aniquilado-por-nuestro-pueblo\/","url_meta":{"origin":108568,"position":4},"title":"Diosdado Cabello: &#8220;Quien ose poner un pie sobre Venezuela, ser\u00e1 aniquilado por nuestro pueblo&#8221;","author":"Nelson Feliz","date":"26 de noviembre de 2025","format":false,"excerpt":"El alto funcionario asegur\u00f3 que \"las \u00ednfulas de conquistador que tiene Marco Rubio\" se estrellar\u00e1n contra la voluntad de lucha de los venezolanos. Venezuela,RT.-. La aniquilaci\u00f3n es lo que les espera a quienes emprendan actos hostiles contra el territorio venezolano, asegur\u00f3 este martes el ministro de Interior, Justicia y Paz\u2026","rel":"","context":"En \u00abINTERNACIONALES\u00bb","block_context":{"text":"INTERNACIONALES","link":"https:\/\/lasprimeras.com.do\/index.php\/category\/sin-categoria\/internacionales\/"},"img":{"alt_text":"","src":"https:\/\/i0.wp.com\/lasprimeras.com.do\/wp-content\/uploads\/2025\/11\/Diosdado-Cabello.jpg?resize=350%2C200&ssl=1","width":350,"height":200,"srcset":"https:\/\/i0.wp.com\/lasprimeras.com.do\/wp-content\/uploads\/2025\/11\/Diosdado-Cabello.jpg?resize=350%2C200&ssl=1 1x, https:\/\/i0.wp.com\/lasprimeras.com.do\/wp-content\/uploads\/2025\/11\/Diosdado-Cabello.jpg?resize=525%2C300&ssl=1 1.5x, https:\/\/i0.wp.com\/lasprimeras.com.do\/wp-content\/uploads\/2025\/11\/Diosdado-Cabello.jpg?resize=700%2C400&ssl=1 2x"},"classes":[]},{"id":118763,"url":"https:\/\/lasprimeras.com.do\/index.php\/2026\/01\/03\/venezuela-en-tension-i-diosdado-cabello-no-facilitarle-las-cosas-al-enemigo-tras-ataque-de-ee-uu\/","url_meta":{"origin":108568,"position":5},"title":"Venezuela en Tensi\u00f3n I Diosdado Cabello: &#8220;no facilitarle las cosas al enemigo tras ataque de EE.UU.\u201d","author":"Nelson Feliz","date":"3 de enero de 2026","format":false,"excerpt":"Cabello calific\u00f3 la ofensiva como un acto \u201ccriminal y terrorista\u201d y asegur\u00f3 que el pa\u00eds se mantiene en resistencia frente a lo que considera una agresi\u00f3n militar. El ministro de Interior de Venezuela, Diosdado Cabello, pidi\u00f3 este s\u00e1bado a la poblaci\u00f3n mantener la calma y no \u201cfacilitarle las cosas al\u2026","rel":"","context":"En \u00abINTERNACIONALES\u00bb","block_context":{"text":"INTERNACIONALES","link":"https:\/\/lasprimeras.com.do\/index.php\/category\/sin-categoria\/internacionales\/"},"img":{"alt_text":"Diosdado Cabello","src":"https:\/\/i0.wp.com\/lasprimeras.com.do\/wp-content\/uploads\/2026\/01\/Diosdado-Cabello.jpg?resize=350%2C200&ssl=1","width":350,"height":200,"srcset":"https:\/\/i0.wp.com\/lasprimeras.com.do\/wp-content\/uploads\/2026\/01\/Diosdado-Cabello.jpg?resize=350%2C200&ssl=1 1x, https:\/\/i0.wp.com\/lasprimeras.com.do\/wp-content\/uploads\/2026\/01\/Diosdado-Cabello.jpg?resize=525%2C300&ssl=1 1.5x, https:\/\/i0.wp.com\/lasprimeras.com.do\/wp-content\/uploads\/2026\/01\/Diosdado-Cabello.jpg?resize=700%2C400&ssl=1 2x"},"classes":[]}],"jetpack_sharing_enabled":true,"_links":{"self":[{"href":"https:\/\/lasprimeras.com.do\/index.php\/wp-json\/wp\/v2\/posts\/108568","targetHints":{"allow":["GET"]}}],"collection":[{"href":"https:\/\/lasprimeras.com.do\/index.php\/wp-json\/wp\/v2\/posts"}],"about":[{"href":"https:\/\/lasprimeras.com.do\/index.php\/wp-json\/wp\/v2\/types\/post"}],"author":[{"embeddable":true,"href":"https:\/\/lasprimeras.com.do\/index.php\/wp-json\/wp\/v2\/users\/10"}],"replies":[{"embeddable":true,"href":"https:\/\/lasprimeras.com.do\/index.php\/wp-json\/wp\/v2\/comments?post=108568"}],"version-history":[{"count":1,"href":"https:\/\/lasprimeras.com.do\/index.php\/wp-json\/wp\/v2\/posts\/108568\/revisions"}],"predecessor-version":[{"id":108570,"href":"https:\/\/lasprimeras.com.do\/index.php\/wp-json\/wp\/v2\/posts\/108568\/revisions\/108570"}],"wp:featuredmedia":[{"embeddable":true,"href":"https:\/\/lasprimeras.com.do\/index.php\/wp-json\/wp\/v2\/media\/108569"}],"wp:attachment":[{"href":"https:\/\/lasprimeras.com.do\/index.php\/wp-json\/wp\/v2\/media?parent=108568"}],"wp:term":[{"taxonomy":"category","embeddable":true,"href":"https:\/\/lasprimeras.com.do\/index.php\/wp-json\/wp\/v2\/categories?post=108568"},{"taxonomy":"post_tag","embeddable":true,"href":"https:\/\/lasprimeras.com.do\/index.php\/wp-json\/wp\/v2\/tags?post=108568"}],"curies":[{"name":"wp","href":"https:\/\/api.w.org\/{rel}","templated":true}]}}