{"id":108576,"date":"2025-09-08T19:22:09","date_gmt":"2025-09-08T23:22:09","guid":{"rendered":"https:\/\/lasprimeras.com.do\/?p=108576"},"modified":"2025-09-08T19:22:10","modified_gmt":"2025-09-08T23:22:10","slug":"hipolito-mejia-a-leonel-fernandez-usted-no-conoce-ni-un-pollo-ni-un-huevo-callese-azaroso","status":"publish","type":"post","link":"https:\/\/lasprimeras.com.do\/index.php\/2025\/09\/08\/hipolito-mejia-a-leonel-fernandez-usted-no-conoce-ni-un-pollo-ni-un-huevo-callese-azaroso\/","title":{"rendered":"Hip\u00f3lito Mej\u00eda a Leonel Fern\u00e1ndez: \u00abUsted no conoce ni un pollo ni un huevo, c\u00e1llese azaroso\u00bb"},"content":{"rendered":"\n<p>En una arremetida que ya circula por las redes sociales, el expresidente Hip\u00f3lito Mej\u00eda lanz\u00f3 su cl\u00e1sico sarcasmo directo a Leonel Fern\u00e1ndez, tras un comentario del tambi\u00e9n exmandatario sobre los precios del pollo.<\/p>\n\n\n\n<p>Con tono ir\u00f3nico Mej\u00eda exclamo \u201cSe\u00f1or, usted no conoce ni el pichiris\u2026 usted no conoce un pollo ni un huevo tampoco. \u00a1C\u00e1llese, azaroso!<\/p>\n\n\n\n<figure class=\"wp-block-video\"><video controls src=\"https:\/\/dai.ly\/x9q7rf4\"><\/video><\/figure>\n\n\n\n<p>El episodio se desarroll\u00f3 durante una actividad pol\u00edtica en Cotu\u00ed, donde Mej\u00eda critico los conocimientos de Fern\u00e1ndez en torno a temas econ\u00f3micos sensibles como la escala de precios del mercado av\u00edcola.<\/p>\n\n\n\n<p>Este encontronazo provoco todo un hurac\u00e1n en redes sociales debido a que algunos reprochan el estilo agresivo del expresidente, otros lo aplauden por hablar \u201csin filtro\u201d, sobre un tema muy sensible para el bolsillo de los dominicanos.<\/p>\n\n\n\n<p>Fuente ElNacional<\/p>\n","protected":false},"excerpt":{"rendered":"<p>En una arremetida que ya circula por las redes sociales, el expresidente Hip\u00f3lito Mej\u00eda lanz\u00f3 su cl\u00e1sico sarcasmo directo a Leonel Fern\u00e1ndez, tras un comentario del tambi\u00e9n exmandatario sobre los&hellip;<\/p>\n","protected":false},"author":10,"featured_media":108577,"comment_status":"open","ping_status":"open","sticky":false,"template":"","format":"standard","meta":{"content-type":"","jetpack_post_was_ever_published":false,"_jetpack_newsletter_access":"","_jetpack_dont_email_post_to_subs":false,"_jetpack_newsletter_tier_id":0,"_jetpack_memberships_contains_paywalled_content":false,"_jetpack_memberships_contains_paid_content":false,"footnotes":""},"categories":[16559,25],"tags":[24325,1073,51,24324],"class_list":["post-108576","post","type-post","status-publish","format-standard","has-post-thumbnail","hentry","category-politica","category-portada","tag-callese-azaroso","tag-hipolito-mejia","tag-leonel-fernandez","tag-usted-no-conoce-ni-un-pollo-ni-un-huevo"],"jetpack_featured_media_url":"https:\/\/lasprimeras.com.do\/wp-content\/uploads\/2025\/09\/Hipolito-Mejia.jpg","jetpack-related-posts":[{"id":67563,"url":"https:\/\/lasprimeras.com.do\/index.php\/2023\/11\/16\/hipolito-mejia-responde-cuestionamientos-de-leonel-fernandez\/","url_meta":{"origin":108576,"position":0},"title":"Hip\u00f3lito Mej\u00eda responde cuestionamientos de Leonel Fern\u00e1ndez","author":"Nelson Feliz","date":"16 de noviembre de 2023","format":false,"excerpt":"El expresidente de la Rep\u00fablica,\u00a0Hip\u00f3lito Mej\u00eda, le respondi\u00f3 al presidente de la Fuerza del Pueblo,\u00a0Leonel Fern\u00e1ndez, quien llam\u00f3 al actual gobierno a dejar de se\u00f1alar el pasado y hacerse cargo de los problemas del presente. Mej\u00eda dijo que Fern\u00e1ndez no tiene peso moral para cuestionar el trabajo del Gobierno que\u2026","rel":"","context":"En \u00abPORTADA\u00bb","block_context":{"text":"PORTADA","link":"https:\/\/lasprimeras.com.do\/index.php\/category\/portada\/"},"img":{"alt_text":"Hipolito Mejia","src":"https:\/\/i0.wp.com\/lasprimeras.com.do\/wp-content\/uploads\/2023\/09\/Hipolito-Mejia.jpg?resize=350%2C200&ssl=1","width":350,"height":200,"srcset":"https:\/\/i0.wp.com\/lasprimeras.com.do\/wp-content\/uploads\/2023\/09\/Hipolito-Mejia.jpg?resize=350%2C200&ssl=1 1x, https:\/\/i0.wp.com\/lasprimeras.com.do\/wp-content\/uploads\/2023\/09\/Hipolito-Mejia.jpg?resize=525%2C300&ssl=1 1.5x"},"classes":[]},{"id":122902,"url":"https:\/\/lasprimeras.com.do\/index.php\/2026\/02\/23\/hipolito-mejia-apoya-las-demandas-de-los-profesionales-agropecuarios\/","url_meta":{"origin":108576,"position":1},"title":"Hip\u00f3lito Mej\u00eda apoya las demandas de los profesionales agropecuarios","author":"Nelson Feliz","date":"23 de febrero de 2026","format":false,"excerpt":"Mej\u00eda se compromete a transmitirlas al presidente Luis Abinader. El expresidente de la Rep\u00fablica, Hip\u00f3lito Mej\u00eda, expres\u00f3 este lunes su respaldo a las demandas de los profesionales agropecuarios dominicanos y se comprometi\u00f3 a transmitirlas personalmente al presidente de la Rep\u00fablica, Luis Abinader. La afirmaci\u00f3n fue realizada por el Pleno Nacional\u2026","rel":"","context":"En \u00abPOLITICA\u00bb","block_context":{"text":"POLITICA","link":"https:\/\/lasprimeras.com.do\/index.php\/category\/politica\/"},"img":{"alt_text":"Tito Hern\u00e1ndez","src":"https:\/\/i0.wp.com\/lasprimeras.com.do\/wp-content\/uploads\/2026\/02\/Tito-Hernandez.jpg?resize=350%2C200&ssl=1","width":350,"height":200,"srcset":"https:\/\/i0.wp.com\/lasprimeras.com.do\/wp-content\/uploads\/2026\/02\/Tito-Hernandez.jpg?resize=350%2C200&ssl=1 1x, https:\/\/i0.wp.com\/lasprimeras.com.do\/wp-content\/uploads\/2026\/02\/Tito-Hernandez.jpg?resize=525%2C300&ssl=1 1.5x, https:\/\/i0.wp.com\/lasprimeras.com.do\/wp-content\/uploads\/2026\/02\/Tito-Hernandez.jpg?resize=700%2C400&ssl=1 2x"},"classes":[]},{"id":126127,"url":"https:\/\/lasprimeras.com.do\/index.php\/2026\/03\/29\/leonel-afirma-que-los-precios-ya-subian-por-la-ineficiencia-del-prm\/","url_meta":{"origin":108576,"position":2},"title":"Leonel afirma que los precios ya sub\u00edan por la ineficiencia del PRM","author":"Nelson Feliz","date":"29 de marzo de 2026","format":false,"excerpt":"El expresidente asegura que el pueblo dominicano se siente frustrado y afirma que el Gobierno del PRM no est\u00e1 para excusas, sino para resolver los problemas del pa\u00eds. Hermanas Mirabal.\u2013 El presidente del partido Fuerza del Pueblo (FP) y expresidente de la Rep\u00fablica, Leonel Fern\u00e1ndez, afirm\u00f3 que el alza en\u2026","rel":"","context":"En \u00abECONOM\u00cdA\u00bb","block_context":{"text":"ECONOM\u00cdA","link":"https:\/\/lasprimeras.com.do\/index.php\/category\/economia\/"},"img":{"alt_text":"Leonel Fern\u00e1ndez","src":"https:\/\/i0.wp.com\/lasprimeras.com.do\/wp-content\/uploads\/2026\/03\/Leonel-Fernandez.jpg?resize=350%2C200&ssl=1","width":350,"height":200,"srcset":"https:\/\/i0.wp.com\/lasprimeras.com.do\/wp-content\/uploads\/2026\/03\/Leonel-Fernandez.jpg?resize=350%2C200&ssl=1 1x, https:\/\/i0.wp.com\/lasprimeras.com.do\/wp-content\/uploads\/2026\/03\/Leonel-Fernandez.jpg?resize=525%2C300&ssl=1 1.5x, https:\/\/i0.wp.com\/lasprimeras.com.do\/wp-content\/uploads\/2026\/03\/Leonel-Fernandez.jpg?resize=700%2C400&ssl=1 2x"},"classes":[]},{"id":103571,"url":"https:\/\/lasprimeras.com.do\/index.php\/2025\/07\/16\/hipolito-mejia-exige-al-director-de-bienes-nacionales-probar-mafias-de-terrenos-en-su-gobierno\/","url_meta":{"origin":108576,"position":3},"title":"Hip\u00f3lito Mej\u00eda exige al director de Bienes Nacionales probar mafias de terrenos en su gobierno","author":"Nelson Feliz","date":"16 de julio de 2025","format":false,"excerpt":"El expresidente y exsecretario de Agricultura respondi\u00f3 a las declaraciones dadas por el director de Bienes Nacionales en un Di\u00e1logo Libre. El expresidente Hip\u00f3lito Mej\u00eda solicit\u00f3 al director general de Bienes Nacionales, Rafael Burgos, presentar \"con hechos, casos y detalles\" los expedientes de los funcionarios que pudieran estar involucrados en\u2026","rel":"","context":"En \u00abPOLITICA\u00bb","block_context":{"text":"POLITICA","link":"https:\/\/lasprimeras.com.do\/index.php\/category\/politica\/"},"img":{"alt_text":"","src":"https:\/\/i0.wp.com\/lasprimeras.com.do\/wp-content\/uploads\/2025\/07\/HIPOLITO-MEJIA-1.jpg?resize=350%2C200&ssl=1","width":350,"height":200,"srcset":"https:\/\/i0.wp.com\/lasprimeras.com.do\/wp-content\/uploads\/2025\/07\/HIPOLITO-MEJIA-1.jpg?resize=350%2C200&ssl=1 1x, https:\/\/i0.wp.com\/lasprimeras.com.do\/wp-content\/uploads\/2025\/07\/HIPOLITO-MEJIA-1.jpg?resize=525%2C300&ssl=1 1.5x, https:\/\/i0.wp.com\/lasprimeras.com.do\/wp-content\/uploads\/2025\/07\/HIPOLITO-MEJIA-1.jpg?resize=700%2C400&ssl=1 2x"},"classes":[]},{"id":100026,"url":"https:\/\/lasprimeras.com.do\/index.php\/2025\/05\/30\/abinader-convoca-expresidentes-al-ces-ante-crisis-haitiana\/","url_meta":{"origin":108576,"position":4},"title":"Abinader convoca expresidentes al CES ante crisis haitiana","author":"Nelson Feliz","date":"30 de mayo de 2025","format":false,"excerpt":"La invitaci\u00f3n consensuada busca establecer una estrategia de Estado frente al impacto creciente de la crisis en Hait\u00ed sobre la Rep\u00fablica Dominicana. En atenci\u00f3n a la grave crisis que atraviesa la Rep\u00fablica de Hait\u00ed y sus crecientes implicaciones para la Rep\u00fablica Dominicana, el presidente constitucional Luis Abinader, en consenso con\u2026","rel":"","context":"En \u00abPOLITICA\u00bb","block_context":{"text":"POLITICA","link":"https:\/\/lasprimeras.com.do\/index.php\/category\/politica\/"},"img":{"alt_text":"LUIS ABINADER","src":"https:\/\/i0.wp.com\/lasprimeras.com.do\/wp-content\/uploads\/2025\/04\/LUIS-ABINADER-PC.jpg?resize=350%2C200&ssl=1","width":350,"height":200,"srcset":"https:\/\/i0.wp.com\/lasprimeras.com.do\/wp-content\/uploads\/2025\/04\/LUIS-ABINADER-PC.jpg?resize=350%2C200&ssl=1 1x, https:\/\/i0.wp.com\/lasprimeras.com.do\/wp-content\/uploads\/2025\/04\/LUIS-ABINADER-PC.jpg?resize=525%2C300&ssl=1 1.5x, https:\/\/i0.wp.com\/lasprimeras.com.do\/wp-content\/uploads\/2025\/04\/LUIS-ABINADER-PC.jpg?resize=700%2C400&ssl=1 2x"},"classes":[]},{"id":121205,"url":"https:\/\/lasprimeras.com.do\/index.php\/2026\/02\/01\/leonel-acusa-al-prm-de-quebrar-a-los-productores-locales-y-advierte-esta-vez-o-jugamos-todos-o-se-rompe-la-baraja\/","url_meta":{"origin":108576,"position":5},"title":"Leonel acusa al PRM de quebrar a los productores locales y advierte: \u201cEsta vez o jugamos todos o se rompe la baraja\u201d","author":"Nelson Feliz","date":"1 de febrero de 2026","format":false,"excerpt":"Tras juramentar a Jos\u00e9 del Castillo Savi\u00f1\u00f3n y a su equipo pol\u00edtico como nuevos miembros de la Fuerza del Pueblo, el presidente de la organizaci\u00f3n, Leonel Fern\u00e1ndez, acus\u00f3 al gobierno del Partido Revolucionario Moderno (PRM) de quebrar a los productores locales mediante pol\u00edticas que privilegian las importaciones de allegados del\u2026","rel":"","context":"En \u00abPOLITICA\u00bb","block_context":{"text":"POLITICA","link":"https:\/\/lasprimeras.com.do\/index.php\/category\/politica\/"},"img":{"alt_text":"","src":"https:\/\/i0.wp.com\/img.youtube.com\/vi\/Ia3oXC75YQQ\/0.jpg?resize=350%2C200","width":350,"height":200},"classes":[]}],"jetpack_sharing_enabled":true,"_links":{"self":[{"href":"https:\/\/lasprimeras.com.do\/index.php\/wp-json\/wp\/v2\/posts\/108576","targetHints":{"allow":["GET"]}}],"collection":[{"href":"https:\/\/lasprimeras.com.do\/index.php\/wp-json\/wp\/v2\/posts"}],"about":[{"href":"https:\/\/lasprimeras.com.do\/index.php\/wp-json\/wp\/v2\/types\/post"}],"author":[{"embeddable":true,"href":"https:\/\/lasprimeras.com.do\/index.php\/wp-json\/wp\/v2\/users\/10"}],"replies":[{"embeddable":true,"href":"https:\/\/lasprimeras.com.do\/index.php\/wp-json\/wp\/v2\/comments?post=108576"}],"version-history":[{"count":1,"href":"https:\/\/lasprimeras.com.do\/index.php\/wp-json\/wp\/v2\/posts\/108576\/revisions"}],"predecessor-version":[{"id":108578,"href":"https:\/\/lasprimeras.com.do\/index.php\/wp-json\/wp\/v2\/posts\/108576\/revisions\/108578"}],"wp:featuredmedia":[{"embeddable":true,"href":"https:\/\/lasprimeras.com.do\/index.php\/wp-json\/wp\/v2\/media\/108577"}],"wp:attachment":[{"href":"https:\/\/lasprimeras.com.do\/index.php\/wp-json\/wp\/v2\/media?parent=108576"}],"wp:term":[{"taxonomy":"category","embeddable":true,"href":"https:\/\/lasprimeras.com.do\/index.php\/wp-json\/wp\/v2\/categories?post=108576"},{"taxonomy":"post_tag","embeddable":true,"href":"https:\/\/lasprimeras.com.do\/index.php\/wp-json\/wp\/v2\/tags?post=108576"}],"curies":[{"name":"wp","href":"https:\/\/api.w.org\/{rel}","templated":true}]}}