{"id":108735,"date":"2025-09-10T09:28:30","date_gmt":"2025-09-10T13:28:30","guid":{"rendered":"https:\/\/lasprimeras.com.do\/?p=108735"},"modified":"2025-09-10T09:28:31","modified_gmt":"2025-09-10T13:28:31","slug":"lider-de-una-megaiglesia-mexicana-es-acusado-en-nueva-york-por-trafico-sexual","status":"publish","type":"post","link":"https:\/\/lasprimeras.com.do\/index.php\/2025\/09\/10\/lider-de-una-megaiglesia-mexicana-es-acusado-en-nueva-york-por-trafico-sexual\/","title":{"rendered":"L\u00edder de una megaiglesia mexicana es acusado en Nueva York por tr\u00e1fico sexual"},"content":{"rendered":"\n<p>Por Larry Neumeister<\/p>\n\n\n\n<p>NUEVA YORK (AP) \u2014 El l\u00edder de una megaiglesia mexicana que cumple m\u00e1s de 16 a\u00f1os en una prisi\u00f3n de California por abusar sexualmente de j\u00f3venes seguidores fue acusado de conspiraci\u00f3n con fines de extorsi\u00f3n y tr\u00e1fico sexual por presuntamente victimizar a miembros de la iglesia durante d\u00e9cadas, dijeron las autoridades el mi\u00e9rcoles.<\/p>\n\n\n\n<p>Un gran jurado federal de Nueva York present\u00f3 la acusaci\u00f3n formal alegando que Naas\u00f3n Joaqu\u00edn Garc\u00eda, de 56 a\u00f1os, y otras cinco personas explotaron la iglesia durante d\u00e9cadas para permitir el abuso sexual sistem\u00e1tico de ni\u00f1os y mujeres para la gratificaci\u00f3n sexual de Garc\u00eda y su padre, quien muri\u00f3 en 2014.<\/p>\n\n\n\n<p>La acusaci\u00f3n recientemente revelada dice que la actividad criminal inclu\u00eda la creaci\u00f3n de fotograf\u00edas y v\u00eddeos de abuso sexual infantil.<\/p>\n\n\n\n<p>Garc\u00eda fue puesto bajo custodia federal la madrugada del mi\u00e9rcoles en Chino, California, donde cumple una condena de m\u00e1s de 16 a\u00f1os tras declararse culpable en 2022 de dos cargos estatales. Sus abogados no respondieron inmediatamente a una solicitud de comentarios.<\/p>\n\n\n\n<p>Garc\u00eda es el l\u00edder de La Luz del Mundo , que afirma tener 5 millones de seguidores en todo el mundo. Los creyentes lo consideran el &#8220;ap\u00f3stol&#8221; de Jesucristo.<\/p>\n\n\n\n<p>Los fiscales de California han dicho que utiliz\u00f3 su influencia espiritual para tener relaciones sexuales con ni\u00f1as y mujeres j\u00f3venes a quienes les dijo que eso las llevar\u00eda a la salvaci\u00f3n, o a la condenaci\u00f3n si se negaban.<\/p>\n\n\n\n<p>Adem\u00e1s de Garc\u00eda, un acusado en el caso fue detenido en Los \u00c1ngeles y otro en Chicago, seg\u00fan informaron las autoridades. Otros tres se encontraban pr\u00f3fugos.<\/p>\n\n\n\n<p>Seg\u00fan la acusaci\u00f3n, dos de los acusados \u200b\u200by otros intentaron destruir pruebas e impedir que las v\u00edctimas de abuso sexual hablaran con la polic\u00eda despu\u00e9s de que Garc\u00eda fue arrestado.<\/p>\n\n\n\n<p>Dijo que presionaron a las v\u00edctimas para que firmaran declaraciones falsas negando que hubiera ocurrido alg\u00fan abuso, redactaron y distribuyeron sermones declarando que todas las v\u00edctimas de abuso sexual estaban mintiendo y reforzaron la doctrina de la iglesia de que dudar del ap\u00f3stol era un pecado castigado con la condenaci\u00f3n eterna.<\/p>\n\n\n\n<p>En un comunicado, el fiscal federal Jay Clayton dijo que Garc\u00eda y los dem\u00e1s \u201cexplotaron la fe de sus seguidores para aprovecharse de ellos\u201d.<\/p>\n\n\n\n<p>A\u00f1adi\u00f3: \u201cCuando fueron confrontados, aprovecharon su influencia religiosa y poder financiero para intimidar y obligar a las v\u00edctimas a guardar silencio sobre el abuso que hab\u00edan sufrido\u201d.<\/p>\n\n\n\n<p>Ricky J. Patel, jefe de la oficina de Investigaciones de Seguridad Nacional de Nueva York, dijo que los cargos fueron el resultado de una \u201cinvestigaci\u00f3n de a\u00f1os de duraci\u00f3n que abarc\u00f3 todo el pa\u00eds y cont\u00f3 con el apoyo de docenas de v\u00edctimas valientes\u201d.<\/p>\n","protected":false},"excerpt":{"rendered":"<p>Por Larry Neumeister NUEVA YORK (AP) \u2014 El l\u00edder de una megaiglesia mexicana que cumple m\u00e1s de 16 a\u00f1os en una prisi\u00f3n de California por abusar sexualmente de j\u00f3venes seguidores&hellip;<\/p>\n","protected":false},"author":10,"featured_media":108736,"comment_status":"open","ping_status":"open","sticky":false,"template":"","format":"standard","meta":{"content-type":"","jetpack_post_was_ever_published":false,"_jetpack_newsletter_access":"","_jetpack_dont_email_post_to_subs":false,"_jetpack_newsletter_tier_id":0,"_jetpack_memberships_contains_paywalled_content":false,"_jetpack_memberships_contains_paid_content":false,"footnotes":""},"categories":[16289],"tags":[286,2129,24414,104,24415],"class_list":["post-108735","post","type-post","status-publish","format-standard","has-post-thumbnail","hentry","category-internacionales","tag-acusado","tag-lider","tag-megaiglesia-mexicana","tag-nueva-york","tag-trafico-sexual"],"jetpack_featured_media_url":"https:\/\/lasprimeras.com.do\/wp-content\/uploads\/2025\/09\/Naason-Joaquin-Garcia.jpg","jetpack-related-posts":[{"id":64281,"url":"https:\/\/lasprimeras.com.do\/index.php\/2023\/10\/19\/golpeaba-brutalmente-a-mujeres-a-las-que-obligaba-a-prostituirse-acusacion-en-nueva-york\/","url_meta":{"origin":108735,"position":0},"title":"Golpeaba brutalmente a mujeres a las que obligaba a prostituirse: acusaci\u00f3n en Nueva York","author":"Nelson Feliz","date":"19 de octubre de 2023","format":false,"excerpt":"Un proxeneta apodado \u201cParadise\u201d (Para\u00edso) en realidad era un infierno para sus v\u00edctimas de tr\u00e1fico sexual, alegan los fiscales federales en Brooklyn (NYC). Cuando no lo obedec\u00edan recurr\u00eda a la brutalidad, incluyendo batazos y rotura de dientes. Adem\u00e1s lo describ\u00eda en llamadas telef\u00f3nicas grabadas. Douglas Welsh, proxeneta detenido apodado \u201cParadise\u201d\u2026","rel":"","context":"En \u00abSin categor\u00eda\u00bb","block_context":{"text":"Sin categor\u00eda","link":"https:\/\/lasprimeras.com.do\/index.php\/category\/sin-categoria\/"},"img":{"alt_text":"Corte Federal de Brooklyn, NYC","src":"https:\/\/i0.wp.com\/lasprimeras.com.do\/wp-content\/uploads\/2023\/10\/Corte-Federal-de-Brooklyn-NYC.jpg?resize=350%2C200&ssl=1","width":350,"height":200,"srcset":"https:\/\/i0.wp.com\/lasprimeras.com.do\/wp-content\/uploads\/2023\/10\/Corte-Federal-de-Brooklyn-NYC.jpg?resize=350%2C200&ssl=1 1x, https:\/\/i0.wp.com\/lasprimeras.com.do\/wp-content\/uploads\/2023\/10\/Corte-Federal-de-Brooklyn-NYC.jpg?resize=525%2C300&ssl=1 1.5x, https:\/\/i0.wp.com\/lasprimeras.com.do\/wp-content\/uploads\/2023\/10\/Corte-Federal-de-Brooklyn-NYC.jpg?resize=700%2C400&ssl=1 2x"},"classes":[]},{"id":60049,"url":"https:\/\/lasprimeras.com.do\/index.php\/2023\/09\/10\/iglesia-suiza-investigara-presuntos-abusos-sexuales-a-menores\/","url_meta":{"origin":108735,"position":1},"title":"Iglesia Suiza investigar\u00e1 presuntos abusos sexuales a menores","author":"Nelson Feliz","date":"10 de septiembre de 2023","format":false,"excerpt":"La conferencia episcopal reconoci\u00f3 en la declaraci\u00f3n del domingo que una carta fechada en mayo conten\u00eda acusaciones relacionadas con \"la gesti\u00f3n de casos de abuso sexual\". El organismo coordinador de las di\u00f3cesis cat\u00f3licas en Suiza dijo el domingo que se inici\u00f3 una investigaci\u00f3n preliminar sobre acusaciones de encubrimiento de abusos\u2026","rel":"","context":"En \u00abSin categor\u00eda\u00bb","block_context":{"text":"Sin categor\u00eda","link":"https:\/\/lasprimeras.com.do\/index.php\/category\/sin-categoria\/"},"img":{"alt_text":"Iglesia Suiza","src":"https:\/\/i0.wp.com\/lasprimeras.com.do\/wp-content\/uploads\/2023\/09\/Iglesia-Suiza.jpeg?resize=350%2C200&ssl=1","width":350,"height":200,"srcset":"https:\/\/i0.wp.com\/lasprimeras.com.do\/wp-content\/uploads\/2023\/09\/Iglesia-Suiza.jpeg?resize=350%2C200&ssl=1 1x, https:\/\/i0.wp.com\/lasprimeras.com.do\/wp-content\/uploads\/2023\/09\/Iglesia-Suiza.jpeg?resize=525%2C300&ssl=1 1.5x, https:\/\/i0.wp.com\/lasprimeras.com.do\/wp-content\/uploads\/2023\/09\/Iglesia-Suiza.jpeg?resize=700%2C400&ssl=1 2x"},"classes":[]},{"id":95389,"url":"https:\/\/lasprimeras.com.do\/index.php\/2025\/03\/13\/expastor-de-megaiglesia-de-texas-es-acusado-en-oklahoma-de-abuso-sexual-infantil\/","url_meta":{"origin":108735,"position":2},"title":"Expastor de megaiglesia de Texas es acusado en Oklahoma de abuso sexual infantil","author":"Nelson Feliz","date":"13 de marzo de 2025","format":false,"excerpt":"DALLAS (AP) \u2014 Un expastor de una megaiglesia de Texas que renunci\u00f3 tras ser acusado por una mujer de abusar sexualmente de ella en la d\u00e9cada de 1980 ha sido acusado en Oklahoma de cargos de abuso sexual infantil, inform\u00f3 el mi\u00e9rcoles la oficina del fiscal general de ese estado.\u2026","rel":"","context":"En \u00abINTERNACIONALES\u00bb","block_context":{"text":"INTERNACIONALES","link":"https:\/\/lasprimeras.com.do\/index.php\/category\/sin-categoria\/internacionales\/"},"img":{"alt_text":"Robert Preston Morris","src":"https:\/\/i0.wp.com\/lasprimeras.com.do\/wp-content\/uploads\/2025\/03\/Robert-Preston-Morris.png?resize=350%2C200&ssl=1","width":350,"height":200,"srcset":"https:\/\/i0.wp.com\/lasprimeras.com.do\/wp-content\/uploads\/2025\/03\/Robert-Preston-Morris.png?resize=350%2C200&ssl=1 1x, https:\/\/i0.wp.com\/lasprimeras.com.do\/wp-content\/uploads\/2025\/03\/Robert-Preston-Morris.png?resize=525%2C300&ssl=1 1.5x, https:\/\/i0.wp.com\/lasprimeras.com.do\/wp-content\/uploads\/2025\/03\/Robert-Preston-Morris.png?resize=700%2C400&ssl=1 2x"},"classes":[]},{"id":69233,"url":"https:\/\/lasprimeras.com.do\/index.php\/2023\/11\/30\/34-anos-de-carcel-para-hispano-por-abuso-de-ninos-muy-pequenos-en-nueva-york\/","url_meta":{"origin":108735,"position":3},"title":"34 a\u00f1os de c\u00e1rcel para hispano por abuso de ni\u00f1os muy peque\u00f1os en Nueva York","author":"Nelson Feliz","date":"30 de noviembre de 2023","format":false,"excerpt":"Un hispano fue sentenciado en Nueva York a entre 34 a\u00f1os y cadena perpetua por agredir sexualmente a tres menores. Dos de las v\u00edctimas fueron abusadas repetidamente desde que ten\u00edan apenas 5 y 6 a\u00f1os. F\u00e9lix Barahona Rosales fue sentenciado en Nueva York a entre 34 a\u00f1os y cadena perpetua\u2026","rel":"","context":"En \u00abSin categor\u00eda\u00bb","block_context":{"text":"Sin categor\u00eda","link":"https:\/\/lasprimeras.com.do\/index.php\/category\/sin-categoria\/"},"img":{"alt_text":"","src":"https:\/\/i0.wp.com\/lasprimeras.com.do\/wp-content\/uploads\/2023\/11\/patrulla.jpg?resize=350%2C200&ssl=1","width":350,"height":200,"srcset":"https:\/\/i0.wp.com\/lasprimeras.com.do\/wp-content\/uploads\/2023\/11\/patrulla.jpg?resize=350%2C200&ssl=1 1x, https:\/\/i0.wp.com\/lasprimeras.com.do\/wp-content\/uploads\/2023\/11\/patrulla.jpg?resize=525%2C300&ssl=1 1.5x, https:\/\/i0.wp.com\/lasprimeras.com.do\/wp-content\/uploads\/2023\/11\/patrulla.jpg?resize=700%2C400&ssl=1 2x"},"classes":[]},{"id":49292,"url":"https:\/\/lasprimeras.com.do\/index.php\/2023\/05\/09\/justicia-eeuu-condena-a-trump-por-abuso-sexual-y-difamacion\/","url_meta":{"origin":108735,"position":4},"title":"Justicia EEUU condena a Trump por abuso sexual y difamaci\u00f3n","author":"prenxa100","date":"9 de mayo de 2023","format":false,"excerpt":"Washington, EUROPA PRESS.-. Un jurado federal de Manhattan ha declarado culpable al expresidente de Estados Unidos Donald Trump de abusar sexualmente de la escritora Elizabeth Jean Carroll en 1996 y a\u00f1os despu\u00e9s difamar en contra ella cuando denunci\u00f3 el asalto. Adem\u00e1s, el juez Lewis Kaplan ha otorgado a Carroll una\u2026","rel":"","context":"En \u00abSin categor\u00eda\u00bb","block_context":{"text":"Sin categor\u00eda","link":"https:\/\/lasprimeras.com.do\/index.php\/category\/sin-categoria\/"},"img":{"alt_text":"","src":"","width":0,"height":0},"classes":[]},{"id":84918,"url":"https:\/\/lasprimeras.com.do\/index.php\/2024\/06\/17\/un-exjuez-en-portugal-es-acusado-de-trafico-y-explotacion-sexual-de-mujeres-brasilenas\/","url_meta":{"origin":108735,"position":5},"title":"Un exjuez en Portugal es acusado de tr\u00e1fico y explotaci\u00f3n sexual de mujeres brasile\u00f1as","author":"Nelson Feliz","date":"17 de junio de 2024","format":false,"excerpt":"Las autoridades sospechan que H\u00e9lder Claro, destituido de la magistratura en abril por varios supuestos delitos, enga\u00f1\u00f3 a siete mujeres para trabajar en un club nocturno de Oporto. Una nueva investigaci\u00f3n complica todav\u00eda m\u00e1s el panorama al exjuez portugu\u00e9s H\u00e9lder Claro, destituido de la magistratura el pasado mes de abril\u2026","rel":"","context":"En \u00abSin categor\u00eda\u00bb","block_context":{"text":"Sin categor\u00eda","link":"https:\/\/lasprimeras.com.do\/index.php\/category\/sin-categoria\/"},"img":{"alt_text":"explotaci\u00f3n sexual","src":"https:\/\/i0.wp.com\/lasprimeras.com.do\/wp-content\/uploads\/2024\/06\/explotacion-sexual.jpeg?resize=350%2C200&ssl=1","width":350,"height":200,"srcset":"https:\/\/i0.wp.com\/lasprimeras.com.do\/wp-content\/uploads\/2024\/06\/explotacion-sexual.jpeg?resize=350%2C200&ssl=1 1x, https:\/\/i0.wp.com\/lasprimeras.com.do\/wp-content\/uploads\/2024\/06\/explotacion-sexual.jpeg?resize=525%2C300&ssl=1 1.5x, https:\/\/i0.wp.com\/lasprimeras.com.do\/wp-content\/uploads\/2024\/06\/explotacion-sexual.jpeg?resize=700%2C400&ssl=1 2x"},"classes":[]}],"jetpack_sharing_enabled":true,"_links":{"self":[{"href":"https:\/\/lasprimeras.com.do\/index.php\/wp-json\/wp\/v2\/posts\/108735","targetHints":{"allow":["GET"]}}],"collection":[{"href":"https:\/\/lasprimeras.com.do\/index.php\/wp-json\/wp\/v2\/posts"}],"about":[{"href":"https:\/\/lasprimeras.com.do\/index.php\/wp-json\/wp\/v2\/types\/post"}],"author":[{"embeddable":true,"href":"https:\/\/lasprimeras.com.do\/index.php\/wp-json\/wp\/v2\/users\/10"}],"replies":[{"embeddable":true,"href":"https:\/\/lasprimeras.com.do\/index.php\/wp-json\/wp\/v2\/comments?post=108735"}],"version-history":[{"count":1,"href":"https:\/\/lasprimeras.com.do\/index.php\/wp-json\/wp\/v2\/posts\/108735\/revisions"}],"predecessor-version":[{"id":108737,"href":"https:\/\/lasprimeras.com.do\/index.php\/wp-json\/wp\/v2\/posts\/108735\/revisions\/108737"}],"wp:featuredmedia":[{"embeddable":true,"href":"https:\/\/lasprimeras.com.do\/index.php\/wp-json\/wp\/v2\/media\/108736"}],"wp:attachment":[{"href":"https:\/\/lasprimeras.com.do\/index.php\/wp-json\/wp\/v2\/media?parent=108735"}],"wp:term":[{"taxonomy":"category","embeddable":true,"href":"https:\/\/lasprimeras.com.do\/index.php\/wp-json\/wp\/v2\/categories?post=108735"},{"taxonomy":"post_tag","embeddable":true,"href":"https:\/\/lasprimeras.com.do\/index.php\/wp-json\/wp\/v2\/tags?post=108735"}],"curies":[{"name":"wp","href":"https:\/\/api.w.org\/{rel}","templated":true}]}}