{"id":108802,"date":"2025-09-10T23:03:01","date_gmt":"2025-09-11T03:03:01","guid":{"rendered":"https:\/\/lasprimeras.com.do\/?p=108802"},"modified":"2025-09-10T23:08:53","modified_gmt":"2025-09-11T03:08:53","slug":"abinader-califica-nueva-ley-de-contrataciones-publicas-como-herramienta-que-transforma-las-compras-estatales","status":"publish","type":"post","link":"https:\/\/lasprimeras.com.do\/index.php\/2025\/09\/10\/abinader-califica-nueva-ley-de-contrataciones-publicas-como-herramienta-que-transforma-las-compras-estatales\/","title":{"rendered":"Abinader califica nueva ley de Contrataciones P\u00fablicas como herramienta que transforma las compras estatales"},"content":{"rendered":"\n<p><strong>Asegura ley 47-25 introduce mayores controles y sanciones m\u00e1s estrictas; hace que los procesos sean m\u00e1s confiables, transparentes y eficientes.<\/strong><\/p>\n\n\n\n<p>El presidente Luis Abinader afirm\u00f3 este mi\u00e9rcoles que la nueva Ley 47-25 de Contrataciones P\u00fablicas, adem\u00e1s de introducir mayores controles y un r\u00e9gimen sancionador m\u00e1s estricto, concibe la compra p\u00fablica como una pol\u00edtica sostenible de desarrollo econ\u00f3mico permitiendo que los recursos del Estado lleguen a donde m\u00e1s se necesitan mediante procesos transparentes, eficientes e inclusivos.<\/p>\n\n\n\n<p>\u201cDe la manera en que compramos como Estado depende en gran medida la calidad de los servicios que ofrecemos, la confianza de la ciudadan\u00eda en sus instituciones y la capacidad de generar bienestar para la gente\u201d, se\u00f1al\u00f3 el jefe de Estado.<\/p>\n\n\n\n<p>Al encabezar la inauguraci\u00f3n del primer Foro de Contrataciones P\u00fablicas bajo el lema \u201cTransformando la Compra P\u00fablica en Bienestar para la Gente\u201d, destac\u00f3 que esta nueva ley&nbsp;privilegia la participaci\u00f3n de Mipymes, mipymes mujeres y sectores tradicionalmente excluidos, adem\u00e1s se manda a crear requisitos simplificados para el Registro de Proveedores del Estado, a los fines de promover la participaci\u00f3n local.<\/p>\n\n\n\n<p>Todo esto permite dinamizar la econom\u00eda, generar empleos e incentivar la innovaci\u00f3n.<\/p>\n\n\n\n<p>Por eso, dijo, su gesti\u00f3n ha respaldado la agenda de modernizaci\u00f3n y transformaci\u00f3n de la Direcci\u00f3n General de Contrataciones P\u00fablicas.<\/p>\n\n\n\n<p>Ley 47-25<\/p>\n\n\n\n<p>Al ampliar los detalles de la nueva ley, Abinader indic\u00f3 que se establece la plataforma digital como \u00fanico canal v\u00e1lido para gestionar procesos de compras y se incorporan modalidades como la subasta inversa electr\u00f3nica, los acuerdos marco, la licitaci\u00f3n abreviada y el sorteo de obras menores, que permitir\u00e1n dar respuestas m\u00e1s \u00e1giles ante diversas necesidades.<\/p>\n\n\n\n<p>Asimismo, se fortalece la trazabilidad, se reduce la discrecionalidad y se facilita la fiscalizaci\u00f3n en tiempo real, haciendo m\u00e1s eficientes y confiables las compras estatales.<\/p>\n\n\n\n<p>Fortalecimiento de marcos normativos e incorporaci\u00f3n de tecnolog\u00edas<\/p>\n\n\n\n<p>Mientras, el director general de Contrataciones P\u00fablicas, Carlos Pimentel, afirm\u00f3 que durante la gesti\u00f3n del presidente Abinader se han fortalecido los marcos normativos, la incorporaci\u00f3n de la tecnolog\u00eda y la participaci\u00f3n de mipymes y mujeres emprendedoras.<br>\u2028\u201cHoy iniciamos este foro con la convicci\u00f3n de que las compras p\u00fablicas no son un fin en s\u00ed mismas, sino un medio para construir un pa\u00eds m\u00e1s justo y pr\u00f3spero\u201d.<\/p>\n\n\n\n<figure class=\"wp-block-embed is-type-video is-provider-youtube wp-block-embed-youtube wp-embed-aspect-16-9 wp-has-aspect-ratio\"><div class=\"wp-block-embed__wrapper\">\n<iframe title=\"Abinader asegura ley 47-25 introduce mayores controles y sanciones estrictas\" width=\"500\" height=\"281\" src=\"https:\/\/www.youtube.com\/embed\/E9VE0ocaSgU?feature=oembed\" frameborder=\"0\" allow=\"accelerometer; autoplay; clipboard-write; encrypted-media; gyroscope; picture-in-picture; web-share\" referrerpolicy=\"strict-origin-when-cross-origin\" allowfullscreen><\/iframe>\n<\/div><\/figure>\n\n\n\n<p>Sobre el foro<\/p>\n\n\n\n<p>El mismo es organizado por el Centro de Estudios e Investigaciones en Contrataciones P\u00fablicas (CEICP) y participan representantes de organismos internacionales, acad\u00e9micos, encargados de unidades de compra de las instituciones del Estado y gobiernos locales y organizaciones de la sociedad civil.<\/p>\n\n\n\n<p>Se trata de un espacio clave para difundir e implementar los enfoques normativos y metodol\u00f3gicos introducidos por la nueva Ley 47-25 de Contrataciones P\u00fablicas, y promover pr\u00e1cticas innovadoras y sostenibles que permitan optimizar los procesos de compras p\u00fablicas.<\/p>\n\n\n\n<p>Entre los temas abordados est\u00e1n: la gesti\u00f3n de la innovaci\u00f3n en la contrataci\u00f3n p\u00fablica, las contrataciones p\u00fablicas en una econom\u00eda de triple impacto, compras verdes y contrataci\u00f3n p\u00fablica inclusiva, y el rol de las Mipymes y su contribuci\u00f3n al desarrollo nacional.<\/p>\n","protected":false},"excerpt":{"rendered":"<p>Asegura ley 47-25 introduce mayores controles y sanciones m\u00e1s estrictas; hace que los procesos sean m\u00e1s confiables, transparentes y eficientes. El presidente Luis Abinader afirm\u00f3 este mi\u00e9rcoles que la nueva&hellip;<\/p>\n","protected":false},"author":10,"featured_media":108803,"comment_status":"open","ping_status":"open","sticky":false,"template":"","format":"standard","meta":{"content-type":"","jetpack_post_was_ever_published":false,"_jetpack_newsletter_access":"","_jetpack_dont_email_post_to_subs":false,"_jetpack_newsletter_tier_id":0,"_jetpack_memberships_contains_paywalled_content":false,"_jetpack_memberships_contains_paid_content":false,"footnotes":""},"categories":[39,25],"tags":[24447,9056,8042,67,3586,6702,8030],"class_list":["post-108802","post","type-post","status-publish","format-standard","has-post-thumbnail","hentry","category-economia","category-portada","tag-compras-estatales","tag-contrataciones-publicas","tag-herramienta","tag-luis-abinader","tag-nueva-ley","tag-recursos-publicos","tag-transforma"],"jetpack_featured_media_url":"https:\/\/lasprimeras.com.do\/wp-content\/uploads\/2025\/09\/Luis-Abinader-2-1.jpg","jetpack-related-posts":[{"id":104887,"url":"https:\/\/lasprimeras.com.do\/index.php\/2025\/07\/28\/abinader-promulga-la-nueva-ley-47-25-de-contrataciones-publicas\/","url_meta":{"origin":108802,"position":0},"title":"Abinader promulga la nueva Ley 47-25 de Contrataciones P\u00fablicas","author":"Nelson Feliz","date":"28 de julio de 2025","format":false,"excerpt":"Afirma que con esta Ley se da un paso firme y decisivo en la transformaci\u00f3n del Estado dominicano que ha impulsado desde el primer d\u00eda de su gesti\u00f3n, convencido de que los recursos p\u00fablicos deben ser administrados con integridad, con responsabilidad y siempre al servicio del bienestar com\u00fan. Desde la\u2026","rel":"","context":"En \u00abECONOM\u00cdA\u00bb","block_context":{"text":"ECONOM\u00cdA","link":"https:\/\/lasprimeras.com.do\/index.php\/category\/economia\/"},"img":{"alt_text":"Luis Abinader","src":"https:\/\/i0.wp.com\/lasprimeras.com.do\/wp-content\/uploads\/2025\/07\/Luis-Abinader-10.jpg?resize=350%2C200&ssl=1","width":350,"height":200,"srcset":"https:\/\/i0.wp.com\/lasprimeras.com.do\/wp-content\/uploads\/2025\/07\/Luis-Abinader-10.jpg?resize=350%2C200&ssl=1 1x, https:\/\/i0.wp.com\/lasprimeras.com.do\/wp-content\/uploads\/2025\/07\/Luis-Abinader-10.jpg?resize=525%2C300&ssl=1 1.5x, https:\/\/i0.wp.com\/lasprimeras.com.do\/wp-content\/uploads\/2025\/07\/Luis-Abinader-10.jpg?resize=700%2C400&ssl=1 2x"},"classes":[]},{"id":104984,"url":"https:\/\/lasprimeras.com.do\/index.php\/2025\/07\/29\/embajada-de-ee-uu-felicita-al-presidente-abinader-por-fortalecer-la-nueva-ley-de-compras-y-contrataciones-47-25\/","url_meta":{"origin":108802,"position":1},"title":"Embajada de EE. UU. felicita al presidente Abinader por fortalecer la nueva Ley de Compras y Contrataciones 47-25","author":"Nelson Feliz","date":"29 de julio de 2025","format":false,"excerpt":"Ademas, le reconoce por combatir la trata de personas con la apertura de una oficina especializada en Sos\u00faa. La Encargada de Negocios de la Embajada de los Estados Unidos en Santo Domingo, Patricia Aguilera, felicit\u00f3 al Gobierno dominicano, encabezado por el presidente Luis Abinader, por la implementaci\u00f3n de medidas clave\u2026","rel":"","context":"En \u00abNACIONALES\u00bb","block_context":{"text":"NACIONALES","link":"https:\/\/lasprimeras.com.do\/index.php\/category\/nacionales\/"},"img":{"alt_text":"Embajada EU","src":"https:\/\/i0.wp.com\/lasprimeras.com.do\/wp-content\/uploads\/2023\/10\/Embajada-EU.jpg?resize=350%2C200&ssl=1","width":350,"height":200,"srcset":"https:\/\/i0.wp.com\/lasprimeras.com.do\/wp-content\/uploads\/2023\/10\/Embajada-EU.jpg?resize=350%2C200&ssl=1 1x, https:\/\/i0.wp.com\/lasprimeras.com.do\/wp-content\/uploads\/2023\/10\/Embajada-EU.jpg?resize=525%2C300&ssl=1 1.5x, https:\/\/i0.wp.com\/lasprimeras.com.do\/wp-content\/uploads\/2023\/10\/Embajada-EU.jpg?resize=700%2C400&ssl=1 2x, https:\/\/i0.wp.com\/lasprimeras.com.do\/wp-content\/uploads\/2023\/10\/Embajada-EU.jpg?resize=1050%2C600&ssl=1 3x"},"classes":[]},{"id":120771,"url":"https:\/\/lasprimeras.com.do\/index.php\/2026\/01\/27\/teodoro-pondera-nueva-ley-para-las-compras-y-contrataciones-publicas\/","url_meta":{"origin":108802,"position":2},"title":"Teodoro pondera nueva Ley para las compras y contrataciones p\u00fablicas","author":"Nelson Feliz","date":"27 de enero de 2026","format":false,"excerpt":"El ex presidente del Colegio Dominicano de Ingenieros, Arquitectos y Agrimensores (CODIA), Teodoro Tejada valor\u00f3 la entrada en vigencia de la ley 47-25 sobre contrataciones p\u00fablicas, que el mansatario Luis Abinader promulg\u00f3 el 28 de julio del pasado a\u00f1o, porque establecer\u00e1 un nuevo marco regulatorio en los procesos de licitaci\u00f3n\u2026","rel":"","context":"En \u00abECONOM\u00cdA\u00bb","block_context":{"text":"ECONOM\u00cdA","link":"https:\/\/lasprimeras.com.do\/index.php\/category\/economia\/"},"img":{"alt_text":"Teodoro Tejada","src":"https:\/\/i0.wp.com\/lasprimeras.com.do\/wp-content\/uploads\/2026\/01\/Teodoro-Tejada.jpg?resize=350%2C200&ssl=1","width":350,"height":200,"srcset":"https:\/\/i0.wp.com\/lasprimeras.com.do\/wp-content\/uploads\/2026\/01\/Teodoro-Tejada.jpg?resize=350%2C200&ssl=1 1x, https:\/\/i0.wp.com\/lasprimeras.com.do\/wp-content\/uploads\/2026\/01\/Teodoro-Tejada.jpg?resize=525%2C300&ssl=1 1.5x, https:\/\/i0.wp.com\/lasprimeras.com.do\/wp-content\/uploads\/2026\/01\/Teodoro-Tejada.jpg?resize=700%2C400&ssl=1 2x"},"classes":[]},{"id":102096,"url":"https:\/\/lasprimeras.com.do\/index.php\/2025\/07\/01\/abinader-presenta-avances-historicos-en-libre-competencia-y-destaca-liderazgo-regional-de-la-republica-dominicana\/","url_meta":{"origin":108802,"position":3},"title":"Abinader presenta avances hist\u00f3ricos en libre competencia y destaca liderazgo regional de la Rep\u00fablica Dominicana","author":"Nelson Feliz","date":"1 de julio de 2025","format":false,"excerpt":"El pa\u00eds es la primera naci\u00f3n de la regi\u00f3n en contar con una \u201cPol\u00edtica Nacional de Competencia\u201d. El presidente Luis Abinader present\u00f3 este lunes los principales logros y avances alcanzados en materia de libre y leal competencia durante su gesti\u00f3n, destacando el papel de ProCompetencia como pilar del desarrollo econ\u00f3mico\u2026","rel":"","context":"En \u00abNACIONALES\u00bb","block_context":{"text":"NACIONALES","link":"https:\/\/lasprimeras.com.do\/index.php\/category\/nacionales\/"},"img":{"alt_text":"Luis Abinader","src":"https:\/\/i0.wp.com\/lasprimeras.com.do\/wp-content\/uploads\/2025\/07\/Luis-Abinader.jpg?resize=350%2C200&ssl=1","width":350,"height":200,"srcset":"https:\/\/i0.wp.com\/lasprimeras.com.do\/wp-content\/uploads\/2025\/07\/Luis-Abinader.jpg?resize=350%2C200&ssl=1 1x, https:\/\/i0.wp.com\/lasprimeras.com.do\/wp-content\/uploads\/2025\/07\/Luis-Abinader.jpg?resize=525%2C300&ssl=1 1.5x, https:\/\/i0.wp.com\/lasprimeras.com.do\/wp-content\/uploads\/2025\/07\/Luis-Abinader.jpg?resize=700%2C400&ssl=1 2x"},"classes":[]},{"id":89047,"url":"https:\/\/lasprimeras.com.do\/index.php\/2024\/09\/15\/indotel-garantiza-transparencia-en-compras-y-contrataciones-y-admite-firma-digital\/","url_meta":{"origin":108802,"position":4},"title":"Indotel garantiza transparencia en compras y contrataciones y admite firma digital","author":"Nelson Feliz","date":"15 de septiembre de 2024","format":false,"excerpt":"Para garantizar la transparencia en sus compras y contrataciones, y fortalecer la eficiencia, la integridad y las mejores pr\u00e1cticas, el Consejo Directivo del Instituto Dominicano de las Telecomunicaciones (Indotel) aprob\u00f3 la resoluci\u00f3n 093-2024. Entre los recursos que ser\u00e1n permitidos en esta nueva etapa est\u00e1n la firma digital en todos los\u2026","rel":"","context":"En \u00abECONOM\u00cdA\u00bb","block_context":{"text":"ECONOM\u00cdA","link":"https:\/\/lasprimeras.com.do\/index.php\/category\/economia\/"},"img":{"alt_text":"","src":"https:\/\/i0.wp.com\/lasprimeras.com.do\/wp-content\/uploads\/2024\/09\/Indotel.jpg?resize=350%2C200&ssl=1","width":350,"height":200,"srcset":"https:\/\/i0.wp.com\/lasprimeras.com.do\/wp-content\/uploads\/2024\/09\/Indotel.jpg?resize=350%2C200&ssl=1 1x, https:\/\/i0.wp.com\/lasprimeras.com.do\/wp-content\/uploads\/2024\/09\/Indotel.jpg?resize=525%2C300&ssl=1 1.5x, https:\/\/i0.wp.com\/lasprimeras.com.do\/wp-content\/uploads\/2024\/09\/Indotel.jpg?resize=700%2C400&ssl=1 2x"},"classes":[]},{"id":101288,"url":"https:\/\/lasprimeras.com.do\/index.php\/2025\/06\/18\/contraloria-refuerza-controles-y-detiene-irregularidades-en-tiempo-real\/","url_meta":{"origin":108802,"position":5},"title":"Contralor\u00eda refuerza controles y detiene irregularidades en tiempo real","author":"Nelson Feliz","date":"18 de junio de 2025","format":false,"excerpt":"Inicia masiva jornada de sensibilizaci\u00f3n sobre control interno a trav\u00e9s de la ENCI. Los estrictos controles establecidos en el Estado dominicano est\u00e1n detectando la m\u00e1s m\u00ednima irregularidad, logrando suspender procesos en tiempo real y tramitarlos a la Procuradur\u00eda Especializada de Persecuci\u00f3n de la Corrupci\u00f3n Administrativa (Pepca), en caso de detecci\u00f3n\u2026","rel":"","context":"En \u00abECONOM\u00cdA\u00bb","block_context":{"text":"ECONOM\u00cdA","link":"https:\/\/lasprimeras.com.do\/index.php\/category\/economia\/"},"img":{"alt_text":"","src":"https:\/\/i0.wp.com\/lasprimeras.com.do\/wp-content\/uploads\/2025\/06\/contraloria.jpg?resize=350%2C200&ssl=1","width":350,"height":200,"srcset":"https:\/\/i0.wp.com\/lasprimeras.com.do\/wp-content\/uploads\/2025\/06\/contraloria.jpg?resize=350%2C200&ssl=1 1x, https:\/\/i0.wp.com\/lasprimeras.com.do\/wp-content\/uploads\/2025\/06\/contraloria.jpg?resize=525%2C300&ssl=1 1.5x, https:\/\/i0.wp.com\/lasprimeras.com.do\/wp-content\/uploads\/2025\/06\/contraloria.jpg?resize=700%2C400&ssl=1 2x"},"classes":[]}],"jetpack_sharing_enabled":true,"_links":{"self":[{"href":"https:\/\/lasprimeras.com.do\/index.php\/wp-json\/wp\/v2\/posts\/108802","targetHints":{"allow":["GET"]}}],"collection":[{"href":"https:\/\/lasprimeras.com.do\/index.php\/wp-json\/wp\/v2\/posts"}],"about":[{"href":"https:\/\/lasprimeras.com.do\/index.php\/wp-json\/wp\/v2\/types\/post"}],"author":[{"embeddable":true,"href":"https:\/\/lasprimeras.com.do\/index.php\/wp-json\/wp\/v2\/users\/10"}],"replies":[{"embeddable":true,"href":"https:\/\/lasprimeras.com.do\/index.php\/wp-json\/wp\/v2\/comments?post=108802"}],"version-history":[{"count":2,"href":"https:\/\/lasprimeras.com.do\/index.php\/wp-json\/wp\/v2\/posts\/108802\/revisions"}],"predecessor-version":[{"id":108805,"href":"https:\/\/lasprimeras.com.do\/index.php\/wp-json\/wp\/v2\/posts\/108802\/revisions\/108805"}],"wp:featuredmedia":[{"embeddable":true,"href":"https:\/\/lasprimeras.com.do\/index.php\/wp-json\/wp\/v2\/media\/108803"}],"wp:attachment":[{"href":"https:\/\/lasprimeras.com.do\/index.php\/wp-json\/wp\/v2\/media?parent=108802"}],"wp:term":[{"taxonomy":"category","embeddable":true,"href":"https:\/\/lasprimeras.com.do\/index.php\/wp-json\/wp\/v2\/categories?post=108802"},{"taxonomy":"post_tag","embeddable":true,"href":"https:\/\/lasprimeras.com.do\/index.php\/wp-json\/wp\/v2\/tags?post=108802"}],"curies":[{"name":"wp","href":"https:\/\/api.w.org\/{rel}","templated":true}]}}