{"id":108844,"date":"2025-09-11T09:03:45","date_gmt":"2025-09-11T13:03:45","guid":{"rendered":"https:\/\/lasprimeras.com.do\/?p=108844"},"modified":"2025-09-11T09:03:46","modified_gmt":"2025-09-11T13:03:46","slug":"adocco-cuestiona-legalidad-declaracion-de-emergencia-para-compras-y-contrataciones-del-sector-electrico","status":"publish","type":"post","link":"https:\/\/lasprimeras.com.do\/index.php\/2025\/09\/11\/adocco-cuestiona-legalidad-declaracion-de-emergencia-para-compras-y-contrataciones-del-sector-electrico\/","title":{"rendered":"ADOCCO cuestiona legalidad declaraci\u00f3n de emergencia para compras y contrataciones del sector el\u00e9ctrico"},"content":{"rendered":"\n<p><strong>Decreto 517-25 del Poder Ejecutivo es inconstitucional y viola la Ley 340-06 y reglamento de aplicaci\u00f3n<\/strong><\/p>\n\n\n\n<p>La Alianza Dominicana Contra la Corrupci\u00f3n, ADOCCO, dijo hoy que el decreto No. 517-25, que declara &#8220;emergencia nacional&#8221; todas las compras y contrataciones vinculadas al sector el\u00e9ctrico tendentes a incrementar la capacidad de generaci\u00f3n, reducir la inestabilidad, suplir la demanda y fortalecer el almacenamiento, instalaci\u00f3n de nuevas unidades de generaci\u00f3n t\u00e9rmica de respuesta r\u00e1pida, as\u00ed como la planificaci\u00f3n y construcci\u00f3n de sistemas de almacenamiento energ\u00e9tico, incluyendo bancos de bater\u00edas, obras, servicios, equipos y consultor\u00edas especializadas que permitan mejorar la capacidad operativa del Sistema El\u00e9ctrico Nacional Interconectado (SENI).<\/p>\n\n\n\n<p>La Constituci\u00f3n establece cuando aplica la declaraci\u00f3n del Estado de Emergencia, en su Art\u00edculo 265.- Estado de Emergencia. El Estado de Emergencia podr\u00e1 declararse cuando ocurran hechos distintos a los previstos en los art\u00edculos 263 y 264 que perturben o amenacen perturbar en forma grave e inminente el orden econ\u00f3mico, social, medioambiental del pa\u00eds, o que constituyan calamidad p\u00fablica y la Ley 340-06, Art\u00edculo 6. Se excluyen de la aplicaci\u00f3n de la presente ley los procesos de compras y contrataciones relacionados con: 1. Las que por razones de seguridad o emergencia nacional pudieran afectar el inter\u00e9s p\u00fablico, vidas o la econom\u00eda del pa\u00eds, previa declaratoria y sustentaci\u00f3n mediante decreto.<\/p>\n\n\n\n<p>De acuerdo al presidente de la organizaci\u00f3n Julio C\u00e9sar De la Rosa Tiburcio, el Manual General de Procedimientos de Contrataci\u00f3n por Excepci\u00f3n, elaborado por la Direcci\u00f3n General de Contrataciones P\u00fablicas, establece con precisi\u00f3n meridiana, en ocasi\u00f3n de que puede aplicar \u201cLa contrataci\u00f3n por emergencia nacional debe resolver un acontecimiento cierto, evidente y concreto que sobresale, y por tanto no hacen falta pruebas de su existencia, pues implica una real afectaci\u00f3n al Estado y al inter\u00e9s general.<\/p>\n\n\n\n<p>En ese sentido, la adquisici\u00f3n del bien o la contrataci\u00f3n del servicio u obra debe estar limitada a lo estrictamente necesario para remediar lo inminente, prevenir mayores desastres y atender lo exclusivamente necesario como consecuencia del hecho que causa la emergencia.\u201d<\/p>\n\n\n\n<p>El problema del sector el\u00e9ctrico, es el resultado de la falta de planificaci\u00f3n, lo que significa, que ha transcurrido tiempo suficiente para solucionarlo, no es el resultado de un fen\u00f3meno natural o una pandemia, sino por la improvisaci\u00f3n, lo que adem\u00e1s ha motivado gastos desproporcionados para el sostenimiento, por lo que no aplica declarar el Estado de Emergencia, por no reunir los requisitos establecidos a esos fines, como se desprende del Manual de Procedimientos de Contrataci\u00f3n por Excepci\u00f3n.<\/p>\n\n\n\n<p>\u201cLa contrataci\u00f3n por emergencia no aplica para necesidades extendidas en el tiempo, como bienes de entrega diferida, servicios de ejecuci\u00f3n sucesiva y tampoco obras que no resuelvan la situaci\u00f3n inmediata. Por ejemplo, no podr\u00e1 contratarse por emergencia nacional la reparaci\u00f3n de infraestructura cuya ejecuci\u00f3n no sea inmediata, sino que se demora en el tiempo, pues en ese caso se trata de una necesidad de reparaci\u00f3n que, si bien se deriva del hecho que caus\u00f3 la emergencia, puede organizarse un procedimiento competitivo ordinario para atenderlo. La compra o contrataci\u00f3n por emergencia ser\u00e1 lo estrictamente necesario para que la infraestructura se sostenga y no colapse, pero no as\u00ed para rehabilitarla.\u201d<\/p>\n\n\n\n<p>Es penoso que la excepci\u00f3n est\u00e9 sustentada entre otros considerandos, como el siguiente: \u201cCONSIDERANDO: Que los efectos de la pandemia de la COVID-19 durante los a\u00f1os 2020 y 2021 y del conflicto b\u00e9lico entre Rusia y Ucrania (2022 en adelante) ralentizaron las inversiones de las empresas distribuidoras de electricidad en proyectos de rehabilitaci\u00f3n y expansi\u00f3n de redes, as\u00ed como en el abastecimiento de equipos de transformaci\u00f3n y medici\u00f3n, afectando la calidad y sostenibilidad del servicio\u201d, oportunidades han tenido para enfrentar el d\u00e9ficit, cumpliendo con las disposiciones legales. Concluy\u00f3 el vocero de ADOCCO.<\/p>\n","protected":false},"excerpt":{"rendered":"<p>Decreto 517-25 del Poder Ejecutivo es inconstitucional y viola la Ley 340-06 y reglamento de aplicaci\u00f3n La Alianza Dominicana Contra la Corrupci\u00f3n, ADOCCO, dijo hoy que el decreto No. 517-25,&hellip;<\/p>\n","protected":false},"author":10,"featured_media":108845,"comment_status":"open","ping_status":"open","sticky":false,"template":"","format":"standard","meta":{"content-type":"","jetpack_post_was_ever_published":false,"_jetpack_newsletter_access":"","_jetpack_dont_email_post_to_subs":false,"_jetpack_newsletter_tier_id":0,"_jetpack_memberships_contains_paywalled_content":false,"_jetpack_memberships_contains_paid_content":false,"footnotes":""},"categories":[39,25],"tags":[304,19879,6287,560,24471,6055],"class_list":["post-108844","post","type-post","status-publish","format-standard","has-post-thumbnail","hentry","category-economia","category-portada","tag-adocco","tag-compras-y-contrataciones","tag-declaracion","tag-emergencia","tag-legalidad","tag-sector-electrico"],"jetpack_featured_media_url":"https:\/\/lasprimeras.com.do\/wp-content\/uploads\/2025\/09\/Julio-Cesar-De-la-Rosa-Tiburcio-1.jpg","jetpack-related-posts":[{"id":109300,"url":"https:\/\/lasprimeras.com.do\/index.php\/2025\/09\/16\/karpowership-solicita-permiso-ambiental-para-operar-tercera-barcaza-de-generacion-electrica-en-azua\/","url_meta":{"origin":108844,"position":0},"title":"Karpowership solicita permiso ambiental para operar tercera barcaza de generaci\u00f3n el\u00e9ctrica en Azua","author":"Nelson Feliz","date":"16 de septiembre de 2025","format":false,"excerpt":"El Ministerio de Medio Ambiente eval\u00faa una propuesta de modificaci\u00f3n de la licencia ambiental que posee la empresa Karpowership, que opera dos barcazas ubicadas en Azua, para expandir ese sistema con una nueva central el\u00e9ctrica dentro del pol\u00edgono autorizado por las autoridades. As\u00ed lo inform\u00f3 el viceministro de Gesti\u00f3n Ambiental\u2026","rel":"","context":"En \u00abNACIONALES\u00bb","block_context":{"text":"NACIONALES","link":"https:\/\/lasprimeras.com.do\/index.php\/category\/nacionales\/"},"img":{"alt_text":"","src":"https:\/\/i0.wp.com\/lasprimeras.com.do\/wp-content\/uploads\/2025\/09\/Una-tercera-barcaza.jpg?resize=350%2C200&ssl=1","width":350,"height":200,"srcset":"https:\/\/i0.wp.com\/lasprimeras.com.do\/wp-content\/uploads\/2025\/09\/Una-tercera-barcaza.jpg?resize=350%2C200&ssl=1 1x, https:\/\/i0.wp.com\/lasprimeras.com.do\/wp-content\/uploads\/2025\/09\/Una-tercera-barcaza.jpg?resize=525%2C300&ssl=1 1.5x, https:\/\/i0.wp.com\/lasprimeras.com.do\/wp-content\/uploads\/2025\/09\/Una-tercera-barcaza.jpg?resize=700%2C400&ssl=1 2x"},"classes":[]},{"id":119089,"url":"https:\/\/lasprimeras.com.do\/index.php\/2026\/01\/06\/martin-matos-cuestiona-procedimiento-excepcion-en-el-sector-electrico\/","url_meta":{"origin":108844,"position":1},"title":"Mart\u00edn Matos cuestiona procedimiento excepci\u00f3n en el sector el\u00e9ctrico","author":"Nelson Feliz","date":"6 de enero de 2026","format":false,"excerpt":"Energ\u00eda y Minas del PLD advierte sobre uso discrecional de procedimientos de excepci\u00f3n en el sector el\u00e9ctrico La Secretar\u00eda de Energ\u00eda y Minas del Partido de la Liberaci\u00f3n Dominicana expres\u00f3 su profunda preocupaci\u00f3n ante el uso reiterado y discrecional de los procedimientos de excepci\u00f3n en el sector el\u00e9ctrico nacional, amparados\u2026","rel":"","context":"En \u00abPOLITICA\u00bb","block_context":{"text":"POLITICA","link":"https:\/\/lasprimeras.com.do\/index.php\/category\/politica\/"},"img":{"alt_text":"","src":"https:\/\/i0.wp.com\/lasprimeras.com.do\/wp-content\/uploads\/2026\/01\/Martin-Matos.jpg?resize=350%2C200&ssl=1","width":350,"height":200,"srcset":"https:\/\/i0.wp.com\/lasprimeras.com.do\/wp-content\/uploads\/2026\/01\/Martin-Matos.jpg?resize=350%2C200&ssl=1 1x, https:\/\/i0.wp.com\/lasprimeras.com.do\/wp-content\/uploads\/2026\/01\/Martin-Matos.jpg?resize=525%2C300&ssl=1 1.5x, https:\/\/i0.wp.com\/lasprimeras.com.do\/wp-content\/uploads\/2026\/01\/Martin-Matos.jpg?resize=700%2C400&ssl=1 2x"},"classes":[]},{"id":109217,"url":"https:\/\/lasprimeras.com.do\/index.php\/2025\/09\/15\/yulibelys-wandelpool-no-toda-dificultad-operativa-o-financiera-es-una-emergencia-legal\/","url_meta":{"origin":108844,"position":2},"title":"Yulibelys Wandelpool: No toda dificultad operativa o financiera es una emergencia legal","author":"Nelson Feliz","date":"15 de septiembre de 2025","format":false,"excerpt":"Con la Excepci\u00f3n en Compras P\u00fablicas se incluye tambi\u00e9n la contrataci\u00f3n de consultores, asesores y servicios jur\u00eddicos y financieros, denuncia la Jurista Yulibelys Wandelpool La abogada especialista en Derecho Administrativo y compras p\u00fablicas, Yulibelys Wandelpool, quien es integrante del Comit\u00e9 Central del Partido de la Liberaci\u00f3n Dominicana (PLD), advirti\u00f3 que\u2026","rel":"","context":"En \u00abECONOM\u00cdA\u00bb","block_context":{"text":"ECONOM\u00cdA","link":"https:\/\/lasprimeras.com.do\/index.php\/category\/economia\/"},"img":{"alt_text":"","src":"https:\/\/i0.wp.com\/lasprimeras.com.do\/wp-content\/uploads\/2025\/09\/Yulibelys-Wandelpool.jpg?resize=350%2C200&ssl=1","width":350,"height":200,"srcset":"https:\/\/i0.wp.com\/lasprimeras.com.do\/wp-content\/uploads\/2025\/09\/Yulibelys-Wandelpool.jpg?resize=350%2C200&ssl=1 1x, https:\/\/i0.wp.com\/lasprimeras.com.do\/wp-content\/uploads\/2025\/09\/Yulibelys-Wandelpool.jpg?resize=525%2C300&ssl=1 1.5x, https:\/\/i0.wp.com\/lasprimeras.com.do\/wp-content\/uploads\/2025\/09\/Yulibelys-Wandelpool.jpg?resize=700%2C400&ssl=1 2x"},"classes":[]},{"id":111431,"url":"https:\/\/lasprimeras.com.do\/index.php\/2025\/10\/08\/adocco-denuncia-irregularidades-en-el-proceso-de-licitacion-licencias-del-intrant\/","url_meta":{"origin":108844,"position":3},"title":"ADOCCO denuncia irregularidades en el proceso de licitaci\u00f3n licencias del INTRANT","author":"Nelson Feliz","date":"8 de octubre de 2025","format":false,"excerpt":"Imputa al ingeniero MILTON TE\u00d3FILO MORRISON MARTINEZ de confabulaci\u00f3n con el CONSORCIO MOBILITY ID para defraudar al Estado La Alianza Dominicana Contra la Corrupci\u00f3n (ADOCCO) denuncia por ante la PEPCA los peligros que acechan a la Rep\u00fablica Dominicana al estar toda la data de los dominicanos y dominicanas de las\u2026","rel":"","context":"En \u00abECONOM\u00cdA\u00bb","block_context":{"text":"ECONOM\u00cdA","link":"https:\/\/lasprimeras.com.do\/index.php\/category\/economia\/"},"img":{"alt_text":"Julio C\u00e9sar de la Rosa Tiburcio","src":"https:\/\/i0.wp.com\/lasprimeras.com.do\/wp-content\/uploads\/2025\/03\/Julio-Cesar-de-la-Rosa-Tiburcio.jpg?resize=350%2C200&ssl=1","width":350,"height":200,"srcset":"https:\/\/i0.wp.com\/lasprimeras.com.do\/wp-content\/uploads\/2025\/03\/Julio-Cesar-de-la-Rosa-Tiburcio.jpg?resize=350%2C200&ssl=1 1x, https:\/\/i0.wp.com\/lasprimeras.com.do\/wp-content\/uploads\/2025\/03\/Julio-Cesar-de-la-Rosa-Tiburcio.jpg?resize=525%2C300&ssl=1 1.5x, https:\/\/i0.wp.com\/lasprimeras.com.do\/wp-content\/uploads\/2025\/03\/Julio-Cesar-de-la-Rosa-Tiburcio.jpg?resize=700%2C400&ssl=1 2x"},"classes":[]},{"id":109249,"url":"https:\/\/lasprimeras.com.do\/index.php\/2025\/09\/15\/johnny-pujols-el-decreto-de-emergencia-en-el-sector-electrico-encarece-costos-y-formaliza-la-improvisacion\/","url_meta":{"origin":108844,"position":4},"title":"Johnny Pujols: \u201cEl decreto de emergencia en el sector el\u00e9ctrico encarece costos y formaliza la improvisaci\u00f3n\u201d","author":"Nelson Feliz","date":"15 de septiembre de 2025","format":false,"excerpt":"El Secretario General del Partido de la Liberaci\u00f3n Dominicana (PLD), Johnny Pujols, advirti\u00f3 que el decreto de emergencia en el sector el\u00e9ctrico no es suficiente para resolver la crisis actual. Se\u00f1al\u00f3 que la situaci\u00f3n demanda m\u00e1s que medidas coyunturales, recordando que durante los gobiernos del PLD el pa\u00eds logr\u00f3 superar\u2026","rel":"","context":"En \u00abPOLITICA\u00bb","block_context":{"text":"POLITICA","link":"https:\/\/lasprimeras.com.do\/index.php\/category\/politica\/"},"img":{"alt_text":"","src":"https:\/\/i0.wp.com\/lasprimeras.com.do\/wp-content\/uploads\/2025\/09\/Johnny-Pujols.jpg?resize=350%2C200&ssl=1","width":350,"height":200,"srcset":"https:\/\/i0.wp.com\/lasprimeras.com.do\/wp-content\/uploads\/2025\/09\/Johnny-Pujols.jpg?resize=350%2C200&ssl=1 1x, https:\/\/i0.wp.com\/lasprimeras.com.do\/wp-content\/uploads\/2025\/09\/Johnny-Pujols.jpg?resize=525%2C300&ssl=1 1.5x, https:\/\/i0.wp.com\/lasprimeras.com.do\/wp-content\/uploads\/2025\/09\/Johnny-Pujols.jpg?resize=700%2C400&ssl=1 2x"},"classes":[]},{"id":107946,"url":"https:\/\/lasprimeras.com.do\/index.php\/2025\/09\/01\/adocco-se-querella-contra-angel-hernandez-exministro-de-educacion-por-lavado-de-activos\/","url_meta":{"origin":108844,"position":5},"title":"ADOCCO se querella contra \u00c1ngel Hern\u00e1ndez, exministro de Educaci\u00f3n por Lavado de Activos","author":"Nelson Feliz","date":"1 de septiembre de 2025","format":false,"excerpt":"La Alianza Dominicana Contra la Corrupci\u00f3n, ADOCCO, present\u00f3 una denuncia querella, contra el exministro de Educaci\u00f3n, \u00c1ngel Hern\u00e1ndez, por violaci\u00f3n de la Ley No. 311-14 de Declaraci\u00f3n Jurada de Patrimonio y la Ley No. 155-17 de Lavado de Activos, por el hecho de omitir deliberadamente en la declaraci\u00f3n jurada de\u2026","rel":"","context":"En \u00abJUSTICIA\u00bb","block_context":{"text":"JUSTICIA","link":"https:\/\/lasprimeras.com.do\/index.php\/category\/justicia\/"},"img":{"alt_text":"","src":"https:\/\/i0.wp.com\/lasprimeras.com.do\/wp-content\/uploads\/2025\/09\/Julio-Cesar-De-la-Rosa-Tiburcio.jpg?resize=350%2C200&ssl=1","width":350,"height":200,"srcset":"https:\/\/i0.wp.com\/lasprimeras.com.do\/wp-content\/uploads\/2025\/09\/Julio-Cesar-De-la-Rosa-Tiburcio.jpg?resize=350%2C200&ssl=1 1x, https:\/\/i0.wp.com\/lasprimeras.com.do\/wp-content\/uploads\/2025\/09\/Julio-Cesar-De-la-Rosa-Tiburcio.jpg?resize=525%2C300&ssl=1 1.5x, https:\/\/i0.wp.com\/lasprimeras.com.do\/wp-content\/uploads\/2025\/09\/Julio-Cesar-De-la-Rosa-Tiburcio.jpg?resize=700%2C400&ssl=1 2x"},"classes":[]}],"jetpack_sharing_enabled":true,"_links":{"self":[{"href":"https:\/\/lasprimeras.com.do\/index.php\/wp-json\/wp\/v2\/posts\/108844","targetHints":{"allow":["GET"]}}],"collection":[{"href":"https:\/\/lasprimeras.com.do\/index.php\/wp-json\/wp\/v2\/posts"}],"about":[{"href":"https:\/\/lasprimeras.com.do\/index.php\/wp-json\/wp\/v2\/types\/post"}],"author":[{"embeddable":true,"href":"https:\/\/lasprimeras.com.do\/index.php\/wp-json\/wp\/v2\/users\/10"}],"replies":[{"embeddable":true,"href":"https:\/\/lasprimeras.com.do\/index.php\/wp-json\/wp\/v2\/comments?post=108844"}],"version-history":[{"count":1,"href":"https:\/\/lasprimeras.com.do\/index.php\/wp-json\/wp\/v2\/posts\/108844\/revisions"}],"predecessor-version":[{"id":108846,"href":"https:\/\/lasprimeras.com.do\/index.php\/wp-json\/wp\/v2\/posts\/108844\/revisions\/108846"}],"wp:featuredmedia":[{"embeddable":true,"href":"https:\/\/lasprimeras.com.do\/index.php\/wp-json\/wp\/v2\/media\/108845"}],"wp:attachment":[{"href":"https:\/\/lasprimeras.com.do\/index.php\/wp-json\/wp\/v2\/media?parent=108844"}],"wp:term":[{"taxonomy":"category","embeddable":true,"href":"https:\/\/lasprimeras.com.do\/index.php\/wp-json\/wp\/v2\/categories?post=108844"},{"taxonomy":"post_tag","embeddable":true,"href":"https:\/\/lasprimeras.com.do\/index.php\/wp-json\/wp\/v2\/tags?post=108844"}],"curies":[{"name":"wp","href":"https:\/\/api.w.org\/{rel}","templated":true}]}}