{"id":108922,"date":"2025-09-11T20:06:16","date_gmt":"2025-09-12T00:06:16","guid":{"rendered":"https:\/\/lasprimeras.com.do\/?p=108922"},"modified":"2025-09-11T20:06:18","modified_gmt":"2025-09-12T00:06:18","slug":"bolsonaro-condenado-a-27-anos-de-carcel-por-golpismo-contra-lula-en-brasil","status":"publish","type":"post","link":"https:\/\/lasprimeras.com.do\/index.php\/2025\/09\/11\/bolsonaro-condenado-a-27-anos-de-carcel-por-golpismo-contra-lula-en-brasil\/","title":{"rendered":"Bolsonaro, condenado a 27 a\u00f1os de c\u00e1rcel por golpismo contra Lula en Brasil"},"content":{"rendered":"\n<p><strong>Es la primera vez que un exjefe de Estado brasile\u00f1o es condenado por golpismo<\/strong><\/p>\n\n\n\n<p>Brasil, AFP- El expresidente brasile\u00f1o Jair Bolsonaro fue condenado este jueves a 27 a\u00f1os y 3 meses de c\u00e1rcel por haber intentado un golpe de Estado contra el izquierdista Luiz In\u00e1cio Lula da Silva.<\/p>\n\n\n\n<p>&#8220;En resumen, 27 a\u00f1os y tres meses de pena privativa de libertad&#8221;, dijo el juez de la corte suprema Alexandre de Moraes, al anunciar la sentencia contra el l\u00edder de la derecha y extrema derecha de Brasil.<\/p>\n\n\n\n<p>El Supremo Tribunal Federal, la mayor corte brasile\u00f1a, decidi\u00f3 por una mayor\u00eda de cuatro jueces en cinco que Bolsonaro es culpable de tentativa de golpe de Estado y otros delitos, en una decisi\u00f3n hist\u00f3rica.<\/p>\n\n\n\n<p>Es la primera vez que un exjefe de Estado brasile\u00f1o es condenado por golpismo, algo que Bolsonaro rechaza como una persecuci\u00f3n pol\u00edtica, y esto ocurre pese a presiones de la derecha pol\u00edtica dom\u00e9stica y de Estados Unidos para salvarlo.<\/p>\n\n\n\n<p>El presidente estadounidense, Donald Trump, impuso sanciones y aranceles a Brasil debido a este proceso, que calific\u00f3 de &#8220;caza de brujas&#8221; contra su aliado.<\/p>\n\n\n\n<p>Excolaboradores<\/p>\n\n\n\n<p>Otros siete excolaboradores de Bolsonaro en su gobierno (2019-2022) tambi\u00e9n han sido condenados junto a \u00e9l por el Supremo por participar de la trama golpista para intentar mantenerse en el poder tras el triunfo electoral de Lula.<\/p>\n\n\n\n<p>La condena de Bolsonaro podr\u00eda ser un nocaut para este exmilitar de extrema derecha a sus 70 a\u00f1os, pero sus aliados ya buscan amnistiarlo y algunos expertos descartan a\u00fan declarar su fin como pol\u00edtico.L<\/p>\n\n\n\n<p>La acusaci\u00f3n<\/p>\n\n\n\n<p>Seg\u00fan la acusaci\u00f3n formulada por la Fiscal\u00eda General y aceptada por cuatro de los cinco jueces, la conspiraci\u00f3n comenz\u00f3 en junio de 2021, poco m\u00e1s de un a\u00f1o antes de las elecciones y cuando Lula comenzaba a despuntar en las encuestas.<\/p>\n\n\n\n<p>La trama fue desarrollada en diversas fases y comenz\u00f3 con una dura campa\u00f1a de descr\u00e9dito contra las instituciones y el sistema electoral del pa\u00eds dirigida por el propio Bolsonaro, de acuerdo a la acusaci\u00f3n.<\/p>\n\n\n\n<p>La conspiraci\u00f3n pas\u00f3 de las palabras a los hechos despu\u00e9s de que Lula gan\u00f3 las elecciones de octubre de 2022, con intensas protestas, atentados frustrados por la Polic\u00eda y campamentos en las puertas de los cuarteles en los que miles de bolsonaristas exig\u00edan al Ej\u00e9rcito que impidiera la investidura de Lula.<\/p>\n\n\n\n<p>El l\u00edder progresista asumi\u00f3 el poder finalmente el 1 de enero de 2023 y, una semana despu\u00e9s, miles de activistas de ultraderecha salieron de uno de esos campamentos en Brasilia para asaltar con violencia las sedes de la Presidencia, el Parlamento y la propia Corte Suprema.<\/p>\n\n\n\n<p>De acuerdo a la Fiscal\u00eda, esa acci\u00f3n fue el corolario de una trama golpista que ha llevado a las condenas y que, seg\u00fan la acusaci\u00f3n, fue &#8220;liderada&#8221; y dirigida personalmente por Bolsonaro, con el objetivo de &#8220;perpetuarse en el poder&#8221; e instalar &#8220;una dictadura&#8221; en Brasil.<\/p>\n","protected":false},"excerpt":{"rendered":"<p>Es la primera vez que un exjefe de Estado brasile\u00f1o es condenado por golpismo Brasil, AFP- El expresidente brasile\u00f1o Jair Bolsonaro fue condenado este jueves a 27 a\u00f1os y 3&hellip;<\/p>\n","protected":false},"author":10,"featured_media":108923,"comment_status":"open","ping_status":"open","sticky":false,"template":"","format":"standard","meta":{"content-type":"","jetpack_post_was_ever_published":false,"_jetpack_newsletter_access":"","_jetpack_dont_email_post_to_subs":false,"_jetpack_newsletter_tier_id":0,"_jetpack_memberships_contains_paywalled_content":false,"_jetpack_memberships_contains_paid_content":false,"footnotes":""},"categories":[16289],"tags":[24508,3519,3198,24509,16167,2061],"class_list":["post-108922","post","type-post","status-publish","format-standard","has-post-thumbnail","hentry","category-internacionales","tag-27-anos-de-carcel","tag-brasil","tag-condenado","tag-golpismo","tag-jair-bolsonaro","tag-luiz-inacio-lula-da-silva"],"jetpack_featured_media_url":"https:\/\/lasprimeras.com.do\/wp-content\/uploads\/2025\/09\/Jair-Bolsonaro.jpg","jetpack-related-posts":[{"id":112471,"url":"https:\/\/lasprimeras.com.do\/index.php\/2025\/10\/22\/brasil-publica-condena-de-bolsonaro-por-intento-de-golpe-iniciando-el-reloj-de-apelaciones\/","url_meta":{"origin":108922,"position":0},"title":"Brasil publica condena de Bolsonaro por intento de golpe, iniciando el reloj de apelaciones","author":"Nelson Feliz","date":"22 de octubre de 2025","format":false,"excerpt":"Por EL\u00c9ONORE HUGHES R\u00cdO DE JANEIRO (AP) \u2014 La Corte Suprema de Brasil public\u00f3 el mi\u00e9rcoles el fallo que condena al expresidente Jair Bolsonaro por intento de golpe de Estado, iniciando el plazo para presentar apelaciones. En septiembre, los jueces condenaron a Bolsonaro por intentar derrocar la democracia y lo\u2026","rel":"","context":"En \u00abINTERNACIONALES\u00bb","block_context":{"text":"INTERNACIONALES","link":"https:\/\/lasprimeras.com.do\/index.php\/category\/sin-categoria\/internacionales\/"},"img":{"alt_text":"","src":"https:\/\/i0.wp.com\/lasprimeras.com.do\/wp-content\/uploads\/2025\/10\/jair.jpg?resize=350%2C200&ssl=1","width":350,"height":200,"srcset":"https:\/\/i0.wp.com\/lasprimeras.com.do\/wp-content\/uploads\/2025\/10\/jair.jpg?resize=350%2C200&ssl=1 1x, https:\/\/i0.wp.com\/lasprimeras.com.do\/wp-content\/uploads\/2025\/10\/jair.jpg?resize=525%2C300&ssl=1 1.5x, https:\/\/i0.wp.com\/lasprimeras.com.do\/wp-content\/uploads\/2025\/10\/jair.jpg?resize=700%2C400&ssl=1 2x"},"classes":[]},{"id":96179,"url":"https:\/\/lasprimeras.com.do\/index.php\/2025\/03\/26\/supremo-tribunal-de-brasil-inicia-segundo-dia-de-juicio-a-bolsonaro-por-intento-de-golpe-de-estado\/","url_meta":{"origin":108922,"position":1},"title":"Supremo Tribunal de Brasil inicia segundo d\u00eda de juicio a Bolsonaro por intento de golpe de Estado","author":"Nelson Feliz","date":"26 de marzo de 2025","format":false,"excerpt":"POR EL\u00c9ONORE HUGHES R\u00cdO DE JANEIRO (AP) \u2014 Un panel del Supremo Tribunal Federal de Brasil se reuni\u00f3 el mi\u00e9rcoles por segundo d\u00eda consecutivo para decidir si el expresidente Jair Bolsonaro y varios de sus aliados ser\u00e1n juzgados por cinco cargos, incluido el intento de realizar un golpe de Estado.\u2026","rel":"","context":"En \u00abINTERNACIONALES\u00bb","block_context":{"text":"INTERNACIONALES","link":"https:\/\/lasprimeras.com.do\/index.php\/category\/sin-categoria\/internacionales\/"},"img":{"alt_text":"","src":"https:\/\/i0.wp.com\/lasprimeras.com.do\/wp-content\/uploads\/2025\/03\/Jair-Bolsonaro.jpg?resize=350%2C200&ssl=1","width":350,"height":200,"srcset":"https:\/\/i0.wp.com\/lasprimeras.com.do\/wp-content\/uploads\/2025\/03\/Jair-Bolsonaro.jpg?resize=350%2C200&ssl=1 1x, https:\/\/i0.wp.com\/lasprimeras.com.do\/wp-content\/uploads\/2025\/03\/Jair-Bolsonaro.jpg?resize=525%2C300&ssl=1 1.5x, https:\/\/i0.wp.com\/lasprimeras.com.do\/wp-content\/uploads\/2025\/03\/Jair-Bolsonaro.jpg?resize=700%2C400&ssl=1 2x"},"classes":[]},{"id":115856,"url":"https:\/\/lasprimeras.com.do\/index.php\/2025\/11\/25\/brasil-el-expresidente-bolsonaro-inicia-su-condena-de-27-anos-de-prision-por-plan-golpista\/","url_meta":{"origin":108922,"position":2},"title":"Brasil: El expresidente Bolsonaro inicia su condena de 27 a\u00f1os de prisi\u00f3n por plan golpista","author":"Nelson Feliz","date":"25 de noviembre de 2025","format":false,"excerpt":"POR MAURICIO SAVARESE BRASILIA, Brasil (AP) \u2014 El expresidente brasile\u00f1o Jair Bolsonaro comenz\u00f3 el martes a cumplir su condena de 27 a\u00f1os de prisi\u00f3n por liderar un intento de golpe de Estado, para sorpresa de muchos en la naci\u00f3n sudamericana que dudaban que alguna vez terminar\u00eda tras las rejas. El\u2026","rel":"","context":"En \u00abINTERNACIONALES\u00bb","block_context":{"text":"INTERNACIONALES","link":"https:\/\/lasprimeras.com.do\/index.php\/category\/sin-categoria\/internacionales\/"},"img":{"alt_text":"","src":"https:\/\/i0.wp.com\/lasprimeras.com.do\/wp-content\/uploads\/2025\/11\/Jair-Bolsonaro.jpg?resize=350%2C200&ssl=1","width":350,"height":200,"srcset":"https:\/\/i0.wp.com\/lasprimeras.com.do\/wp-content\/uploads\/2025\/11\/Jair-Bolsonaro.jpg?resize=350%2C200&ssl=1 1x, https:\/\/i0.wp.com\/lasprimeras.com.do\/wp-content\/uploads\/2025\/11\/Jair-Bolsonaro.jpg?resize=525%2C300&ssl=1 1.5x, https:\/\/i0.wp.com\/lasprimeras.com.do\/wp-content\/uploads\/2025\/11\/Jair-Bolsonaro.jpg?resize=700%2C400&ssl=1 2x"},"classes":[]},{"id":118264,"url":"https:\/\/lasprimeras.com.do\/index.php\/2025\/12\/25\/el-expresidente-brasileno-jair-bolsonaro-se-somete-a-una-doble-cirugia-de-hernia\/","url_meta":{"origin":108922,"position":3},"title":"El expresidente brasile\u00f1o Jair Bolsonaro se somete a una doble cirug\u00eda de hernia","author":"Nelson Feliz","date":"25 de diciembre de 2025","format":false,"excerpt":"Por GABRIELA S\u00c1 PESSOA SAO PAULO (AP) \u2014 El expresidente brasile\u00f1o Jair Bolsonaro se someti\u00f3 el jueves a una doble cirug\u00eda de hernia en un hospital de la capital nacional, Brasilia, informaron sus m\u00e9dicos. El procedimiento dur\u00f3 aproximadamente tres horas y media y se complet\u00f3 sin complicaciones, seg\u00fan el equipo\u2026","rel":"","context":"En \u00abINTERNACIONALES\u00bb","block_context":{"text":"INTERNACIONALES","link":"https:\/\/lasprimeras.com.do\/index.php\/category\/sin-categoria\/internacionales\/"},"img":{"alt_text":"Jair Bolsonaro","src":"https:\/\/i0.wp.com\/lasprimeras.com.do\/wp-content\/uploads\/2025\/12\/Jair-Bolsonaro.jpg?resize=350%2C200&ssl=1","width":350,"height":200,"srcset":"https:\/\/i0.wp.com\/lasprimeras.com.do\/wp-content\/uploads\/2025\/12\/Jair-Bolsonaro.jpg?resize=350%2C200&ssl=1 1x, https:\/\/i0.wp.com\/lasprimeras.com.do\/wp-content\/uploads\/2025\/12\/Jair-Bolsonaro.jpg?resize=525%2C300&ssl=1 1.5x, https:\/\/i0.wp.com\/lasprimeras.com.do\/wp-content\/uploads\/2025\/12\/Jair-Bolsonaro.jpg?resize=700%2C400&ssl=1 2x"},"classes":[]},{"id":53623,"url":"https:\/\/lasprimeras.com.do\/index.php\/2023\/06\/29\/lula-critica-la-intervencion-extranjera-en-venezuela-y-vuelve-a-defender-a-maduro\/","url_meta":{"origin":108922,"position":4},"title":"Lula critica la intervenci\u00f3n extranjera en Venezuela y vuelve a defender a Maduro","author":"Nelson Feliz","date":"29 de junio de 2023","format":false,"excerpt":"AGENCIA EFE El presidente de Brasil, Luiz In\u00e1cio Lula da Silva, critic\u00f3 este jueves la intervenci\u00f3n extranjera en Venezuela y compar\u00f3 la negativa de la oposici\u00f3n venezolana a aceptar la victoria de Nicol\u00e1s Maduro en las urnas con el intento de golpe de Estado del pasado 8 de enero en\u2026","rel":"","context":"En \u00abSin categor\u00eda\u00bb","block_context":{"text":"Sin categor\u00eda","link":"https:\/\/lasprimeras.com.do\/index.php\/category\/sin-categoria\/"},"img":{"alt_text":"El presidente brasile\u00f1o, Luiz In\u00e1cio Lula da Silva, saluda a su hom\u00f3logo venezolano, Nicol\u00e1s MaduroAFP","src":"https:\/\/i0.wp.com\/lasprimeras.com.do\/wp-content\/uploads\/2023\/06\/Luiz-Inacio-Lula-da-Silva-y-Nicolas-Maduro.jpeg?resize=350%2C200&ssl=1","width":350,"height":200,"srcset":"https:\/\/i0.wp.com\/lasprimeras.com.do\/wp-content\/uploads\/2023\/06\/Luiz-Inacio-Lula-da-Silva-y-Nicolas-Maduro.jpeg?resize=350%2C200&ssl=1 1x, https:\/\/i0.wp.com\/lasprimeras.com.do\/wp-content\/uploads\/2023\/06\/Luiz-Inacio-Lula-da-Silva-y-Nicolas-Maduro.jpeg?resize=525%2C300&ssl=1 1.5x, https:\/\/i0.wp.com\/lasprimeras.com.do\/wp-content\/uploads\/2023\/06\/Luiz-Inacio-Lula-da-Silva-y-Nicolas-Maduro.jpeg?resize=700%2C400&ssl=1 2x"},"classes":[]},{"id":112559,"url":"https:\/\/lasprimeras.com.do\/index.php\/2025\/10\/23\/lula-anuncia-su-candidatura-a-la-reeleccion-para-un-cuarto-mandato-no-consecutivo\/","url_meta":{"origin":108922,"position":5},"title":"Lula anuncia su candidatura a la reelecci\u00f3n para un cuarto mandato no consecutivo","author":"Nelson Feliz","date":"23 de octubre de 2025","format":false,"excerpt":"Por GABRIELA S\u00c1 PESSOA SAO PAULO (AP) \u2014 El presidente brasile\u00f1o Luiz In\u00e1cio Lula da Silva dijo el jueves que se presentar\u00e1 a la reelecci\u00f3n el pr\u00f3ximo a\u00f1o, buscando un cuarto mandato no consecutivo. \"Estoy cumpliendo 80 a\u00f1os, pero pueden estar seguros de que tengo la misma energ\u00eda que ten\u00eda\u2026","rel":"","context":"En \u00abINTERNACIONALES\u00bb","block_context":{"text":"INTERNACIONALES","link":"https:\/\/lasprimeras.com.do\/index.php\/category\/sin-categoria\/internacionales\/"},"img":{"alt_text":"","src":"https:\/\/i0.wp.com\/lasprimeras.com.do\/wp-content\/uploads\/2025\/10\/Luiz-Inacio-Lula-da-Silva.jpg?resize=350%2C200&ssl=1","width":350,"height":200,"srcset":"https:\/\/i0.wp.com\/lasprimeras.com.do\/wp-content\/uploads\/2025\/10\/Luiz-Inacio-Lula-da-Silva.jpg?resize=350%2C200&ssl=1 1x, https:\/\/i0.wp.com\/lasprimeras.com.do\/wp-content\/uploads\/2025\/10\/Luiz-Inacio-Lula-da-Silva.jpg?resize=525%2C300&ssl=1 1.5x, https:\/\/i0.wp.com\/lasprimeras.com.do\/wp-content\/uploads\/2025\/10\/Luiz-Inacio-Lula-da-Silva.jpg?resize=700%2C400&ssl=1 2x"},"classes":[]}],"jetpack_sharing_enabled":true,"_links":{"self":[{"href":"https:\/\/lasprimeras.com.do\/index.php\/wp-json\/wp\/v2\/posts\/108922","targetHints":{"allow":["GET"]}}],"collection":[{"href":"https:\/\/lasprimeras.com.do\/index.php\/wp-json\/wp\/v2\/posts"}],"about":[{"href":"https:\/\/lasprimeras.com.do\/index.php\/wp-json\/wp\/v2\/types\/post"}],"author":[{"embeddable":true,"href":"https:\/\/lasprimeras.com.do\/index.php\/wp-json\/wp\/v2\/users\/10"}],"replies":[{"embeddable":true,"href":"https:\/\/lasprimeras.com.do\/index.php\/wp-json\/wp\/v2\/comments?post=108922"}],"version-history":[{"count":1,"href":"https:\/\/lasprimeras.com.do\/index.php\/wp-json\/wp\/v2\/posts\/108922\/revisions"}],"predecessor-version":[{"id":108924,"href":"https:\/\/lasprimeras.com.do\/index.php\/wp-json\/wp\/v2\/posts\/108922\/revisions\/108924"}],"wp:featuredmedia":[{"embeddable":true,"href":"https:\/\/lasprimeras.com.do\/index.php\/wp-json\/wp\/v2\/media\/108923"}],"wp:attachment":[{"href":"https:\/\/lasprimeras.com.do\/index.php\/wp-json\/wp\/v2\/media?parent=108922"}],"wp:term":[{"taxonomy":"category","embeddable":true,"href":"https:\/\/lasprimeras.com.do\/index.php\/wp-json\/wp\/v2\/categories?post=108922"},{"taxonomy":"post_tag","embeddable":true,"href":"https:\/\/lasprimeras.com.do\/index.php\/wp-json\/wp\/v2\/tags?post=108922"}],"curies":[{"name":"wp","href":"https:\/\/api.w.org\/{rel}","templated":true}]}}