{"id":108925,"date":"2025-09-11T20:12:14","date_gmt":"2025-09-12T00:12:14","guid":{"rendered":"https:\/\/lasprimeras.com.do\/?p=108925"},"modified":"2025-09-11T20:12:15","modified_gmt":"2025-09-12T00:12:15","slug":"eeuu-conmemora-el-24o-aniversario-de-los-ataques-del-11-s-con-emotivas-ceremonias","status":"publish","type":"post","link":"https:\/\/lasprimeras.com.do\/index.php\/2025\/09\/11\/eeuu-conmemora-el-24o-aniversario-de-los-ataques-del-11-s-con-emotivas-ceremonias\/","title":{"rendered":"EEUU conmemora el 24\u00ba aniversario de los ataques del 11-S con emotivas ceremonias"},"content":{"rendered":"\n<p>POR PHILIP MARCELO and LISEBERTH GUILLAUME<\/p>\n\n\n\n<p>NUEVA YORK (AP) \u2014 Casi un cuarto de siglo ha pasado desde los ataques del 11 de septiembre de 2001 en Estados Unidos, pero para muchos, las emociones de ese d\u00eda siguen tan intensas como siempre.<\/p>\n\n\n\n<p>El pa\u00eds conmemor\u00f3 el jueves 24 a\u00f1os de los mortales ataques con ceremonias solemnes en Nueva York, en el Pent\u00e1gono y en Shanksville, Pensilvania, marcadas por momentos de silencio, el repique de campanas y la lectura de los nombres de los casi 3.000 fallecidos.<\/p>\n\n\n\n<p>\u201cIncluso 24 a\u00f1os despu\u00e9s, es desgarrador\u201d, expres\u00f3 Jennifer Nilsen, quien llevaba una camiseta con la imagen de su esposo, Troy Nilsen, mientras asist\u00eda a la conmemoraci\u00f3n en la zona cero en el bajo Manhattan. \u201cSe siente igual cada a\u00f1o\u201d.<\/p>\n\n\n\n<p>Michelle Pizzo, vistiendo una camiseta con la imagen de su difunto esposo, Jason DeFazio, coment\u00f3 que esperaba que m\u00e1s personas pudieran tomarse un minuto para reflexionar sobre el d\u00eda.<\/p>\n\n\n\n<p>\u201cLos m\u00e1s j\u00f3venes no se dan cuenta de que hay que recordar\u201d, coment\u00f3.<\/p>\n\n\n\n<p>Emma Williamson, de 20 a\u00f1os, de Massachusetts, se asegur\u00f3 de viajar desde su universidad en la parte alta de la ciudad para estar cerca de la zona cero, donde dos piscinas conmemorativas rodeadas de cascadas y parapetos inscritos con los nombres de los muertos marcan los lugares donde una vez estuvieron las torres gemelas.<\/p>\n\n\n\n<p>\u201cNo hab\u00eda nacido cuando sucedi\u00f3, pero fue un d\u00eda realmente importante en Estados Unidos\u201d, dijo. \u201cEs como la \u00faltima vez que todos estuvimos juntos, y eso importa\u201d.<\/p>\n\n\n\n<p>Lectura de nombres y momentos de silencio<\/p>\n\n\n\n<p>El aniversario del 11 de septiembre, a menudo promovido como un d\u00eda de unidad nacional, llega en un momento de crecientes tensiones pol\u00edticas.<\/p>\n\n\n\n<p>El asesinato del activista conservador Charlie Kirk en una universidad de Utah un d\u00eda antes provoc\u00f3 medidas de seguridad adicionales alrededor de la ceremonia en la zona cero, donde el director del FBI, Kash Patel, fue uno de los dignatarios presentes.<\/p>\n\n\n\n<p>El vicepresidente JD Vance y su esposa, Usha Vance, planeaban asistir, pero en su lugar visitar\u00e1n a la familia de Kirk el jueves en Salt Lake City, seg\u00fan una persona al tanto de los planes de Vance, pero no autorizada para hablar p\u00fablicamente sobre ellos.<\/p>\n\n\n\n<p>Muchos en la multitud de la zona cero levantaron fotos de seres queridos perdidos mientras un momento de silencio marcaba la hora exacta en que el primer avi\u00f3n secuestrado impact\u00f3 las ic\u00f3nicas torres gemelas del World Trade Center.<\/p>\n\n\n\n<p>Los familiares luego leyeron en voz alta los nombres de las v\u00edctimas, con muchos ofreciendo breves recuerdos, buenos deseos e incluso actualizaciones sobre sus vidas a sus seres queridos perdidos.<\/p>\n\n\n\n<p>Zoe Doyle, hija de Frank Joseph Doyle, dijo que su familia cre\u00f3 una organizaci\u00f3n sin fines de lucro en su honor que ha construido escuelas en Sud\u00e1frica y alimenta y educa a miles de ni\u00f1os.<\/p>\n\n\n\n<p>Manuel DaMota Jr. dijo que recuerda a su padre y tocayo, Manuel DaMota, no solo con dolor, sino con gratitud por el ejemplo que dio.<\/p>\n\n\n\n<p>\u201cEn un mundo lleno de divisi\u00f3n y conflicto, hago mi mejor esfuerzo para honrar a mi padre eligiendo la conexi\u00f3n, la empat\u00eda y la esperanza\u201d, expres\u00f3.<\/p>\n\n\n\n<p>Melissa Pullis, cuyo esposo Edward Pullis muri\u00f3 en las torres, dijo que este a\u00f1o es m\u00e1s dif\u00edcil que otros porque dos de los tres hijos de la pareja ya se van a casar.<\/p>\n\n\n\n<p>\u201cNo puedes llevar a tu princesa al altar\u201d, dijo entre l\u00e1grimas. \u201cTe extra\u00f1amos todos los d\u00edas. Siempre diremos tu nombre y siempre lucharemos por la justicia\u201d.<\/p>\n\n\n\n<p>Ceremonias en Virginia y Pensilvania para las v\u00edctimas<br>En el Pent\u00e1gono, en Virginia, los 184 miembros del servicio y civiles asesinados cuando los secuestradores dirigieron un avi\u00f3n hacia la sede del Ej\u00e9rcito fueron honrados en una ceremonia a la que asistieron el presidente Donald Trump y la primera dama Melania Trump.<\/p>\n\n\n\n<p>En sus comentarios, el presidente record\u00f3 momentos de ese d\u00eda, incluidos fragmentos de conversaciones de pasajeros que estaban a bordo de los aviones secuestrados.<\/p>\n\n\n\n<p>\u201cHoy, como una sola naci\u00f3n, renovamos nuestro sagrado voto de que nunca olvidaremos el 11 de septiembre de 2001&#8243;, dijo Trump durante la conmemoraci\u00f3n, que tuvo lugar en un patio interno del edificio en lugar de su ubicaci\u00f3n tradicional fuera de sus muros cerca del monumento al 11-S del edificio.<\/p>\n\n\n\n<p>\u201cEl enemigo siempre fracasar\u00e1\u201d, a\u00f1adi\u00f3. \u201cDesafiamos el miedo, soportamos las llamas\u201d.<\/p>\n\n\n\n<p>El presidente, quien asistir\u00e1 a un juego de los Yankees de Nueva York en el Bronx el jueves por la noche, tambi\u00e9n anunci\u00f3 que Kirk recibir\u00eda p\u00f3stumamente la Medalla Presidencial de la Libertad, y dijo que el activista conservador era un \u201cgigante de su generaci\u00f3n\u201d y un \u201ccampe\u00f3n de la libertad\u201d.<\/p>\n\n\n\n<p>Y en un campo rural cerca de Shanksville, Pensilvania, una ceremonia a la que asisti\u00f3 el secretario de Asuntos de Veteranos, Doug Collins, honr\u00f3 a las v\u00edctimas del vuelo 93, el avi\u00f3n secuestrado que se estrell\u00f3 despu\u00e9s de que miembros de la tripulaci\u00f3n y pasajeros intentaron tomar la cabina.<\/p>\n\n\n\n<p>En otros lugares, las personas conmemoraron el aniversario con proyectos de servicio y obras de caridad como parte de un d\u00eda nacional de servicio. Los voluntarios participaron en colectas de alimentos y ropa, limpiezas de parques y vecindarios, bancos de sangre y otros eventos comunitarios.<\/p>\n\n\n\n<p>Persisten las repercusiones de los ataques<\/p>\n\n\n\n<p>En total, los atentados de la red terrorista Al Qaeda mataron a 2.977 personas, incluidos muchos trabajadores financieros en el World Trade Center y bomberos y polic\u00edas que se apresuraron a los edificios en llamas tratando de salvar vidas.<\/p>\n\n\n\n<p>Los ataques repercutieron a nivel mundial y alteraron el curso de la pol\u00edtica de Estados Unidos, tanto a nivel nacional como en el extranjero.<\/p>\n\n\n\n<p>Condujo a la \u201cGuerra Mundial contra el Terrorismo\u201d y las invasiones lideradas por Estados Unidos en Afganist\u00e1n e Irak y conflictos relacionados que mataron a cientos de miles de tropas y civiles.<\/p>\n\n\n\n<p>Desde los ataques, el gobierno ha gastado miles de millones de d\u00f3lares proporcionando atenci\u00f3n m\u00e9dica y compensaci\u00f3n a decenas de miles de personas que estuvieron expuestas al polvo t\u00f3xico que se esparci\u00f3 sobre Manhattan cuando las torres gemelas colapsaron.<\/p>\n\n\n\n<p>Aunque los secuestradores murieron en los ataques, el gobierno de Estados Unidos ha batallado para concluir su prolongado caso legal contra el hombre acusado de planear el complot, Khalid Sheikh Mohammed. El exl\u00edder de Al Qaeda fue arrestado en 2003, pero nunca ha sido enjuiciado.<\/p>\n\n\n\n<p>La administraci\u00f3n Trump tambi\u00e9n ha reconocido que est\u00e1 considerando formas de tomar el control de la plaza conmemorativa de la zona cero y su museo subterr\u00e1neo, que ahora son administrados por una organizaci\u00f3n ben\u00e9fica p\u00fablica.<\/p>\n","protected":false},"excerpt":{"rendered":"<p>POR PHILIP MARCELO and LISEBERTH GUILLAUME NUEVA YORK (AP) \u2014 Casi un cuarto de siglo ha pasado desde los ataques del 11 de septiembre de 2001 en Estados Unidos, pero&hellip;<\/p>\n","protected":false},"author":10,"featured_media":108926,"comment_status":"open","ping_status":"open","sticky":false,"template":"","format":"standard","meta":{"content-type":"","jetpack_post_was_ever_published":false,"_jetpack_newsletter_access":"","_jetpack_dont_email_post_to_subs":false,"_jetpack_newsletter_tier_id":0,"_jetpack_memberships_contains_paywalled_content":false,"_jetpack_memberships_contains_paid_content":false,"footnotes":""},"categories":[16289],"tags":[24511,14317,24510,979,24512],"class_list":["post-108925","post","type-post","status-publish","format-standard","has-post-thumbnail","hentry","category-internacionales","tag-ataques-del-11-s","tag-ceremonias","tag-conmemora-el-24o-aniversario","tag-eeuu","tag-emotivas"],"jetpack_featured_media_url":"https:\/\/lasprimeras.com.do\/wp-content\/uploads\/2025\/09\/conme.jpg","jetpack-related-posts":[{"id":88950,"url":"https:\/\/lasprimeras.com.do\/index.php\/2024\/09\/11\/mexico-y-ee-uu-conmemoran-ataques-terroristas-del-11-de-septiembre-en-puente-fronterizo\/","url_meta":{"origin":108925,"position":0},"title":"M\u00e9xico y EE.UU. conmemoran ataques terroristas del 11 de septiembre en puente fronterizo","author":"Nelson Feliz","date":"11 de septiembre de 2024","format":false,"excerpt":"Ciudad Ju\u00e1rez (M\u00e9xico), (EFE).- Autoridades de M\u00e9xico y Estados Unidos conmemoraron este mi\u00e9rcoles de manera binacional los ataques terroristas del 11 de septiembre de 2001 en un puente fronterizo de la mexicana Ciudad Ju\u00e1rez y El Paso estadounidense. Para tal acto, autoridades de ambos pa\u00edses llevaron a cabo el cierre\u2026","rel":"","context":"En \u00abSin categor\u00eda\u00bb","block_context":{"text":"Sin categor\u00eda","link":"https:\/\/lasprimeras.com.do\/index.php\/category\/sin-categoria\/"},"img":{"alt_text":"","src":"https:\/\/i0.wp.com\/lasprimeras.com.do\/wp-content\/uploads\/2024\/09\/11-sept.jpg?resize=350%2C200&ssl=1","width":350,"height":200,"srcset":"https:\/\/i0.wp.com\/lasprimeras.com.do\/wp-content\/uploads\/2024\/09\/11-sept.jpg?resize=350%2C200&ssl=1 1x, https:\/\/i0.wp.com\/lasprimeras.com.do\/wp-content\/uploads\/2024\/09\/11-sept.jpg?resize=525%2C300&ssl=1 1.5x"},"classes":[]},{"id":77848,"url":"https:\/\/lasprimeras.com.do\/index.php\/2024\/02\/26\/nueva-york-conmemoran-180-aniversario-de-la-independencia-de-la-republica-dominicana\/","url_meta":{"origin":108925,"position":1},"title":"NUEVA YORK: \u201cConmemoran 180 aniversario de la Independencia de la Rep\u00fablica Dominicana \u201c","author":"BIMARY DE JES\u00daS Matos","date":"26 de febrero de 2024","format":false,"excerpt":"NUEVA YORK. - El Instituto de Dominicanos y Dominicanas Nueva York en esta ciudad ( INDEX-NY), que dirige Jhon S\u00e1nchez, realizaron un evento conmemorativo en ocasi\u00f3n del 180 aniversario de la Independencia Nacional Dominicana. El acto estuvo marcado por momentos emotivos y cargados de patriotismo, como el entonamiento del himno\u2026","rel":"","context":"En \u00abPORTADA\u00bb","block_context":{"text":"PORTADA","link":"https:\/\/lasprimeras.com.do\/index.php\/category\/portada\/"},"img":{"alt_text":"","src":"https:\/\/i0.wp.com\/lasprimeras.com.do\/wp-content\/uploads\/2024\/02\/IMG-20240226-WA0057.jpg?resize=350%2C200&ssl=1","width":350,"height":200,"srcset":"https:\/\/i0.wp.com\/lasprimeras.com.do\/wp-content\/uploads\/2024\/02\/IMG-20240226-WA0057.jpg?resize=350%2C200&ssl=1 1x, https:\/\/i0.wp.com\/lasprimeras.com.do\/wp-content\/uploads\/2024\/02\/IMG-20240226-WA0057.jpg?resize=525%2C300&ssl=1 1.5x, https:\/\/i0.wp.com\/lasprimeras.com.do\/wp-content\/uploads\/2024\/02\/IMG-20240226-WA0057.jpg?resize=700%2C400&ssl=1 2x, https:\/\/i0.wp.com\/lasprimeras.com.do\/wp-content\/uploads\/2024\/02\/IMG-20240226-WA0057.jpg?resize=1050%2C600&ssl=1 3x, https:\/\/i0.wp.com\/lasprimeras.com.do\/wp-content\/uploads\/2024\/02\/IMG-20240226-WA0057.jpg?resize=1400%2C800&ssl=1 4x"},"classes":[]},{"id":82070,"url":"https:\/\/lasprimeras.com.do\/index.php\/2024\/04\/28\/conmemoran-en-nueva-york-59-aniversario-de-la-revolucion-de-abril-de-1965\/","url_meta":{"origin":108925,"position":2},"title":"Conmemoran en Nueva York 59 aniversario de la Revoluci\u00f3n de Abril de 1965","author":"Nelson Feliz","date":"28 de abril de 2024","format":false,"excerpt":"Por Aquiles RojasPuro Fajardo NUEVA YORK.- El Frente de Robles y Caobas Modernos del Partido Revolucionario Moderno en esta ciudad, mediante un emotivo acto, conmemor\u00f3 el 59 aniversario de la Revoluci\u00f3n de Abril de 1965. El acto inici\u00f3 con las palabras de V\u00edctor Sol\u00eds, presidente de los Robles y Caobas\u2026","rel":"","context":"En \u00abSin categor\u00eda\u00bb","block_context":{"text":"Sin categor\u00eda","link":"https:\/\/lasprimeras.com.do\/index.php\/category\/sin-categoria\/"},"img":{"alt_text":"Revoluci\u00f3n de Abril de 1965","src":"https:\/\/i0.wp.com\/lasprimeras.com.do\/wp-content\/uploads\/2024\/04\/Revolucion-de-Abril-de-1965-1.jpg?resize=350%2C200&ssl=1","width":350,"height":200,"srcset":"https:\/\/i0.wp.com\/lasprimeras.com.do\/wp-content\/uploads\/2024\/04\/Revolucion-de-Abril-de-1965-1.jpg?resize=350%2C200&ssl=1 1x, https:\/\/i0.wp.com\/lasprimeras.com.do\/wp-content\/uploads\/2024\/04\/Revolucion-de-Abril-de-1965-1.jpg?resize=525%2C300&ssl=1 1.5x"},"classes":[]},{"id":78108,"url":"https:\/\/lasprimeras.com.do\/index.php\/2024\/02\/28\/nueva-york-conmemoran-180-aniversario-de-la-independencia-de-la-republica-dominicana-2\/","url_meta":{"origin":108925,"position":3},"title":"NUEVA YORK: \u201cConmemoran 180 aniversario de la Independencia de la Rep\u00fablica Dominicana \u201c","author":"BIMARY DE JES\u00daS Matos","date":"28 de febrero de 2024","format":false,"excerpt":"Actos organizados por el INDEX-NY NUEVA YORK. - El Instituto de Dominicanos y Dominicanas Nueva York en esta ciudad ( INDEX-NY), que dirige Jhon S\u00e1nchez, realizaron un evento conmemorativo en ocasi\u00f3n del 180 aniversario de la Independencia Nacional Dominicana. El acto estuvo marcado por momentos emotivos y cargados de patriotismo,\u2026","rel":"","context":"En \u00abNACIONALES\u00bb","block_context":{"text":"NACIONALES","link":"https:\/\/lasprimeras.com.do\/index.php\/category\/nacionales\/"},"img":{"alt_text":"","src":"https:\/\/i0.wp.com\/lasprimeras.com.do\/wp-content\/uploads\/2024\/02\/IMG-20240226-WA0057-696x522-1.jpg?resize=350%2C200&ssl=1","width":350,"height":200,"srcset":"https:\/\/i0.wp.com\/lasprimeras.com.do\/wp-content\/uploads\/2024\/02\/IMG-20240226-WA0057-696x522-1.jpg?resize=350%2C200&ssl=1 1x, https:\/\/i0.wp.com\/lasprimeras.com.do\/wp-content\/uploads\/2024\/02\/IMG-20240226-WA0057-696x522-1.jpg?resize=525%2C300&ssl=1 1.5x"},"classes":[]},{"id":60179,"url":"https:\/\/lasprimeras.com.do\/index.php\/2023\/09\/11\/torres-gemelas-estados-unidos-conmemora-22-anos-de-los-ataques-del-11-de-septiembre\/","url_meta":{"origin":108925,"position":4},"title":"Torres Gemelas: Estados Unidos conmemora 22 a\u00f1os de los ataques del 11 de septiembre","author":"Nelson Feliz","date":"11 de septiembre de 2023","format":false,"excerpt":"El martes 11 de septiembre de 2001, a las 8:46 de la ma\u00f1ana, el vuelo 11 de American Airlines, un Boeing 767, se estrell\u00f3 contra la Torre Norte del World Trade Center Hace exactamente 22 a\u00f1os, un evento que cambi\u00f3 la historia de Estados Unidos y del mundo entero tuvo\u2026","rel":"","context":"En \u00abSin categor\u00eda\u00bb","block_context":{"text":"Sin categor\u00eda","link":"https:\/\/lasprimeras.com.do\/index.php\/category\/sin-categoria\/"},"img":{"alt_text":"Torres Gemelas","src":"https:\/\/i0.wp.com\/lasprimeras.com.do\/wp-content\/uploads\/2023\/09\/Torres.jpg?resize=350%2C200&ssl=1","width":350,"height":200,"srcset":"https:\/\/i0.wp.com\/lasprimeras.com.do\/wp-content\/uploads\/2023\/09\/Torres.jpg?resize=350%2C200&ssl=1 1x, https:\/\/i0.wp.com\/lasprimeras.com.do\/wp-content\/uploads\/2023\/09\/Torres.jpg?resize=525%2C300&ssl=1 1.5x, https:\/\/i0.wp.com\/lasprimeras.com.do\/wp-content\/uploads\/2023\/09\/Torres.jpg?resize=700%2C400&ssl=1 2x"},"classes":[]},{"id":111257,"url":"https:\/\/lasprimeras.com.do\/index.php\/2025\/10\/07\/israel-conmemora-2-anos-del-ataque-del-7-de-octubre-entre-divisiones-guerra-y-rehenes-cautivos\/","url_meta":{"origin":108925,"position":5},"title":"Israel conmemora 2 a\u00f1os del ataque del 7 de octubre entre divisiones, guerra y rehenes cautivos","author":"Nelson Feliz","date":"7 de octubre de 2025","format":false,"excerpt":"POR ALON BERNSTEIN REIM, Israel (AP) \u2014 Miles de personas se congregaron en el sur de Israel el martes para llorar a los muertos, y la naci\u00f3n conmemoraba el segundo aniversario del ataque de Ham\u00e1s del 7 de octubre que sumi\u00f3 a la regi\u00f3n en una devastadora guerra, mientras Israel\u2026","rel":"","context":"En \u00abINTERNACIONALES\u00bb","block_context":{"text":"INTERNACIONALES","link":"https:\/\/lasprimeras.com.do\/index.php\/category\/sin-categoria\/internacionales\/"},"img":{"alt_text":"","src":"https:\/\/i0.wp.com\/lasprimeras.com.do\/wp-content\/uploads\/2025\/10\/guerra.jpg?resize=350%2C200&ssl=1","width":350,"height":200,"srcset":"https:\/\/i0.wp.com\/lasprimeras.com.do\/wp-content\/uploads\/2025\/10\/guerra.jpg?resize=350%2C200&ssl=1 1x, https:\/\/i0.wp.com\/lasprimeras.com.do\/wp-content\/uploads\/2025\/10\/guerra.jpg?resize=525%2C300&ssl=1 1.5x, https:\/\/i0.wp.com\/lasprimeras.com.do\/wp-content\/uploads\/2025\/10\/guerra.jpg?resize=700%2C400&ssl=1 2x"},"classes":[]}],"jetpack_sharing_enabled":true,"_links":{"self":[{"href":"https:\/\/lasprimeras.com.do\/index.php\/wp-json\/wp\/v2\/posts\/108925","targetHints":{"allow":["GET"]}}],"collection":[{"href":"https:\/\/lasprimeras.com.do\/index.php\/wp-json\/wp\/v2\/posts"}],"about":[{"href":"https:\/\/lasprimeras.com.do\/index.php\/wp-json\/wp\/v2\/types\/post"}],"author":[{"embeddable":true,"href":"https:\/\/lasprimeras.com.do\/index.php\/wp-json\/wp\/v2\/users\/10"}],"replies":[{"embeddable":true,"href":"https:\/\/lasprimeras.com.do\/index.php\/wp-json\/wp\/v2\/comments?post=108925"}],"version-history":[{"count":1,"href":"https:\/\/lasprimeras.com.do\/index.php\/wp-json\/wp\/v2\/posts\/108925\/revisions"}],"predecessor-version":[{"id":108927,"href":"https:\/\/lasprimeras.com.do\/index.php\/wp-json\/wp\/v2\/posts\/108925\/revisions\/108927"}],"wp:featuredmedia":[{"embeddable":true,"href":"https:\/\/lasprimeras.com.do\/index.php\/wp-json\/wp\/v2\/media\/108926"}],"wp:attachment":[{"href":"https:\/\/lasprimeras.com.do\/index.php\/wp-json\/wp\/v2\/media?parent=108925"}],"wp:term":[{"taxonomy":"category","embeddable":true,"href":"https:\/\/lasprimeras.com.do\/index.php\/wp-json\/wp\/v2\/categories?post=108925"},{"taxonomy":"post_tag","embeddable":true,"href":"https:\/\/lasprimeras.com.do\/index.php\/wp-json\/wp\/v2\/tags?post=108925"}],"curies":[{"name":"wp","href":"https:\/\/api.w.org\/{rel}","templated":true}]}}