{"id":108982,"date":"2025-09-12T08:34:03","date_gmt":"2025-09-12T12:34:03","guid":{"rendered":"https:\/\/lasprimeras.com.do\/?p=108982"},"modified":"2025-09-12T08:34:05","modified_gmt":"2025-09-12T12:34:05","slug":"desde-2013-restauran-puente-george-washington-une-alto-manhattan-con-nueva-jersey","status":"publish","type":"post","link":"https:\/\/lasprimeras.com.do\/index.php\/2025\/09\/12\/desde-2013-restauran-puente-george-washington-une-alto-manhattan-con-nueva-jersey\/","title":{"rendered":"Desde 2013 restauran Puente George Washington une Alto Manhattan con Nueva Jersey"},"content":{"rendered":"\n<p><strong>Miles de dominicanos lo transitan a diario Puente George Washington.<\/strong><\/p>\n\n\n\n<p>Por Ram\u00f3n Mercedes<\/p>\n\n\n\n<p>NUEVA YORK.- Desde el 2013 un equipo de ingenieros viene restaurando el Puente George Washington que une el vecindario dominicano de Washington Heights con el Borough de Fort Lee, en el estado Nueva Jersey. Lleg\u00f3 a ser el m\u00e1s largo del mundo.<\/p>\n\n\n\n<p>En dicho Puente, por donde transitan a diario un poco m\u00e1s de 300 mil veh\u00edculos, decenas de miles conducidos por dominicanos, la Autoridad Portuaria tiene un proyecto de 2.000 millones de d\u00f3lares para los trabajos \u00abRestore the George\u00bb.<\/p>\n\n\n\n<p>Mientras personas y veh\u00edculos pasan de un lado a otro sobre la estructura, los equipos est\u00e1n reconstruyendo el puente, inaugurado en octubre de 1931.<\/p>\n\n\n\n<p>En algunas zonas, han estado desmantelando partes de las carreteras a medida que los autom\u00f3viles y camiones transitan por las rampas y tramos. Todo esto es parte del dise\u00f1o, que son un total de 11 proyectos.<\/p>\n\n\n\n<p>Los cables y cuerdas que sostienen el puente han sido recableados y mejorados. La mayor parte de las obras en el lado norte finalizaron en 2023, incluyendo un sendero m\u00e1s amplio para ciclistas y peatones.<\/p>\n\n\n\n<p>El sendero del lado sur se inaugurar\u00e1 a finales de 2026. Ese es el pr\u00f3ximo gran hito. Tambi\u00e9n se han mejorado los puntos de acceso en ambos lados, incluidas rampas para veh\u00edculos.<\/p>\n\n\n\n<p>Los conductores continuar\u00e1n viendo algunas restricciones de carriles y cierres de puentes durante la noche. Los ingenieros estiman que ya han completado m\u00e1s del 60% y que a finales de 2026 comenzar\u00e1 la fase final para terminar enel 2030.<\/p>\n\n\n\n<p>El puente tiene una langitud de 1.450 metros; 36 de ancho; 184 de altura; y posee 145 carriles (8 en el piso superior, 6 en el piso inferior). contiene m\u00e1s carriles vehiculares que cualquier otro puente colgante y es el m\u00e1s transitado del mundo.<\/p>\n\n\n\n<p>Su construcci\u00f3n requiri\u00f3 113.000 toneladas cortas (101.000 toneladas largas; 103.000 t) de acero fabricado; 28.000 toneladas cortas (25.000 toneladas largas; 25.000 t) de alambre, que se extiende 106.000 millas (171.000 km); y 20.000 toneladas cortas (18.000 toneladas largas; 18.000 t) de mamposter\u00eda.<\/p>\n\n\n\n<p>Hay 592 cables de suspensi\u00f3n, con una longitud de entre 12 y 205 m (38 y 674 pies).<\/p>\n\n\n\n<p>Desde 1947 en el puente se ondea la bandera estadounidense m\u00e1s grande del mundo en ocasiones especiales. Mide 90 pies (27 m) de largo, 60 pies (18 m) de ancho y 450 libras (200 kg), y se cuelga dentro del arco de la torre de Nueva Jersey,<\/p>\n\n\n\n<p>Cuando el clima lo permite se iza el D\u00eda de Martin Luther King Jr. , de los Presidentes, de los Ca\u00eddos, de la Bandera, de la Independencia, del Trabajo, de Col\u00f3n, de los Veteranos, y el 11 de septiembre de cada a\u00f1o. Cuando se iza la bandera, las luces de la torre se encienden desde el anochecer hasta las 11:59 p. m.<\/p>\n","protected":false},"excerpt":{"rendered":"<p>Miles de dominicanos lo transitan a diario Puente George Washington. Por Ram\u00f3n Mercedes NUEVA YORK.- Desde el 2013 un equipo de ingenieros viene restaurando el Puente George Washington que une&hellip;<\/p>\n","protected":false},"author":10,"featured_media":108983,"comment_status":"open","ping_status":"open","sticky":false,"template":"","format":"standard","meta":{"content-type":"","jetpack_post_was_ever_published":false,"_jetpack_newsletter_access":"","_jetpack_dont_email_post_to_subs":false,"_jetpack_newsletter_tier_id":0,"_jetpack_memberships_contains_paywalled_content":false,"_jetpack_memberships_contains_paid_content":false,"footnotes":""},"categories":[16289],"tags":[7883,487,2441,24546],"class_list":["post-108982","post","type-post","status-publish","format-standard","has-post-thumbnail","hentry","category-internacionales","tag-alto-manhattan","tag-dominicanos","tag-nueva-jersey","tag-puente-george-washington"],"jetpack_featured_media_url":"https:\/\/lasprimeras.com.do\/wp-content\/uploads\/2025\/09\/WhatsApp-Image-2025-09-12-at-7.26.41-AM-1.jpeg","jetpack-related-posts":[{"id":101170,"url":"https:\/\/lasprimeras.com.do\/index.php\/2025\/06\/17\/autoridades-nyc-refuerzan-lugares-de-judios-por-conflicto-israel-e-iran-dominicanos-evitan-areas\/","url_meta":{"origin":108982,"position":0},"title":"Autoridades NYC refuerzan lugares de jud\u00edos por conflicto Israel e Ir\u00e1n; dominicanos evitan \u00e1reas","author":"Nelson Feliz","date":"17 de junio de 2025","format":false,"excerpt":"Por Ram\u00f3n Mercedes NUEVA YORK.- Dominicanos que laboran en m\u00faltiples lugares en Down Town-Manhattan, no queriendo identificarse, sostienen que al terminar sus labores diarias tratan de salir del \u00e1rea r\u00e1pidamente como medida de prevenci\u00f3n, ante el conflicto que sostienen Israel e Ir\u00e1n, que ha dejado varios muertos, heridos y destrucci\u00f3n\u2026","rel":"","context":"En \u00abINTERNACIONALES\u00bb","block_context":{"text":"INTERNACIONALES","link":"https:\/\/lasprimeras.com.do\/index.php\/category\/sin-categoria\/internacionales\/"},"img":{"alt_text":"Autoridades NYC refuerzan lugares de jud\u00edos por conflicto Israel e Ir\u00e1n","src":"https:\/\/i0.wp.com\/lasprimeras.com.do\/wp-content\/uploads\/2025\/06\/WhatsApp-Image-2025-06-17-at-6.20.03-AM-1.jpeg?resize=350%2C200&ssl=1","width":350,"height":200,"srcset":"https:\/\/i0.wp.com\/lasprimeras.com.do\/wp-content\/uploads\/2025\/06\/WhatsApp-Image-2025-06-17-at-6.20.03-AM-1.jpeg?resize=350%2C200&ssl=1 1x, https:\/\/i0.wp.com\/lasprimeras.com.do\/wp-content\/uploads\/2025\/06\/WhatsApp-Image-2025-06-17-at-6.20.03-AM-1.jpeg?resize=525%2C300&ssl=1 1.5x, https:\/\/i0.wp.com\/lasprimeras.com.do\/wp-content\/uploads\/2025\/06\/WhatsApp-Image-2025-06-17-at-6.20.03-AM-1.jpeg?resize=700%2C400&ssl=1 2x"},"classes":[]},{"id":68192,"url":"https:\/\/lasprimeras.com.do\/index.php\/2023\/11\/22\/intrant-habilitara-carril-de-contraflujo-en-la-avenida-27-de-febrero-con-maximo-gomez\/","url_meta":{"origin":108982,"position":1},"title":"Intrant habilitar\u00e1 carril de contraflujo en la avenida 27 de Febrero con M\u00e1ximo G\u00f3mez","author":"Nelson Feliz","date":"22 de noviembre de 2023","format":false,"excerpt":"-.La medida ser\u00e1 aplicada a partir de este mi\u00e9rcoles para viabilizar el tr\u00e1nsito -.Esta ma\u00f1ana se produjo un caos en el tr\u00e1nsito por el cierre de un carril en la zona del derrumbe. El Instituto Nacional de Tr\u00e1nsito Terrestre (Intrant) anunci\u00f3 este mi\u00e9rcoles, a partir de las 6:00 de la\u2026","rel":"","context":"En \u00abNACIONALES\u00bb","block_context":{"text":"NACIONALES","link":"https:\/\/lasprimeras.com.do\/index.php\/category\/nacionales\/"},"img":{"alt_text":"","src":"https:\/\/i0.wp.com\/lasprimeras.com.do\/wp-content\/uploads\/2023\/11\/Paso-a-Desnivel.jpg?resize=350%2C200&ssl=1","width":350,"height":200,"srcset":"https:\/\/i0.wp.com\/lasprimeras.com.do\/wp-content\/uploads\/2023\/11\/Paso-a-Desnivel.jpg?resize=350%2C200&ssl=1 1x, https:\/\/i0.wp.com\/lasprimeras.com.do\/wp-content\/uploads\/2023\/11\/Paso-a-Desnivel.jpg?resize=525%2C300&ssl=1 1.5x, https:\/\/i0.wp.com\/lasprimeras.com.do\/wp-content\/uploads\/2023\/11\/Paso-a-Desnivel.jpg?resize=700%2C400&ssl=1 2x"},"classes":[]},{"id":105868,"url":"https:\/\/lasprimeras.com.do\/index.php\/2025\/08\/07\/puente-flotante-estara-cerrado-desde-este-sabado-hasta-el-miercoles\/","url_meta":{"origin":108982,"position":2},"title":"Puente Flotante estar\u00e1 cerrado desde este s\u00e1bado hasta el mi\u00e9rcoles","author":"Nelson Feliz","date":"7 de agosto de 2025","format":false,"excerpt":"El Ministerio de Obras P\u00fablicas y Comunicaciones (MOPC) inform\u00f3 que el Puente Flotante sobre el r\u00edo Ozama estar\u00e1 cerrado al tr\u00e1nsito vehicular durante cinco d\u00edas, desde el s\u00e1bado 9 de agosto a las 12:00 del mediod\u00eda hasta el mi\u00e9rcoles 13 a la misma hora. \u201cEsta intervenci\u00f3n forma parte del plan\u2026","rel":"","context":"En \u00abNACIONALES\u00bb","block_context":{"text":"NACIONALES","link":"https:\/\/lasprimeras.com.do\/index.php\/category\/nacionales\/"},"img":{"alt_text":"","src":"https:\/\/i0.wp.com\/lasprimeras.com.do\/wp-content\/uploads\/2025\/08\/puente.jpeg?resize=350%2C200&ssl=1","width":350,"height":200,"srcset":"https:\/\/i0.wp.com\/lasprimeras.com.do\/wp-content\/uploads\/2025\/08\/puente.jpeg?resize=350%2C200&ssl=1 1x, https:\/\/i0.wp.com\/lasprimeras.com.do\/wp-content\/uploads\/2025\/08\/puente.jpeg?resize=525%2C300&ssl=1 1.5x, https:\/\/i0.wp.com\/lasprimeras.com.do\/wp-content\/uploads\/2025\/08\/puente.jpeg?resize=700%2C400&ssl=1 2x"},"classes":[]},{"id":67832,"url":"https:\/\/lasprimeras.com.do\/index.php\/2023\/11\/19\/gobierno-anuncia-desvios-por-trabajos-en-tramo-del-paso-a-desnivel-que-colapso\/","url_meta":{"origin":108982,"position":3},"title":"Gobierno anuncia desv\u00edos por trabajos en tramo del paso a desnivel que colaps\u00f3","author":"Nelson Feliz","date":"19 de noviembre de 2023","format":false,"excerpt":"El Metro de Santo Domingo y la OMSA extienden sus horarios. El Gobierno anunci\u00f3 la noche de este domingo las rutas alternas para los veh\u00edculos que se desplazaban por el paso a desnivel de la intersecci\u00f3n 27 de Febrero, esquina M\u00e1ximo G\u00f3mez, el cual sufri\u00f3 un colaps\u00f3 en uno de\u2026","rel":"","context":"En \u00abNACIONALES\u00bb","block_context":{"text":"NACIONALES","link":"https:\/\/lasprimeras.com.do\/index.php\/category\/nacionales\/"},"img":{"alt_text":"","src":"https:\/\/i0.wp.com\/lasprimeras.com.do\/wp-content\/uploads\/2023\/11\/joel-santos-rutas-alternas-focus-0-0-896-504.jpg?resize=350%2C200&ssl=1","width":350,"height":200,"srcset":"https:\/\/i0.wp.com\/lasprimeras.com.do\/wp-content\/uploads\/2023\/11\/joel-santos-rutas-alternas-focus-0-0-896-504.jpg?resize=350%2C200&ssl=1 1x, https:\/\/i0.wp.com\/lasprimeras.com.do\/wp-content\/uploads\/2023\/11\/joel-santos-rutas-alternas-focus-0-0-896-504.jpg?resize=525%2C300&ssl=1 1.5x, https:\/\/i0.wp.com\/lasprimeras.com.do\/wp-content\/uploads\/2023\/11\/joel-santos-rutas-alternas-focus-0-0-896-504.jpg?resize=700%2C400&ssl=1 2x"},"classes":[]},{"id":99407,"url":"https:\/\/lasprimeras.com.do\/index.php\/2025\/05\/21\/puente-brooklyn-no-sufrio-por-choque-de-barco-figura-entre-los-68-mas-vulnerables-en-usa\/","url_meta":{"origin":108982,"position":4},"title":"Puente Brooklyn no sufri\u00f3 por choque de barco; figura entre los 68 m\u00e1s vulnerables en USA","author":"Nelson Feliz","date":"21 de mayo de 2025","format":false,"excerpt":"Por Ram\u00f3n Mercedes NUEVA YORK.- Investigadores federales dijeron este lunes que el puente colgante de Brooklyn pas\u00f3 una prueba de vulnerabilidad realizada despu\u00e9s que un barco de la Armada Mexicana, de 91 metros de eslora, se estrellara el pasado s\u00e1bado contra el mismo. El puente no sufri\u00f3 da\u00f1os estructurales significativos;\u2026","rel":"","context":"En \u00abINTERNACIONALES\u00bb","block_context":{"text":"INTERNACIONALES","link":"https:\/\/lasprimeras.com.do\/index.php\/category\/sin-categoria\/internacionales\/"},"img":{"alt_text":"Puente Brooklyn no sufri\u00f3 por choque de barco","src":"https:\/\/i0.wp.com\/lasprimeras.com.do\/wp-content\/uploads\/2025\/05\/WhatsApp-Image-2025-05-21-at-6.00.51-AM-1.jpeg?resize=350%2C200&ssl=1","width":350,"height":200,"srcset":"https:\/\/i0.wp.com\/lasprimeras.com.do\/wp-content\/uploads\/2025\/05\/WhatsApp-Image-2025-05-21-at-6.00.51-AM-1.jpeg?resize=350%2C200&ssl=1 1x, https:\/\/i0.wp.com\/lasprimeras.com.do\/wp-content\/uploads\/2025\/05\/WhatsApp-Image-2025-05-21-at-6.00.51-AM-1.jpeg?resize=525%2C300&ssl=1 1.5x"},"classes":[]},{"id":62105,"url":"https:\/\/lasprimeras.com.do\/index.php\/2023\/10\/03\/cierran-hasta-el-sabado-pasos-a-desnivel-y-puentes\/","url_meta":{"origin":108982,"position":5},"title":"Cierran hasta el s\u00e1bado pasos a desnivel y puentes","author":"BIMARY DE JES\u00daS Matos","date":"3 de octubre de 2023","format":false,"excerpt":"Santo Domingo.-El Ministerio de Obras P\u00fablicas y Comunicaciones (MOPC) inform\u00f3 que cerrar\u00e1 al tr\u00e1nsito vehicular en el Gran Santo Domingo \u2013a partir de este lunes 2 y hasta el s\u00e1bado 7 de octubre\u2013 distintos pasos a desnivel, incluidos puentes, con el prop\u00f3sito de realizar trabajos de remozamiento en esas estructuras.\u2026","rel":"","context":"En \u00abNACIONALES\u00bb","block_context":{"text":"NACIONALES","link":"https:\/\/lasprimeras.com.do\/index.php\/category\/nacionales\/"},"img":{"alt_text":"","src":"https:\/\/i0.wp.com\/lasprimeras.com.do\/wp-content\/uploads\/2023\/10\/WhatsApp-Image-2023-10-02-at-6.21.27-PM-1.jpeg?resize=350%2C200&ssl=1","width":350,"height":200,"srcset":"https:\/\/i0.wp.com\/lasprimeras.com.do\/wp-content\/uploads\/2023\/10\/WhatsApp-Image-2023-10-02-at-6.21.27-PM-1.jpeg?resize=350%2C200&ssl=1 1x, https:\/\/i0.wp.com\/lasprimeras.com.do\/wp-content\/uploads\/2023\/10\/WhatsApp-Image-2023-10-02-at-6.21.27-PM-1.jpeg?resize=525%2C300&ssl=1 1.5x, https:\/\/i0.wp.com\/lasprimeras.com.do\/wp-content\/uploads\/2023\/10\/WhatsApp-Image-2023-10-02-at-6.21.27-PM-1.jpeg?resize=700%2C400&ssl=1 2x"},"classes":[]}],"jetpack_sharing_enabled":true,"_links":{"self":[{"href":"https:\/\/lasprimeras.com.do\/index.php\/wp-json\/wp\/v2\/posts\/108982","targetHints":{"allow":["GET"]}}],"collection":[{"href":"https:\/\/lasprimeras.com.do\/index.php\/wp-json\/wp\/v2\/posts"}],"about":[{"href":"https:\/\/lasprimeras.com.do\/index.php\/wp-json\/wp\/v2\/types\/post"}],"author":[{"embeddable":true,"href":"https:\/\/lasprimeras.com.do\/index.php\/wp-json\/wp\/v2\/users\/10"}],"replies":[{"embeddable":true,"href":"https:\/\/lasprimeras.com.do\/index.php\/wp-json\/wp\/v2\/comments?post=108982"}],"version-history":[{"count":1,"href":"https:\/\/lasprimeras.com.do\/index.php\/wp-json\/wp\/v2\/posts\/108982\/revisions"}],"predecessor-version":[{"id":108984,"href":"https:\/\/lasprimeras.com.do\/index.php\/wp-json\/wp\/v2\/posts\/108982\/revisions\/108984"}],"wp:featuredmedia":[{"embeddable":true,"href":"https:\/\/lasprimeras.com.do\/index.php\/wp-json\/wp\/v2\/media\/108983"}],"wp:attachment":[{"href":"https:\/\/lasprimeras.com.do\/index.php\/wp-json\/wp\/v2\/media?parent=108982"}],"wp:term":[{"taxonomy":"category","embeddable":true,"href":"https:\/\/lasprimeras.com.do\/index.php\/wp-json\/wp\/v2\/categories?post=108982"},{"taxonomy":"post_tag","embeddable":true,"href":"https:\/\/lasprimeras.com.do\/index.php\/wp-json\/wp\/v2\/tags?post=108982"}],"curies":[{"name":"wp","href":"https:\/\/api.w.org\/{rel}","templated":true}]}}