{"id":108988,"date":"2025-09-12T08:45:15","date_gmt":"2025-09-12T12:45:15","guid":{"rendered":"https:\/\/lasprimeras.com.do\/?p=108988"},"modified":"2025-09-12T08:45:18","modified_gmt":"2025-09-12T12:45:18","slug":"celebraran-vii-foro-global-anual-de-america-latina-y-el-caribe-en-universidad-de-columbia-ny","status":"publish","type":"post","link":"https:\/\/lasprimeras.com.do\/index.php\/2025\/09\/12\/celebraran-vii-foro-global-anual-de-america-latina-y-el-caribe-en-universidad-de-columbia-ny\/","title":{"rendered":"Celebrar\u00e1n VII Foro Global Anual de Am\u00e9rica Latina y el Caribe en Universidad de Columbia-NY"},"content":{"rendered":"\n<p>Por Ram\u00f3n Mercedes<\/p>\n\n\n\n<p>NUEVA YORK.- La VII Edici\u00f3n del Foro Global Anual de Am\u00e9rica Latina y el Caribe 2025 ser\u00e1 celebrado el pr\u00f3ximo mi\u00e9rcoles 24 de septiembre en Lerner Hall de la Universidad de Columbia, Room 555, ubicado en el 2920 de Broadway en Manhattan.<\/p>\n\n\n\n<p>Es organizado por la Fundaci\u00f3n Global Democracia y Desarrollo (FUNGLODE) y su organizaci\u00f3n hermana en Estados Unidos, Global Foundation for Democracy and Development (GFDD).<\/p>\n\n\n\n<p>Asimismo, cuenta con el apoyo de la Comisi\u00f3n Econ\u00f3mica para Am\u00e9rica Latina y el Caribe (CEPAL) de las Naciones Unidas, el Instituto de Estudios Latinoamericanos e Columbia University (ILAS) y el Think Tank Global Americans (GA).<\/p>\n\n\n\n<p>El Foro se centrar\u00e1 en c\u00f3mo las transformaciones pol\u00edticas, econ\u00f3micas, sociales y tecnol\u00f3gicas est\u00e1n configurando el porvenir de Am\u00e9rica Latina y el Caribe.<\/p>\n\n\n\n<p>Los debates se centrar\u00e1n en temas como: \u00abEl estado de la econom\u00eda estadounidense y de la econom\u00eda mundial, y sus implicaciones para Am\u00e9rica Latina y el Caribe\u00bb. \u00abPerspectivas econ\u00f3micas regionales y prioridades de desarrollo en un contexto de desigualdad persistente\u00bb.<\/p>\n\n\n\n<p>Adem\u00e1s, en \u00abDin\u00e1micas pol\u00edticas y cambios electorales en la regi\u00f3n y en Estados Unidos\u00bb. \u00abTendencias migratorias, integraci\u00f3n de la di\u00e1spora y el voto latinoamericano\u00bb. \u00abRetos de gobernanza derivados de la inteligencia artificial y la desinformaci\u00f3n\u00bb.<\/p>\n\n\n\n<p>El Foro incluir\u00e1 discursos de apertura, una serie de mesas redondas moderadas en formato de conversaci\u00f3n y sesiones interactivas de preguntas y respuestas, todas dise\u00f1adas para fomentar un di\u00e1logo abierto y din\u00e1mico.<\/p>\n\n\n\n<p>La programaci\u00f3n se desarrollar\u00e1 en un formato h\u00edbrido, que permitir\u00e1 la participaci\u00f3n de expositores tanto presenciales como virtuales. Ser\u00e1 en ingl\u00e9s y en espa\u00f1ol, con interpretaci\u00f3n simult\u00e1nea disponible.<\/p>\n\n\n\n<p>Adem\u00e1s, todas las mesas redondas se transmitir\u00e1n a trav\u00e9s de los canales de redes sociales de la GFDD, invitando a una audiencia global a seguir el debate en tiempo real.<\/p>\n\n\n\n<p>Resultados esperados: \u00abUna visi\u00f3n m\u00e1s clara de las fuerzas que est\u00e1n dando forma al panorama pol\u00edtico y econ\u00f3mico de Am\u00e9rica Latina y el Caribe\u00bb. \u00abRecomendaciones pr\u00e1cticas para fortalecer la resiliencia de las instituciones democr\u00e1ticas y promover un crecimiento sostenible e inclusivo\u00bb.<\/p>\n\n\n\n<p>Tambi\u00e9n, el \u00abImpulso a la cooperaci\u00f3n regional para enfrentar retos globales como el cambio clim\u00e1tico, la migraci\u00f3n y la disrupci\u00f3n tecnol\u00f3gica\u00bb. \u00abAmpliaci\u00f3n de la difusi\u00f3n de resultados a trav\u00e9s de medios de comunicaci\u00f3n, contenidos digitales e informes especializados\u00bb. Para m\u00e1s informaci\u00f3n visitar: www.globalforumlac.org .<\/p>\n","protected":false},"excerpt":{"rendered":"<p>Por Ram\u00f3n Mercedes NUEVA YORK.- La VII Edici\u00f3n del Foro Global Anual de Am\u00e9rica Latina y el Caribe 2025 ser\u00e1 celebrado el pr\u00f3ximo mi\u00e9rcoles 24 de septiembre en Lerner Hall&hellip;<\/p>\n","protected":false},"author":10,"featured_media":108989,"comment_status":"open","ping_status":"open","sticky":false,"template":"","format":"standard","meta":{"content-type":"","jetpack_post_was_ever_published":false,"_jetpack_newsletter_access":"","_jetpack_dont_email_post_to_subs":false,"_jetpack_newsletter_tier_id":0,"_jetpack_memberships_contains_paywalled_content":false,"_jetpack_memberships_contains_paid_content":false,"footnotes":""},"categories":[16289],"tags":[875,24549,1440],"class_list":["post-108988","post","type-post","status-publish","format-standard","has-post-thumbnail","hentry","category-internacionales","tag-america-latina","tag-celebraran-vii-foro-global-anual","tag-el-caribe"],"jetpack_featured_media_url":"https:\/\/lasprimeras.com.do\/wp-content\/uploads\/2025\/09\/WhatsApp-Image-2025-09-12-at-7.26.41-AM-3.jpeg","jetpack-related-posts":[{"id":89492,"url":"https:\/\/lasprimeras.com.do\/index.php\/2024\/09\/25\/funglode-gfdd-y-universidad-de-columbia-celebraran-el-vi-foro-global-al-y-el-caribe-2024\/","url_meta":{"origin":108988,"position":0},"title":"Funglode, GFDD y Universidad de Columbia celebrar\u00e1n el VI Foro Global AL y el Caribe 2024","author":"Nelson Feliz","date":"25 de septiembre de 2024","format":false,"excerpt":"El foro se llevar\u00e1 a cabo el pr\u00f3ximo jueves 3 de octubre en la Escuela de Asuntos P\u00fablicos e Internacionales de la Universidad de Columbia (The Kellogg Center), con la participaci\u00f3n de expertos del \u00e1mbito de la geopol\u00edtica y la econom\u00eda. NUEVA YORK. La Fundaci\u00f3n Global Democracia y Desarrollo (Funglode)\u2026","rel":"","context":"En \u00abSin categor\u00eda\u00bb","block_context":{"text":"Sin categor\u00eda","link":"https:\/\/lasprimeras.com.do\/index.php\/category\/sin-categoria\/"},"img":{"alt_text":"","src":"https:\/\/i0.wp.com\/lasprimeras.com.do\/wp-content\/uploads\/2024\/09\/leonel-fernandez-2.jpg?resize=350%2C200&ssl=1","width":350,"height":200,"srcset":"https:\/\/i0.wp.com\/lasprimeras.com.do\/wp-content\/uploads\/2024\/09\/leonel-fernandez-2.jpg?resize=350%2C200&ssl=1 1x, https:\/\/i0.wp.com\/lasprimeras.com.do\/wp-content\/uploads\/2024\/09\/leonel-fernandez-2.jpg?resize=525%2C300&ssl=1 1.5x, https:\/\/i0.wp.com\/lasprimeras.com.do\/wp-content\/uploads\/2024\/09\/leonel-fernandez-2.jpg?resize=700%2C400&ssl=1 2x"},"classes":[]},{"id":110311,"url":"https:\/\/lasprimeras.com.do\/index.php\/2025\/09\/27\/leonel-asegura-en-filadelfia-que-el-gobierno-del-prm-ha-fracasado-prometieron-de-todo-y-no-han-hecho-nada\/","url_meta":{"origin":108988,"position":1},"title":"Leonel asegura en Filadelfia que el gobierno del PRM ha fracasado: Prometieron de todo y no han hecho nada.","author":"Nelson Feliz","date":"27 de septiembre de 2025","format":false,"excerpt":"Fern\u00e1ndez apuesta a convertir a Rep\u00fablica Dominicana en \u201cla capital del conocimiento de Am\u00e9rica Latina\u201d. Filadelfia, EE. UU.\u2013 El expresidente de la Rep\u00fablica y l\u00edder de la Fuerza del Pueblo (FP), Leonel Fern\u00e1ndez, asegur\u00f3 este s\u00e1bado que el gobierno del Partido Revolucionario Moderno (PRM) ha sido un fracaso, al afirmar\u2026","rel":"","context":"En \u00abPOLITICA\u00bb","block_context":{"text":"POLITICA","link":"https:\/\/lasprimeras.com.do\/index.php\/category\/politica\/"},"img":{"alt_text":"","src":"https:\/\/i0.wp.com\/lasprimeras.com.do\/wp-content\/uploads\/2025\/09\/leonel-2.jpg?resize=350%2C200&ssl=1","width":350,"height":200,"srcset":"https:\/\/i0.wp.com\/lasprimeras.com.do\/wp-content\/uploads\/2025\/09\/leonel-2.jpg?resize=350%2C200&ssl=1 1x, https:\/\/i0.wp.com\/lasprimeras.com.do\/wp-content\/uploads\/2025\/09\/leonel-2.jpg?resize=525%2C300&ssl=1 1.5x, https:\/\/i0.wp.com\/lasprimeras.com.do\/wp-content\/uploads\/2025\/09\/leonel-2.jpg?resize=700%2C400&ssl=1 2x"},"classes":[]},{"id":125503,"url":"https:\/\/lasprimeras.com.do\/index.php\/2026\/03\/23\/abinader-arriba-a-francia-para-encuentro-con-macron-y-cumbre-de-la-ocde\/","url_meta":{"origin":108988,"position":2},"title":"Abinader arriba a Francia para encuentro con Macron y cumbre de la OCDE","author":"Nelson Feliz","date":"23 de marzo de 2026","format":false,"excerpt":"Secretario General OCDE invita al presidente Abinader a participar en el 18.\u00ba Foro Econ\u00f3mico Internacional sobre Am\u00e9rica Latina y el Caribe en junio de 2026 Visita estrecha lazos de confianza y colaboraci\u00f3n entre ambos pa\u00edses; se promover\u00e1n inversiones en sectores clave como infraestructura, transporte, log\u00edstica, zonas francas y energ\u00edas renovables\u2026","rel":"","context":"En \u00abNACIONALES\u00bb","block_context":{"text":"NACIONALES","link":"https:\/\/lasprimeras.com.do\/index.php\/category\/nacionales\/"},"img":{"alt_text":"Luis Abinader","src":"https:\/\/i0.wp.com\/lasprimeras.com.do\/wp-content\/uploads\/2026\/03\/Luis-Abinader-12.jpg?resize=350%2C200&ssl=1","width":350,"height":200,"srcset":"https:\/\/i0.wp.com\/lasprimeras.com.do\/wp-content\/uploads\/2026\/03\/Luis-Abinader-12.jpg?resize=350%2C200&ssl=1 1x, https:\/\/i0.wp.com\/lasprimeras.com.do\/wp-content\/uploads\/2026\/03\/Luis-Abinader-12.jpg?resize=525%2C300&ssl=1 1.5x, https:\/\/i0.wp.com\/lasprimeras.com.do\/wp-content\/uploads\/2026\/03\/Luis-Abinader-12.jpg?resize=700%2C400&ssl=1 2x"},"classes":[]},{"id":128491,"url":"https:\/\/lasprimeras.com.do\/index.php\/2026\/04\/23\/medio-oriente-en-crisis-repercusiones-globales-y-desafios-para-america-latina-y-el-caribe\/","url_meta":{"origin":108988,"position":3},"title":"Medio Oriente en crisis: repercusiones globales y desaf\u00edos para Am\u00e9rica Latina y el Caribe","author":"Nelson Feliz","date":"23 de abril de 2026","format":false,"excerpt":"Por Doctor Ram\u00f3n Ceballo \\En un mundo cada vez m\u00e1s interconectado, los conflictos regionales han dejado de ser fen\u00f3menos aislados para convertirse en detonantes de crisis globales. La actual escalada de tensiones en el Medio Oriente, marcada por la confrontaci\u00f3n entre Estados Unidos, Israel e Ir\u00e1n, no solo redefine el\u2026","rel":"","context":"En \u00abOPINI\u00d3N\u00bb","block_context":{"text":"OPINI\u00d3N","link":"https:\/\/lasprimeras.com.do\/index.php\/category\/opinion\/"},"img":{"alt_text":"Ram\u00f3n Ceballo","src":"https:\/\/i0.wp.com\/lasprimeras.com.do\/wp-content\/uploads\/2026\/01\/Ramon-Ceballo.jpg?resize=350%2C200&ssl=1","width":350,"height":200,"srcset":"https:\/\/i0.wp.com\/lasprimeras.com.do\/wp-content\/uploads\/2026\/01\/Ramon-Ceballo.jpg?resize=350%2C200&ssl=1 1x, https:\/\/i0.wp.com\/lasprimeras.com.do\/wp-content\/uploads\/2026\/01\/Ramon-Ceballo.jpg?resize=525%2C300&ssl=1 1.5x, https:\/\/i0.wp.com\/lasprimeras.com.do\/wp-content\/uploads\/2026\/01\/Ramon-Ceballo.jpg?resize=700%2C400&ssl=1 2x"},"classes":[]},{"id":128025,"url":"https:\/\/lasprimeras.com.do\/index.php\/2026\/04\/19\/la-cepal-y-el-noveno-foro-de-paises-de-america-latina-y-el-caribe\/","url_meta":{"origin":108988,"position":4},"title":"La CEPAL y el Noveno Foro de Pa\u00edses de Am\u00e9rica Latina y el Caribe","author":"Nelson Feliz","date":"19 de abril de 2026","format":false,"excerpt":"Por: Luis Fern\u00e1ndez Representantes de gobiernos del sistema de la ONU, organismos internacionales, expertos acad\u00e9micos y sociedad civil, se reunieron del 13 al 16 de abril en la sede de la CEPAL en Santiago de Chile, para analizar los progresos y desafios de la agenda 2030, los problemas estructurales de\u2026","rel":"","context":"En \u00abOPINI\u00d3N\u00bb","block_context":{"text":"OPINI\u00d3N","link":"https:\/\/lasprimeras.com.do\/index.php\/category\/opinion\/"},"img":{"alt_text":"Luis Fern\u00e1ndez","src":"https:\/\/i0.wp.com\/lasprimeras.com.do\/wp-content\/uploads\/2024\/03\/Luis-Fernandez.jpg?resize=350%2C200&ssl=1","width":350,"height":200,"srcset":"https:\/\/i0.wp.com\/lasprimeras.com.do\/wp-content\/uploads\/2024\/03\/Luis-Fernandez.jpg?resize=350%2C200&ssl=1 1x, https:\/\/i0.wp.com\/lasprimeras.com.do\/wp-content\/uploads\/2024\/03\/Luis-Fernandez.jpg?resize=525%2C300&ssl=1 1.5x"},"classes":[]},{"id":55174,"url":"https:\/\/lasprimeras.com.do\/index.php\/2023\/07\/18\/colaboracion-ue-america-latina-y-el-caribe-clave-para-resolver-desafios-regionales-y-globales-dice-presidente-del-bid\/","url_meta":{"origin":108988,"position":5},"title":"Colaboraci\u00f3n UE-Am\u00e9rica Latina y el Caribe clave para resolver desaf\u00edos regionales y globales, dice presidente del BID","author":"Nelson Feliz","date":"18 de julio de 2023","format":false,"excerpt":"El presidente del Banco Interamericano de Desarrollo, Ilan Goldfajn, dijo que la nueva estrategia de inversi\u00f3n de la Uni\u00f3n Europea puede fortalecer el rol de Am\u00e9rica Latina y el Caribe en la soluci\u00f3n de los desaf\u00edos regionales y globales, como el cambio clim\u00e1tico, la preservaci\u00f3n de la biodiversidad y la\u2026","rel":"","context":"En \u00abECONOM\u00cdA\u00bb","block_context":{"text":"ECONOM\u00cdA","link":"https:\/\/lasprimeras.com.do\/index.php\/category\/economia\/"},"img":{"alt_text":"Ilan Goldfajn","src":"https:\/\/i0.wp.com\/lasprimeras.com.do\/wp-content\/uploads\/2023\/06\/Ilan-Goldfajn.jpg?resize=350%2C200&ssl=1","width":350,"height":200,"srcset":"https:\/\/i0.wp.com\/lasprimeras.com.do\/wp-content\/uploads\/2023\/06\/Ilan-Goldfajn.jpg?resize=350%2C200&ssl=1 1x, https:\/\/i0.wp.com\/lasprimeras.com.do\/wp-content\/uploads\/2023\/06\/Ilan-Goldfajn.jpg?resize=525%2C300&ssl=1 1.5x, https:\/\/i0.wp.com\/lasprimeras.com.do\/wp-content\/uploads\/2023\/06\/Ilan-Goldfajn.jpg?resize=700%2C400&ssl=1 2x"},"classes":[]}],"jetpack_sharing_enabled":true,"_links":{"self":[{"href":"https:\/\/lasprimeras.com.do\/index.php\/wp-json\/wp\/v2\/posts\/108988","targetHints":{"allow":["GET"]}}],"collection":[{"href":"https:\/\/lasprimeras.com.do\/index.php\/wp-json\/wp\/v2\/posts"}],"about":[{"href":"https:\/\/lasprimeras.com.do\/index.php\/wp-json\/wp\/v2\/types\/post"}],"author":[{"embeddable":true,"href":"https:\/\/lasprimeras.com.do\/index.php\/wp-json\/wp\/v2\/users\/10"}],"replies":[{"embeddable":true,"href":"https:\/\/lasprimeras.com.do\/index.php\/wp-json\/wp\/v2\/comments?post=108988"}],"version-history":[{"count":1,"href":"https:\/\/lasprimeras.com.do\/index.php\/wp-json\/wp\/v2\/posts\/108988\/revisions"}],"predecessor-version":[{"id":108990,"href":"https:\/\/lasprimeras.com.do\/index.php\/wp-json\/wp\/v2\/posts\/108988\/revisions\/108990"}],"wp:featuredmedia":[{"embeddable":true,"href":"https:\/\/lasprimeras.com.do\/index.php\/wp-json\/wp\/v2\/media\/108989"}],"wp:attachment":[{"href":"https:\/\/lasprimeras.com.do\/index.php\/wp-json\/wp\/v2\/media?parent=108988"}],"wp:term":[{"taxonomy":"category","embeddable":true,"href":"https:\/\/lasprimeras.com.do\/index.php\/wp-json\/wp\/v2\/categories?post=108988"},{"taxonomy":"post_tag","embeddable":true,"href":"https:\/\/lasprimeras.com.do\/index.php\/wp-json\/wp\/v2\/tags?post=108988"}],"curies":[{"name":"wp","href":"https:\/\/api.w.org\/{rel}","templated":true}]}}