{"id":108991,"date":"2025-09-12T08:51:18","date_gmt":"2025-09-12T12:51:18","guid":{"rendered":"https:\/\/lasprimeras.com.do\/?p=108991"},"modified":"2025-09-12T08:51:20","modified_gmt":"2025-09-12T12:51:20","slug":"alcalde-eric-adams-impulsa-los-pequenos-negocios-latinos-en-nyc-miles-dominicanos-se-benefician","status":"publish","type":"post","link":"https:\/\/lasprimeras.com.do\/index.php\/2025\/09\/12\/alcalde-eric-adams-impulsa-los-pequenos-negocios-latinos-en-nyc-miles-dominicanos-se-benefician\/","title":{"rendered":"Alcalde Eric Adams impulsa los peque\u00f1os negocios latinos en NYC; miles dominicanos se benefician"},"content":{"rendered":"\n<p>Por Ram\u00f3n Mercedes<\/p>\n\n\n\n<p>NUEVA YORK.- El alcalde de esta ciudad, Eric Adams, ha puesto en marcha pol\u00edticas hist\u00f3ricas para que las comunidades latinas, entre ellos miles de dominicanos, que representan una gran parte de la clase trabajadora, reciban m\u00e1s apoyo, contratos y oportunidades para prosperar.<\/p>\n\n\n\n<p>En 2024, el alcalde firm\u00f3 la primera ley de contrataci\u00f3n comunitaria de toda la ciudad. Esta medida fija metas obligatorias para que los contratistas en grandes proyectos municipales contraten a residentes de comunidades de bajos ingresos y tradicionalmente desatendidas, muchas de ellas de mayor\u00eda latina.<\/p>\n\n\n\n<p>La ley mueve $1,200 millones de d\u00f3lares en contratos de adquisiciones, asegurando que los beneficios econ\u00f3micos circulen en los vecindarios que m\u00e1s lo necesitan.<\/p>\n\n\n\n<p>Tras esta ley, en el a\u00f1o fiscal 2024 la ciudad adjudic\u00f3 US$6,400 millones en contratos a empresas propiedad de minor\u00edas y mujeres (M\/WBE), alcanzando la tasa de participaci\u00f3n m\u00e1s alta en la historia de NYC.<\/p>\n\n\n\n<p>Hoy existen m\u00e1s de 11,000 empresas certificadas como M\/WBE, miles de ellas propiedad de latinos., entre ellos comerciantes dominicanos.<\/p>\n\n\n\n<p>Este logro refleja campa\u00f1as de alcance espec\u00edfico del Departamento de Servicios para Peque\u00f1os Negocios (SBS) y foros dedicados a orientar a empresarios latinos en licencias, permisos y acceso a capital.<\/p>\n\n\n\n<p>Reconociendo los obst\u00e1culos \u00fanicos que enfrentan los emprendedores latinos, como el acceso limitado a capital y las brechas de idioma, el alcalde cre\u00f3 la primera Latino American Small Business Task Force.<\/p>\n\n\n\n<p>Este grupo asesora directamente al gobierno de la ciudad en temas clave como la reforma de permisos, la simplificaci\u00f3n de tr\u00e1mites y la distribuci\u00f3n de subvenciones. Su voz garantiza que las pol\u00edticas reflejen las necesidades reales de los comerciantes latinos.<\/p>\n\n\n\n<p>Desde el bodeguero hasta el restaurante familiar, estos avances significan m\u00e1s apoyo para los negocios que sostienen nuestras comunidades.<\/p>\n\n\n\n<p>Adem\u00e1s, Adams ha visitado personalmente peque\u00f1os negocios latinos en los cinco condados de la ciudad, escuchando de primera mano las preocupaciones de los propietarios y ajustando programas para que sean m\u00e1s efectivos.<\/p>\n\n\n\n<p>El reto ahora es seguir ampliando el acceso a financiamiento, reducir los tiempos de permisos y fortalecer la mentor\u00eda para que m\u00e1s negocios latinos puedan vender directamente a la ciudad.<\/p>\n\n\n\n<p>La meta es clara: que los peque\u00f1os negocios latinos no solo sobrevivan, sino que crezcan y sean protagonistas del futuro econ\u00f3mico de NYC.<\/p>\n","protected":false},"excerpt":{"rendered":"<p>Por Ram\u00f3n Mercedes NUEVA YORK.- El alcalde de esta ciudad, Eric Adams, ha puesto en marcha pol\u00edticas hist\u00f3ricas para que las comunidades latinas, entre ellos miles de dominicanos, que representan&hellip;<\/p>\n","protected":false},"author":10,"featured_media":108992,"comment_status":"open","ping_status":"open","sticky":false,"template":"","format":"standard","meta":{"content-type":"","jetpack_post_was_ever_published":false,"_jetpack_newsletter_access":"","_jetpack_dont_email_post_to_subs":false,"_jetpack_newsletter_tier_id":0,"_jetpack_memberships_contains_paywalled_content":false,"_jetpack_memberships_contains_paid_content":false,"footnotes":""},"categories":[16289],"tags":[17439,24552,24551,316,3214],"class_list":["post-108991","post","type-post","status-publish","format-standard","has-post-thumbnail","hentry","category-internacionales","tag-alcalde-eric-adams","tag-dominicanos-se-benefician","tag-negocios-latinos","tag-nyc","tag-pequenos"],"jetpack_featured_media_url":"https:\/\/lasprimeras.com.do\/wp-content\/uploads\/2025\/09\/WhatsApp-Image-2025-09-12-at-7.26.42-AM.jpeg","jetpack-related-posts":[{"id":110519,"url":"https:\/\/lasprimeras.com.do\/index.php\/2025\/09\/29\/dominicanos-alto-manhattan-lamentan-alcalde-adams-declinara-aspiraciones-alcaldia\/","url_meta":{"origin":108991,"position":0},"title":"Dominicanos Alto Manhattan lamentan alcalde Adams declinara aspiraciones alcald\u00eda","author":"Nelson Feliz","date":"29 de septiembre de 2025","format":false,"excerpt":"Por Ram\u00f3n Mercedes NUEVA YORK.- Dominicanos en diferentes lugares p\u00fablico del Alto del Alto Manhattan, lugar de mayor concentraci\u00f3n de quisqueyanos en todo el exterior, se lamentan por la declinaci\u00f3n del alcalde Eric Adams en sus aspiraciones a reelegirse a la alcald\u00eda de la ciudad, porque fue un alcalde por\u2026","rel":"","context":"En \u00abINTERNACIONALES\u00bb","block_context":{"text":"INTERNACIONALES","link":"https:\/\/lasprimeras.com.do\/index.php\/category\/sin-categoria\/internacionales\/"},"img":{"alt_text":"","src":"https:\/\/i0.wp.com\/lasprimeras.com.do\/wp-content\/uploads\/2025\/09\/WhatsApp-Image-2025-09-29-at-6.11.51-AM-1.jpeg?resize=350%2C200&ssl=1","width":350,"height":200,"srcset":"https:\/\/i0.wp.com\/lasprimeras.com.do\/wp-content\/uploads\/2025\/09\/WhatsApp-Image-2025-09-29-at-6.11.51-AM-1.jpeg?resize=350%2C200&ssl=1 1x, https:\/\/i0.wp.com\/lasprimeras.com.do\/wp-content\/uploads\/2025\/09\/WhatsApp-Image-2025-09-29-at-6.11.51-AM-1.jpeg?resize=525%2C300&ssl=1 1.5x"},"classes":[]},{"id":62947,"url":"https:\/\/lasprimeras.com.do\/index.php\/2023\/10\/09\/el-alcalde-de-ny-concluye-su-viaje-a-america-latina-con-un-llamado-al-derecho-al-trabajo-para-los-inmigrantes-en-ee-uu\/","url_meta":{"origin":108991,"position":1},"title":"El alcalde de NY concluye su viaje a Am\u00e9rica Latina con un llamado al &#8220;derecho al trabajo&#8221; para los inmigrantes en EE.UU.","author":"Nelson Feliz","date":"9 de octubre de 2023","format":false,"excerpt":"POR ASTRID SUAREZ Y MANUEL RUEDA NECOCLI, Colombia (AP) \u2014 El alcalde de la ciudad de Nueva York, Eric Adams, culmin\u00f3 el s\u00e1bado un viaje de cuatro d\u00edas a Am\u00e9rica Latina pidiendo el \u201cderecho al trabajo\u201d para los inmigrantes en Estados Unidos. Habl\u00f3 durante una visita a Necocl\u00ed, la ciudad\u2026","rel":"","context":"En \u00abSin categor\u00eda\u00bb","block_context":{"text":"Sin categor\u00eda","link":"https:\/\/lasprimeras.com.do\/index.php\/category\/sin-categoria\/"},"img":{"alt_text":"Eric Adams","src":"https:\/\/i0.wp.com\/lasprimeras.com.do\/wp-content\/uploads\/2023\/10\/Eric-Adams-1.jpg?resize=350%2C200&ssl=1","width":350,"height":200,"srcset":"https:\/\/i0.wp.com\/lasprimeras.com.do\/wp-content\/uploads\/2023\/10\/Eric-Adams-1.jpg?resize=350%2C200&ssl=1 1x, https:\/\/i0.wp.com\/lasprimeras.com.do\/wp-content\/uploads\/2023\/10\/Eric-Adams-1.jpg?resize=525%2C300&ssl=1 1.5x, https:\/\/i0.wp.com\/lasprimeras.com.do\/wp-content\/uploads\/2023\/10\/Eric-Adams-1.jpg?resize=700%2C400&ssl=1 2x"},"classes":[]},{"id":101337,"url":"https:\/\/lasprimeras.com.do\/index.php\/2025\/06\/20\/andrew-cuomo-cuando-gane-alcaldia-nyc-anularia-orden-ejecutiva-alcalde-adams\/","url_meta":{"origin":108991,"position":2},"title":"Andrew Cuomo: Cuando gane alcald\u00eda NYC anular\u00eda orden ejecutiva alcalde Adams","author":"Nelson Feliz","date":"20 de junio de 2025","format":false,"excerpt":"Por Ram\u00f3n Mercedes NUEVA YORK.- Dominicanos residentes en El Bronx manifestaron valorar lo planteado por el ex gobernador de NY, Andrew Cuomo, de que cuando gane las elecciones del pr\u00f3ximo 4 de noviembre anular\u00eda la orden ejecutiva del alcalde Eric Adams. Los quisqueyanos en El Bronx, lugar donde residen m\u00e1s\u2026","rel":"","context":"En \u00abINTERNACIONALES\u00bb","block_context":{"text":"INTERNACIONALES","link":"https:\/\/lasprimeras.com.do\/index.php\/category\/sin-categoria\/internacionales\/"},"img":{"alt_text":"Cuomo Cuando gane alcald\u00eda NYC anular\u00eda orden ejecutiva alcalde Adams","src":"https:\/\/i0.wp.com\/lasprimeras.com.do\/wp-content\/uploads\/2025\/06\/WhatsApp-Image-2025-06-20-at-4.53.50-AM-1.jpeg?resize=350%2C200&ssl=1","width":350,"height":200,"srcset":"https:\/\/i0.wp.com\/lasprimeras.com.do\/wp-content\/uploads\/2025\/06\/WhatsApp-Image-2025-06-20-at-4.53.50-AM-1.jpeg?resize=350%2C200&ssl=1 1x, https:\/\/i0.wp.com\/lasprimeras.com.do\/wp-content\/uploads\/2025\/06\/WhatsApp-Image-2025-06-20-at-4.53.50-AM-1.jpeg?resize=525%2C300&ssl=1 1.5x"},"classes":[]},{"id":98307,"url":"https:\/\/lasprimeras.com.do\/index.php\/2025\/05\/06\/bodegueros-uba-ny-reciben-de-nypd-500-botones-de-panicos-para-emergencias\/","url_meta":{"origin":108991,"position":3},"title":"Bodegueros UBA-NY reciben de NYPD 500 botones de p\u00e1nicos para emergencias","author":"Nelson Feliz","date":"6 de mayo de 2025","format":false,"excerpt":"Por Ram\u00f3n Mercedes NUEVA YORK.- La Asociaci\u00f3n de Bodegueros Unidos de Am\u00e9rica (UBA), que preside el dominicano Radham\u00e9s Rodr\u00edguez, recibi\u00f3 de parte de la Polic\u00eda de esta ciudad y en presencia del alcalde Eric Adams, 500 botones de p\u00e1nicos para ser instalados en igual cantidad de bodegas en zonas consideradas\u2026","rel":"","context":"En \u00abINTERNACIONALES\u00bb","block_context":{"text":"INTERNACIONALES","link":"https:\/\/lasprimeras.com.do\/index.php\/category\/sin-categoria\/internacionales\/"},"img":{"alt_text":"botones de p\u00e1nicos","src":"https:\/\/i0.wp.com\/lasprimeras.com.do\/wp-content\/uploads\/2025\/05\/WhatsApp-Image-2025-05-06-at-5.22.37-AM.jpeg?resize=350%2C200&ssl=1","width":350,"height":200},"classes":[]},{"id":96230,"url":"https:\/\/lasprimeras.com.do\/index.php\/2025\/03\/28\/alcalde-nyc-asiste-encuentro-en-alto-manhattan-con-poca-asistencia-de-dominicanos\/","url_meta":{"origin":108991,"position":4},"title":"Alcalde NYC asiste encuentro en Alto Manhattan con poca asistencia de dominicanos","author":"Nelson Feliz","date":"28 de marzo de 2025","format":false,"excerpt":"Por Ram\u00f3n Mercedes NUEVA YORK.- El alcalde de esta ciudad, Eric Adams, asisti\u00f3 la noche de este lunes a un encuentro en el Alto Manhattan, que convocara su comisionado de Transporte de NYC (DOT), Ydanis Rodr\u00edguez, con la comunidad dominicana. Contrario a las convocatorias que con frecuencia efectuaba Rodr\u00edguez cuando\u2026","rel":"","context":"En \u00abINTERNACIONALES\u00bb","block_context":{"text":"INTERNACIONALES","link":"https:\/\/lasprimeras.com.do\/index.php\/category\/sin-categoria\/internacionales\/"},"img":{"alt_text":"Alcalde NYC asiste encuentro en Alto Manhattan con poca asistencia de dominicanos","src":"https:\/\/i0.wp.com\/lasprimeras.com.do\/wp-content\/uploads\/2025\/03\/WhatsApp-Image-2025-03-27-at-6.14.59-AM.jpeg?resize=350%2C200&ssl=1","width":350,"height":200,"srcset":"https:\/\/i0.wp.com\/lasprimeras.com.do\/wp-content\/uploads\/2025\/03\/WhatsApp-Image-2025-03-27-at-6.14.59-AM.jpeg?resize=350%2C200&ssl=1 1x, https:\/\/i0.wp.com\/lasprimeras.com.do\/wp-content\/uploads\/2025\/03\/WhatsApp-Image-2025-03-27-at-6.14.59-AM.jpeg?resize=525%2C300&ssl=1 1.5x"},"classes":[]},{"id":57195,"url":"https:\/\/lasprimeras.com.do\/index.php\/2023\/08\/09\/alcalde-eric-adams-abre-las-puertas-de-gracie-mansion-para-celebrar-la-herencia-dominicana\/","url_meta":{"origin":108991,"position":5},"title":"Alcalde Eric Adams abre las puertas de \u201cGracie Mansi\u00f3n\u201d para celebrar la herencia Dominicana","author":"Nelson Feliz","date":"9 de agosto de 2023","format":false,"excerpt":"Por Jos\u00e9 Zabala El alcalde Eric Adams recibi\u00f3 con los brazos abiertos a todos los sectores de la comunidad dominicana radicada en la ciudad de New York en su residencia la \u201cGracie Mansi\u00f3n\u201d\u00a0 a ritmo de merengue,\u00a0 bachata, rica gastronom\u00eda y bebidas de marcas criolla. Adams, realizo la actividad como\u2026","rel":"","context":"En \u00abENTRETENIMIENTO\u00bb","block_context":{"text":"ENTRETENIMIENTO","link":"https:\/\/lasprimeras.com.do\/index.php\/category\/entretenimiento\/"},"img":{"alt_text":"Erick Adams","src":"https:\/\/i0.wp.com\/lasprimeras.com.do\/wp-content\/uploads\/2023\/08\/Erick-Adams.jpg?resize=350%2C200&ssl=1","width":350,"height":200,"srcset":"https:\/\/i0.wp.com\/lasprimeras.com.do\/wp-content\/uploads\/2023\/08\/Erick-Adams.jpg?resize=350%2C200&ssl=1 1x, https:\/\/i0.wp.com\/lasprimeras.com.do\/wp-content\/uploads\/2023\/08\/Erick-Adams.jpg?resize=525%2C300&ssl=1 1.5x, https:\/\/i0.wp.com\/lasprimeras.com.do\/wp-content\/uploads\/2023\/08\/Erick-Adams.jpg?resize=700%2C400&ssl=1 2x"},"classes":[]}],"jetpack_sharing_enabled":true,"_links":{"self":[{"href":"https:\/\/lasprimeras.com.do\/index.php\/wp-json\/wp\/v2\/posts\/108991","targetHints":{"allow":["GET"]}}],"collection":[{"href":"https:\/\/lasprimeras.com.do\/index.php\/wp-json\/wp\/v2\/posts"}],"about":[{"href":"https:\/\/lasprimeras.com.do\/index.php\/wp-json\/wp\/v2\/types\/post"}],"author":[{"embeddable":true,"href":"https:\/\/lasprimeras.com.do\/index.php\/wp-json\/wp\/v2\/users\/10"}],"replies":[{"embeddable":true,"href":"https:\/\/lasprimeras.com.do\/index.php\/wp-json\/wp\/v2\/comments?post=108991"}],"version-history":[{"count":1,"href":"https:\/\/lasprimeras.com.do\/index.php\/wp-json\/wp\/v2\/posts\/108991\/revisions"}],"predecessor-version":[{"id":108993,"href":"https:\/\/lasprimeras.com.do\/index.php\/wp-json\/wp\/v2\/posts\/108991\/revisions\/108993"}],"wp:featuredmedia":[{"embeddable":true,"href":"https:\/\/lasprimeras.com.do\/index.php\/wp-json\/wp\/v2\/media\/108992"}],"wp:attachment":[{"href":"https:\/\/lasprimeras.com.do\/index.php\/wp-json\/wp\/v2\/media?parent=108991"}],"wp:term":[{"taxonomy":"category","embeddable":true,"href":"https:\/\/lasprimeras.com.do\/index.php\/wp-json\/wp\/v2\/categories?post=108991"},{"taxonomy":"post_tag","embeddable":true,"href":"https:\/\/lasprimeras.com.do\/index.php\/wp-json\/wp\/v2\/tags?post=108991"}],"curies":[{"name":"wp","href":"https:\/\/api.w.org\/{rel}","templated":true}]}}