{"id":108994,"date":"2025-09-12T09:02:18","date_gmt":"2025-09-12T13:02:18","guid":{"rendered":"https:\/\/lasprimeras.com.do\/?p=108994"},"modified":"2025-09-12T09:02:20","modified_gmt":"2025-09-12T13:02:20","slug":"habra-que-dominar-el-ingles-y-conocer-leyes-para-obtener-ciudadania-ee-uu","status":"publish","type":"post","link":"https:\/\/lasprimeras.com.do\/index.php\/2025\/09\/12\/habra-que-dominar-el-ingles-y-conocer-leyes-para-obtener-ciudadania-ee-uu\/","title":{"rendered":"Habr\u00e1 que dominar el ingl\u00e9s y conocer leyes para obtener ciudadania EE. UU."},"content":{"rendered":"\n<p>Por Ram\u00f3n Mercedes<\/p>\n\n\n\n<p>NUEVA YORK.- El Servicio de Ciudadan\u00eda e Inmigraci\u00f3n de los Estados Unidos (USCIS) anuncia una serie de cambios en su pol\u00edtica, entre ellas para obtener la ciudadan\u00eda no solo entiender el idioma ingl\u00e9s, que el presidente Donald Trump estableci\u00f3 como oficial, tambi\u00e9n la naturaleza de las leyes, normas estadounidenses, y el apego a la Constituci\u00f3n del pa\u00eds.<\/p>\n\n\n\n<p>\u00abDebemos asegurarnos de que todos los extranjeros que soliciten la ciudadan\u00eda comprendan los derechos y privilegios que conlleva convertirse en ciudadano estadounidense, comprendan adecuadamente el idioma ingl\u00e9s y, en \u00faltima instancia, demuestren su apego a la Constituci\u00f3n de USA\u00bb, public\u00f3 USCIS en X.<\/p>\n\n\n\n<p>La versi\u00f3n actual de la prueba de ciudadan\u00eda exige responder correctamente al menos 6 de las 10 preguntas extra\u00eddas de una lista de 100 disponibles en l\u00ednea. Las preguntas utilizadas durante el examen se eligen a discreci\u00f3n del funcionario que eval\u00faa la solicitud.<\/p>\n\n\n\n<p>USCIS sugiere una redacci\u00f3n m\u00e1s elaborada en la que el solicitante describa lo que significa convertirse en estadounidense. \u00abVamos a endurecer la prueba haciendo que las preguntas sean un poco m\u00e1s provocadoras para pensar\u00bb, afirma la agencia federal.<\/p>\n\n\n\n<p>USCIS tambi\u00e9n ha anunciado que retomar\u00e1 una pr\u00e1ctica que no aplicaba desde hace d\u00e9cadas: \u00ablas indagaciones sobre los solicitantes de ciudadan\u00eda basadas en la opini\u00f3n de vecinos y colegas del trabajo\u00bb.<\/p>\n\n\n\n<p>Los llamados \u00abcontroles vecinales\u00bb pretenden reforzar las investigaciones personales de quienes solicitan la ciudadan\u00eda estadounidense, revisando criterios subjetivos como las contribuciones a la &#8220;felicidad&#8221; de EUA.<\/p>\n\n\n\n<p>Los requisitos en vigor para la ciudadan\u00eda americana incluyen: Tener al menos 18 a\u00f1os;<br>ser residente permanente por un m\u00ednimo de cinco a\u00f1os (o tres si est\u00e1 casado con un ciudadano estadounidense); demostrar buena conducta moral; y completar el Formulario N-400 de USCIS.<\/p>\n","protected":false},"excerpt":{"rendered":"<p>Por Ram\u00f3n Mercedes NUEVA YORK.- El Servicio de Ciudadan\u00eda e Inmigraci\u00f3n de los Estados Unidos (USCIS) anuncia una serie de cambios en su pol\u00edtica, entre ellas para obtener la ciudadan\u00eda&hellip;<\/p>\n","protected":false},"author":10,"featured_media":108995,"comment_status":"open","ping_status":"open","sticky":false,"template":"","format":"standard","meta":{"content-type":"","jetpack_post_was_ever_published":false,"_jetpack_newsletter_access":"","_jetpack_dont_email_post_to_subs":false,"_jetpack_newsletter_tier_id":0,"_jetpack_memberships_contains_paywalled_content":false,"_jetpack_memberships_contains_paid_content":false,"footnotes":""},"categories":[16289],"tags":[24555,24553,24554],"class_list":["post-108994","post","type-post","status-publish","format-standard","has-post-thumbnail","hentry","category-internacionales","tag-ciudadania-ee-uu","tag-conocer-leyes-ee-uu","tag-habra-que-dominar-el-ingles"],"jetpack_featured_media_url":"https:\/\/lasprimeras.com.do\/wp-content\/uploads\/2025\/09\/WhatsApp-Image-2025-09-12-at-7.26.42-AM-1.jpeg","jetpack-related-posts":[{"id":126246,"url":"https:\/\/lasprimeras.com.do\/index.php\/2026\/03\/31\/abogado-ny-explica-por-que-se-pierde-la-ciudadania-de-ee-uu\/","url_meta":{"origin":108994,"position":0},"title":"Abogado NY explica por qu\u00e9 se pierde la ciudadan\u00eda de EE. UU.","author":"Nelson Feliz","date":"31 de marzo de 2026","format":false,"excerpt":"Por Ram\u00f3n Mercedes NUEVA YORK.- El abogado criminalista y de inmigraci\u00f3n, con m\u00e1s de 43 a\u00f1os en el \u00e1rea triestatal de los Estados Unidos, Andr\u00e9s Aranda, explica a los cientos de miles de sus connacionales, entre otras etnias, que son naturalizados en este pa\u00eds, las razones por las cuales se\u2026","rel":"","context":"En \u00abINTERNACIONALES\u00bb","block_context":{"text":"INTERNACIONALES","link":"https:\/\/lasprimeras.com.do\/index.php\/category\/sin-categoria\/internacionales\/"},"img":{"alt_text":"","src":"https:\/\/i0.wp.com\/lasprimeras.com.do\/wp-content\/uploads\/2026\/03\/IMG-20260331-WA0063.jpg?resize=350%2C200&ssl=1","width":350,"height":200,"srcset":"https:\/\/i0.wp.com\/lasprimeras.com.do\/wp-content\/uploads\/2026\/03\/IMG-20260331-WA0063.jpg?resize=350%2C200&ssl=1 1x, https:\/\/i0.wp.com\/lasprimeras.com.do\/wp-content\/uploads\/2026\/03\/IMG-20260331-WA0063.jpg?resize=525%2C300&ssl=1 1.5x"},"classes":[]},{"id":123951,"url":"https:\/\/lasprimeras.com.do\/index.php\/2026\/03\/06\/plan-de-vivienda-en-ee-uu-afectaria-a-miles-de-dominicanos\/","url_meta":{"origin":108994,"position":1},"title":"Plan de vivienda en EE. UU. afectar\u00eda a miles de dominicanos","author":"Nelson Feliz","date":"6 de marzo de 2026","format":false,"excerpt":"Por Ram\u00f3n Mercedes NUEVA YORK.- El Departamento de Vivienda y Desarrollo Urbano (HUD) en los Estados Unidos ha sometido una norma a comentarios que busca que solo ciudadanos estadounidenses ocupen espacios de vivienda p\u00fablica o subsidiada. El HUD es responsable de los programas enfocados en las necesidades de vivienda de\u2026","rel":"","context":"En \u00abINTERNACIONALES\u00bb","block_context":{"text":"INTERNACIONALES","link":"https:\/\/lasprimeras.com.do\/index.php\/category\/sin-categoria\/internacionales\/"},"img":{"alt_text":"","src":"https:\/\/i0.wp.com\/lasprimeras.com.do\/wp-content\/uploads\/2026\/03\/Departamento-de-Vivienda-en-EE.-UU.-busca-solo-ciudadanos-ocupen-vivienda-publica-o-subsidiada_-dominicanos-serian-afectados.jpg?resize=350%2C200&ssl=1","width":350,"height":200,"srcset":"https:\/\/i0.wp.com\/lasprimeras.com.do\/wp-content\/uploads\/2026\/03\/Departamento-de-Vivienda-en-EE.-UU.-busca-solo-ciudadanos-ocupen-vivienda-publica-o-subsidiada_-dominicanos-serian-afectados.jpg?resize=350%2C200&ssl=1 1x, https:\/\/i0.wp.com\/lasprimeras.com.do\/wp-content\/uploads\/2026\/03\/Departamento-de-Vivienda-en-EE.-UU.-busca-solo-ciudadanos-ocupen-vivienda-publica-o-subsidiada_-dominicanos-serian-afectados.jpg?resize=525%2C300&ssl=1 1.5x"},"classes":[]},{"id":103367,"url":"https:\/\/lasprimeras.com.do\/index.php\/2025\/07\/15\/ee-uu-lanza-nueva-advertencia-para-portadores-de-visa-no-se-quede-mas-tiempo-del-permitido\/","url_meta":{"origin":108994,"position":2},"title":"EE.UU. lanza nueva advertencia para portadores de visa: &#8220;no se quede m\u00e1s tiempo del permitido&#8221;","author":"Nelson Feliz","date":"15 de julio de 2025","format":false,"excerpt":"La nueva columna de \"Preg\u00fantale al c\u00f3nsul\" habla sobre las consecuencias de extender permanencia en Estados Unidos. La Embajada de Estados Unidos advirti\u00f3 este lunes que permanecer en su territorio m\u00e1s all\u00e1 del tiempo autorizado con visa puede conllevar la deportaci\u00f3n y la prohibici\u00f3n permanente de entrada, incluso si el\u2026","rel":"","context":"En \u00abNACIONALES\u00bb","block_context":{"text":"NACIONALES","link":"https:\/\/lasprimeras.com.do\/index.php\/category\/nacionales\/"},"img":{"alt_text":"Embajada de los Estados Unidos en Santo Domingo","src":"https:\/\/i0.wp.com\/lasprimeras.com.do\/wp-content\/uploads\/2024\/08\/Embajada-de-los-Estados-Unidos-en-Santo-Domingo.jpg?resize=350%2C200&ssl=1","width":350,"height":200,"srcset":"https:\/\/i0.wp.com\/lasprimeras.com.do\/wp-content\/uploads\/2024\/08\/Embajada-de-los-Estados-Unidos-en-Santo-Domingo.jpg?resize=350%2C200&ssl=1 1x, https:\/\/i0.wp.com\/lasprimeras.com.do\/wp-content\/uploads\/2024\/08\/Embajada-de-los-Estados-Unidos-en-Santo-Domingo.jpg?resize=525%2C300&ssl=1 1.5x, https:\/\/i0.wp.com\/lasprimeras.com.do\/wp-content\/uploads\/2024\/08\/Embajada-de-los-Estados-Unidos-en-Santo-Domingo.jpg?resize=700%2C400&ssl=1 2x"},"classes":[]},{"id":106895,"url":"https:\/\/lasprimeras.com.do\/index.php\/2025\/08\/20\/uscis-con-nuevas-exigencias-para-hacerse-ciudadanos-de-ee-uu\/","url_meta":{"origin":108994,"position":3},"title":"USCIS con nuevas exigencias para hacerse ciudadanos de EE. UU.","author":"Nelson Feliz","date":"20 de agosto de 2025","format":false,"excerpt":"Por Ram\u00f3n Mercedes NUEVA YORK.- El Servicio de Ciudadan\u00eda e Inmigraci\u00f3n (USCIS) pondr\u00e1 ahora m\u00e1s \u00e9nfasis en las contribuciones y atributos positivos de los solicitantes a ser naturalizados en Estados Unidos, tales como su nivel educativo, participaci\u00f3n activa en la comunidad y el cumplimiento de sus responsabilidades familiares. \u00abNaturalizarse como\u2026","rel":"","context":"En \u00abINTERNACIONALES\u00bb","block_context":{"text":"INTERNACIONALES","link":"https:\/\/lasprimeras.com.do\/index.php\/category\/sin-categoria\/internacionales\/"},"img":{"alt_text":"","src":"https:\/\/i0.wp.com\/lasprimeras.com.do\/wp-content\/uploads\/2025\/08\/WhatsApp-Image-2025-08-20-at-6.28.27-AM.jpeg?resize=350%2C200&ssl=1","width":350,"height":200,"srcset":"https:\/\/i0.wp.com\/lasprimeras.com.do\/wp-content\/uploads\/2025\/08\/WhatsApp-Image-2025-08-20-at-6.28.27-AM.jpeg?resize=350%2C200&ssl=1 1x, https:\/\/i0.wp.com\/lasprimeras.com.do\/wp-content\/uploads\/2025\/08\/WhatsApp-Image-2025-08-20-at-6.28.27-AM.jpeg?resize=525%2C300&ssl=1 1.5x, https:\/\/i0.wp.com\/lasprimeras.com.do\/wp-content\/uploads\/2025\/08\/WhatsApp-Image-2025-08-20-at-6.28.27-AM.jpeg?resize=700%2C400&ssl=1 2x"},"classes":[]},{"id":87429,"url":"https:\/\/lasprimeras.com.do\/index.php\/2024\/08\/11\/la-embajada-de-los-ee-uu-y-la-universidad-dominico-americano-celebran-conferencia-para-profesores-de-ingles\/","url_meta":{"origin":108994,"position":4},"title":"La Embajada de los EE.UU. y la Universidad Dom\u00ednico Americano celebran conferencia para profesores de ingl\u00e9s\u00a0","author":"Nelson Feliz","date":"11 de agosto de 2024","format":false,"excerpt":"Este evento re\u00fane a m\u00e1s de 1,100 profesores provenientes de los sectores p\u00fablico y privado del pa\u00eds. La Embajada de los Estados Unidos y la Universidad Dom\u00ednico Americano (UNICDA), a trav\u00e9s del Teacher Development Center (TDC), dieron apertura a la Conferencia Anual para Profesores de Ingl\u00e9s, con el tema \u201cLa\u2026","rel":"","context":"En \u00abNACIONALES\u00bb","block_context":{"text":"NACIONALES","link":"https:\/\/lasprimeras.com.do\/index.php\/category\/nacionales\/"},"img":{"alt_text":"","src":"https:\/\/i0.wp.com\/lasprimeras.com.do\/wp-content\/uploads\/2024\/08\/Principal-1.jpg?resize=350%2C200&ssl=1","width":350,"height":200,"srcset":"https:\/\/i0.wp.com\/lasprimeras.com.do\/wp-content\/uploads\/2024\/08\/Principal-1.jpg?resize=350%2C200&ssl=1 1x, https:\/\/i0.wp.com\/lasprimeras.com.do\/wp-content\/uploads\/2024\/08\/Principal-1.jpg?resize=525%2C300&ssl=1 1.5x, https:\/\/i0.wp.com\/lasprimeras.com.do\/wp-content\/uploads\/2024\/08\/Principal-1.jpg?resize=700%2C400&ssl=1 2x"},"classes":[]},{"id":103285,"url":"https:\/\/lasprimeras.com.do\/index.php\/2025\/07\/14\/multaran-con-us100-o-prision-por-30-dias-ciudadano-usa-no-lleve-encima-identificacion\/","url_meta":{"origin":108994,"position":5},"title":"Multar\u00e1n con US$100 o prisi\u00f3n por 30 d\u00edas, ciudadano USA no lleve encima identificaci\u00f3n","author":"Nelson Feliz","date":"14 de julio de 2025","format":false,"excerpt":"Por Ram\u00f3n Mercedes NUEVA YORK.- El Servicio de Ciudadan\u00eda e Inmigraci\u00f3n de Estados Unidos (USCIS) inform\u00f3 que el inmigrante o ciudadano que no lleve encima su tarjeta de residencia o ciudadan\u00eda ser\u00eda multado con hasta US$100.00 o prisi\u00f3n de 30 d\u00edas, ante cualquier inspecci\u00f3n por parte de agentes de Inmigraci\u00f3n.\u2026","rel":"","context":"En \u00abINTERNACIONALES\u00bb","block_context":{"text":"INTERNACIONALES","link":"https:\/\/lasprimeras.com.do\/index.php\/category\/sin-categoria\/internacionales\/"},"img":{"alt_text":"","src":"https:\/\/i0.wp.com\/lasprimeras.com.do\/wp-content\/uploads\/2025\/07\/ID-CIUDDANOS.png?resize=350%2C200&ssl=1","width":350,"height":200,"srcset":"https:\/\/i0.wp.com\/lasprimeras.com.do\/wp-content\/uploads\/2025\/07\/ID-CIUDDANOS.png?resize=350%2C200&ssl=1 1x, https:\/\/i0.wp.com\/lasprimeras.com.do\/wp-content\/uploads\/2025\/07\/ID-CIUDDANOS.png?resize=525%2C300&ssl=1 1.5x"},"classes":[]}],"jetpack_sharing_enabled":true,"_links":{"self":[{"href":"https:\/\/lasprimeras.com.do\/index.php\/wp-json\/wp\/v2\/posts\/108994","targetHints":{"allow":["GET"]}}],"collection":[{"href":"https:\/\/lasprimeras.com.do\/index.php\/wp-json\/wp\/v2\/posts"}],"about":[{"href":"https:\/\/lasprimeras.com.do\/index.php\/wp-json\/wp\/v2\/types\/post"}],"author":[{"embeddable":true,"href":"https:\/\/lasprimeras.com.do\/index.php\/wp-json\/wp\/v2\/users\/10"}],"replies":[{"embeddable":true,"href":"https:\/\/lasprimeras.com.do\/index.php\/wp-json\/wp\/v2\/comments?post=108994"}],"version-history":[{"count":1,"href":"https:\/\/lasprimeras.com.do\/index.php\/wp-json\/wp\/v2\/posts\/108994\/revisions"}],"predecessor-version":[{"id":108996,"href":"https:\/\/lasprimeras.com.do\/index.php\/wp-json\/wp\/v2\/posts\/108994\/revisions\/108996"}],"wp:featuredmedia":[{"embeddable":true,"href":"https:\/\/lasprimeras.com.do\/index.php\/wp-json\/wp\/v2\/media\/108995"}],"wp:attachment":[{"href":"https:\/\/lasprimeras.com.do\/index.php\/wp-json\/wp\/v2\/media?parent=108994"}],"wp:term":[{"taxonomy":"category","embeddable":true,"href":"https:\/\/lasprimeras.com.do\/index.php\/wp-json\/wp\/v2\/categories?post=108994"},{"taxonomy":"post_tag","embeddable":true,"href":"https:\/\/lasprimeras.com.do\/index.php\/wp-json\/wp\/v2\/tags?post=108994"}],"curies":[{"name":"wp","href":"https:\/\/api.w.org\/{rel}","templated":true}]}}