{"id":109003,"date":"2025-09-12T09:53:40","date_gmt":"2025-09-12T13:53:40","guid":{"rendered":"https:\/\/lasprimeras.com.do\/?p=109003"},"modified":"2025-09-12T09:53:44","modified_gmt":"2025-09-12T13:53:44","slug":"trump-anuncia-captura-del-presunto-asesino-de-charlie-kirk-es-un-joven-de-22-anos-de-utah","status":"publish","type":"post","link":"https:\/\/lasprimeras.com.do\/index.php\/2025\/09\/12\/trump-anuncia-captura-del-presunto-asesino-de-charlie-kirk-es-un-joven-de-22-anos-de-utah\/","title":{"rendered":"Trump anuncia captura del presunto asesino de Charlie Kirk; es un joven de 22 a\u00f1os de Utah"},"content":{"rendered":"\n<p>POR ERIC TUCKER, ALANNA DURKIN RICHER<br>JESSE BEDAYN and HANNAH SCHOENBAUM<\/p>\n\n\n\n<p>OREM, Utah, EE.UU. (AP) \u2014 El sospechoso del asesinato de Charlie Kirk ha sido capturado, anunci\u00f3 el presidente Donald Trump el viernes en un comunicado que representa un avance significativo en la investigaci\u00f3n de un asesinato selectivo que ha generado nuevas alarmas sobre la violencia pol\u00edtica en Estados Unidos.<\/p>\n\n\n\n<p>\u201cCon un alto grado de certeza, lo tenemos\u201d, anunci\u00f3 Trump en una entrevista en vivo en Fox News Channel. Dijo que un ministro involucrado con las fuerzas del orden entreg\u00f3 al sospechoso a las autoridades.<\/p>\n\n\n\n<p>\u201cAlguien muy cercano a \u00e9l dijo: \u2018Hmm, ese es \u00e9l\u2019\u201d, coment\u00f3 Trump.<\/p>\n\n\n\n<p>El sospechoso bajo custodia es un joven de 22 a\u00f1os de Utah, dijo un funcionario de las fuerzas del orden a The Associated Press.<\/p>\n\n\n\n<p>Las autoridades lo han identificado como Tyler Robinson, dijo el funcionario, quien no estaba autorizado para discutir la investigaci\u00f3n en curso y habl\u00f3 bajo condici\u00f3n de anonimato.<\/p>\n\n\n\n<p>El FBI y el Departamento de Justicia no comentaron de inmediato, pero se planea una conferencia de prensa en Utah, donde ocurri\u00f3 el asesinato en un campus universitario esta semana, para m\u00e1s tarde el viernes.<\/p>\n\n\n\n<p>La noticia del arresto lleg\u00f3 horas despu\u00e9s de que el FBI y funcionarios estatales pidieran ayuda p\u00fablica al publicar fotograf\u00edas adicionales del sospechoso, una acci\u00f3n que parec\u00eda indicar que las fuerzas del orden no estaban seguras del paradero de la persona.<\/p>\n","protected":false},"excerpt":{"rendered":"<p>POR ERIC TUCKER, ALANNA DURKIN RICHERJESSE BEDAYN and HANNAH SCHOENBAUM OREM, Utah, EE.UU. (AP) \u2014 El sospechoso del asesinato de Charlie Kirk ha sido capturado, anunci\u00f3 el presidente Donald Trump&hellip;<\/p>\n","protected":false},"author":10,"featured_media":109004,"comment_status":"open","ping_status":"open","sticky":false,"template":"","format":"standard","meta":{"content-type":"","jetpack_post_was_ever_published":false,"_jetpack_newsletter_access":"","_jetpack_dont_email_post_to_subs":false,"_jetpack_newsletter_tier_id":0,"_jetpack_memberships_contains_paywalled_content":false,"_jetpack_memberships_contains_paid_content":false,"footnotes":""},"categories":[16289],"tags":[1647,24559,978,24558,24560],"class_list":["post-109003","post","type-post","status-publish","format-standard","has-post-thumbnail","hentry","category-internacionales","tag-captura","tag-charlie-kirk","tag-donald-trump","tag-presunto-asesino","tag-un-joven-de-22-anos-de-utah"],"jetpack_featured_media_url":"https:\/\/lasprimeras.com.do\/wp-content\/uploads\/2025\/09\/capt.jpg","jetpack-related-posts":[{"id":109204,"url":"https:\/\/lasprimeras.com.do\/index.php\/2025\/09\/15\/director-del-fbi-evidencia-de-adn-hallada-cerca-de-la-escena-del-tiroteo-de-charlie-kirk-coincide-con-el-sospechoso\/","url_meta":{"origin":109003,"position":0},"title":"Director del FBI: Evidencia de ADN hallada cerca de la escena del tiroteo de Charlie Kirk coincide con el sospechoso","author":"Nelson Feliz","date":"15 de septiembre de 2025","format":false,"excerpt":"Por JESSE BEDAYN y JOHN SEEWER OREM, Utah (AP) \u2014 El ADN hallado en una toalla envuelta alrededor de un rifle hallado cerca de donde fue asesinado el activista conservador Charlie Kirk coincidi\u00f3 con el del joven de 22 a\u00f1os acusado del asesinato, dijo el lunes el director del FBI,\u2026","rel":"","context":"En \u00abINTERNACIONALES\u00bb","block_context":{"text":"INTERNACIONALES","link":"https:\/\/lasprimeras.com.do\/index.php\/category\/sin-categoria\/internacionales\/"},"img":{"alt_text":"","src":"https:\/\/i0.wp.com\/lasprimeras.com.do\/wp-content\/uploads\/2025\/09\/Charlie-Kirk.jpg?resize=350%2C200&ssl=1","width":350,"height":200,"srcset":"https:\/\/i0.wp.com\/lasprimeras.com.do\/wp-content\/uploads\/2025\/09\/Charlie-Kirk.jpg?resize=350%2C200&ssl=1 1x, https:\/\/i0.wp.com\/lasprimeras.com.do\/wp-content\/uploads\/2025\/09\/Charlie-Kirk.jpg?resize=525%2C300&ssl=1 1.5x, https:\/\/i0.wp.com\/lasprimeras.com.do\/wp-content\/uploads\/2025\/09\/Charlie-Kirk.jpg?resize=700%2C400&ssl=1 2x"},"classes":[]},{"id":109646,"url":"https:\/\/lasprimeras.com.do\/index.php\/2025\/09\/21\/trump-y-su-movimiento-maga-rendiran-homenaje-a-charlie-kirk-en-acto-conmemorativo-en-arizona\/","url_meta":{"origin":109003,"position":1},"title":"Trump y su movimiento MAGA rendir\u00e1n homenaje a Charlie Kirk en acto conmemorativo en Arizona","author":"Nelson Feliz","date":"21 de septiembre de 2025","format":false,"excerpt":"POR JONATHAN J. COOPER and AAMER MADHANI GLENDALE, Arizona, EE.UU. (AP) \u2014 El presidente Donald Trump y miembros prominentes de su movimiento \u201cHagamos grande a Estados Unidos otra vez\u201d (MAGA, por sus siglas en ingl\u00e9s) rendir\u00e1n homenaje el domingo al activista conservador Charlie Kirk, cuyo asesinato ha marcado un punto\u2026","rel":"","context":"En \u00abINTERNACIONALES\u00bb","block_context":{"text":"INTERNACIONALES","link":"https:\/\/lasprimeras.com.do\/index.php\/category\/sin-categoria\/internacionales\/"},"img":{"alt_text":"","src":"https:\/\/i0.wp.com\/lasprimeras.com.do\/wp-content\/uploads\/2025\/09\/movimiento-MAGA.jpg?resize=350%2C200&ssl=1","width":350,"height":200,"srcset":"https:\/\/i0.wp.com\/lasprimeras.com.do\/wp-content\/uploads\/2025\/09\/movimiento-MAGA.jpg?resize=350%2C200&ssl=1 1x, https:\/\/i0.wp.com\/lasprimeras.com.do\/wp-content\/uploads\/2025\/09\/movimiento-MAGA.jpg?resize=525%2C300&ssl=1 1.5x, https:\/\/i0.wp.com\/lasprimeras.com.do\/wp-content\/uploads\/2025\/09\/movimiento-MAGA.jpg?resize=700%2C400&ssl=1 2x"},"classes":[]},{"id":109949,"url":"https:\/\/lasprimeras.com.do\/index.php\/2025\/09\/24\/pastores-negros-dicen-que-charlie-kirk-no-es-un-martir-y-condenan-el-racismo-y-la-violencia-politica\/","url_meta":{"origin":109003,"position":2},"title":"Pastores negros dicen que Charlie Kirk no es un m\u00e1rtir y condenan el racismo y la violencia pol\u00edtica","author":"Nelson Feliz","date":"24 de septiembre de 2025","format":false,"excerpt":"POR AARON MORRISON and JAYLEN GREEN C\u00f3mo se est\u00e1 recordando a Charlie Kirk \u2014 con muchos conservadores y cristianos blancos, particularmente evang\u00e9licos, enfatizando su fe y etiquet\u00e1ndolo como m\u00e1rtir \u2014 ha generado debate entre el clero negro, que intenta conciliar una visi\u00f3n heroica del joven de 31 a\u00f1os con las\u2026","rel":"","context":"En \u00abINTERNACIONALES\u00bb","block_context":{"text":"INTERNACIONALES","link":"https:\/\/lasprimeras.com.do\/index.php\/category\/sin-categoria\/internacionales\/"},"img":{"alt_text":"","src":"https:\/\/i0.wp.com\/lasprimeras.com.do\/wp-content\/uploads\/2025\/09\/pastores.jpg?resize=350%2C200&ssl=1","width":350,"height":200,"srcset":"https:\/\/i0.wp.com\/lasprimeras.com.do\/wp-content\/uploads\/2025\/09\/pastores.jpg?resize=350%2C200&ssl=1 1x, https:\/\/i0.wp.com\/lasprimeras.com.do\/wp-content\/uploads\/2025\/09\/pastores.jpg?resize=525%2C300&ssl=1 1.5x, https:\/\/i0.wp.com\/lasprimeras.com.do\/wp-content\/uploads\/2025\/09\/pastores.jpg?resize=700%2C400&ssl=1 2x"},"classes":[]},{"id":84320,"url":"https:\/\/lasprimeras.com.do\/index.php\/2024\/06\/06\/trump-hara-campana-en-arizona-tras-su-condena-por-dinero-para-guardar-silencio\/","url_meta":{"origin":109003,"position":3},"title":"Trump har\u00e1 campa\u00f1a en Arizona tras su condena por dinero para guardar silencio","author":"Nelson Feliz","date":"6 de junio de 2024","format":false,"excerpt":"POR JONATHAN J. COOPER PHOENIX (AP) \u2014 Donald Trump regresa a la campa\u00f1a electoral el jueves con un viaje a Arizona, su primera aparici\u00f3n en un estado disputado desde que fue condenado en un esc\u00e1ndalo de dinero secreto. Est\u00e1 previsto que Trump hable en un ayuntamiento en Phoenix organizado por\u2026","rel":"","context":"En \u00abSin categor\u00eda\u00bb","block_context":{"text":"Sin categor\u00eda","link":"https:\/\/lasprimeras.com.do\/index.php\/category\/sin-categoria\/"},"img":{"alt_text":"Donald Trump","src":"https:\/\/i0.wp.com\/lasprimeras.com.do\/wp-content\/uploads\/2024\/06\/Donald-Trump.jpg?resize=350%2C200&ssl=1","width":350,"height":200,"srcset":"https:\/\/i0.wp.com\/lasprimeras.com.do\/wp-content\/uploads\/2024\/06\/Donald-Trump.jpg?resize=350%2C200&ssl=1 1x, https:\/\/i0.wp.com\/lasprimeras.com.do\/wp-content\/uploads\/2024\/06\/Donald-Trump.jpg?resize=525%2C300&ssl=1 1.5x, https:\/\/i0.wp.com\/lasprimeras.com.do\/wp-content\/uploads\/2024\/06\/Donald-Trump.jpg?resize=700%2C400&ssl=1 2x"},"classes":[]},{"id":110900,"url":"https:\/\/lasprimeras.com.do\/index.php\/2025\/10\/02\/elon-musk-cancela-netflix-y-muchos-lo-siguen-estas-fueron-sus-razones\/","url_meta":{"origin":109003,"position":4},"title":"Elon Musk cancela Netflix y muchos lo siguen: estas fueron sus razones","author":"Nelson Feliz","date":"2 de octubre de 2025","format":false,"excerpt":"El empresario anunci\u00f3 que cancel\u00f3 su suscripci\u00f3n a la plataforma y deton\u00f3 un boicot contra la plataforma. Por Isaac Garrido Bloomberg L\u00ednea \u2014 Elon Musk ha vuelto a incendiar las redes al anunciar que deja Netflix. En un mensaje en su cuenta de X, Musk revel\u00f3 que cancel\u00f3 su suscripci\u00f3n\u2026","rel":"","context":"En \u00abTECNOL\u00d3GIA\u00bb","block_context":{"text":"TECNOL\u00d3GIA","link":"https:\/\/lasprimeras.com.do\/index.php\/category\/tecnologia\/"},"img":{"alt_text":"Elon Musk en la conferencia Viva Technology dedicada a la innovaci\u00f3n y las startups en el centro de exposiciones Porte de Versailles en Par\u00eds, Francia, 16 de junio de 2023.","src":"https:\/\/i0.wp.com\/lasprimeras.com.do\/wp-content\/uploads\/2023\/07\/Elon-Musk.jpg?resize=350%2C200&ssl=1","width":350,"height":200,"srcset":"https:\/\/i0.wp.com\/lasprimeras.com.do\/wp-content\/uploads\/2023\/07\/Elon-Musk.jpg?resize=350%2C200&ssl=1 1x, https:\/\/i0.wp.com\/lasprimeras.com.do\/wp-content\/uploads\/2023\/07\/Elon-Musk.jpg?resize=525%2C300&ssl=1 1.5x, https:\/\/i0.wp.com\/lasprimeras.com.do\/wp-content\/uploads\/2023\/07\/Elon-Musk.jpg?resize=700%2C400&ssl=1 2x"},"classes":[]},{"id":85944,"url":"https:\/\/lasprimeras.com.do\/index.php\/2024\/07\/13\/incidente-en-acto-de-campana-de-trump-es-investigado-como-intento-de-asesinato\/","url_meta":{"origin":109003,"position":5},"title":"Incidente en acto de campa\u00f1a de Trump es investigado como intento de asesinato","author":"Nelson Feliz","date":"13 de julio de 2024","format":false,"excerpt":"BY JILL COLVIN, JULIE CARR SMYTH, COLLEEN LONG, ERIC TUCKER, MICHAEL BALSAMO AND MICHELLE L. PRICE BUTLER, Pensilvania, EE.UU. (AP) \u2014 Donald Trump aparentemente fue el blanco de un intento de asesinato durante un acto de campa\u00f1a en Pensilvania el s\u00e1bado, afirmaron funcionarios de fuerzas policiales. El expresidente, con la\u2026","rel":"","context":"En \u00abPORTADA\u00bb","block_context":{"text":"PORTADA","link":"https:\/\/lasprimeras.com.do\/index.php\/category\/portada\/"},"img":{"alt_text":"Donald Trump","src":"https:\/\/i0.wp.com\/lasprimeras.com.do\/wp-content\/uploads\/2024\/07\/Donald-Trump-1.jpg?resize=350%2C200&ssl=1","width":350,"height":200,"srcset":"https:\/\/i0.wp.com\/lasprimeras.com.do\/wp-content\/uploads\/2024\/07\/Donald-Trump-1.jpg?resize=350%2C200&ssl=1 1x, https:\/\/i0.wp.com\/lasprimeras.com.do\/wp-content\/uploads\/2024\/07\/Donald-Trump-1.jpg?resize=525%2C300&ssl=1 1.5x, https:\/\/i0.wp.com\/lasprimeras.com.do\/wp-content\/uploads\/2024\/07\/Donald-Trump-1.jpg?resize=700%2C400&ssl=1 2x"},"classes":[]}],"jetpack_sharing_enabled":true,"_links":{"self":[{"href":"https:\/\/lasprimeras.com.do\/index.php\/wp-json\/wp\/v2\/posts\/109003","targetHints":{"allow":["GET"]}}],"collection":[{"href":"https:\/\/lasprimeras.com.do\/index.php\/wp-json\/wp\/v2\/posts"}],"about":[{"href":"https:\/\/lasprimeras.com.do\/index.php\/wp-json\/wp\/v2\/types\/post"}],"author":[{"embeddable":true,"href":"https:\/\/lasprimeras.com.do\/index.php\/wp-json\/wp\/v2\/users\/10"}],"replies":[{"embeddable":true,"href":"https:\/\/lasprimeras.com.do\/index.php\/wp-json\/wp\/v2\/comments?post=109003"}],"version-history":[{"count":1,"href":"https:\/\/lasprimeras.com.do\/index.php\/wp-json\/wp\/v2\/posts\/109003\/revisions"}],"predecessor-version":[{"id":109005,"href":"https:\/\/lasprimeras.com.do\/index.php\/wp-json\/wp\/v2\/posts\/109003\/revisions\/109005"}],"wp:featuredmedia":[{"embeddable":true,"href":"https:\/\/lasprimeras.com.do\/index.php\/wp-json\/wp\/v2\/media\/109004"}],"wp:attachment":[{"href":"https:\/\/lasprimeras.com.do\/index.php\/wp-json\/wp\/v2\/media?parent=109003"}],"wp:term":[{"taxonomy":"category","embeddable":true,"href":"https:\/\/lasprimeras.com.do\/index.php\/wp-json\/wp\/v2\/categories?post=109003"},{"taxonomy":"post_tag","embeddable":true,"href":"https:\/\/lasprimeras.com.do\/index.php\/wp-json\/wp\/v2\/tags?post=109003"}],"curies":[{"name":"wp","href":"https:\/\/api.w.org\/{rel}","templated":true}]}}