{"id":109211,"date":"2025-09-15T12:48:40","date_gmt":"2025-09-15T16:48:40","guid":{"rendered":"https:\/\/lasprimeras.com.do\/?p=109211"},"modified":"2025-09-15T12:48:41","modified_gmt":"2025-09-15T16:48:41","slug":"la-gobernadora-kathy-hochul-respalda-a-zohran-mamdani-para-alcalde-de-nueva-york","status":"publish","type":"post","link":"https:\/\/lasprimeras.com.do\/index.php\/2025\/09\/15\/la-gobernadora-kathy-hochul-respalda-a-zohran-mamdani-para-alcalde-de-nueva-york\/","title":{"rendered":"La gobernadora Kathy Hochul respalda a Zohran Mamdani para alcalde de Nueva York"},"content":{"rendered":"\n<p>NUEVA YORK (AP) \u2014 La gobernadora Kathy Hochul inst\u00f3 el domingo a los neoyorquinos a votar por Zohran Mamdani para la alcald\u00eda de la ciudad de Nueva York, d\u00e1ndole al candidato dem\u00f3crata uno de sus respaldos m\u00e1s significativos hasta la fecha en la contienda para dirigir la ciudad m\u00e1s grande del pa\u00eds.<\/p>\n\n\n\n<p>Al escribir en la secci\u00f3n de opini\u00f3n del New York Times, Hochul dijo que si bien ella y Mamdani diverg\u00edan en algunos temas, coincidieron en la importancia de abordar la crisis de asequibilidad en la ciudad y en todo el estado.<\/p>\n\n\n\n<p>\u201cPero en nuestras conversaciones, escuch\u00e9 a una l\u00edder que comparte mi compromiso con un Nueva York donde los ni\u00f1os puedan crecer seguros en sus vecindarios y donde las oportunidades est\u00e9n al alcance de todas las familias\u201d, escribi\u00f3 Hochul, dem\u00f3crata.<br>\u201cEscuch\u00e9 a una l\u00edder que se centra en hacer que la ciudad de Nueva York sea asequible, un objetivo que apoyo con entusiasmo\u201d.<\/p>\n\n\n\n<p>El impresionante \u00e9xito de Mamdani , autodenominado socialdem\u00f3crata de 33 a\u00f1os, en la contienda por la alcald\u00eda de Nueva York ha puesto de manifiesto las divisiones dentro del Partido Dem\u00f3crata, que lucha por reconstruir su imagen tras m\u00e1s de medio a\u00f1o de la presidencia de Donald Trump.<\/p>\n\n\n\n<p>El respaldo de Hochul es la \u00faltima se\u00f1al de que los l\u00edderes dem\u00f3cratas que se hab\u00edan mostrado esc\u00e9pticos ante las ideas liberales de Mamdani est\u00e1n comenzando a consolidarse en torno a \u00e9l.<\/p>\n\n\n\n<p>Mamdani agradeci\u00f3 a Hochul por el impulso y dijo que es una se\u00f1al de que &#8220;nuestro movimiento se est\u00e1 fortaleciendo&#8221;.<\/p>\n\n\n\n<p>\u201cLa gobernadora Hochul ha hecho de la asequibilidad el eje central de su trabajo. Espero con ansias luchar junto a ella para continuar su trayectoria de devolver dinero a los neoyorquinos y construir una ciudad de Nueva York m\u00e1s segura y fuerte donde nadie se vea obligado a irse solo para poder criar a una familia\u201d, declar\u00f3 Mamdani el domingo por la noche.<\/p>\n\n\n\n<p>\u201cAgradezco a la gobernadora su apoyo para unificar a nuestro partido, as\u00ed como su labor al enfrentarse al presidente Trump, garantizar almuerzos gratuitos para nuestros hijos y ampliar el acceso al cuidado infantil\u201d.<\/p>\n\n\n\n<p>En las \u00faltimas semanas, los otros candidatos en la carrera \u2014el exgobernador Andrew Cuomo , el actual alcalde Eric Adams y el republicano Curtis Sliwa\u2014 han intensificado sus cr\u00edticas a Mamdani por su plataforma y declaraciones pasadas antes de las elecciones generales de la ciudad en noviembre.<\/p>\n\n\n\n<p>Hochul dijo que otra raz\u00f3n por la que decidi\u00f3 respaldar a Mamdani fue su promesa de que se asegurar\u00eda de que el Departamento de Polic\u00eda de Nueva York tuviera los recursos que necesita para mantener seguras las calles y el metro de la ciudad.<\/p>\n\n\n\n<p>\u201cLo inst\u00e9 a garantizar que haya un liderazgo fuerte al frente del Departamento de Polic\u00eda de Nueva York, y estuvo de acuerdo\u201d, escribi\u00f3 Hochul.<\/p>\n\n\n\n<p>Mamdani, que lidera las encuestas, no ha recibido el respaldo de algunos dem\u00f3cratas destacados, incluidos Chuck Schumer y Hakeem Jeffries, l\u00edderes de la minor\u00eda en el Senado y la C\u00e1mara de Representantes de Estados Unidos.<\/p>\n\n\n\n<p>La presidenta del grupo de liderazgo republicano de la C\u00e1mara de Representantes de Estados Unidos, Elise Stefanik, una congresista de Nueva York, dijo que el respaldo de Hochul es una se\u00f1al de que la gobernadora se est\u00e1 moviendo a la izquierda para apuntalar la ca\u00edda de los n\u00fameros de las encuestas.<\/p>\n\n\n\n<p>\u201cJusto en el momento en que los neoyorquinos esperan un liderazgo fuerte de su gobernador, con una mayor\u00eda que se opone a Zohran Mamdani, Kathy Hochul abraza a este comunista furioso que destruir\u00e1 Nueva York, volvi\u00e9ndola menos asequible y m\u00e1s peligrosa, poniendo una vez m\u00e1s a los criminales y comunistas primero, y a los neoyorquinos al \u00daLTIMO\u201d, dijo Stefanik en un comunicado el domingo.<\/p>\n\n\n\n<p>Mamdani derrot\u00f3 rotundamente a Cuomo en las primarias dem\u00f3cratas. Desde entonces, Cuomo ha relanzado su campa\u00f1a como independiente. Adams, dem\u00f3crata, se salt\u00f3 las primarias para presentarse como independiente en noviembre. Sliwa se present\u00f3 sin oposici\u00f3n en las primarias republicanas.<\/p>\n\n\n\n<p>Hochul fue vicegobernadora de Cuomo y lo reemplaz\u00f3 tras su dimisi\u00f3n en 2021 tras una avalancha de acusaciones de acoso sexual . Neg\u00f3 haber actuado mal durante la campa\u00f1a, sosteniendo que el esc\u00e1ndalo tuvo un origen pol\u00edtico.<\/p>\n","protected":false},"excerpt":{"rendered":"<p>NUEVA YORK (AP) \u2014 La gobernadora Kathy Hochul inst\u00f3 el domingo a los neoyorquinos a votar por Zohran Mamdani para la alcald\u00eda de la ciudad de Nueva York, d\u00e1ndole al&hellip;<\/p>\n","protected":false},"author":10,"featured_media":109212,"comment_status":"open","ping_status":"open","sticky":false,"template":"","format":"standard","meta":{"content-type":"","jetpack_post_was_ever_published":false,"_jetpack_newsletter_access":"","_jetpack_dont_email_post_to_subs":false,"_jetpack_newsletter_tier_id":0,"_jetpack_memberships_contains_paywalled_content":false,"_jetpack_memberships_contains_paid_content":false,"footnotes":""},"categories":[16289],"tags":[24670,3000,10876,20876],"class_list":["post-109211","post","type-post","status-publish","format-standard","has-post-thumbnail","hentry","category-internacionales","tag-alcalde-de-nueva-york","tag-gobernadora","tag-kathy-hochul","tag-zohran-mamdani"],"jetpack_featured_media_url":"https:\/\/lasprimeras.com.do\/wp-content\/uploads\/2025\/09\/Zohran-Mamdani.jpg","jetpack-related-posts":[{"id":113657,"url":"https:\/\/lasprimeras.com.do\/index.php\/2025\/11\/05\/zohran-mamdani-gana-la-eleccion-por-la-alcaldia-de-nueva-york\/","url_meta":{"origin":109211,"position":0},"title":"Zohran Mamdani gana la elecci\u00f3n por la alcald\u00eda de Nueva York","author":"Nelson Feliz","date":"5 de noviembre de 2025","format":false,"excerpt":"POR ANTHONY IZAGUIRRE and JILL COLVIN NUEVA YORK (AP) \u2014 Los votantes de la ciudad de Nueva York eligieron a Zohran Mamdani como alcalde el martes, tras un vertiginoso ascenso del legislador estatal de 34 a\u00f1os, quien se convertir\u00e1 en el alcalde m\u00e1s liberal de la ciudad en generaciones. En\u2026","rel":"","context":"En \u00abINTERNACIONALES\u00bb","block_context":{"text":"INTERNACIONALES","link":"https:\/\/lasprimeras.com.do\/index.php\/category\/sin-categoria\/internacionales\/"},"img":{"alt_text":"","src":"https:\/\/i0.wp.com\/lasprimeras.com.do\/wp-content\/uploads\/2025\/11\/Zohran-Mamdani.jpg?resize=350%2C200&ssl=1","width":350,"height":200,"srcset":"https:\/\/i0.wp.com\/lasprimeras.com.do\/wp-content\/uploads\/2025\/11\/Zohran-Mamdani.jpg?resize=350%2C200&ssl=1 1x, https:\/\/i0.wp.com\/lasprimeras.com.do\/wp-content\/uploads\/2025\/11\/Zohran-Mamdani.jpg?resize=525%2C300&ssl=1 1.5x, https:\/\/i0.wp.com\/lasprimeras.com.do\/wp-content\/uploads\/2025\/11\/Zohran-Mamdani.jpg?resize=700%2C400&ssl=1 2x"},"classes":[]},{"id":127956,"url":"https:\/\/lasprimeras.com.do\/index.php\/2026\/04\/17\/mamdani-respalda-al-candidato-al-consejo-municipal-que-acuso-a-cuomo-de-acoso-sexual\/","url_meta":{"origin":109211,"position":1},"title":"Mamdani respalda al candidato al consejo municipal que acus\u00f3 a Cuomo de acoso sexual","author":"Nelson Feliz","date":"17 de abril de 2026","format":false,"excerpt":"Por ANTHONY IZAGUIRRE NUEVA YORK (AP) \u2014 El alcalde de la ciudad de Nueva York, Zohran Mamdani, respald\u00f3 el viernes a Lindsey Boylan, la primera mujer en acusar p\u00fablicamente al exgobernador Andrew Cuomo de acoso sexual, en una contienda por un puesto en el Concejo Municipal, en su m\u00e1s reciente\u2026","rel":"","context":"En \u00abINTERNACIONALES\u00bb","block_context":{"text":"INTERNACIONALES","link":"https:\/\/lasprimeras.com.do\/index.php\/category\/sin-categoria\/internacionales\/"},"img":{"alt_text":"","src":"https:\/\/i0.wp.com\/lasprimeras.com.do\/wp-content\/uploads\/2026\/04\/NY-1.jpg?resize=350%2C200&ssl=1","width":350,"height":200,"srcset":"https:\/\/i0.wp.com\/lasprimeras.com.do\/wp-content\/uploads\/2026\/04\/NY-1.jpg?resize=350%2C200&ssl=1 1x, https:\/\/i0.wp.com\/lasprimeras.com.do\/wp-content\/uploads\/2026\/04\/NY-1.jpg?resize=525%2C300&ssl=1 1.5x, https:\/\/i0.wp.com\/lasprimeras.com.do\/wp-content\/uploads\/2026\/04\/NY-1.jpg?resize=700%2C400&ssl=1 2x"},"classes":[]},{"id":112112,"url":"https:\/\/lasprimeras.com.do\/index.php\/2025\/10\/17\/faltando-18-dias-elecciones-en-ny-acciones-politicas-de-sus-actores-van-incrementando\/","url_meta":{"origin":109211,"position":2},"title":"Faltando 18 d\u00edas elecciones en NY acciones pol\u00edticas de sus actores van incrementando","author":"Nelson Feliz","date":"17 de octubre de 2025","format":false,"excerpt":"Por Ram\u00f3n Mercedes NUEVA YORK.- El presidente Donald Trump reiter\u00f3 las dr\u00e1sticas advertencias contra Zohran Mamdani, de que si es elegido alcalde de NYC retendr\u00eda los fondos y desplegar\u00eda tropas federales porque \u00abno vamos a arruinar una de nuestras grandes ciudades\u00bb. \u00abNo ser\u00eda generoso con un comunista, alguien que va\u2026","rel":"","context":"En \u00abLA VOZ DE LA DIASPORA\u00bb","block_context":{"text":"LA VOZ DE LA DIASPORA","link":"https:\/\/lasprimeras.com.do\/index.php\/category\/la-voz-de-la-diaspora\/"},"img":{"alt_text":"Faltando 18 d\u00edas elecciones en NY acciones pol\u00edticas de sus actores se van incrementando","src":"https:\/\/i0.wp.com\/lasprimeras.com.do\/wp-content\/uploads\/2025\/10\/ele.jpeg?resize=350%2C200&ssl=1","width":350,"height":200,"srcset":"https:\/\/i0.wp.com\/lasprimeras.com.do\/wp-content\/uploads\/2025\/10\/ele.jpeg?resize=350%2C200&ssl=1 1x, https:\/\/i0.wp.com\/lasprimeras.com.do\/wp-content\/uploads\/2025\/10\/ele.jpeg?resize=525%2C300&ssl=1 1.5x, https:\/\/i0.wp.com\/lasprimeras.com.do\/wp-content\/uploads\/2025\/10\/ele.jpeg?resize=700%2C400&ssl=1 2x"},"classes":[]},{"id":122678,"url":"https:\/\/lasprimeras.com.do\/index.php\/2026\/02\/20\/alcalde-nyc-subir-impuestos-a-la-propiedad-si-no-se-aumenta-impuestos-a-los-mas-ricos-dominicanos-se-afectarian\/","url_meta":{"origin":109211,"position":3},"title":"Alcalde NYC: Subir impuestos a la propiedad si no se aumenta impuestos a los m\u00e1s ricos; dominicanos se afectar\u00edan","author":"Nelson Feliz","date":"20 de febrero de 2026","format":false,"excerpt":"Por Ram\u00f3n Mercedes NUEVA YORK.- Miles de dominicanos, entre otras etnias, propietarios de diferentes negocios en esta ciudad, ser\u00edan afectados si se cumple la advertencia del alcalde Zohran Mamdani de que se ver\u00e1 obligado a subir los impuestos a la propiedad para paliar el d\u00e9ficit presupuestario de la Gran Manzana\u2026","rel":"","context":"En \u00abECONOM\u00cdA\u00bb","block_context":{"text":"ECONOM\u00cdA","link":"https:\/\/lasprimeras.com.do\/index.php\/category\/economia\/"},"img":{"alt_text":"","src":"https:\/\/i0.wp.com\/lasprimeras.com.do\/wp-content\/uploads\/2026\/02\/IMG-20260220-WA0073.jpg?resize=350%2C200&ssl=1","width":350,"height":200,"srcset":"https:\/\/i0.wp.com\/lasprimeras.com.do\/wp-content\/uploads\/2026\/02\/IMG-20260220-WA0073.jpg?resize=350%2C200&ssl=1 1x, https:\/\/i0.wp.com\/lasprimeras.com.do\/wp-content\/uploads\/2026\/02\/IMG-20260220-WA0073.jpg?resize=525%2C300&ssl=1 1.5x"},"classes":[]},{"id":72813,"url":"https:\/\/lasprimeras.com.do\/index.php\/2024\/01\/03\/200-millones-para-alimentar-2-millones-de-ninos-en-nys\/","url_meta":{"origin":109211,"position":4},"title":"$200 millones para alimentar 2 millones de ni\u00f1os en NYS","author":"Nelson Feliz","date":"3 de enero de 2024","format":false,"excerpt":"La gobernadora Kathy Hochul anunci\u00f3 hoy m\u00e1s de $200 millones para comidas de verano para aproximadamente 2 millones de ni\u00f1os en edad escolar de bajos ingresos en Nueva York. Tras la decisi\u00f3n de la Gobernadora Hochul de incluir a Nueva York en el Programa de Transferencia Electr\u00f3nica de Beneficios de\u2026","rel":"","context":"En \u00abSin categor\u00eda\u00bb","block_context":{"text":"Sin categor\u00eda","link":"https:\/\/lasprimeras.com.do\/index.php\/category\/sin-categoria\/"},"img":{"alt_text":"Kathy Hochul","src":"https:\/\/i0.wp.com\/lasprimeras.com.do\/wp-content\/uploads\/2024\/01\/Gobernadora-Kathy-Hochul.png?resize=350%2C200&ssl=1","width":350,"height":200,"srcset":"https:\/\/i0.wp.com\/lasprimeras.com.do\/wp-content\/uploads\/2024\/01\/Gobernadora-Kathy-Hochul.png?resize=350%2C200&ssl=1 1x, https:\/\/i0.wp.com\/lasprimeras.com.do\/wp-content\/uploads\/2024\/01\/Gobernadora-Kathy-Hochul.png?resize=525%2C300&ssl=1 1.5x, https:\/\/i0.wp.com\/lasprimeras.com.do\/wp-content\/uploads\/2024\/01\/Gobernadora-Kathy-Hochul.png?resize=700%2C400&ssl=1 2x"},"classes":[]},{"id":81784,"url":"https:\/\/lasprimeras.com.do\/index.php\/2024\/04\/24\/kathy-hochul-y-manny-de-los-santos-visitan-bodega-dominicana-del-alto-manhattan\/","url_meta":{"origin":109211,"position":5},"title":"Kathy Hochul y Manny De Los Santos visitan\u00a0 bodega dominicana del Alto Manhattan","author":"Nelson Feliz","date":"24 de abril de 2024","format":false,"excerpt":"El encuentro se produce en el marco de la nueva Ley de Protecci\u00f3n al Trabajador Minorista que indujo el legislador De Los Santos. Por Aquiles Rojas NUEVA YORK*. -La gobernadora del Estado Nueva York, Kathy Hochul y asamble\u00edsta de origen dominicano, Manny De Los Santos, quien representa el distrito 72\u2026","rel":"","context":"En \u00abSin categor\u00eda\u00bb","block_context":{"text":"Sin categor\u00eda","link":"https:\/\/lasprimeras.com.do\/index.php\/category\/sin-categoria\/"},"img":{"alt_text":"Kathy Hochul y Manny De Los Santos","src":"https:\/\/i0.wp.com\/lasprimeras.com.do\/wp-content\/uploads\/2024\/04\/Kathy-Hochul-y-Manny-De-Los-Santos.jpg?resize=350%2C200&ssl=1","width":350,"height":200,"srcset":"https:\/\/i0.wp.com\/lasprimeras.com.do\/wp-content\/uploads\/2024\/04\/Kathy-Hochul-y-Manny-De-Los-Santos.jpg?resize=350%2C200&ssl=1 1x, https:\/\/i0.wp.com\/lasprimeras.com.do\/wp-content\/uploads\/2024\/04\/Kathy-Hochul-y-Manny-De-Los-Santos.jpg?resize=525%2C300&ssl=1 1.5x, https:\/\/i0.wp.com\/lasprimeras.com.do\/wp-content\/uploads\/2024\/04\/Kathy-Hochul-y-Manny-De-Los-Santos.jpg?resize=700%2C400&ssl=1 2x"},"classes":[]}],"jetpack_sharing_enabled":true,"_links":{"self":[{"href":"https:\/\/lasprimeras.com.do\/index.php\/wp-json\/wp\/v2\/posts\/109211","targetHints":{"allow":["GET"]}}],"collection":[{"href":"https:\/\/lasprimeras.com.do\/index.php\/wp-json\/wp\/v2\/posts"}],"about":[{"href":"https:\/\/lasprimeras.com.do\/index.php\/wp-json\/wp\/v2\/types\/post"}],"author":[{"embeddable":true,"href":"https:\/\/lasprimeras.com.do\/index.php\/wp-json\/wp\/v2\/users\/10"}],"replies":[{"embeddable":true,"href":"https:\/\/lasprimeras.com.do\/index.php\/wp-json\/wp\/v2\/comments?post=109211"}],"version-history":[{"count":1,"href":"https:\/\/lasprimeras.com.do\/index.php\/wp-json\/wp\/v2\/posts\/109211\/revisions"}],"predecessor-version":[{"id":109213,"href":"https:\/\/lasprimeras.com.do\/index.php\/wp-json\/wp\/v2\/posts\/109211\/revisions\/109213"}],"wp:featuredmedia":[{"embeddable":true,"href":"https:\/\/lasprimeras.com.do\/index.php\/wp-json\/wp\/v2\/media\/109212"}],"wp:attachment":[{"href":"https:\/\/lasprimeras.com.do\/index.php\/wp-json\/wp\/v2\/media?parent=109211"}],"wp:term":[{"taxonomy":"category","embeddable":true,"href":"https:\/\/lasprimeras.com.do\/index.php\/wp-json\/wp\/v2\/categories?post=109211"},{"taxonomy":"post_tag","embeddable":true,"href":"https:\/\/lasprimeras.com.do\/index.php\/wp-json\/wp\/v2\/tags?post=109211"}],"curies":[{"name":"wp","href":"https:\/\/api.w.org\/{rel}","templated":true}]}}